{"id":61850,"date":"2023-10-01T13:04:16","date_gmt":"2023-10-01T17:04:16","guid":{"rendered":"https:\/\/lasprimeras.com.do\/?p=61850"},"modified":"2023-10-01T13:04:17","modified_gmt":"2023-10-01T17:04:17","slug":"primarias-del-prm-transcurren-con-normalidad","status":"publish","type":"post","link":"https:\/\/lasprimeras.com.do\/index.php\/2023\/10\/01\/primarias-del-prm-transcurren-con-normalidad\/","title":{"rendered":"Primarias del PRM transcurren con normalidad"},"content":{"rendered":"\n<p>SANTO DOMINGO.- Con normalidad transcurre el proceso de primarias internas que celebra este domingo el Partido Revolucionario Moderno (PRM), en el que participan 3,825 precandidatos.<\/p>\n\n\n\n<p>Durante un recorrido realizado por reporteros de EL D\u00cdA en algunos centros de votaci\u00f3n habilitados en el Distrito Nacional, se pudo constatar la organizaci\u00f3n y calma en que se desarrolla el proceso, mientras algunos ciudadanos consultados manifestaron algunas quejas.<\/p>\n\n\n\n<p>\u00abHay ciertas dificultades en la busca de los muchachos que est\u00e1n ah\u00ed, pero fue relativamente r\u00e1pido\u00bb , expres\u00f3 Santo Rosario.<\/p>\n\n\n\n<p>Nairobi Hern\u00e1ndez, una joven que por primera en un proceso electoral, se quej\u00f3 de la lentitud en que se desarrolla el proceso en la Escuela Padre Eulalio Arias, en el sector Cristo Rey.<\/p>\n\n\n\n<p>En las primeras del PRM ser\u00e1n elegidos el candidato presidencial, los candidatos a alcaldes de Santo Domingo Oeste y Este, los regidores y vocales.<\/p>\n\n\n\n<p>Durante el acto de inicio a las primeras del oficialista Partido Revolucionario Moderno, el presidente de la Junta Central Electoral (PRM) Rom\u00e1n J\u00e1quez Liranzo, dio garant\u00edas de que ser\u00e1 un proceso transparente e imparcial.<\/p>\n","protected":false},"excerpt":{"rendered":"<p>SANTO DOMINGO.- Con normalidad transcurre el proceso de primarias internas que celebra este domingo el Partido Revolucionario Moderno (PRM), en el que participan 3,825 precandidatos. Durante un recorrido realizado por&hellip;<\/p>\n","protected":false},"author":3,"featured_media":61851,"comment_status":"open","ping_status":"open","sticky":false,"template":"","format":"standard","meta":{"content-type":"","jetpack_post_was_ever_published":false,"_jetpack_newsletter_access":"","_jetpack_dont_email_post_to_subs":false,"_jetpack_newsletter_tier_id":0,"_jetpack_memberships_contains_paywalled_content":false,"_jetpack_memberships_contains_paid_content":false,"footnotes":""},"categories":[35],"tags":[],"class_list":["post-61850","post","type-post","status-publish","format-standard","has-post-thumbnail","hentry","category-nacionales"],"jetpack_featured_media_url":"https:\/\/lasprimeras.com.do\/wp-content\/uploads\/2023\/10\/WhatsApp-Image-2023-09-28-at-11.50.30-PM-1.webp","jetpack-related-posts":[{"id":68516,"url":"https:\/\/lasprimeras.com.do\/index.php\/2023\/11\/25\/faride-se-queja-por-lentitud-del-prm-ante-la-definicion-de-boleta\/","url_meta":{"origin":61850,"position":0},"title":"Faride se queja por \u201clentitud\u201d del PRM ante la definici\u00f3n de boleta","author":"BIMARY DE JES\u00daS Matos","date":"25 de noviembre de 2023","format":false,"excerpt":"SANTO DOMINGO.- La senadora del Distrito Nacional, Faride Raful, dijo que lamenta el lento proceso que atribuye a su Partido Revolucionario Moderno (PRM) para anunciar las reservas senatoriales destinadas a las elecciones que se celebrar\u00e1n en el 2024. Mediante su cuenta de X (anteriormente Twitter), escribi\u00f3 \u201cNinguna de las 6\u2026","rel":"","context":"En \u00abSin categor\u00eda\u00bb","block_context":{"text":"Sin categor\u00eda","link":"https:\/\/lasprimeras.com.do\/index.php\/category\/sin-categoria\/"},"img":{"alt_text":"","src":"https:\/\/i0.wp.com\/lasprimeras.com.do\/wp-content\/uploads\/2023\/11\/WhatsApp-Image-2023-11-24-at-1.48.00-PM-3.jpeg?resize=350%2C200&ssl=1","width":350,"height":200},"classes":[]},{"id":61864,"url":"https:\/\/lasprimeras.com.do\/index.php\/2023\/10\/01\/venancio-alcantara-califica-como-una-fiesta-de-la-democracia-las-elecciones-internas-del-prm\/","url_meta":{"origin":61850,"position":1},"title":"Venancio Alc\u00e1ntara califica como &#8220;una fiesta de la democracia&#8221; las elecciones internas del PRM","author":"Nelson Feliz","date":"1 de octubre de 2023","format":false,"excerpt":"Mientras supervisaba los centros de votaciones de la circunscripci\u00f3n 2 del Distrito Nacional, reiter\u00f3 el llamado a militancia PRM a votar en civismo en primarias. Tras calificar como \"una fiesta de la democracia\" el proceso de elecciones internas que lleva a cabo este domingo el Partido Revolucionario Moderno (PRM), el\u2026","rel":"","context":"En \u00abSin categor\u00eda\u00bb","block_context":{"text":"Sin categor\u00eda","link":"https:\/\/lasprimeras.com.do\/index.php\/category\/sin-categoria\/"},"img":{"alt_text":"Venancio Alcantara","src":"https:\/\/i0.wp.com\/lasprimeras.com.do\/wp-content\/uploads\/2023\/10\/Venancio-Alcantara-1.jpg?resize=350%2C200&ssl=1","width":350,"height":200,"srcset":"https:\/\/i0.wp.com\/lasprimeras.com.do\/wp-content\/uploads\/2023\/10\/Venancio-Alcantara-1.jpg?resize=350%2C200&ssl=1 1x, https:\/\/i0.wp.com\/lasprimeras.com.do\/wp-content\/uploads\/2023\/10\/Venancio-Alcantara-1.jpg?resize=525%2C300&ssl=1 1.5x, https:\/\/i0.wp.com\/lasprimeras.com.do\/wp-content\/uploads\/2023\/10\/Venancio-Alcantara-1.jpg?resize=700%2C400&ssl=1 2x"},"classes":[]},{"id":66265,"url":"https:\/\/lasprimeras.com.do\/index.php\/2023\/11\/05\/roberto-angel-afirma-la-victoria-del-prm-en-las-elecciones-municipales-sera-contundente\/","url_meta":{"origin":61850,"position":2},"title":"Roberto \u00c1ngel afirma la victoria del PRM en las elecciones municipales ser\u00e1 contundente","author":"Nelson Feliz","date":"5 de noviembre de 2023","format":false,"excerpt":"Encabez\u00f3 actos este fin de semana en favor de los candidatos en Ocoa, El Seibo y La Caleta El miembro de la Direcci\u00f3n Ejecutiva del Partido Revolucionario Moderno (PRM), Roberto \u00c1ngel Salcedo, inici\u00f3 un ciclo de contactos con dirigentes provinciales, municipales y zonales de todo el pa\u00eds para fortalecer los\u2026","rel":"","context":"En \u00abPORTADA\u00bb","block_context":{"text":"PORTADA","link":"https:\/\/lasprimeras.com.do\/index.php\/category\/portada\/"},"img":{"alt_text":"Roberto \u00c1ngel Salcedo","src":"https:\/\/i0.wp.com\/lasprimeras.com.do\/wp-content\/uploads\/2023\/11\/Roberto-Angel-Salcedo-7.jpg?resize=350%2C200&ssl=1","width":350,"height":200,"srcset":"https:\/\/i0.wp.com\/lasprimeras.com.do\/wp-content\/uploads\/2023\/11\/Roberto-Angel-Salcedo-7.jpg?resize=350%2C200&ssl=1 1x, https:\/\/i0.wp.com\/lasprimeras.com.do\/wp-content\/uploads\/2023\/11\/Roberto-Angel-Salcedo-7.jpg?resize=525%2C300&ssl=1 1.5x, https:\/\/i0.wp.com\/lasprimeras.com.do\/wp-content\/uploads\/2023\/11\/Roberto-Angel-Salcedo-7.jpg?resize=700%2C400&ssl=1 2x"},"classes":[]},{"id":62188,"url":"https:\/\/lasprimeras.com.do\/index.php\/2023\/10\/03\/abinader-califica-de-excelente-trabajo-de-jce-durante-las-primarias-prm\/","url_meta":{"origin":61850,"position":3},"title":"Abinader califica de \u00abexcelente\u00bb trabajo de JCE durante las primarias PRM","author":"BIMARY DE JES\u00daS Matos","date":"3 de octubre de 2023","format":false,"excerpt":"Santo Domingo.-El presidente Luis Abinader calific\u00f3 de excelente el trabajo de la Junta Central Electoral (JCE) que fungi\u00f3 como \u00e1rbitro de las primarias internas del Partido Revolucionario Moderno (PRM) el pasado domingo 1 de octubre. En ese mismo orden, el mandatario asegur\u00f3 trabajar\u00e1 junto a los dem\u00e1s precandidatos que participaron\u2026","rel":"","context":"En \u00abPORTADA\u00bb","block_context":{"text":"PORTADA","link":"https:\/\/lasprimeras.com.do\/index.php\/category\/portada\/"},"img":{"alt_text":"","src":"https:\/\/i0.wp.com\/lasprimeras.com.do\/wp-content\/uploads\/2023\/10\/WhatsApp-Image-2023-10-03-at-11.38.01-AM-2.jpeg?resize=350%2C200&ssl=1","width":350,"height":200,"srcset":"https:\/\/i0.wp.com\/lasprimeras.com.do\/wp-content\/uploads\/2023\/10\/WhatsApp-Image-2023-10-03-at-11.38.01-AM-2.jpeg?resize=350%2C200&ssl=1 1x, https:\/\/i0.wp.com\/lasprimeras.com.do\/wp-content\/uploads\/2023\/10\/WhatsApp-Image-2023-10-03-at-11.38.01-AM-2.jpeg?resize=525%2C300&ssl=1 1.5x, https:\/\/i0.wp.com\/lasprimeras.com.do\/wp-content\/uploads\/2023\/10\/WhatsApp-Image-2023-10-03-at-11.38.01-AM-2.jpeg?resize=700%2C400&ssl=1 2x"},"classes":[]},{"id":61950,"url":"https:\/\/lasprimeras.com.do\/index.php\/2023\/10\/02\/prm-castiga-a-manuel-jimenez-y-escoge-a-dio-astacio-para-alcaldia-de-santo-domingo-este\/","url_meta":{"origin":61850,"position":4},"title":"PRM castiga a Manuel Jim\u00e9nez y escoge a D\u00edo Astacio para alcald\u00eda de Santo Domingo Este","author":"BIMARY DE JES\u00daS Matos","date":"2 de octubre de 2023","format":false,"excerpt":"Santo Domingo.-Las elecciones internas del Partido Revolucionario Moderno (PRM), realizadas ayer en el territorio dominicano para elegir a los candidatos que intentar\u00e1n obtener las curules en los pr\u00f3ximos comicios de 2024, establecieron una diferencia ante las encuestas difundidas en los \u00faltimos d\u00edas. Entre los aspirantes electorales que desde antes de\u2026","rel":"","context":"En \u00abPORTADA\u00bb","block_context":{"text":"PORTADA","link":"https:\/\/lasprimeras.com.do\/index.php\/category\/portada\/"},"img":{"alt_text":"","src":"https:\/\/i0.wp.com\/lasprimeras.com.do\/wp-content\/uploads\/2023\/10\/WhatsApp-Image-2023-09-28-at-11.50.30-PM-1-6.jpeg?resize=350%2C200&ssl=1","width":350,"height":200,"srcset":"https:\/\/i0.wp.com\/lasprimeras.com.do\/wp-content\/uploads\/2023\/10\/WhatsApp-Image-2023-09-28-at-11.50.30-PM-1-6.jpeg?resize=350%2C200&ssl=1 1x, https:\/\/i0.wp.com\/lasprimeras.com.do\/wp-content\/uploads\/2023\/10\/WhatsApp-Image-2023-09-28-at-11.50.30-PM-1-6.jpeg?resize=525%2C300&ssl=1 1.5x, https:\/\/i0.wp.com\/lasprimeras.com.do\/wp-content\/uploads\/2023\/10\/WhatsApp-Image-2023-09-28-at-11.50.30-PM-1-6.jpeg?resize=700%2C400&ssl=1 2x"},"classes":[]},{"id":61880,"url":"https:\/\/lasprimeras.com.do\/index.php\/2023\/10\/01\/prm-supera-los-500-mil-votantes-previo-al-cierre-de-las-primarias-internas\/","url_meta":{"origin":61850,"position":5},"title":"PRM supera los 500 mil votantes previo al cierre de las primarias internas","author":"BIMARY DE JES\u00daS Matos","date":"1 de octubre de 2023","format":false,"excerpt":"Santo Domingo.- La concurrencia de militantes del Partido Revolucionario Moderno (PRM) en las primarias internas superaba las 500 mil personas en los centros de votaci\u00f3n, al arribar a las tres de la tarde de este domingo, seg\u00fan los reportes de unas 900 mesas hechos a la Comisi\u00f3n Nacional de Elecciones\u2026","rel":"","context":"En \u00abNACIONALES\u00bb","block_context":{"text":"NACIONALES","link":"https:\/\/lasprimeras.com.do\/index.php\/category\/nacionales\/"},"img":{"alt_text":"","src":"https:\/\/i0.wp.com\/lasprimeras.com.do\/wp-content\/uploads\/2023\/10\/whatsapp-image-2023-09-30-at-74757-pm-1024x614-2.jpeg?resize=350%2C200&ssl=1","width":350,"height":200,"srcset":"https:\/\/i0.wp.com\/lasprimeras.com.do\/wp-content\/uploads\/2023\/10\/whatsapp-image-2023-09-30-at-74757-pm-1024x614-2.jpeg?resize=350%2C200&ssl=1 1x, https:\/\/i0.wp.com\/lasprimeras.com.do\/wp-content\/uploads\/2023\/10\/whatsapp-image-2023-09-30-at-74757-pm-1024x614-2.jpeg?resize=525%2C300&ssl=1 1.5x, https:\/\/i0.wp.com\/lasprimeras.com.do\/wp-content\/uploads\/2023\/10\/whatsapp-image-2023-09-30-at-74757-pm-1024x614-2.jpeg?resize=700%2C400&ssl=1 2x"},"classes":[]}],"jetpack_sharing_enabled":true,"_links":{"self":[{"href":"https:\/\/lasprimeras.com.do\/index.php\/wp-json\/wp\/v2\/posts\/61850","targetHints":{"allow":["GET"]}}],"collection":[{"href":"https:\/\/lasprimeras.com.do\/index.php\/wp-json\/wp\/v2\/posts"}],"about":[{"href":"https:\/\/lasprimeras.com.do\/index.php\/wp-json\/wp\/v2\/types\/post"}],"author":[{"embeddable":true,"href":"https:\/\/lasprimeras.com.do\/index.php\/wp-json\/wp\/v2\/users\/3"}],"replies":[{"embeddable":true,"href":"https:\/\/lasprimeras.com.do\/index.php\/wp-json\/wp\/v2\/comments?post=61850"}],"version-history":[{"count":1,"href":"https:\/\/lasprimeras.com.do\/index.php\/wp-json\/wp\/v2\/posts\/61850\/revisions"}],"predecessor-version":[{"id":61852,"href":"https:\/\/lasprimeras.com.do\/index.php\/wp-json\/wp\/v2\/posts\/61850\/revisions\/61852"}],"wp:featuredmedia":[{"embeddable":true,"href":"https:\/\/lasprimeras.com.do\/index.php\/wp-json\/wp\/v2\/media\/61851"}],"wp:attachment":[{"href":"https:\/\/lasprimeras.com.do\/index.php\/wp-json\/wp\/v2\/media?parent=61850"}],"wp:term":[{"taxonomy":"category","embeddable":true,"href":"https:\/\/lasprimeras.com.do\/index.php\/wp-json\/wp\/v2\/categories?post=61850"},{"taxonomy":"post_tag","embeddable":true,"href":"https:\/\/lasprimeras.com.do\/index.php\/wp-json\/wp\/v2\/tags?post=61850"}],"curies":[{"name":"wp","href":"https:\/\/api.w.org\/{rel}","templated":true}]}}