{"id":61853,"date":"2023-10-01T13:07:22","date_gmt":"2023-10-01T17:07:22","guid":{"rendered":"https:\/\/lasprimeras.com.do\/?p=61853"},"modified":"2023-10-01T13:07:23","modified_gmt":"2023-10-01T17:07:23","slug":"raquel-pena-emite-su-voto-en-bellas-artes-de-santiago","status":"publish","type":"post","link":"https:\/\/lasprimeras.com.do\/index.php\/2023\/10\/01\/raquel-pena-emite-su-voto-en-bellas-artes-de-santiago\/","title":{"rendered":"Raquel Pe\u00f1a emite su voto en Bellas Artes de Santiago"},"content":{"rendered":"\n<p>Santiago.-\u00a0La vicepresidenta de la Rep\u00fablica,\u00a0Raquel Pe\u00f1a,\u00a0acudi\u00f3 la ma\u00f1ana de este domingo a la Escuela de Bellas Artes de la provincia de Santiago, donde emiti\u00f3 su voto en la\u00a0mesa 0296,\u00a0en la convenci\u00f3n que realiza el Partido Revolucionario Moderno (PRM) para elegir candidaturas de los niveles\u00a0presidencial, regidur\u00edas, distritos, vocal\u00edas y algunas alcald\u00edas.<\/p>\n\n\n\n<p>Tras el sufragio, la vicemandataria destac\u00f3 la participaci\u00f3n y organizaci\u00f3n en el proceso de convenci\u00f3n de la organizaci\u00f3n pol\u00edtica y valor\u00f3 como positivo el proceso para escoger al candidato presidencial.<\/p>\n\n\n\n<p>Ante la pregunta de si estar\u00eda dispuesta a ser la candidata vicepresidencial, dijo que\u00a0es una decisi\u00f3n del presidente Luis Abinader.<\/p>\n\n\n\n<p>Agreg\u00f3 que est\u00e1 dispuesta a acompa\u00f1ar a Abinader donde disponga el mandatario.<\/p>\n","protected":false},"excerpt":{"rendered":"<p>Santiago.-\u00a0La vicepresidenta de la Rep\u00fablica,\u00a0Raquel Pe\u00f1a,\u00a0acudi\u00f3 la ma\u00f1ana de este domingo a la Escuela de Bellas Artes de la provincia de Santiago, donde emiti\u00f3 su voto en la\u00a0mesa 0296,\u00a0en la&hellip;<\/p>\n","protected":false},"author":3,"featured_media":61854,"comment_status":"open","ping_status":"open","sticky":false,"template":"","format":"standard","meta":{"content-type":"","jetpack_post_was_ever_published":false,"_jetpack_newsletter_access":"","_jetpack_dont_email_post_to_subs":false,"_jetpack_newsletter_tier_id":0,"_jetpack_memberships_contains_paywalled_content":false,"_jetpack_memberships_contains_paid_content":false,"footnotes":""},"categories":[1],"tags":[],"class_list":["post-61853","post","type-post","status-publish","format-standard","has-post-thumbnail","hentry","category-sin-categoria"],"jetpack_featured_media_url":"https:\/\/lasprimeras.com.do\/wp-content\/uploads\/2023\/10\/WhatsApp-Image-2023-09-28-at-11.50.30-PM-1.jpeg","jetpack-related-posts":[{"id":61742,"url":"https:\/\/lasprimeras.com.do\/index.php\/2023\/09\/30\/vicepresidenta-supervisa-trabajos-previos-a-convencion-interna-del-prm\/","url_meta":{"origin":61853,"position":0},"title":"Vicepresidenta supervisa trabajos previos a convenci\u00f3n interna del PRM","author":"Nelson Feliz","date":"30 de septiembre de 2023","format":false,"excerpt":"Invit\u00f3 a los perremeistas a votar masivamente por Luis Abinader en primarias este domingo. La vicepresidenta de la Rep\u00fablica\u00a0Dominicana, Raquel Pe\u00f1a visit\u00f3 el local del Partido Revolucionario Moderno en Santiago para supervisar los trabajos previos a la convenci\u00f3n interna del partido oficialista este domingo 1 de octubre previstos a iniciar\u2026","rel":"","context":"En \u00abPORTADA\u00bb","block_context":{"text":"PORTADA","link":"https:\/\/lasprimeras.com.do\/index.php\/category\/portada\/"},"img":{"alt_text":"Raquel Pe\u00f1a","src":"https:\/\/i0.wp.com\/lasprimeras.com.do\/wp-content\/uploads\/2023\/09\/Raquel-Pena-2.jpg?resize=350%2C200&ssl=1","width":350,"height":200,"srcset":"https:\/\/i0.wp.com\/lasprimeras.com.do\/wp-content\/uploads\/2023\/09\/Raquel-Pena-2.jpg?resize=350%2C200&ssl=1 1x, https:\/\/i0.wp.com\/lasprimeras.com.do\/wp-content\/uploads\/2023\/09\/Raquel-Pena-2.jpg?resize=525%2C300&ssl=1 1.5x, https:\/\/i0.wp.com\/lasprimeras.com.do\/wp-content\/uploads\/2023\/09\/Raquel-Pena-2.jpg?resize=700%2C400&ssl=1 2x"},"classes":[]},{"id":68669,"url":"https:\/\/lasprimeras.com.do\/index.php\/2023\/11\/26\/abinader-anuncia-raquel-pena-repetira-como-su-candidata-a-la-vicepresidencia\/","url_meta":{"origin":61853,"position":1},"title":"Abinader anuncia Raquel Pe\u00f1a repetir\u00e1 como su candidata a la Vicepresidencia","author":"Nelson Feliz","date":"26 de noviembre de 2023","format":false,"excerpt":"El presidente Luis Abinader confirm\u00f3 este domingo que Raquel Pe\u00f1a volver\u00e1 a acompa\u00f1arlo en la boleta, como candidata a la Vicepresidencia. Al ser proclamado como candidato presidencial por el Partido Reformista Social Cristiano (PRSC), Abinader afirm\u00f3 que la proclamaci\u00f3n la incluye a ella. \"Nuestra querida vicepresidenta y ya proclamada candidata\u2026","rel":"","context":"En \u00abPORTADA\u00bb","block_context":{"text":"PORTADA","link":"https:\/\/lasprimeras.com.do\/index.php\/category\/portada\/"},"img":{"alt_text":"Raquel Pe\u00f1a y Luis Abinader","src":"https:\/\/i0.wp.com\/lasprimeras.com.do\/wp-content\/uploads\/2023\/11\/Raquel-Pena-y-Luis-Abinader.jpg?resize=350%2C200&ssl=1","width":350,"height":200,"srcset":"https:\/\/i0.wp.com\/lasprimeras.com.do\/wp-content\/uploads\/2023\/11\/Raquel-Pena-y-Luis-Abinader.jpg?resize=350%2C200&ssl=1 1x, https:\/\/i0.wp.com\/lasprimeras.com.do\/wp-content\/uploads\/2023\/11\/Raquel-Pena-y-Luis-Abinader.jpg?resize=525%2C300&ssl=1 1.5x, https:\/\/i0.wp.com\/lasprimeras.com.do\/wp-content\/uploads\/2023\/11\/Raquel-Pena-y-Luis-Abinader.jpg?resize=700%2C400&ssl=1 2x"},"classes":[]},{"id":116663,"url":"https:\/\/lasprimeras.com.do\/index.php\/2025\/12\/03\/vicepresidenta-raquel-pena-y-leonardo-aguilera-inauguran-villa-navidad-en-santiago\/","url_meta":{"origin":61853,"position":2},"title":"Vicepresidenta Raquel Pe\u00f1a y Leonardo Aguilera inauguran Villa Navidad en Santiago","author":"Nelson Feliz","date":"3 de diciembre de 2025","format":false,"excerpt":"Banreservas respalda iniciativa del presidente Luis Abinader para contribuir a integraci\u00f3n familiar. La celebraci\u00f3n del esp\u00edritu navide\u00f1o lleg\u00f3 a esta ciudad con la inauguraci\u00f3n de la tradicional Villa Navidad 2025, en un acto encabezado por la vicepresidenta Raquel Pe\u00f1a, junto al presidente ejecutivo de Banreservas, doctor Leonardo Aguilera; y el\u2026","rel":"","context":"En \u00abECONOM\u00cdA\u00bb","block_context":{"text":"ECONOM\u00cdA","link":"https:\/\/lasprimeras.com.do\/index.php\/category\/economia\/"},"img":{"alt_text":"","src":"https:\/\/i0.wp.com\/lasprimeras.com.do\/wp-content\/uploads\/2025\/12\/princ.jpg?resize=350%2C200&ssl=1","width":350,"height":200,"srcset":"https:\/\/i0.wp.com\/lasprimeras.com.do\/wp-content\/uploads\/2025\/12\/princ.jpg?resize=350%2C200&ssl=1 1x, https:\/\/i0.wp.com\/lasprimeras.com.do\/wp-content\/uploads\/2025\/12\/princ.jpg?resize=525%2C300&ssl=1 1.5x, https:\/\/i0.wp.com\/lasprimeras.com.do\/wp-content\/uploads\/2025\/12\/princ.jpg?resize=700%2C400&ssl=1 2x"},"classes":[]},{"id":111192,"url":"https:\/\/lasprimeras.com.do\/index.php\/2025\/10\/06\/raquel-pena-apoya-emprendedores-locales-y-marcas-nacionales-en-la-feria-expo-cibao-2025\/","url_meta":{"origin":61853,"position":3},"title":"Raquel Pe\u00f1a apoya emprendedores locales y marcas nacionales en la feria Expo Cibao 2025","author":"Nelson Feliz","date":"6 de octubre de 2025","format":false,"excerpt":"La vicepresidenta reafirm\u00f3 el respaldo del Gobierno al dinamismo econ\u00f3mico del Cibao y destac\u00f3 la fuerza productiva de la regi\u00f3n como orgullo nacional. La vicepresidenta de la Rep\u00fablica, Raquel Pe\u00f1a, recorri\u00f3 la Expo Cibao 2025 en apoyo a los peque\u00f1os, medianos y grandes empresarios que exhiben sus productos, innovaciones y\u2026","rel":"","context":"En \u00abECONOM\u00cdA\u00bb","block_context":{"text":"ECONOM\u00cdA","link":"https:\/\/lasprimeras.com.do\/index.php\/category\/economia\/"},"img":{"alt_text":"","src":"https:\/\/i0.wp.com\/lasprimeras.com.do\/wp-content\/uploads\/2025\/10\/Raquel-Pena-2.jpg?resize=350%2C200&ssl=1","width":350,"height":200,"srcset":"https:\/\/i0.wp.com\/lasprimeras.com.do\/wp-content\/uploads\/2025\/10\/Raquel-Pena-2.jpg?resize=350%2C200&ssl=1 1x, https:\/\/i0.wp.com\/lasprimeras.com.do\/wp-content\/uploads\/2025\/10\/Raquel-Pena-2.jpg?resize=525%2C300&ssl=1 1.5x, https:\/\/i0.wp.com\/lasprimeras.com.do\/wp-content\/uploads\/2025\/10\/Raquel-Pena-2.jpg?resize=700%2C400&ssl=1 2x"},"classes":[]},{"id":123922,"url":"https:\/\/lasprimeras.com.do\/index.php\/2026\/03\/06\/raquel-pena-entrega-dos-centros-de-salud-en-santiago-y-la-vega-deja-iniciados-el-de-pantoja\/","url_meta":{"origin":61853,"position":4},"title":"Raquel Pe\u00f1a entrega dos centros de salud en Santiago y La Vega; deja iniciados el de Pantoja","author":"Nelson Feliz","date":"6 de marzo de 2026","format":false,"excerpt":"Las obras suman una inversi\u00f3n superior a RD$348 millones y beneficiar\u00e1n a miles de familias. La vicepresidenta de la Rep\u00fablica, Raquel Pe\u00f1a, encabez\u00f3 este viernes la entrega de dos Centros de Primer Nivel renovados en Santiago y La Vega y dej\u00f3 iniciados los trabajos de readecuaci\u00f3n del edificio que albergar\u00e1\u2026","rel":"","context":"En \u00abSALUD\u00bb","block_context":{"text":"SALUD","link":"https:\/\/lasprimeras.com.do\/index.php\/category\/salud\/"},"img":{"alt_text":"Raquel Pena","src":"https:\/\/i0.wp.com\/lasprimeras.com.do\/wp-content\/uploads\/2026\/03\/Raquel-Pena-1.jpg?resize=350%2C200&ssl=1","width":350,"height":200,"srcset":"https:\/\/i0.wp.com\/lasprimeras.com.do\/wp-content\/uploads\/2026\/03\/Raquel-Pena-1.jpg?resize=350%2C200&ssl=1 1x, https:\/\/i0.wp.com\/lasprimeras.com.do\/wp-content\/uploads\/2026\/03\/Raquel-Pena-1.jpg?resize=525%2C300&ssl=1 1.5x, https:\/\/i0.wp.com\/lasprimeras.com.do\/wp-content\/uploads\/2026\/03\/Raquel-Pena-1.jpg?resize=700%2C400&ssl=1 2x"},"classes":[]},{"id":120890,"url":"https:\/\/lasprimeras.com.do\/index.php\/2026\/01\/29\/vicepresidenta-raquel-pena-y-embajadora-leah-campos-coinciden-en-la-vision-de-santiago-como-motor-del-desarrollo-nacional\/","url_meta":{"origin":61853,"position":5},"title":"Vicepresidenta Raquel Pe\u00f1a y embajadora Leah Campos coinciden en la visi\u00f3n de Santiago como motor del desarrollo nacional","author":"Nelson Feliz","date":"29 de enero de 2026","format":false,"excerpt":"_La diplom\u00e1tica estadounidense destac\u00f3 el potencial productivo del Cibao durante una conferencia a la que asisti\u00f3 la vicepresidenta como invitada especial._ La vicepresidenta de la Rep\u00fablica, Raquel Pe\u00f1a, asisti\u00f3 como invitada especial a la conferencia \u201cSantiago como coraz\u00f3n productivo\u201d, ofrecida por la embajadora de los Estados Unidos en la Rep\u00fablica\u2026","rel":"","context":"En \u00abSin categor\u00eda\u00bb","block_context":{"text":"Sin categor\u00eda","link":"https:\/\/lasprimeras.com.do\/index.php\/category\/sin-categoria\/"},"img":{"alt_text":"","src":"https:\/\/i0.wp.com\/lasprimeras.com.do\/wp-content\/uploads\/2026\/01\/IMG-20260128-WA1010-scaled.jpg?resize=350%2C200&ssl=1","width":350,"height":200,"srcset":"https:\/\/i0.wp.com\/lasprimeras.com.do\/wp-content\/uploads\/2026\/01\/IMG-20260128-WA1010-scaled.jpg?resize=350%2C200&ssl=1 1x, https:\/\/i0.wp.com\/lasprimeras.com.do\/wp-content\/uploads\/2026\/01\/IMG-20260128-WA1010-scaled.jpg?resize=525%2C300&ssl=1 1.5x, https:\/\/i0.wp.com\/lasprimeras.com.do\/wp-content\/uploads\/2026\/01\/IMG-20260128-WA1010-scaled.jpg?resize=700%2C400&ssl=1 2x, https:\/\/i0.wp.com\/lasprimeras.com.do\/wp-content\/uploads\/2026\/01\/IMG-20260128-WA1010-scaled.jpg?resize=1050%2C600&ssl=1 3x, https:\/\/i0.wp.com\/lasprimeras.com.do\/wp-content\/uploads\/2026\/01\/IMG-20260128-WA1010-scaled.jpg?resize=1400%2C800&ssl=1 4x"},"classes":[]}],"jetpack_sharing_enabled":true,"_links":{"self":[{"href":"https:\/\/lasprimeras.com.do\/index.php\/wp-json\/wp\/v2\/posts\/61853","targetHints":{"allow":["GET"]}}],"collection":[{"href":"https:\/\/lasprimeras.com.do\/index.php\/wp-json\/wp\/v2\/posts"}],"about":[{"href":"https:\/\/lasprimeras.com.do\/index.php\/wp-json\/wp\/v2\/types\/post"}],"author":[{"embeddable":true,"href":"https:\/\/lasprimeras.com.do\/index.php\/wp-json\/wp\/v2\/users\/3"}],"replies":[{"embeddable":true,"href":"https:\/\/lasprimeras.com.do\/index.php\/wp-json\/wp\/v2\/comments?post=61853"}],"version-history":[{"count":1,"href":"https:\/\/lasprimeras.com.do\/index.php\/wp-json\/wp\/v2\/posts\/61853\/revisions"}],"predecessor-version":[{"id":61855,"href":"https:\/\/lasprimeras.com.do\/index.php\/wp-json\/wp\/v2\/posts\/61853\/revisions\/61855"}],"wp:featuredmedia":[{"embeddable":true,"href":"https:\/\/lasprimeras.com.do\/index.php\/wp-json\/wp\/v2\/media\/61854"}],"wp:attachment":[{"href":"https:\/\/lasprimeras.com.do\/index.php\/wp-json\/wp\/v2\/media?parent=61853"}],"wp:term":[{"taxonomy":"category","embeddable":true,"href":"https:\/\/lasprimeras.com.do\/index.php\/wp-json\/wp\/v2\/categories?post=61853"},{"taxonomy":"post_tag","embeddable":true,"href":"https:\/\/lasprimeras.com.do\/index.php\/wp-json\/wp\/v2\/tags?post=61853"}],"curies":[{"name":"wp","href":"https:\/\/api.w.org\/{rel}","templated":true}]}}