{"id":61877,"date":"2023-10-01T18:01:06","date_gmt":"2023-10-01T22:01:06","guid":{"rendered":"https:\/\/lasprimeras.com.do\/?p=61877"},"modified":"2023-10-01T18:01:07","modified_gmt":"2023-10-01T22:01:07","slug":"leonel-fernandez-suspende-visita-a-dajabon","status":"publish","type":"post","link":"https:\/\/lasprimeras.com.do\/index.php\/2023\/10\/01\/leonel-fernandez-suspende-visita-a-dajabon\/","title":{"rendered":"Leonel Fern\u00e1ndez suspende visita a Dajab\u00f3n"},"content":{"rendered":"\n<p>SANTO DOMINGO.- El presidente de la Fuerza del Pueblo, Leonel Fern\u00e1ndez y una comitiva de la direcci\u00f3n pol\u00edtica del partido, suspendieron su visita a Dajab\u00f3n que estaba programada para ma\u00f1ana y que ten\u00eda la intenci\u00f3n de conocer la realidad que se est\u00e1 viviendo en la zona fronteriza luego del cierre por la construcci\u00f3n de un canal que realizan haitianos el r\u00edo Masacre.<\/p>\n\n\n\n<p>La alta dirigencia de la organizaci\u00f3n se reunir\u00e1 para decidir si la visita se pospone para otro d\u00eda, o si se informa a trav\u00e9s de la prensa la posici\u00f3n del expresidente y el partido.<\/p>\n\n\n\n<p>Seg\u00fan hab\u00eda informado el secretario general del partido Fuerza del Pueblo, Antonio Flori\u00e1n, la visita de Fern\u00e1ndez a Dajab\u00f3n era para poder contactar y escuchar de manera directa a los diferentes sectores de la zona, que han sido afectados por las medidas apresuradas que han tomado las autoridades dominicanas.<\/p>\n\n\n\n<p>Precis\u00f3 que de manera extraordinaria la alta direcci\u00f3n de la Fuerza del Pueblo sesionar\u00eda en la provincia fronteriza, a las 2:00 de la tarde, en atenci\u00f3n a la situaci\u00f3n tensa que se vive en la frontera de nuestro pa\u00eds con Hait\u00ed.<\/p>\n","protected":false},"excerpt":{"rendered":"<p>SANTO DOMINGO.- El presidente de la Fuerza del Pueblo, Leonel Fern\u00e1ndez y una comitiva de la direcci\u00f3n pol\u00edtica del partido, suspendieron su visita a Dajab\u00f3n que estaba programada para ma\u00f1ana&hellip;<\/p>\n","protected":false},"author":3,"featured_media":61878,"comment_status":"open","ping_status":"open","sticky":false,"template":"","format":"standard","meta":{"content-type":"","jetpack_post_was_ever_published":false,"_jetpack_newsletter_access":"","_jetpack_dont_email_post_to_subs":false,"_jetpack_newsletter_tier_id":0,"_jetpack_memberships_contains_paywalled_content":false,"_jetpack_memberships_contains_paid_content":false,"footnotes":""},"categories":[25],"tags":[],"class_list":["post-61877","post","type-post","status-publish","format-standard","has-post-thumbnail","hentry","category-portada"],"jetpack_featured_media_url":"https:\/\/lasprimeras.com.do\/wp-content\/uploads\/2023\/10\/whatsapp-image-2023-09-30-at-74757-pm-1024x614-1.jpeg","jetpack-related-posts":[{"id":61904,"url":"https:\/\/lasprimeras.com.do\/index.php\/2023\/10\/01\/leonel-suspende-viaje-a-la-frontera-pautado-para-este-lunes\/","url_meta":{"origin":61877,"position":0},"title":"Leonel suspende viaje a la frontera pautado para este lunes","author":"Nelson Feliz","date":"1 de octubre de 2023","format":false,"excerpt":"El partido Fuerza del Pueblo inform\u00f3 este domingo que fue pospuesta la visita que har\u00eda el candidato presidencial Leonel Fern\u00e1ndez a la provincia Dajab\u00f3n. En un mensaje en sus redes sociales, Fuerza del Pueblo indic\u00f3 que oportunamente se informar\u00e1 sobre la visita de Fern\u00e1ndez a Dajab\u00f3n. \"Por disposici\u00f3n de la\u2026","rel":"","context":"En \u00abPORTADA\u00bb","block_context":{"text":"PORTADA","link":"https:\/\/lasprimeras.com.do\/index.php\/category\/portada\/"},"img":{"alt_text":"Leonel Fern\u00e1ndez","src":"https:\/\/i0.wp.com\/lasprimeras.com.do\/wp-content\/uploads\/2023\/08\/Leonel-Fernandez-8.jpg?resize=350%2C200&ssl=1","width":350,"height":200,"srcset":"https:\/\/i0.wp.com\/lasprimeras.com.do\/wp-content\/uploads\/2023\/08\/Leonel-Fernandez-8.jpg?resize=350%2C200&ssl=1 1x, https:\/\/i0.wp.com\/lasprimeras.com.do\/wp-content\/uploads\/2023\/08\/Leonel-Fernandez-8.jpg?resize=525%2C300&ssl=1 1.5x, https:\/\/i0.wp.com\/lasprimeras.com.do\/wp-content\/uploads\/2023\/08\/Leonel-Fernandez-8.jpg?resize=700%2C400&ssl=1 2x"},"classes":[]},{"id":117441,"url":"https:\/\/lasprimeras.com.do\/index.php\/2025\/12\/10\/omar-fernandez-apuesta-por-mas-desarrollo-economico-en-dajabon\/","url_meta":{"origin":61877,"position":1},"title":"Omar Fern\u00e1ndez apuesta por m\u00e1s desarrollo econ\u00f3mico en Dajab\u00f3n","author":"Nelson Feliz","date":"10 de diciembre de 2025","format":false,"excerpt":"El senador del Partido la Fuerza del Pueblo, Omar Fern\u00e1ndez visit\u00f3 el parque industrial Codevi, en la zona fronteriza como parte de sus labores como miembro de la Comisi\u00f3n Permanente de Asuntos Fronterizos. El legislador del partido Fuerza del Pueblo destac\u00f3 la importancia de mantener una presencia constante en la\u2026","rel":"","context":"En \u00abPOLITICA\u00bb","block_context":{"text":"POLITICA","link":"https:\/\/lasprimeras.com.do\/index.php\/category\/politica\/"},"img":{"alt_text":"Omar Fern\u00e1ndez","src":"https:\/\/i0.wp.com\/lasprimeras.com.do\/wp-content\/uploads\/2025\/12\/Omar-Fernandez.jpg?resize=350%2C200&ssl=1","width":350,"height":200,"srcset":"https:\/\/i0.wp.com\/lasprimeras.com.do\/wp-content\/uploads\/2025\/12\/Omar-Fernandez.jpg?resize=350%2C200&ssl=1 1x, https:\/\/i0.wp.com\/lasprimeras.com.do\/wp-content\/uploads\/2025\/12\/Omar-Fernandez.jpg?resize=525%2C300&ssl=1 1.5x, https:\/\/i0.wp.com\/lasprimeras.com.do\/wp-content\/uploads\/2025\/12\/Omar-Fernandez.jpg?resize=700%2C400&ssl=1 2x"},"classes":[]},{"id":106464,"url":"https:\/\/lasprimeras.com.do\/index.php\/2025\/08\/15\/regidor-del-prm-se-une-a-la-fuerza-del-pueblo-y-es-juramentado-por-leonel-fernandez\/","url_meta":{"origin":61877,"position":2},"title":"Regidor del PRM se une a la Fuerza del Pueblo y es juramentado por Leonel Fern\u00e1ndez","author":"Nelson Feliz","date":"15 de agosto de 2025","format":false,"excerpt":"En el marco de su visita a la Ciudad Coraz\u00f3n, el presidente del partido Fuerza del Pueblo (FP), Leonel Fern\u00e1ndez, jurament\u00f3 al regidor del Partido Revolucionario Moderno (PRM) de Hatillo Palma, provincia Montecristi, Dany Torres, quien formaliz\u00f3 su ingreso a las filas de la organizaci\u00f3n pol\u00edtica liderada por el exmandatario.\u2026","rel":"","context":"En \u00abPOLITICA\u00bb","block_context":{"text":"POLITICA","link":"https:\/\/lasprimeras.com.do\/index.php\/category\/politica\/"},"img":{"alt_text":"","src":"https:\/\/i0.wp.com\/lasprimeras.com.do\/wp-content\/uploads\/2025\/08\/Dany-Torres.jpg?resize=350%2C200&ssl=1","width":350,"height":200,"srcset":"https:\/\/i0.wp.com\/lasprimeras.com.do\/wp-content\/uploads\/2025\/08\/Dany-Torres.jpg?resize=350%2C200&ssl=1 1x, https:\/\/i0.wp.com\/lasprimeras.com.do\/wp-content\/uploads\/2025\/08\/Dany-Torres.jpg?resize=525%2C300&ssl=1 1.5x, https:\/\/i0.wp.com\/lasprimeras.com.do\/wp-content\/uploads\/2025\/08\/Dany-Torres.jpg?resize=700%2C400&ssl=1 2x"},"classes":[]},{"id":61695,"url":"https:\/\/lasprimeras.com.do\/index.php\/2023\/09\/29\/leonel-ira-este-lunes-a-dajabon-junto-a-la-direccion-politica-de-la-fp\/","url_meta":{"origin":61877,"position":3},"title":"Leonel ir\u00e1 este lunes a Dajab\u00f3n junto a la Direcci\u00f3n Pol\u00edtica de la FP","author":"Nelson Feliz","date":"29 de septiembre de 2023","format":false,"excerpt":"El secretario general del partido Fuerza del Pueblo (FP), Antonio Flori\u00e1n, inform\u00f3 que el pr\u00f3ximo lunes 2 de octubre, el presidente de la organizaci\u00f3n, Leonel Fern\u00e1ndez, se trasladar\u00e1 a la provincia de Dajab\u00f3n para encabezar all\u00ed una reuni\u00f3n de la Direcci\u00f3n Pol\u00edtica de la entidad partidaria. En su anuncio, en\u2026","rel":"","context":"En \u00abPORTADA\u00bb","block_context":{"text":"PORTADA","link":"https:\/\/lasprimeras.com.do\/index.php\/category\/portada\/"},"img":{"alt_text":"Antonio Flori\u00e1n","src":"https:\/\/i0.wp.com\/lasprimeras.com.do\/wp-content\/uploads\/2023\/09\/Antonio-Florian.jpg?resize=350%2C200&ssl=1","width":350,"height":200,"srcset":"https:\/\/i0.wp.com\/lasprimeras.com.do\/wp-content\/uploads\/2023\/09\/Antonio-Florian.jpg?resize=350%2C200&ssl=1 1x, https:\/\/i0.wp.com\/lasprimeras.com.do\/wp-content\/uploads\/2023\/09\/Antonio-Florian.jpg?resize=525%2C300&ssl=1 1.5x, https:\/\/i0.wp.com\/lasprimeras.com.do\/wp-content\/uploads\/2023\/09\/Antonio-Florian.jpg?resize=700%2C400&ssl=1 2x"},"classes":[]},{"id":111640,"url":"https:\/\/lasprimeras.com.do\/index.php\/2025\/10\/12\/ministro-de-defensa-y-los-directivos-de-codevi-supervisan-avances-de-la-verja-perimetral-fronteriza-en-dajabon\/","url_meta":{"origin":61877,"position":4},"title":"Ministro de Defensa y los directivos de CODEVI supervisan avances de la verja perimetral fronteriza en Dajab\u00f3n","author":"Nelson Feliz","date":"12 de octubre de 2025","format":false,"excerpt":"El ministro de Defensa, teniente general Carlos Antonio Fern\u00e1ndez Onofre, realiz\u00f3 este domingo una visita de trabajo a la zona fronteriza de Dajab\u00f3n, donde encabez\u00f3 una reuni\u00f3n de alto nivel con los directivos del Parque Industrial CODEVI, con el prop\u00f3sito de constatar la situaci\u00f3n actual y las medidas adoptadas tras\u2026","rel":"","context":"En \u00abMILITARES\u00bb","block_context":{"text":"MILITARES","link":"https:\/\/lasprimeras.com.do\/index.php\/category\/militares\/"},"img":{"alt_text":"","src":"https:\/\/i0.wp.com\/lasprimeras.com.do\/wp-content\/uploads\/2025\/10\/mide.jpg?resize=350%2C200&ssl=1","width":350,"height":200,"srcset":"https:\/\/i0.wp.com\/lasprimeras.com.do\/wp-content\/uploads\/2025\/10\/mide.jpg?resize=350%2C200&ssl=1 1x, https:\/\/i0.wp.com\/lasprimeras.com.do\/wp-content\/uploads\/2025\/10\/mide.jpg?resize=525%2C300&ssl=1 1.5x, https:\/\/i0.wp.com\/lasprimeras.com.do\/wp-content\/uploads\/2025\/10\/mide.jpg?resize=700%2C400&ssl=1 2x"},"classes":[]},{"id":117877,"url":"https:\/\/lasprimeras.com.do\/index.php\/2025\/12\/14\/leonel-fernandez-firmara-varios-convenios-en-beneficio-de-la-rd-en-ny\/","url_meta":{"origin":61877,"position":5},"title":"Leonel Fern\u00e1ndez firmar\u00e1 varios convenios en beneficio de la RD en NY","author":"Nelson Feliz","date":"14 de diciembre de 2025","format":false,"excerpt":"El expresidente tambi\u00e9n sostendr\u00e1 encuentros acad\u00e9micos, pol\u00edticos, familiares y con dirigentes de la Fuerza del Pueblo en Estados Unidos. Nueva York, EE. UU.\u2013 El expresidente de la Rep\u00fablica y presidente del partido Fuerza del Pueblo, Leonel Fern\u00e1ndez, se encuentra en la ciudad de Nueva York desarrollando una agenda de trabajo\u2026","rel":"","context":"En \u00abPOLITICA\u00bb","block_context":{"text":"POLITICA","link":"https:\/\/lasprimeras.com.do\/index.php\/category\/politica\/"},"img":{"alt_text":"Leonel Fern\u00e1ndez","src":"https:\/\/i0.wp.com\/lasprimeras.com.do\/wp-content\/uploads\/2025\/12\/Leonel-Fernandez-1.jpg?resize=350%2C200&ssl=1","width":350,"height":200,"srcset":"https:\/\/i0.wp.com\/lasprimeras.com.do\/wp-content\/uploads\/2025\/12\/Leonel-Fernandez-1.jpg?resize=350%2C200&ssl=1 1x, https:\/\/i0.wp.com\/lasprimeras.com.do\/wp-content\/uploads\/2025\/12\/Leonel-Fernandez-1.jpg?resize=525%2C300&ssl=1 1.5x, https:\/\/i0.wp.com\/lasprimeras.com.do\/wp-content\/uploads\/2025\/12\/Leonel-Fernandez-1.jpg?resize=700%2C400&ssl=1 2x"},"classes":[]}],"jetpack_sharing_enabled":true,"_links":{"self":[{"href":"https:\/\/lasprimeras.com.do\/index.php\/wp-json\/wp\/v2\/posts\/61877","targetHints":{"allow":["GET"]}}],"collection":[{"href":"https:\/\/lasprimeras.com.do\/index.php\/wp-json\/wp\/v2\/posts"}],"about":[{"href":"https:\/\/lasprimeras.com.do\/index.php\/wp-json\/wp\/v2\/types\/post"}],"author":[{"embeddable":true,"href":"https:\/\/lasprimeras.com.do\/index.php\/wp-json\/wp\/v2\/users\/3"}],"replies":[{"embeddable":true,"href":"https:\/\/lasprimeras.com.do\/index.php\/wp-json\/wp\/v2\/comments?post=61877"}],"version-history":[{"count":1,"href":"https:\/\/lasprimeras.com.do\/index.php\/wp-json\/wp\/v2\/posts\/61877\/revisions"}],"predecessor-version":[{"id":61879,"href":"https:\/\/lasprimeras.com.do\/index.php\/wp-json\/wp\/v2\/posts\/61877\/revisions\/61879"}],"wp:featuredmedia":[{"embeddable":true,"href":"https:\/\/lasprimeras.com.do\/index.php\/wp-json\/wp\/v2\/media\/61878"}],"wp:attachment":[{"href":"https:\/\/lasprimeras.com.do\/index.php\/wp-json\/wp\/v2\/media?parent=61877"}],"wp:term":[{"taxonomy":"category","embeddable":true,"href":"https:\/\/lasprimeras.com.do\/index.php\/wp-json\/wp\/v2\/categories?post=61877"},{"taxonomy":"post_tag","embeddable":true,"href":"https:\/\/lasprimeras.com.do\/index.php\/wp-json\/wp\/v2\/tags?post=61877"}],"curies":[{"name":"wp","href":"https:\/\/api.w.org\/{rel}","templated":true}]}}