{"id":61898,"date":"2023-10-01T19:17:28","date_gmt":"2023-10-01T23:17:28","guid":{"rendered":"https:\/\/lasprimeras.com.do\/?p=61898"},"modified":"2023-10-01T19:17:29","modified_gmt":"2023-10-01T23:17:29","slug":"sufre-accidente-de-transito-equipo-de-prensa-del-canal-teleuniverso-de-santiago","status":"publish","type":"post","link":"https:\/\/lasprimeras.com.do\/index.php\/2023\/10\/01\/sufre-accidente-de-transito-equipo-de-prensa-del-canal-teleuniverso-de-santiago\/","title":{"rendered":"Sufre accidente de tr\u00e1nsito equipo de prensa del canal Teleuniverso de Santiago"},"content":{"rendered":"\n<p><strong>El suceso ocurri\u00f3 en la autopista Duarte mientras se trasladaban a realizar la cobertura de las primarias del PRM.<\/strong><\/p>\n\n\n\n<p>Un equipo de prensa del canal de televisi\u00f3n Teleuniverso, que se transmite por el canal 29, sufri\u00f3 un accidente de tr\u00e1nsito en la ma\u00f1ana de hoy en la autopista Duarte, en el tramo La Vega-Bonao, mientras se trasladaba a cubrir los acontecimientos de las primarias internas del Partido Revolucionario Moderno (PRM) en la regi\u00f3n del Cibao.<\/p>\n\n\n\n<p>El equipo, conformado por el periodista Inocencio Encarnaci\u00f3n y el chofer Jos\u00e9 Manuel de la Cruz, sufri\u00f3 s\u00f3lo lesiones leves. Sin embargo, el veh\u00edculo en el que viajaban, una camioneta marca Mazda, result\u00f3 con graves da\u00f1os, al volcarse.<\/p>\n\n\n\n<p>Seg\u00fan el relato de Encarnaci\u00f3n a Diario Libre, el incidente ocurri\u00f3 mientras transitaban por la mencionada autopista y un motociclista se cruz\u00f3 &#8220;repentinamente&#8221; en su trayectoria. Para evitar la colisi\u00f3n, el conductor, quien tambi\u00e9n es el camar\u00f3grafo, tuvo que maniobrar bruscamente, perdiendo as\u00ed el control del veh\u00edculo que se volc\u00f3 y se desliz\u00f3 por la carretera.<\/p>\n\n\n\n<p>&#8220;Estoy bien, s\u00f3lo tengo una herida leve en las manos. Nos salvamos porque ten\u00edamos el cintur\u00f3n de seguridad puesto&#8221;, inform\u00f3 el periodista.<\/p>\n\n\n\n<p>Los profesionales de la comunicaci\u00f3n fueron llevados en una ambulancia del Sistema Nacional de Atenci\u00f3n a Emergencias y Seguridad 9-1-1 para ser evaluados de manera m\u00e1s detenida en un centro de salud y descartar posibles lesiones internas.<\/p>\n\n\n\n<p><strong>El PRM celebra sus primarias hoy a nivel nacional<\/strong><\/p>\n\n\n\n<p>El Partido Revolucionario Moderno (PRM) pasar\u00e1 hoy por la prueba de realizar las \u00fanicas primarias para elegir candidatos que realizar\u00e1n los partidos pol\u00edticos de cara a las elecciones en el 2024.<\/p>\n\n\n\n<p>En estas primarias s\u00f3lo se van a elegir el candidato presidencial y los que optar\u00e1n por las alcald\u00edas de Santo Domingo Oeste y Este. M\u00e1s abajo, tambi\u00e9n se votar\u00e1 por los regidores y vocales.<\/p>\n\n\n\n<p>El PRM ha llamado a votar desde las 8:00 de la ma\u00f1ana a su militancia que tendr\u00eda unos tres millones de personas. Esperan que voten al menos 300 mil, el 10 %.<\/p>\n","protected":false},"excerpt":{"rendered":"<p>El suceso ocurri\u00f3 en la autopista Duarte mientras se trasladaban a realizar la cobertura de las primarias del PRM. Un equipo de prensa del canal de televisi\u00f3n Teleuniverso, que se&hellip;<\/p>\n","protected":false},"author":2,"featured_media":61899,"comment_status":"open","ping_status":"open","sticky":false,"template":"","format":"standard","meta":{"content-type":"","jetpack_post_was_ever_published":false,"_jetpack_newsletter_access":"","_jetpack_dont_email_post_to_subs":false,"_jetpack_newsletter_tier_id":0,"_jetpack_memberships_contains_paywalled_content":false,"_jetpack_memberships_contains_paid_content":false,"footnotes":""},"categories":[35],"tags":[2211,5892,8094,1049,6184,8093,2049],"class_list":["post-61898","post","type-post","status-publish","format-standard","has-post-thumbnail","hentry","category-nacionales","tag-accidente","tag-canal","tag-equipo-de-prensa","tag-santiago","tag-sufre","tag-teleuniverso","tag-transito"],"jetpack_featured_media_url":"https:\/\/lasprimeras.com.do\/wp-content\/uploads\/2023\/10\/Teleuniverso.jpg","jetpack-related-posts":[{"id":89676,"url":"https:\/\/lasprimeras.com.do\/index.php\/2024\/10\/02\/sistema-911-coordina-asistencia-en-accidente-de-transito-multiple-en-monsenor-nouel\/","url_meta":{"origin":61898,"position":0},"title":"Sistema 911 coordina asistencia en accidente de tr\u00e1nsito m\u00faltiple en Monse\u00f1or Nouel","author":"Paola Castillo","date":"2 de octubre de 2024","format":false,"excerpt":"Monse\u00f1or Nouel. - El Sistema Nacional de Atenci\u00f3n a Emergencias y Seguridad 911 coordin\u00f3 la respuesta a un accidente de tr\u00e1nsito ocurrido en la autopista Duarte, a la altura del sector El Setenta y Siete, municipio de Piedra Blanca. El incidente involucr\u00f3 a cinco veh\u00edculos, entre ellos un autob\u00fas y\u2026","rel":"","context":"En \u00abNACIONALES\u00bb","block_context":{"text":"NACIONALES","link":"https:\/\/lasprimeras.com.do\/index.php\/category\/nacionales\/"},"img":{"alt_text":"","src":"https:\/\/i0.wp.com\/lasprimeras.com.do\/wp-content\/uploads\/2024\/10\/911-1.jpeg?resize=350%2C200&ssl=1","width":350,"height":200,"srcset":"https:\/\/i0.wp.com\/lasprimeras.com.do\/wp-content\/uploads\/2024\/10\/911-1.jpeg?resize=350%2C200&ssl=1 1x, https:\/\/i0.wp.com\/lasprimeras.com.do\/wp-content\/uploads\/2024\/10\/911-1.jpeg?resize=525%2C300&ssl=1 1.5x, https:\/\/i0.wp.com\/lasprimeras.com.do\/wp-content\/uploads\/2024\/10\/911-1.jpeg?resize=700%2C400&ssl=1 2x, https:\/\/i0.wp.com\/lasprimeras.com.do\/wp-content\/uploads\/2024\/10\/911-1.jpeg?resize=1050%2C600&ssl=1 3x, https:\/\/i0.wp.com\/lasprimeras.com.do\/wp-content\/uploads\/2024\/10\/911-1.jpeg?resize=1400%2C800&ssl=1 4x"},"classes":[]},{"id":76902,"url":"https:\/\/lasprimeras.com.do\/index.php\/2024\/02\/15\/abinader-dirigira-mensaje-de-cierre-de-campana-a-las-1000-de-la-noche-de-este-jueves\/","url_meta":{"origin":61898,"position":1},"title":"Abinader dirigir\u00e1 mensaje de cierre de campa\u00f1a a las 10:00 de la noche de este jueves","author":"BIMARY DE JES\u00daS Matos","date":"15 de febrero de 2024","format":false,"excerpt":"SANTO DOMINGO. El candidato presidencial del Partido Revolucionario Moderno (PRM), Luis Abinader, dirigir\u00e1 este jueves 15 de febrero a las 10:00 de la noche un\u00a0mensaje final de campa\u00f1a\u00a0de las elecciones municipales, en la cadena de cierre de esta organizaci\u00f3n pol\u00edtica. El PRM anunci\u00f3 una cadena de cierre de campa\u00f1a como\u2026","rel":"","context":"En \u00abPORTADA\u00bb","block_context":{"text":"PORTADA","link":"https:\/\/lasprimeras.com.do\/index.php\/category\/portada\/"},"img":{"alt_text":"","src":"https:\/\/i0.wp.com\/lasprimeras.com.do\/wp-content\/uploads\/2024\/02\/abinader-1.jpg.webp?resize=350%2C200&ssl=1","width":350,"height":200,"srcset":"https:\/\/i0.wp.com\/lasprimeras.com.do\/wp-content\/uploads\/2024\/02\/abinader-1.jpg.webp?resize=350%2C200&ssl=1 1x, https:\/\/i0.wp.com\/lasprimeras.com.do\/wp-content\/uploads\/2024\/02\/abinader-1.jpg.webp?resize=525%2C300&ssl=1 1.5x, https:\/\/i0.wp.com\/lasprimeras.com.do\/wp-content\/uploads\/2024\/02\/abinader-1.jpg.webp?resize=700%2C400&ssl=1 2x"},"classes":[]},{"id":74197,"url":"https:\/\/lasprimeras.com.do\/index.php\/2024\/01\/20\/se-registra-accidente-multiple-en-autopista-duarte\/","url_meta":{"origin":61898,"position":2},"title":"Se registra accidente m\u00faltiple en autopista Duarte","author":"BIMARY DE JES\u00daS Matos","date":"20 de enero de 2024","format":false,"excerpt":"Santo Domingo.-La ma\u00f1ana de este s\u00e1bado, en la avenida Duarte, fue el nuevo escenario donde ocurri\u00f3 un accidente m\u00faltiple de tr\u00e1nsito que involucr\u00f3 a dos veh\u00edculos pesados y un autob\u00fas de transporte p\u00fablico. El accidente ocurri\u00f3 en el tramo de Piedra Blanca en direcci\u00f3n a La Vega. Hasta el momento,\u2026","rel":"","context":"En \u00abPORTADA\u00bb","block_context":{"text":"PORTADA","link":"https:\/\/lasprimeras.com.do\/index.php\/category\/portada\/"},"img":{"alt_text":"","src":"https:\/\/i0.wp.com\/lasprimeras.com.do\/wp-content\/uploads\/2024\/01\/WhatsApp-Image-2024-01-19-at-7.03.50-PM-1.webp?resize=350%2C200&ssl=1","width":350,"height":200,"srcset":"https:\/\/i0.wp.com\/lasprimeras.com.do\/wp-content\/uploads\/2024\/01\/WhatsApp-Image-2024-01-19-at-7.03.50-PM-1.webp?resize=350%2C200&ssl=1 1x, https:\/\/i0.wp.com\/lasprimeras.com.do\/wp-content\/uploads\/2024\/01\/WhatsApp-Image-2024-01-19-at-7.03.50-PM-1.webp?resize=525%2C300&ssl=1 1.5x"},"classes":[]},{"id":89351,"url":"https:\/\/lasprimeras.com.do\/index.php\/2024\/09\/22\/tres-muertos-en-un-accidente-de-transito-a-la-salida-de-santiago\/","url_meta":{"origin":61898,"position":3},"title":"Tres muertos en un accidente de tr\u00e1nsito a la salida de Santiago","author":"Nelson Feliz","date":"22 de septiembre de 2024","format":false,"excerpt":"Tres personas perdieron la vida la tarde de este domingo durante un accidente de tr\u00e1nsito registrado en la autopista Duarte a la salida de Santiago. El hecho ocurri\u00f3 durante el choque entre una yipeta y una motocicleta pasadas las 4:35 de la tarde. El accidente ocurri\u00f3 en direcci\u00f3n norte sur,\u2026","rel":"","context":"En \u00abNACIONALES\u00bb","block_context":{"text":"NACIONALES","link":"https:\/\/lasprimeras.com.do\/index.php\/category\/nacionales\/"},"img":{"alt_text":"accidente de tr\u00e1nsito","src":"https:\/\/i0.wp.com\/lasprimeras.com.do\/wp-content\/uploads\/2024\/09\/accidente-de-transito.jpg?resize=350%2C200&ssl=1","width":350,"height":200,"srcset":"https:\/\/i0.wp.com\/lasprimeras.com.do\/wp-content\/uploads\/2024\/09\/accidente-de-transito.jpg?resize=350%2C200&ssl=1 1x, https:\/\/i0.wp.com\/lasprimeras.com.do\/wp-content\/uploads\/2024\/09\/accidente-de-transito.jpg?resize=525%2C300&ssl=1 1.5x, https:\/\/i0.wp.com\/lasprimeras.com.do\/wp-content\/uploads\/2024\/09\/accidente-de-transito.jpg?resize=700%2C400&ssl=1 2x"},"classes":[]},{"id":53189,"url":"https:\/\/lasprimeras.com.do\/index.php\/2023\/06\/24\/abel-martinez-tras-accidente-en-la-autopista-duarte-hay-que-trabajar-de-manera-intensa-la-prevencion\/","url_meta":{"origin":61898,"position":4},"title":"Abel Mart\u00ednez tras accidente en la Autopista Duarte: \u00abHay que trabajar de manera intensa la prevenci\u00f3n\u00bb","author":"Nelson Feliz","date":"24 de junio de 2023","format":false,"excerpt":"El candidato presidencial del Partido de la Liberaci\u00f3n Dominicana (PLD) Abel Mart\u00ednez, expres\u00f3 sus condolencias a familiares de las v\u00edctimas del fatal accidente ocurrido el viernes en la Autopista Duarte, con un saldo de cinco personas fallecidas y 29 heridos, hasta el momento. Lament\u00f3 la recurrencia de accidentes de este\u2026","rel":"","context":"En \u00abSin categor\u00eda\u00bb","block_context":{"text":"Sin categor\u00eda","link":"https:\/\/lasprimeras.com.do\/index.php\/category\/sin-categoria\/"},"img":{"alt_text":"","src":"https:\/\/i0.wp.com\/lasprimeras.com.do\/wp-content\/uploads\/2023\/06\/terrero-respalda-propuesta-anunciada-por-abel-martinez.jpg?resize=350%2C200&ssl=1","width":350,"height":200,"srcset":"https:\/\/i0.wp.com\/lasprimeras.com.do\/wp-content\/uploads\/2023\/06\/terrero-respalda-propuesta-anunciada-por-abel-martinez.jpg?resize=350%2C200&ssl=1 1x, https:\/\/i0.wp.com\/lasprimeras.com.do\/wp-content\/uploads\/2023\/06\/terrero-respalda-propuesta-anunciada-por-abel-martinez.jpg?resize=525%2C300&ssl=1 1.5x, https:\/\/i0.wp.com\/lasprimeras.com.do\/wp-content\/uploads\/2023\/06\/terrero-respalda-propuesta-anunciada-por-abel-martinez.jpg?resize=700%2C400&ssl=1 2x, https:\/\/i0.wp.com\/lasprimeras.com.do\/wp-content\/uploads\/2023\/06\/terrero-respalda-propuesta-anunciada-por-abel-martinez.jpg?resize=1050%2C600&ssl=1 3x, https:\/\/i0.wp.com\/lasprimeras.com.do\/wp-content\/uploads\/2023\/06\/terrero-respalda-propuesta-anunciada-por-abel-martinez.jpg?resize=1400%2C800&ssl=1 4x"},"classes":[]},{"id":63806,"url":"https:\/\/lasprimeras.com.do\/index.php\/2023\/10\/15\/autobus-de-pasajeros-sufre-accidente-en-el-cruce-sabana-del-puerto-en-bonao\/","url_meta":{"origin":61898,"position":5},"title":"Autob\u00fas de pasajeros sufre accidente en el cruce Sabana del Puerto en Bonao","author":"Nelson Feliz","date":"15 de octubre de 2023","format":false,"excerpt":"Un autob\u00fas de pasajeros sufri\u00f3 un accidente de tr\u00e1nsito en el cruce Sabana del Puerto, municipio Bonao, provincia Monse\u00f1or Nouel. El hecho dej\u00f3 al mejor 20 personas heridas, informaron fuentes oficiales. El Sistema Nacional de Emergencias 9-1-1 aclar\u00f3 que, hasta el momento, no hab\u00eda personas fallecidas. Dijo que los lesionados\u2026","rel":"","context":"En \u00abNACIONALES\u00bb","block_context":{"text":"NACIONALES","link":"https:\/\/lasprimeras.com.do\/index.php\/category\/nacionales\/"},"img":{"alt_text":"Accidente en Cruce de Bonao","src":"https:\/\/i0.wp.com\/lasprimeras.com.do\/wp-content\/uploads\/2023\/10\/Accidente-en-Cruce-de-Bonao-15-de-octubre.jpg?resize=350%2C200&ssl=1","width":350,"height":200,"srcset":"https:\/\/i0.wp.com\/lasprimeras.com.do\/wp-content\/uploads\/2023\/10\/Accidente-en-Cruce-de-Bonao-15-de-octubre.jpg?resize=350%2C200&ssl=1 1x, https:\/\/i0.wp.com\/lasprimeras.com.do\/wp-content\/uploads\/2023\/10\/Accidente-en-Cruce-de-Bonao-15-de-octubre.jpg?resize=525%2C300&ssl=1 1.5x, https:\/\/i0.wp.com\/lasprimeras.com.do\/wp-content\/uploads\/2023\/10\/Accidente-en-Cruce-de-Bonao-15-de-octubre.jpg?resize=700%2C400&ssl=1 2x"},"classes":[]}],"jetpack_sharing_enabled":true,"_links":{"self":[{"href":"https:\/\/lasprimeras.com.do\/index.php\/wp-json\/wp\/v2\/posts\/61898","targetHints":{"allow":["GET"]}}],"collection":[{"href":"https:\/\/lasprimeras.com.do\/index.php\/wp-json\/wp\/v2\/posts"}],"about":[{"href":"https:\/\/lasprimeras.com.do\/index.php\/wp-json\/wp\/v2\/types\/post"}],"author":[{"embeddable":true,"href":"https:\/\/lasprimeras.com.do\/index.php\/wp-json\/wp\/v2\/users\/2"}],"replies":[{"embeddable":true,"href":"https:\/\/lasprimeras.com.do\/index.php\/wp-json\/wp\/v2\/comments?post=61898"}],"version-history":[{"count":1,"href":"https:\/\/lasprimeras.com.do\/index.php\/wp-json\/wp\/v2\/posts\/61898\/revisions"}],"predecessor-version":[{"id":61900,"href":"https:\/\/lasprimeras.com.do\/index.php\/wp-json\/wp\/v2\/posts\/61898\/revisions\/61900"}],"wp:featuredmedia":[{"embeddable":true,"href":"https:\/\/lasprimeras.com.do\/index.php\/wp-json\/wp\/v2\/media\/61899"}],"wp:attachment":[{"href":"https:\/\/lasprimeras.com.do\/index.php\/wp-json\/wp\/v2\/media?parent=61898"}],"wp:term":[{"taxonomy":"category","embeddable":true,"href":"https:\/\/lasprimeras.com.do\/index.php\/wp-json\/wp\/v2\/categories?post=61898"},{"taxonomy":"post_tag","embeddable":true,"href":"https:\/\/lasprimeras.com.do\/index.php\/wp-json\/wp\/v2\/tags?post=61898"}],"curies":[{"name":"wp","href":"https:\/\/api.w.org\/{rel}","templated":true}]}}