{"id":61906,"date":"2023-10-01T20:24:46","date_gmt":"2023-10-02T00:24:46","guid":{"rendered":"https:\/\/lasprimeras.com.do\/?p=61906"},"modified":"2023-10-01T20:24:47","modified_gmt":"2023-10-02T00:24:47","slug":"abinader-continua-en-la-delantera-de-las-primarias-del-prm-con-mas-de-738749-votos","status":"publish","type":"post","link":"https:\/\/lasprimeras.com.do\/index.php\/2023\/10\/01\/abinader-continua-en-la-delantera-de-las-primarias-del-prm-con-mas-de-738749-votos\/","title":{"rendered":"Abinader contin\u00faa en la delantera de las primarias del PRM con m\u00e1s de 738,749 votos"},"content":{"rendered":"\n<p>Con el 89.71 % de las mesas computadas, el actual presidente de la Rep\u00fablica, Luis Abinader, contin\u00faa en el puesto n\u00famero uno durante el conteo de los votos de las primarias internas del Partido Revolucionario Moderno (PRM), celebradas este domingo uno de octubre.<\/p>\n\n\n\n<p>Tras haber sido transmitidas el 20 % de las mesas, Abinader tom\u00f3 la delantera con el 90 % de los votos y durante todo el proceso se han mantenido as\u00ed.<\/p>\n\n\n\n<p>Actualmente, 4,659 mesas han sido computadas resultando hasta el momento Abinader con un 90.88 % con 738,749 de votos frente a Guido G\u00f3mez Mazara con un 5.57 % con 45,250 votos.<\/p>\n\n\n\n<p>Le siguen Ram\u00f3n Alburquerque con un 2. 14 % con 17,512 votos y Delia Josefina Ortiz con un 1.42 % con 11,579 votos.<\/p>\n\n\n\n<p>Hasta el momento han sido computadas el 91.12 % de las mesas, con 820,385 votos v\u00e1lidos.<\/p>\n","protected":false},"excerpt":{"rendered":"<p>Con el 89.71 % de las mesas computadas, el actual presidente de la Rep\u00fablica, Luis Abinader, contin\u00faa en el puesto n\u00famero uno durante el conteo de los votos de las&hellip;<\/p>\n","protected":false},"author":2,"featured_media":61907,"comment_status":"open","ping_status":"open","sticky":false,"template":"","format":"standard","meta":{"content-type":"","jetpack_post_was_ever_published":false,"_jetpack_newsletter_access":"","_jetpack_dont_email_post_to_subs":false,"_jetpack_newsletter_tier_id":0,"_jetpack_memberships_contains_paywalled_content":false,"_jetpack_memberships_contains_paid_content":false,"footnotes":""},"categories":[25],"tags":[8090,67,2622,31],"class_list":["post-61906","post","type-post","status-publish","format-standard","has-post-thumbnail","hentry","category-portada","tag-delantera","tag-luis-abinader","tag-primarias","tag-prm"],"jetpack_featured_media_url":"https:\/\/lasprimeras.com.do\/wp-content\/uploads\/2023\/10\/Luis-arriba.jpg","jetpack-related-posts":[{"id":61914,"url":"https:\/\/lasprimeras.com.do\/index.php\/2023\/10\/01\/francisco-pena-y-dio-astacio-llevan-la-delantera-en-sdo-y-sde\/","url_meta":{"origin":61906,"position":0},"title":"Francisco Pe\u00f1a y Dio Astacio llevan la delantera en SDO y SDE","author":"Nelson Feliz","date":"1 de octubre de 2023","format":false,"excerpt":"Los precandidatos a la alcald\u00eda de Santo Domingo Oeste y Santo Domingo Este, Francisco Pe\u00f1a y Dio Astacio, han alcanzado m\u00e1s de un 30 % de los votos en las primarias del Partido Revolucionario Moderno (PRM). Los precandidatos han adelantado a los actuales alcaldes de ambas demarcaciones con m\u00e1s del\u2026","rel":"","context":"En \u00abPORTADA\u00bb","block_context":{"text":"PORTADA","link":"https:\/\/lasprimeras.com.do\/index.php\/category\/portada\/"},"img":{"alt_text":"alcladias sdo y sde","src":"https:\/\/i0.wp.com\/lasprimeras.com.do\/wp-content\/uploads\/2023\/10\/alcladias-sdo-y-sde.jpg?resize=350%2C200&ssl=1","width":350,"height":200,"srcset":"https:\/\/i0.wp.com\/lasprimeras.com.do\/wp-content\/uploads\/2023\/10\/alcladias-sdo-y-sde.jpg?resize=350%2C200&ssl=1 1x, https:\/\/i0.wp.com\/lasprimeras.com.do\/wp-content\/uploads\/2023\/10\/alcladias-sdo-y-sde.jpg?resize=525%2C300&ssl=1 1.5x, https:\/\/i0.wp.com\/lasprimeras.com.do\/wp-content\/uploads\/2023\/10\/alcladias-sdo-y-sde.jpg?resize=700%2C400&ssl=1 2x"},"classes":[]},{"id":61887,"url":"https:\/\/lasprimeras.com.do\/index.php\/2023\/10\/01\/luis-abinader-aventaja-con-el-91-de-los-votos-en-el-prm\/","url_meta":{"origin":61906,"position":1},"title":"Luis Abinader aventaja con el 91% de los votos en el PRM","author":"Nelson Feliz","date":"1 de octubre de 2023","format":false,"excerpt":"El mandatario dominicano busca la reelecci\u00f3n seguida al cargo, que le mantendr\u00eda en el poder hasta el 2028. El presidente Luis Abinader encabeza los resultados electorales en las primarias cerradas del Partido Revolucionario Moderno, de acuerdo a los primeros resultados revelados por la Junta Central Electoral. El presidente Abinader marc\u00f3\u2026","rel":"","context":"En \u00abPORTADA\u00bb","block_context":{"text":"PORTADA","link":"https:\/\/lasprimeras.com.do\/index.php\/category\/portada\/"},"img":{"alt_text":"Luis Abinader","src":"https:\/\/i0.wp.com\/lasprimeras.com.do\/wp-content\/uploads\/2023\/09\/Luis-Abinader-1-5.jpg?resize=350%2C200&ssl=1","width":350,"height":200,"srcset":"https:\/\/i0.wp.com\/lasprimeras.com.do\/wp-content\/uploads\/2023\/09\/Luis-Abinader-1-5.jpg?resize=350%2C200&ssl=1 1x, https:\/\/i0.wp.com\/lasprimeras.com.do\/wp-content\/uploads\/2023\/09\/Luis-Abinader-1-5.jpg?resize=525%2C300&ssl=1 1.5x, https:\/\/i0.wp.com\/lasprimeras.com.do\/wp-content\/uploads\/2023\/09\/Luis-Abinader-1-5.jpg?resize=700%2C400&ssl=1 2x"},"classes":[]},{"id":61892,"url":"https:\/\/lasprimeras.com.do\/index.php\/2023\/10\/01\/dio-astacio-toma-delantera-de-votos-en-sde-y-manuel-jimenez-esta-en-el-ultimo-lugar\/","url_meta":{"origin":61906,"position":2},"title":"Dio Astacio toma delantera de votos en SDE y Manuel Jim\u00e9nez est\u00e1 en el \u00faltimo lugar","author":"Nelson Feliz","date":"1 de octubre de 2023","format":false,"excerpt":"Astacio busca ser el candidato a la alcald\u00eda del partido oficialista en SDE tras el pasado mes de marzo renunciar al cargo como titular del Consejo de Gesti\u00f3n Presidencial. El coordinador general del Gabinete de la Familia del Poder Ejecutivo, el pastor Dio Astacio, tom\u00f3 la delantera de los votos\u2026","rel":"","context":"En \u00abPORTADA\u00bb","block_context":{"text":"PORTADA","link":"https:\/\/lasprimeras.com.do\/index.php\/category\/portada\/"},"img":{"alt_text":"Dio Astacio","src":"https:\/\/i0.wp.com\/lasprimeras.com.do\/wp-content\/uploads\/2023\/10\/Dio-Astacio.jpeg?resize=350%2C200&ssl=1","width":350,"height":200,"srcset":"https:\/\/i0.wp.com\/lasprimeras.com.do\/wp-content\/uploads\/2023\/10\/Dio-Astacio.jpeg?resize=350%2C200&ssl=1 1x, https:\/\/i0.wp.com\/lasprimeras.com.do\/wp-content\/uploads\/2023\/10\/Dio-Astacio.jpeg?resize=525%2C300&ssl=1 1.5x, https:\/\/i0.wp.com\/lasprimeras.com.do\/wp-content\/uploads\/2023\/10\/Dio-Astacio.jpeg?resize=700%2C400&ssl=1 2x"},"classes":[]},{"id":61827,"url":"https:\/\/lasprimeras.com.do\/index.php\/2023\/10\/01\/manuel-jimenez-llama-a-perremeistas-de-sde-a-votar-temprano-por-luis-y-por-el\/","url_meta":{"origin":61906,"position":3},"title":"Manuel Jim\u00e9nez llama a perreme\u00edstas de SDE a votar temprano por Luis y por \u00e9l","author":"Nelson Feliz","date":"1 de octubre de 2023","format":false,"excerpt":"MANUEL JIM\u00c9NEZ ASEGURA QUE SU EQUIPO EST\u00c1 MOVILIZADO Y ATENTO A UN ESCRUTINIO TRANSPARENTE. Por Martin Restituyo Luego de ejercer el voto en las primarias del Partido Revolucionario Moderno (PRM), el alcalde Manuel Jim\u00e9nez exhort\u00f3 a todos los perreme\u00edstas a acudir a los centros a votar por el presidente Luis\u2026","rel":"","context":"En \u00abPORTADA\u00bb","block_context":{"text":"PORTADA","link":"https:\/\/lasprimeras.com.do\/index.php\/category\/portada\/"},"img":{"alt_text":"Manuel Jim\u00e9nez","src":"https:\/\/i0.wp.com\/lasprimeras.com.do\/wp-content\/uploads\/2023\/10\/Manuel-Jimenez-1.jpg?resize=350%2C200&ssl=1","width":350,"height":200,"srcset":"https:\/\/i0.wp.com\/lasprimeras.com.do\/wp-content\/uploads\/2023\/10\/Manuel-Jimenez-1.jpg?resize=350%2C200&ssl=1 1x, https:\/\/i0.wp.com\/lasprimeras.com.do\/wp-content\/uploads\/2023\/10\/Manuel-Jimenez-1.jpg?resize=525%2C300&ssl=1 1.5x, https:\/\/i0.wp.com\/lasprimeras.com.do\/wp-content\/uploads\/2023\/10\/Manuel-Jimenez-1.jpg?resize=700%2C400&ssl=1 2x"},"classes":[]},{"id":61948,"url":"https:\/\/lasprimeras.com.do\/index.php\/2023\/10\/02\/guido-gomez-gracias-a-todos-por-tanto\/","url_meta":{"origin":61906,"position":4},"title":"Guido G\u00f3mez: &#8220;Gracias a todos por tanto&#8221;","author":"Nelson Feliz","date":"2 de octubre de 2023","format":false,"excerpt":"El pol\u00edtico reconoci\u00f3 el triunfo del presidente Luis Abinader por la candidatura presidencial del PRM. Guido G\u00f3mez Mazara, uno de los candidatos a la presidencia del gobernante Partido Revolucionario Moderno (PRM, se mostr\u00f3 conforme con las primarias realizadas por la organizaci\u00f3n este domingo y reconoci\u00f3 el triunfo de Luis Abinader,\u2026","rel":"","context":"En \u00abSin categor\u00eda\u00bb","block_context":{"text":"Sin categor\u00eda","link":"https:\/\/lasprimeras.com.do\/index.php\/category\/sin-categoria\/"},"img":{"alt_text":"Guido G\u00f3mez Mazara","src":"https:\/\/i0.wp.com\/lasprimeras.com.do\/wp-content\/uploads\/2023\/10\/Guido-Gomez-Mazara.jpg?resize=350%2C200&ssl=1","width":350,"height":200,"srcset":"https:\/\/i0.wp.com\/lasprimeras.com.do\/wp-content\/uploads\/2023\/10\/Guido-Gomez-Mazara.jpg?resize=350%2C200&ssl=1 1x, https:\/\/i0.wp.com\/lasprimeras.com.do\/wp-content\/uploads\/2023\/10\/Guido-Gomez-Mazara.jpg?resize=525%2C300&ssl=1 1.5x, https:\/\/i0.wp.com\/lasprimeras.com.do\/wp-content\/uploads\/2023\/10\/Guido-Gomez-Mazara.jpg?resize=700%2C400&ssl=1 2x"},"classes":[]},{"id":62043,"url":"https:\/\/lasprimeras.com.do\/index.php\/2023\/10\/02\/primarias-del-prm-movilizaron-mas-de-un-millon-de-votantes\/","url_meta":{"origin":61906,"position":5},"title":"Primarias del PRM movilizaron m\u00e1s de un mill\u00f3n de votantes","author":"BIMARY DE JES\u00daS Matos","date":"2 de octubre de 2023","format":false,"excerpt":"Santo Domingo.-Las primarias del Partido Revolucionario Moderno (PRM) movilizaron a las urnas a 1,026,047 militantes para votar en un 90.79 % por el presidente Luis Abinader, allanando as\u00ed el camino a su repostulaci\u00f3n. Del total de votos, 968,639 son v\u00e1lidos y 57,408 fueron declarados nulos; 41,961 por ser dejados en\u2026","rel":"","context":"En \u00abNACIONALES\u00bb","block_context":{"text":"NACIONALES","link":"https:\/\/lasprimeras.com.do\/index.php\/category\/nacionales\/"},"img":{"alt_text":"","src":"https:\/\/i0.wp.com\/lasprimeras.com.do\/wp-content\/uploads\/2023\/10\/WhatsApp-Image-2023-09-28-at-11.50.30-PM-1-1-3.jpeg?resize=350%2C200&ssl=1","width":350,"height":200,"srcset":"https:\/\/i0.wp.com\/lasprimeras.com.do\/wp-content\/uploads\/2023\/10\/WhatsApp-Image-2023-09-28-at-11.50.30-PM-1-1-3.jpeg?resize=350%2C200&ssl=1 1x, https:\/\/i0.wp.com\/lasprimeras.com.do\/wp-content\/uploads\/2023\/10\/WhatsApp-Image-2023-09-28-at-11.50.30-PM-1-1-3.jpeg?resize=525%2C300&ssl=1 1.5x, https:\/\/i0.wp.com\/lasprimeras.com.do\/wp-content\/uploads\/2023\/10\/WhatsApp-Image-2023-09-28-at-11.50.30-PM-1-1-3.jpeg?resize=700%2C400&ssl=1 2x"},"classes":[]}],"jetpack_sharing_enabled":true,"_links":{"self":[{"href":"https:\/\/lasprimeras.com.do\/index.php\/wp-json\/wp\/v2\/posts\/61906","targetHints":{"allow":["GET"]}}],"collection":[{"href":"https:\/\/lasprimeras.com.do\/index.php\/wp-json\/wp\/v2\/posts"}],"about":[{"href":"https:\/\/lasprimeras.com.do\/index.php\/wp-json\/wp\/v2\/types\/post"}],"author":[{"embeddable":true,"href":"https:\/\/lasprimeras.com.do\/index.php\/wp-json\/wp\/v2\/users\/2"}],"replies":[{"embeddable":true,"href":"https:\/\/lasprimeras.com.do\/index.php\/wp-json\/wp\/v2\/comments?post=61906"}],"version-history":[{"count":1,"href":"https:\/\/lasprimeras.com.do\/index.php\/wp-json\/wp\/v2\/posts\/61906\/revisions"}],"predecessor-version":[{"id":61908,"href":"https:\/\/lasprimeras.com.do\/index.php\/wp-json\/wp\/v2\/posts\/61906\/revisions\/61908"}],"wp:featuredmedia":[{"embeddable":true,"href":"https:\/\/lasprimeras.com.do\/index.php\/wp-json\/wp\/v2\/media\/61907"}],"wp:attachment":[{"href":"https:\/\/lasprimeras.com.do\/index.php\/wp-json\/wp\/v2\/media?parent=61906"}],"wp:term":[{"taxonomy":"category","embeddable":true,"href":"https:\/\/lasprimeras.com.do\/index.php\/wp-json\/wp\/v2\/categories?post=61906"},{"taxonomy":"post_tag","embeddable":true,"href":"https:\/\/lasprimeras.com.do\/index.php\/wp-json\/wp\/v2\/tags?post=61906"}],"curies":[{"name":"wp","href":"https:\/\/api.w.org\/{rel}","templated":true}]}}