{"id":61909,"date":"2023-10-01T20:26:49","date_gmt":"2023-10-02T00:26:49","guid":{"rendered":"https:\/\/lasprimeras.com.do\/?p=61909"},"modified":"2023-10-01T20:26:50","modified_gmt":"2023-10-02T00:26:50","slug":"abel-gobierno-perdio-el-norte-tambien-perdera-las-elecciones","status":"publish","type":"post","link":"https:\/\/lasprimeras.com.do\/index.php\/2023\/10\/01\/abel-gobierno-perdio-el-norte-tambien-perdera-las-elecciones\/","title":{"rendered":"Abel: &#8220;Gobierno perdi\u00f3 el norte; tambi\u00e9n perder\u00e1 las elecciones&#8221;"},"content":{"rendered":"\n<p>El candidato presidencial del Partido de la Liberaci\u00f3n Dominicana (PLD), Abel Mart\u00ednez, declar\u00f3 ante una multitud de dominicanos que lo esper\u00f3 en New Jersey, que el Gobierno del PRM perdi\u00f3 el rumbo y el norte.<\/p>\n\n\n\n<p>El l\u00edder de la oposici\u00f3n a\u00f1adi\u00f3 que, a consecuencia de esa realidad, perder\u00e1 tambi\u00e9n las elecciones.<\/p>\n\n\n\n<p>Abel habl\u00f3 sobre la situaci\u00f3n econ\u00f3mica de la Rep\u00fablica Dominicana; indic\u00f3 que los sistemas de salud y educaci\u00f3n han colapsado en el pa\u00eds. Tambi\u00e9n se\u00f1al\u00f3 que el Gobierno ha quebrado a productores agropecuarios.<\/p>\n\n\n\n<figure class=\"wp-block-image size-full is-resized\"><img decoding=\"async\" src=\"https:\/\/lasprimeras.com.do\/wp-content\/uploads\/2023\/10\/Abel-Martinez-2.jpg\" alt=\"\" class=\"wp-image-61911\" style=\"width:840px;height:467px\" width=\"840\" height=\"467\"\/><\/figure>\n\n\n\n<p>&#8220;El Gobierno del PRM perdi\u00f3 el rumbo y el norte; tambi\u00e9n perder\u00e1 el sur, el este, la capital. \u00a1Perder\u00e1 tambi\u00e9n las elecciones!&#8221;, proclam\u00f3 Abel Mart\u00ednez en un sal\u00f3n abarrotado de dominicanos residentes en New Jersey.<\/p>\n\n\n\n<p>En medio de su discurso, Abel sali\u00f3 del podio y se mezcl\u00f3 entre los presentes, les dio la mano y les garantiz\u00f3 que gobernar\u00e1 para ellos.<\/p>\n\n\n\n<figure class=\"wp-block-image size-full is-resized\"><img decoding=\"async\" src=\"https:\/\/lasprimeras.com.do\/wp-content\/uploads\/2023\/10\/Abel-Martinez-3.jpg\" alt=\"\" class=\"wp-image-61912\" style=\"width:840px;height:391px\" width=\"840\" height=\"391\"\/><\/figure>\n\n\n\n<p>&#8220;Denme diez meses de trabajo y les dar\u00e9 4 a\u00f1os de buen Gobierno. No todo el mundo quiere inscribirse en un partido pol\u00edtico, pero todos los dominicanos quieren que el pa\u00eds eche hacia adelante&#8221;, declar\u00f3.<\/p>\n\n\n\n<p>Abel Mart\u00ednez fue recibido en la ciudad por el presidente del PLD en New Jersey, Marcos Montilla; el presidente Regional, F\u00e9lix Mart\u00ednez (Ronny), as\u00ed como los dirigentes Juan Aquino, Jey Almonte y Doris Ramos.<\/p>\n\n\n\n<p>De igual modo, una amplia comitiva de miembros de Comit\u00e9 Central y presidentes de condados y seccionales de Estados Unidos.<\/p>\n","protected":false},"excerpt":{"rendered":"<p>El candidato presidencial del Partido de la Liberaci\u00f3n Dominicana (PLD), Abel Mart\u00ednez, declar\u00f3 ante una multitud de dominicanos que lo esper\u00f3 en New Jersey, que el Gobierno del PRM perdi\u00f3&hellip;<\/p>\n","protected":false},"author":2,"featured_media":61910,"comment_status":"open","ping_status":"open","sticky":false,"template":"","format":"standard","meta":{"content-type":"","jetpack_post_was_ever_published":false,"_jetpack_newsletter_access":"","_jetpack_dont_email_post_to_subs":false,"_jetpack_newsletter_tier_id":0,"_jetpack_memberships_contains_paywalled_content":false,"_jetpack_memberships_contains_paid_content":false,"footnotes":""},"categories":[25],"tags":[822],"class_list":["post-61909","post","type-post","status-publish","format-standard","has-post-thumbnail","hentry","category-portada","tag-abel-martinez"],"jetpack_featured_media_url":"https:\/\/lasprimeras.com.do\/wp-content\/uploads\/2023\/10\/Abel-Martinez.jpg","jetpack-related-posts":[{"id":111705,"url":"https:\/\/lasprimeras.com.do\/index.php\/2025\/10\/12\/abel-martinez-este-gobierno-llego-como-el-cambio-y-va-a-salir-como-el-fallo\/","url_meta":{"origin":61909,"position":0},"title":"Abel Mart\u00ednez: \u201cEste gobierno lleg\u00f3 como \u201cel cambio\u201d y va a salir como \u201cel fallo\u201d","author":"Nelson Feliz","date":"12 de octubre de 2025","format":false,"excerpt":"El miembro del Comit\u00e9 Politico del Partido de la Liberaci\u00f3n Dominicana (PLD), Abel Martinez, lament\u00f3 la dif\u00edcil situaci\u00f3n que enfrenta el pueblo dominicano como consecuencia de las malas ejecutorias de un gobierno ineficaz e indolente que, se visti\u00f3 de cambio y ha resultado un gran fallo, llevando al pa\u00eds por\u2026","rel":"","context":"En \u00abPOLITICA\u00bb","block_context":{"text":"POLITICA","link":"https:\/\/lasprimeras.com.do\/index.php\/category\/politica\/"},"img":{"alt_text":"","src":"https:\/\/i0.wp.com\/lasprimeras.com.do\/wp-content\/uploads\/2025\/10\/Abel-Martinez-1-1.jpg?resize=350%2C200&ssl=1","width":350,"height":200,"srcset":"https:\/\/i0.wp.com\/lasprimeras.com.do\/wp-content\/uploads\/2025\/10\/Abel-Martinez-1-1.jpg?resize=350%2C200&ssl=1 1x, https:\/\/i0.wp.com\/lasprimeras.com.do\/wp-content\/uploads\/2025\/10\/Abel-Martinez-1-1.jpg?resize=525%2C300&ssl=1 1.5x, https:\/\/i0.wp.com\/lasprimeras.com.do\/wp-content\/uploads\/2025\/10\/Abel-Martinez-1-1.jpg?resize=700%2C400&ssl=1 2x"},"classes":[]},{"id":51124,"url":"https:\/\/lasprimeras.com.do\/index.php\/2023\/05\/27\/abel-martinez-aclara-pld-no-hara-alianza-para-las-elecciones-municipales\/","url_meta":{"origin":61909,"position":1},"title":"Abel Mart\u00ednez aclara PLD no har\u00e1 alianza para las elecciones municipales","author":"prenxa100","date":"27 de mayo de 2023","format":false,"excerpt":"SANTO DOMINGO.-El aspirante presidencial por el Partido de la Liberaci\u00f3n Dominicana (PLD), Abel Mart\u00ednez arremeti\u00f3 contra algunos de sus contrincantes y les advirti\u00f3 que en las pr\u00f3ximas elecciones \u201cperder\u00e1n perder\u00e1n\u201d. Mart\u00ednez asegur\u00f3 que \u201cen el Partido de la Liberaci\u00f3n Dominicana estamos tan claros con las elecciones municipales de febrero, que\u2026","rel":"","context":"En \u00abSin categor\u00eda\u00bb","block_context":{"text":"Sin categor\u00eda","link":"https:\/\/lasprimeras.com.do\/index.php\/category\/sin-categoria\/"},"img":{"alt_text":"","src":"","width":0,"height":0},"classes":[]},{"id":102677,"url":"https:\/\/lasprimeras.com.do\/index.php\/2025\/07\/07\/abel-martinez-afirma-que-el-gobierno-volvio-a-bajar-la-guardia-en-la-frontera\/","url_meta":{"origin":61909,"position":2},"title":"Abel Mart\u00ednez afirma que el Gobierno volvi\u00f3 a bajar la guardia en la frontera","author":"Nelson Feliz","date":"7 de julio de 2025","format":false,"excerpt":"Mart\u00ednez dice el negocio de las mafias sigue vivo en la frontera. El miembro del Comit\u00e9 Politico del Partido de la Liberaci\u00f3n Dominicana(PLD) Abel Mart\u00ednez, se pronunci\u00f3 nuevamente sobre la problem\u00e1tica de la falta de controles migratorios reales. Mart\u00ednez, asegur\u00f3 que, aunque el gobierno dominicano anunci\u00f3 con entusiasmo una serie\u2026","rel":"","context":"En \u00abPOLITICA\u00bb","block_context":{"text":"POLITICA","link":"https:\/\/lasprimeras.com.do\/index.php\/category\/politica\/"},"img":{"alt_text":"","src":"https:\/\/i0.wp.com\/lasprimeras.com.do\/wp-content\/uploads\/2025\/07\/abel.jpg?resize=350%2C200&ssl=1","width":350,"height":200,"srcset":"https:\/\/i0.wp.com\/lasprimeras.com.do\/wp-content\/uploads\/2025\/07\/abel.jpg?resize=350%2C200&ssl=1 1x, https:\/\/i0.wp.com\/lasprimeras.com.do\/wp-content\/uploads\/2025\/07\/abel.jpg?resize=525%2C300&ssl=1 1.5x, https:\/\/i0.wp.com\/lasprimeras.com.do\/wp-content\/uploads\/2025\/07\/abel.jpg?resize=700%2C400&ssl=1 2x"},"classes":[]},{"id":54919,"url":"https:\/\/lasprimeras.com.do\/index.php\/2023\/07\/16\/abel-en-nagua-el-prm-gobernando-malo-ha-perdido-la-verguenza-y-en-el-2024-perdera-las-elecciones\/","url_meta":{"origin":61909,"position":3},"title":"Abel en Nagua: \u00abEl PRM, gobernando malo, ha perdido la verg\u00fcenza y en el 2024 perder\u00e1 las elecciones\u00bb","author":"Nelson Feliz","date":"16 de julio de 2023","format":false,"excerpt":"El candidato presidencial del Partido de la Liberaci\u00f3n Dominicana (PLD), Abel Mart\u00ednez, se solidariz\u00f3 con el pueblo dominicano, por el maltrato y el despojo que les ha hecho el Gobierno de los cangrejos. En Nagua, provincia Mar\u00eda Trinidad S\u00e1nchez, Abel Mart\u00ednez culp\u00f3 al Gobierno de la desgracia que atraviesan los\u2026","rel":"","context":"En \u00abPORTADA\u00bb","block_context":{"text":"PORTADA","link":"https:\/\/lasprimeras.com.do\/index.php\/category\/portada\/"},"img":{"alt_text":"Abel Martinez","src":"https:\/\/i0.wp.com\/lasprimeras.com.do\/wp-content\/uploads\/2023\/07\/Abel-Martinez-2.jpg?resize=350%2C200&ssl=1","width":350,"height":200,"srcset":"https:\/\/i0.wp.com\/lasprimeras.com.do\/wp-content\/uploads\/2023\/07\/Abel-Martinez-2.jpg?resize=350%2C200&ssl=1 1x, https:\/\/i0.wp.com\/lasprimeras.com.do\/wp-content\/uploads\/2023\/07\/Abel-Martinez-2.jpg?resize=525%2C300&ssl=1 1.5x, https:\/\/i0.wp.com\/lasprimeras.com.do\/wp-content\/uploads\/2023\/07\/Abel-Martinez-2.jpg?resize=700%2C400&ssl=1 2x"},"classes":[]},{"id":111300,"url":"https:\/\/lasprimeras.com.do\/index.php\/2025\/10\/07\/abel-martinez-un-gobierno-no-debe-medir-la-economia-por-porcentajes-sino-por-como-vive-su-gente\/","url_meta":{"origin":61909,"position":4},"title":"Abel Mart\u00ednez: \u201cUn gobierno no debe medir la econom\u00eda por porcentajes, sino por c\u00f3mo vive su gente\u201d","author":"Nelson Feliz","date":"7 de octubre de 2025","format":false,"excerpt":"El miembro del Comit\u00e9 Pol\u00edtico del Partido de la Liberaci\u00f3n Dominicana (PLD), Abel Mart\u00ednez, expres\u00f3 su preocupaci\u00f3n por la desconexi\u00f3n entre los indicadores macroecon\u00f3micos que exhibe el Gobierno y la realidad que vive la mayor\u00eda del pueblo dominicano. Mart\u00ednez afirm\u00f3 que, aunque se hable de estabilidad, crecimiento o reducci\u00f3n de\u2026","rel":"","context":"En \u00abPOLITICA\u00bb","block_context":{"text":"POLITICA","link":"https:\/\/lasprimeras.com.do\/index.php\/category\/politica\/"},"img":{"alt_text":"Abel Mart\u00ednez","src":"https:\/\/i0.wp.com\/lasprimeras.com.do\/wp-content\/uploads\/2025\/10\/Abel-Martinez-1.jpg?resize=350%2C200&ssl=1","width":350,"height":200,"srcset":"https:\/\/i0.wp.com\/lasprimeras.com.do\/wp-content\/uploads\/2025\/10\/Abel-Martinez-1.jpg?resize=350%2C200&ssl=1 1x, https:\/\/i0.wp.com\/lasprimeras.com.do\/wp-content\/uploads\/2025\/10\/Abel-Martinez-1.jpg?resize=525%2C300&ssl=1 1.5x, https:\/\/i0.wp.com\/lasprimeras.com.do\/wp-content\/uploads\/2025\/10\/Abel-Martinez-1.jpg?resize=700%2C400&ssl=1 2x"},"classes":[]},{"id":104644,"url":"https:\/\/lasprimeras.com.do\/index.php\/2025\/07\/25\/abel-martinez-asegura-que-la-mejor-coyuntura-para-el-regreso-del-pld-al-poder-es-ahora\/","url_meta":{"origin":61909,"position":5},"title":"Abel Mart\u00ednez asegura que la mejor coyuntura para el regreso del PLD al poder es ahora","author":"Nelson Feliz","date":"25 de julio de 2025","format":false,"excerpt":"El miembro del Comit\u00e9 Pol\u00edtico del PLD , Abel Mart\u00ednez, considera que, con el reencuentro en 2028 entre el PLD y el pueblo dominicano, se cerrar\u00e1 el paso de las actuales promesas incumplidas, regresando las soluciones reales a los problemas que enfrenta RD.,\u00abLa historia nos da una nueva oportunidad, y\u2026","rel":"","context":"En \u00abPOLITICA\u00bb","block_context":{"text":"POLITICA","link":"https:\/\/lasprimeras.com.do\/index.php\/category\/politica\/"},"img":{"alt_text":"","src":"https:\/\/i0.wp.com\/lasprimeras.com.do\/wp-content\/uploads\/2024\/09\/ABEL-MARTINEZ.jpg?resize=350%2C200&ssl=1","width":350,"height":200,"srcset":"https:\/\/i0.wp.com\/lasprimeras.com.do\/wp-content\/uploads\/2024\/09\/ABEL-MARTINEZ.jpg?resize=350%2C200&ssl=1 1x, https:\/\/i0.wp.com\/lasprimeras.com.do\/wp-content\/uploads\/2024\/09\/ABEL-MARTINEZ.jpg?resize=525%2C300&ssl=1 1.5x, https:\/\/i0.wp.com\/lasprimeras.com.do\/wp-content\/uploads\/2024\/09\/ABEL-MARTINEZ.jpg?resize=700%2C400&ssl=1 2x"},"classes":[]}],"jetpack_sharing_enabled":true,"_links":{"self":[{"href":"https:\/\/lasprimeras.com.do\/index.php\/wp-json\/wp\/v2\/posts\/61909","targetHints":{"allow":["GET"]}}],"collection":[{"href":"https:\/\/lasprimeras.com.do\/index.php\/wp-json\/wp\/v2\/posts"}],"about":[{"href":"https:\/\/lasprimeras.com.do\/index.php\/wp-json\/wp\/v2\/types\/post"}],"author":[{"embeddable":true,"href":"https:\/\/lasprimeras.com.do\/index.php\/wp-json\/wp\/v2\/users\/2"}],"replies":[{"embeddable":true,"href":"https:\/\/lasprimeras.com.do\/index.php\/wp-json\/wp\/v2\/comments?post=61909"}],"version-history":[{"count":1,"href":"https:\/\/lasprimeras.com.do\/index.php\/wp-json\/wp\/v2\/posts\/61909\/revisions"}],"predecessor-version":[{"id":61913,"href":"https:\/\/lasprimeras.com.do\/index.php\/wp-json\/wp\/v2\/posts\/61909\/revisions\/61913"}],"wp:featuredmedia":[{"embeddable":true,"href":"https:\/\/lasprimeras.com.do\/index.php\/wp-json\/wp\/v2\/media\/61910"}],"wp:attachment":[{"href":"https:\/\/lasprimeras.com.do\/index.php\/wp-json\/wp\/v2\/media?parent=61909"}],"wp:term":[{"taxonomy":"category","embeddable":true,"href":"https:\/\/lasprimeras.com.do\/index.php\/wp-json\/wp\/v2\/categories?post=61909"},{"taxonomy":"post_tag","embeddable":true,"href":"https:\/\/lasprimeras.com.do\/index.php\/wp-json\/wp\/v2\/tags?post=61909"}],"curies":[{"name":"wp","href":"https:\/\/api.w.org\/{rel}","templated":true}]}}