{"id":61918,"date":"2023-10-02T06:06:17","date_gmt":"2023-10-02T10:06:17","guid":{"rendered":"https:\/\/lasprimeras.com.do\/?p=61918"},"modified":"2023-10-02T06:06:18","modified_gmt":"2023-10-02T10:06:18","slug":"manana-hablamos-dice-manuel-jimenez-tras-quedar-en-ultimo-lugar-en-las-primarias-del-prm","status":"publish","type":"post","link":"https:\/\/lasprimeras.com.do\/index.php\/2023\/10\/02\/manana-hablamos-dice-manuel-jimenez-tras-quedar-en-ultimo-lugar-en-las-primarias-del-prm\/","title":{"rendered":"\u201c\u00a1Ma\u00f1ana hablamos!\u201d, dice Manuel Jim\u00e9nez tras quedar en \u00faltimo lugar en las primarias del PRM"},"content":{"rendered":"\n<p>Santo Domingo.-El actual alcalde y precandidato a la misma posici\u00f3n por el municipio de Santo Domingo Este, Manuel Jim\u00e9nez, dijo que este lunes reunir\u00e1 a su equipo y anunciar\u00e1 las elecciones que correspondan.<\/p>\n\n\n\n<p>\u201c\u00a1Ma\u00f1ana hablamos!\u201d, public\u00f3 el alcalde a trav\u00e9s de su cuenta de X (antes Twitter), a la par de agregar que \u201cEstamos observando, muy minuciosamente, los componentes del proceso de primarias del PRM en Santo Domingo Este. Ma\u00f1ana reuniremos nuestro equipo y anunciaremos las elecciones que correspondan\u201d.<\/p>\n\n\n\n<p>Esta es la reacci\u00f3n de Jim\u00e9nez, luego de quedar en el \u00faltimo lugar en las primarias del PRM, con el 18.62 % de los votos, tras ser computadas el 100% de las mesas.<\/p>\n\n\n\n<p>En primer lugar, se encuentra el pastor Dio Astacio, con un 35.36%, seguido de Ad\u00e1n Peguero, con el 23.24% y, el tercer puesto, lo tiene Bertico Santana 22.77%.<\/p>\n\n\n\n<p>La publicaci\u00f3n fue eliminada, despu\u00e9s de tener varios minutos en la red social.<\/p>\n\n\n\n<p><\/p>\n","protected":false},"excerpt":{"rendered":"<p>Santo Domingo.-El actual alcalde y precandidato a la misma posici\u00f3n por el municipio de Santo Domingo Este, Manuel Jim\u00e9nez, dijo que este lunes reunir\u00e1 a su equipo y anunciar\u00e1 las&hellip;<\/p>\n","protected":false},"author":3,"featured_media":61919,"comment_status":"open","ping_status":"open","sticky":false,"template":"","format":"standard","meta":{"content-type":"","jetpack_post_was_ever_published":false,"_jetpack_newsletter_access":"","_jetpack_dont_email_post_to_subs":false,"_jetpack_newsletter_tier_id":0,"_jetpack_memberships_contains_paywalled_content":false,"_jetpack_memberships_contains_paid_content":false,"footnotes":""},"categories":[25],"tags":[],"class_list":["post-61918","post","type-post","status-publish","format-standard","has-post-thumbnail","hentry","category-portada"],"jetpack_featured_media_url":"https:\/\/lasprimeras.com.do\/wp-content\/uploads\/2023\/10\/WhatsApp-Image-2023-09-28-at-11.50.30-PM-1-1.jpeg","jetpack-related-posts":[{"id":61950,"url":"https:\/\/lasprimeras.com.do\/index.php\/2023\/10\/02\/prm-castiga-a-manuel-jimenez-y-escoge-a-dio-astacio-para-alcaldia-de-santo-domingo-este\/","url_meta":{"origin":61918,"position":0},"title":"PRM castiga a Manuel Jim\u00e9nez y escoge a D\u00edo Astacio para alcald\u00eda de Santo Domingo Este","author":"BIMARY DE JES\u00daS Matos","date":"2 de octubre de 2023","format":false,"excerpt":"Santo Domingo.-Las elecciones internas del Partido Revolucionario Moderno (PRM), realizadas ayer en el territorio dominicano para elegir a los candidatos que intentar\u00e1n obtener las curules en los pr\u00f3ximos comicios de 2024, establecieron una diferencia ante las encuestas difundidas en los \u00faltimos d\u00edas. Entre los aspirantes electorales que desde antes de\u2026","rel":"","context":"En \u00abPORTADA\u00bb","block_context":{"text":"PORTADA","link":"https:\/\/lasprimeras.com.do\/index.php\/category\/portada\/"},"img":{"alt_text":"","src":"https:\/\/i0.wp.com\/lasprimeras.com.do\/wp-content\/uploads\/2023\/10\/WhatsApp-Image-2023-09-28-at-11.50.30-PM-1-6.jpeg?resize=350%2C200&ssl=1","width":350,"height":200,"srcset":"https:\/\/i0.wp.com\/lasprimeras.com.do\/wp-content\/uploads\/2023\/10\/WhatsApp-Image-2023-09-28-at-11.50.30-PM-1-6.jpeg?resize=350%2C200&ssl=1 1x, https:\/\/i0.wp.com\/lasprimeras.com.do\/wp-content\/uploads\/2023\/10\/WhatsApp-Image-2023-09-28-at-11.50.30-PM-1-6.jpeg?resize=525%2C300&ssl=1 1.5x, https:\/\/i0.wp.com\/lasprimeras.com.do\/wp-content\/uploads\/2023\/10\/WhatsApp-Image-2023-09-28-at-11.50.30-PM-1-6.jpeg?resize=700%2C400&ssl=1 2x"},"classes":[]},{"id":62010,"url":"https:\/\/lasprimeras.com.do\/index.php\/2023\/10\/02\/jhonatan-liriano-sobre-derrota-de-manuel-jimenez-en-altos-niveles-decidieron-que-no-va\/","url_meta":{"origin":61918,"position":1},"title":"Jhonatan Liriano sobre derrota de Manuel Jim\u00e9nez: \u201cEn altos niveles decidieron que no va\u201d","author":"Nelson Feliz","date":"2 de octubre de 2023","format":false,"excerpt":"El alcalde Manuel Jim\u00e9nez qued\u00f3 en \u00faltimo lugar en los votos para la alcad\u00eda de SDE en las primarias del PRM celebradas ayer. El director de comunicaciones de la alcald\u00eda de Santo Domingo Este, Jhonatan Liriano, expuso las razones que, a su parecer, provocaron la derrota de Manuel Jim\u00e9nez como\u2026","rel":"","context":"En \u00abPORTADA\u00bb","block_context":{"text":"PORTADA","link":"https:\/\/lasprimeras.com.do\/index.php\/category\/portada\/"},"img":{"alt_text":"Manuel Jim\u00e9nez","src":"https:\/\/i0.wp.com\/lasprimeras.com.do\/wp-content\/uploads\/2023\/10\/Manuel-Jimenez-3.jpg?resize=350%2C200&ssl=1","width":350,"height":200,"srcset":"https:\/\/i0.wp.com\/lasprimeras.com.do\/wp-content\/uploads\/2023\/10\/Manuel-Jimenez-3.jpg?resize=350%2C200&ssl=1 1x, https:\/\/i0.wp.com\/lasprimeras.com.do\/wp-content\/uploads\/2023\/10\/Manuel-Jimenez-3.jpg?resize=525%2C300&ssl=1 1.5x"},"classes":[]},{"id":61892,"url":"https:\/\/lasprimeras.com.do\/index.php\/2023\/10\/01\/dio-astacio-toma-delantera-de-votos-en-sde-y-manuel-jimenez-esta-en-el-ultimo-lugar\/","url_meta":{"origin":61918,"position":2},"title":"Dio Astacio toma delantera de votos en SDE y Manuel Jim\u00e9nez est\u00e1 en el \u00faltimo lugar","author":"Nelson Feliz","date":"1 de octubre de 2023","format":false,"excerpt":"Astacio busca ser el candidato a la alcald\u00eda del partido oficialista en SDE tras el pasado mes de marzo renunciar al cargo como titular del Consejo de Gesti\u00f3n Presidencial. El coordinador general del Gabinete de la Familia del Poder Ejecutivo, el pastor Dio Astacio, tom\u00f3 la delantera de los votos\u2026","rel":"","context":"En \u00abPORTADA\u00bb","block_context":{"text":"PORTADA","link":"https:\/\/lasprimeras.com.do\/index.php\/category\/portada\/"},"img":{"alt_text":"Dio Astacio","src":"https:\/\/i0.wp.com\/lasprimeras.com.do\/wp-content\/uploads\/2023\/10\/Dio-Astacio.jpeg?resize=350%2C200&ssl=1","width":350,"height":200,"srcset":"https:\/\/i0.wp.com\/lasprimeras.com.do\/wp-content\/uploads\/2023\/10\/Dio-Astacio.jpeg?resize=350%2C200&ssl=1 1x, https:\/\/i0.wp.com\/lasprimeras.com.do\/wp-content\/uploads\/2023\/10\/Dio-Astacio.jpeg?resize=525%2C300&ssl=1 1.5x, https:\/\/i0.wp.com\/lasprimeras.com.do\/wp-content\/uploads\/2023\/10\/Dio-Astacio.jpeg?resize=700%2C400&ssl=1 2x"},"classes":[]},{"id":103652,"url":"https:\/\/lasprimeras.com.do\/index.php\/2025\/07\/17\/manuel-jimenez-exhorta-a-diputados-aprobar-ley-que-asigna-nombre-la-trinitaria-a-santo-domingo-este\/","url_meta":{"origin":61918,"position":3},"title":"Manuel Jim\u00e9nez exhorta a diputados aprobar Ley que asigna nombre &#8220;La Trinitaria&#8221; a Santo Domingo Este","author":"Nelson Feliz","date":"17 de julio de 2025","format":false,"excerpt":"El dirigente pol\u00edtico del Partido Revolucionario Moderno (PRM) Manuel Jim\u00e9nez, exhort\u00f3 a la C\u00e1mara de Diputados a avanzar en la discusi\u00f3n del proyecto que asigna el nombre de La Trinitaria al municipio Santo Domingo Este. El ex alcalde record\u00f3 que cientos de dirigentes comunitarios, pol\u00edticos y empresarios han celebrado vistas\u2026","rel":"","context":"En \u00abNACIONALES\u00bb","block_context":{"text":"NACIONALES","link":"https:\/\/lasprimeras.com.do\/index.php\/category\/nacionales\/"},"img":{"alt_text":"Manuel Jim\u00e9nez","src":"https:\/\/i0.wp.com\/lasprimeras.com.do\/wp-content\/uploads\/2025\/07\/Manuel-Jimenez-1.jpg?resize=350%2C200&ssl=1","width":350,"height":200,"srcset":"https:\/\/i0.wp.com\/lasprimeras.com.do\/wp-content\/uploads\/2025\/07\/Manuel-Jimenez-1.jpg?resize=350%2C200&ssl=1 1x, https:\/\/i0.wp.com\/lasprimeras.com.do\/wp-content\/uploads\/2025\/07\/Manuel-Jimenez-1.jpg?resize=525%2C300&ssl=1 1.5x, https:\/\/i0.wp.com\/lasprimeras.com.do\/wp-content\/uploads\/2025\/07\/Manuel-Jimenez-1.jpg?resize=700%2C400&ssl=1 2x"},"classes":[]},{"id":54847,"url":"https:\/\/lasprimeras.com.do\/index.php\/2023\/07\/15\/manuel-jimenez-garantiza-triunfo-del-prm-en-santo-domingo-este\/","url_meta":{"origin":61918,"position":4},"title":"Manuel Jim\u00e9nez garantiza triunfo del PRM en Santo Domingo Este","author":"Nelson Feliz","date":"15 de julio de 2023","format":false,"excerpt":"JIM\u00c9NEZ INSTRUY\u00d3 A SUS EQUIPOS PARA QUE GANEN Y SUMEN, COMO GARANT\u00cdA DEL TRIUNFO OFICIALISTA EN 2024 Por Martin Restituyo En un multitudinario acto celebrado en el polideportivo de Invivienda, el alcalde Manuel Jim\u00e9nez jurament\u00f3 este s\u00e1bado los equipos pol\u00edticos con los que busca ganar las elecciones primarias del Partido\u2026","rel":"","context":"En \u00abPORTADA\u00bb","block_context":{"text":"PORTADA","link":"https:\/\/lasprimeras.com.do\/index.php\/category\/portada\/"},"img":{"alt_text":"Manuel Jimenez","src":"https:\/\/i0.wp.com\/lasprimeras.com.do\/wp-content\/uploads\/2023\/07\/Manuel-Jimenez-6.jpg?resize=350%2C200&ssl=1","width":350,"height":200,"srcset":"https:\/\/i0.wp.com\/lasprimeras.com.do\/wp-content\/uploads\/2023\/07\/Manuel-Jimenez-6.jpg?resize=350%2C200&ssl=1 1x, https:\/\/i0.wp.com\/lasprimeras.com.do\/wp-content\/uploads\/2023\/07\/Manuel-Jimenez-6.jpg?resize=525%2C300&ssl=1 1.5x, https:\/\/i0.wp.com\/lasprimeras.com.do\/wp-content\/uploads\/2023\/07\/Manuel-Jimenez-6.jpg?resize=700%2C400&ssl=1 2x"},"classes":[]},{"id":120697,"url":"https:\/\/lasprimeras.com.do\/index.php\/2026\/01\/27\/manuel-jimenez-recomienda-funcionarios-y-politicos-tengan-a-duarte-como-guia\/","url_meta":{"origin":61918,"position":5},"title":"Manuel Jim\u00e9nez recomienda funcionarios y pol\u00edticos tengan a Duarte como gu\u00eda","author":"Nelson Feliz","date":"27 de enero de 2026","format":false,"excerpt":"El dirigente pol\u00edtico asegur\u00f3 que Duarte es el ejemplo de eficiencia y honestidad que todo gobierno necesita segu\u00edr. En el marco de un acto conmemorativo de los 213 a\u00f1os del natalicio de Juan Pablo Duarte, el dirigente pol\u00edtico y gestor cultural Manuel Jim\u00e9nez exhort\u00f3 a todos los servidores p\u00fablicos del\u2026","rel":"","context":"En \u00abNACIONALES\u00bb","block_context":{"text":"NACIONALES","link":"https:\/\/lasprimeras.com.do\/index.php\/category\/nacionales\/"},"img":{"alt_text":"","src":"https:\/\/i0.wp.com\/lasprimeras.com.do\/wp-content\/uploads\/2026\/01\/IMG-20260126-WA0727.jpg?resize=350%2C200&ssl=1","width":350,"height":200,"srcset":"https:\/\/i0.wp.com\/lasprimeras.com.do\/wp-content\/uploads\/2026\/01\/IMG-20260126-WA0727.jpg?resize=350%2C200&ssl=1 1x, https:\/\/i0.wp.com\/lasprimeras.com.do\/wp-content\/uploads\/2026\/01\/IMG-20260126-WA0727.jpg?resize=525%2C300&ssl=1 1.5x, https:\/\/i0.wp.com\/lasprimeras.com.do\/wp-content\/uploads\/2026\/01\/IMG-20260126-WA0727.jpg?resize=700%2C400&ssl=1 2x, https:\/\/i0.wp.com\/lasprimeras.com.do\/wp-content\/uploads\/2026\/01\/IMG-20260126-WA0727.jpg?resize=1050%2C600&ssl=1 3x, https:\/\/i0.wp.com\/lasprimeras.com.do\/wp-content\/uploads\/2026\/01\/IMG-20260126-WA0727.jpg?resize=1400%2C800&ssl=1 4x"},"classes":[]}],"jetpack_sharing_enabled":true,"_links":{"self":[{"href":"https:\/\/lasprimeras.com.do\/index.php\/wp-json\/wp\/v2\/posts\/61918","targetHints":{"allow":["GET"]}}],"collection":[{"href":"https:\/\/lasprimeras.com.do\/index.php\/wp-json\/wp\/v2\/posts"}],"about":[{"href":"https:\/\/lasprimeras.com.do\/index.php\/wp-json\/wp\/v2\/types\/post"}],"author":[{"embeddable":true,"href":"https:\/\/lasprimeras.com.do\/index.php\/wp-json\/wp\/v2\/users\/3"}],"replies":[{"embeddable":true,"href":"https:\/\/lasprimeras.com.do\/index.php\/wp-json\/wp\/v2\/comments?post=61918"}],"version-history":[{"count":1,"href":"https:\/\/lasprimeras.com.do\/index.php\/wp-json\/wp\/v2\/posts\/61918\/revisions"}],"predecessor-version":[{"id":61920,"href":"https:\/\/lasprimeras.com.do\/index.php\/wp-json\/wp\/v2\/posts\/61918\/revisions\/61920"}],"wp:featuredmedia":[{"embeddable":true,"href":"https:\/\/lasprimeras.com.do\/index.php\/wp-json\/wp\/v2\/media\/61919"}],"wp:attachment":[{"href":"https:\/\/lasprimeras.com.do\/index.php\/wp-json\/wp\/v2\/media?parent=61918"}],"wp:term":[{"taxonomy":"category","embeddable":true,"href":"https:\/\/lasprimeras.com.do\/index.php\/wp-json\/wp\/v2\/categories?post=61918"},{"taxonomy":"post_tag","embeddable":true,"href":"https:\/\/lasprimeras.com.do\/index.php\/wp-json\/wp\/v2\/tags?post=61918"}],"curies":[{"name":"wp","href":"https:\/\/api.w.org\/{rel}","templated":true}]}}