{"id":61921,"date":"2023-10-02T06:09:35","date_gmt":"2023-10-02T10:09:35","guid":{"rendered":"https:\/\/lasprimeras.com.do\/?p=61921"},"modified":"2023-10-02T06:09:36","modified_gmt":"2023-10-02T10:09:36","slug":"abinader-gana-ampliamente-y-tiende-la-mano-a-guido-alburquerque-y-a-delia-josefina","status":"publish","type":"post","link":"https:\/\/lasprimeras.com.do\/index.php\/2023\/10\/02\/abinader-gana-ampliamente-y-tiende-la-mano-a-guido-alburquerque-y-a-delia-josefina\/","title":{"rendered":"Abinader gana ampliamente y tiende la mano a Guido, Alburquerque y a Delia Josefina"},"content":{"rendered":"\n<p>Santo Domingo.-Luego que se proclamara su victoria como candidato presidencial del Partido Revolucionario Moderno (PRM), el presidente Luis Abinader agradeci\u00f3 a todos los precandidatos que participaron en estas primarias internas, en especial a los tres miembros de ese partido que compet\u00edan por la misma posici\u00f3n que \u00e9l.<\/p>\n\n\n\n<p>En un discurso, efectuado pasadas las 8:00 de la noche del domingo, el mandatario invit\u00f3 a Guido G\u00f3mez Mazara, Rafael Alburquerque y Delia Josefina Ortiz a participar con sus ideas y liderazgos &#8220;en el cambio&#8221;.<\/p>\n\n\n\n<p>\u201cQuiero de esta manera tambi\u00e9n felicitar a todos los precandidatos que participaron, desde precandidatos a regidores, directores de distritos, alcaldes y los precandidatos presidenciales, que quiero un aplauso a los tres candidatos presidenciales que participaron. Al doctor Guido G\u00f3mez, al ingeniero Alburquerque y a la doctora Ortiz, a ellos tres este es su partido y est\u00e1n siempre invitados a participar con nosotros, con sus ideas, con sus liderazgos, a participar con nosotros, con el cambio con que estamos comprometidos en nuestro pa\u00eds\u201d, dijo desde la casa nacional de esa organizaci\u00f3n pol\u00edtica donde diversos dirigentes y funcionarios de su gobierno se dieron cita para celebrar su victoria.<\/p>\n\n\n\n<p>Abinader, quien tambi\u00e9n ha salido victorioso en las primarias que celebr\u00f3 ese partido en 2015 y 2019, indic\u00f3 que acepta \u201ccon humildad\u201d esta nueva oportunidad de ser candidato presidencial.<\/p>\n\n\n\n<p>\u201cJuntos, seguiremos trabajando incansablemente para seguir construyendo una naci\u00f3n de la cual todos podamos estar orgullosos, una naci\u00f3n que encarne los principios de integridad, esfuerzo y desarrollo\u201d, expres\u00f3.<\/p>\n\n\n\n<p>El mandatario, que opta de manera formal por un segundo periodo de gobierno, sali\u00f3 victorioso con un 90.82% de los votos computados.<\/p>\n\n\n\n<p>La segunda posici\u00f3n con mayor cantidad de votos la obtuvo Guido G\u00f3mez Mazara con 5.55% de los votos; Ram\u00f3n Alburqurque obtuvo un 2.20% y Delia Josefina Ortiz 1.43%.<\/p>\n\n\n\n<p>Hoy es un d\u00eda importante en la historia de nuestro gran Partido Revolucionario Moderno. Estamos celebrando mucho m\u00e1s que una victoria. Festejamos la democracia.<\/p>\n\n\n\n<p>Este partido naci\u00f3 con la noble misi\u00f3n de ser faro y guardi\u00e1n de nuestras instituciones democr\u00e1ticas. Hoy lo hemos cumplido dando una demostraci\u00f3n ejemplar de madurez institucional y c\u00edvica.<\/p>\n\n\n\n<p>Miles de ciudadanos comprometidos, con un profundo sentido c\u00edvico, han decidido con su voto qui\u00e9nes seremos sus representantes en las pr\u00f3ximas elecciones. La victoria que celebramos hoy no es solo un triunfo para nuestro partido; tambi\u00e9n lo es para el proceso de cambio que est\u00e1 transformando nuestra naci\u00f3n.<\/p>\n\n\n\n<p>Con humildad, acepto esta nueva oportunidad de ser su candidato presidencial. Somos la \u00fanica organizaci\u00f3n que ha optado por realizar primarias para seleccionar a sus candidatos, poniendo el poder directamente en manos de nuestross militantes.<\/p>\n\n\n\n<p>Quiero expresar esta noche mi m\u00e1s sincera felicitaci\u00f3n a las autoridades del partido, a nuestros dedicados dirigentes y a todos los militantes por el comportamiento ejemplar que mostraron hoy.<\/p>\n\n\n\n<p>La pol\u00edtica partidaria en nuestro pa\u00eds tambi\u00e9n est\u00e1 cambiando; y el Partido Revolucionario Moderno est\u00e1 liderando este cambio. Invito a toda la poblaci\u00f3n dominicana a unirse a nosotros en este camino. Encarnamos la honestidad que se siente, el trabajo que se ve y el cambio que se vive.<\/p>\n\n\n\n<p>Pueblo dominicanos, nuestro partido no es solo una organizaci\u00f3n pol\u00edtica. El PRM es un s\u00edmbolo del compromiso con un futuro m\u00e1s brillante, un futuro en el que la democracia florezca y la voz del pueblo sea escuchada siempre. Juntos, seguiremos trabajando incansablemente para seguir construyendo una naci\u00f3n de la cual todos podamos estar orgullosos, una naci\u00f3n que encarne los principios de integridad, esfuerzo y desarrollo.<\/p>\n\n\n\n<p>Gracias, y sigamos avanzando, unidos y decididos en nuestro compromiso con una mejor Rep\u00fablica Dominicana.<\/p>\n\n\n\n<p>\u00a1Que Dios los bendiga y proteja al pueblo dominicano!&#8221;<\/p>\n","protected":false},"excerpt":{"rendered":"<p>Santo Domingo.-Luego que se proclamara su victoria como candidato presidencial del Partido Revolucionario Moderno (PRM), el presidente Luis Abinader agradeci\u00f3 a todos los precandidatos que participaron en estas primarias internas,&hellip;<\/p>\n","protected":false},"author":3,"featured_media":61922,"comment_status":"open","ping_status":"open","sticky":false,"template":"","format":"standard","meta":{"content-type":"","jetpack_post_was_ever_published":false,"_jetpack_newsletter_access":"","_jetpack_dont_email_post_to_subs":false,"_jetpack_newsletter_tier_id":0,"_jetpack_memberships_contains_paywalled_content":false,"_jetpack_memberships_contains_paid_content":false,"footnotes":""},"categories":[1],"tags":[],"class_list":["post-61921","post","type-post","status-publish","format-standard","has-post-thumbnail","hentry","category-sin-categoria"],"jetpack_featured_media_url":"https:\/\/lasprimeras.com.do\/wp-content\/uploads\/2023\/10\/WhatsApp-Image-2023-09-28-at-11.50.30-PM-1-2.jpeg","jetpack-related-posts":[{"id":62261,"url":"https:\/\/lasprimeras.com.do\/index.php\/2023\/10\/04\/luis-abinader-destaca-madurez-y-liderazgo-precandidatos-del-prm\/","url_meta":{"origin":61921,"position":0},"title":"Luis Abinader destaca madurez y liderazgo precandidatos del PRM","author":"BIMARY DE JES\u00daS Matos","date":"4 de octubre de 2023","format":false,"excerpt":"SANTO DOMINGO.- El presidente Luis Abinader destac\u00f3 este martes la madurez y el liderazgo que demostraron los precandidatos a la presidencia de la Rep\u00fablica Dominicana Guido G\u00f3mez Mazara, Ram\u00f3n Alburquerque y Delia Josefina Ortiz en las reci\u00e9n celebradas primarias del gubernamental Partido Revolucionario Moderno (PRD). Asimismo, asegur\u00f3 que \u00abtodos los\u2026","rel":"","context":"En \u00abSin categor\u00eda\u00bb","block_context":{"text":"Sin categor\u00eda","link":"https:\/\/lasprimeras.com.do\/index.php\/category\/sin-categoria\/"},"img":{"alt_text":"","src":"https:\/\/i0.wp.com\/lasprimeras.com.do\/wp-content\/uploads\/2023\/10\/WhatsApp-Image-2023-10-03-at-10.20.05-AM-1.jpeg?resize=350%2C200&ssl=1","width":350,"height":200,"srcset":"https:\/\/i0.wp.com\/lasprimeras.com.do\/wp-content\/uploads\/2023\/10\/WhatsApp-Image-2023-10-03-at-10.20.05-AM-1.jpeg?resize=350%2C200&ssl=1 1x, https:\/\/i0.wp.com\/lasprimeras.com.do\/wp-content\/uploads\/2023\/10\/WhatsApp-Image-2023-10-03-at-10.20.05-AM-1.jpeg?resize=525%2C300&ssl=1 1.5x, https:\/\/i0.wp.com\/lasprimeras.com.do\/wp-content\/uploads\/2023\/10\/WhatsApp-Image-2023-10-03-at-10.20.05-AM-1.jpeg?resize=700%2C400&ssl=1 2x"},"classes":[]},{"id":59883,"url":"https:\/\/lasprimeras.com.do\/index.php\/2023\/09\/08\/jce-socializa-con-miembros-del-prm-aspectos-para-el-montaje-de-sus-primarias\/","url_meta":{"origin":61921,"position":1},"title":"JCE socializa con miembros del PRM aspectos para el montaje de sus primarias","author":"Nelson Feliz","date":"8 de septiembre de 2023","format":false,"excerpt":"Presentes en la reuni\u00f3n representantes de los precandidatos y el delegado de la Comisi\u00f3n Electoral. Los directores de Elecciones, Inform\u00e1tica y Partidos Pol\u00edticos de la Junta Central Electoral (JCE) se reunieron con el delegado t\u00e9cnico de la Comisi\u00f3n Electoral del Partido Revolucionario Moderno y con los representantes de los precandidatos\u2026","rel":"","context":"En \u00abPORTADA\u00bb","block_context":{"text":"PORTADA","link":"https:\/\/lasprimeras.com.do\/index.php\/category\/portada\/"},"img":{"alt_text":"PRM","src":"https:\/\/i0.wp.com\/lasprimeras.com.do\/wp-content\/uploads\/2023\/09\/PRM-2.jpeg?resize=350%2C200&ssl=1","width":350,"height":200,"srcset":"https:\/\/i0.wp.com\/lasprimeras.com.do\/wp-content\/uploads\/2023\/09\/PRM-2.jpeg?resize=350%2C200&ssl=1 1x, https:\/\/i0.wp.com\/lasprimeras.com.do\/wp-content\/uploads\/2023\/09\/PRM-2.jpeg?resize=525%2C300&ssl=1 1.5x, https:\/\/i0.wp.com\/lasprimeras.com.do\/wp-content\/uploads\/2023\/09\/PRM-2.jpeg?resize=700%2C400&ssl=1 2x, https:\/\/i0.wp.com\/lasprimeras.com.do\/wp-content\/uploads\/2023\/09\/PRM-2.jpeg?resize=1050%2C600&ssl=1 3x"},"classes":[]},{"id":59968,"url":"https:\/\/lasprimeras.com.do\/index.php\/2023\/09\/09\/jce-entrego-calendario-al-prm-para-celebracion-de-sus-primarias\/","url_meta":{"origin":61921,"position":2},"title":"JCE entreg\u00f3 calendario al PRM para celebraci\u00f3n de sus primarias","author":"Nelson Feliz","date":"9 de septiembre de 2023","format":false,"excerpt":"La Junta Central Electoral (JCE) entreg\u00f3 a la Comisi\u00f3n Electoral del Partido Revolucionario Moderno (PRM) y a los representantes de los candidatos y candidatas presidenciales de esta organizaci\u00f3n pol\u00edtica, el calendario de actividades administrativas para la celebraci\u00f3n de la primaria que llevar\u00e1n a cabo en octubre. El delegado de la\u2026","rel":"","context":"En \u00abPORTADA\u00bb","block_context":{"text":"PORTADA","link":"https:\/\/lasprimeras.com.do\/index.php\/category\/portada\/"},"img":{"alt_text":"JCE","src":"https:\/\/i0.wp.com\/lasprimeras.com.do\/wp-content\/uploads\/2023\/07\/JCE.jpg?resize=350%2C200&ssl=1","width":350,"height":200,"srcset":"https:\/\/i0.wp.com\/lasprimeras.com.do\/wp-content\/uploads\/2023\/07\/JCE.jpg?resize=350%2C200&ssl=1 1x, https:\/\/i0.wp.com\/lasprimeras.com.do\/wp-content\/uploads\/2023\/07\/JCE.jpg?resize=525%2C300&ssl=1 1.5x, https:\/\/i0.wp.com\/lasprimeras.com.do\/wp-content\/uploads\/2023\/07\/JCE.jpg?resize=700%2C400&ssl=1 2x"},"classes":[]},{"id":62043,"url":"https:\/\/lasprimeras.com.do\/index.php\/2023\/10\/02\/primarias-del-prm-movilizaron-mas-de-un-millon-de-votantes\/","url_meta":{"origin":61921,"position":3},"title":"Primarias del PRM movilizaron m\u00e1s de un mill\u00f3n de votantes","author":"BIMARY DE JES\u00daS Matos","date":"2 de octubre de 2023","format":false,"excerpt":"Santo Domingo.-Las primarias del Partido Revolucionario Moderno (PRM) movilizaron a las urnas a 1,026,047 militantes para votar en un 90.79 % por el presidente Luis Abinader, allanando as\u00ed el camino a su repostulaci\u00f3n. Del total de votos, 968,639 son v\u00e1lidos y 57,408 fueron declarados nulos; 41,961 por ser dejados en\u2026","rel":"","context":"En \u00abNACIONALES\u00bb","block_context":{"text":"NACIONALES","link":"https:\/\/lasprimeras.com.do\/index.php\/category\/nacionales\/"},"img":{"alt_text":"","src":"https:\/\/i0.wp.com\/lasprimeras.com.do\/wp-content\/uploads\/2023\/10\/WhatsApp-Image-2023-09-28-at-11.50.30-PM-1-1-3.jpeg?resize=350%2C200&ssl=1","width":350,"height":200,"srcset":"https:\/\/i0.wp.com\/lasprimeras.com.do\/wp-content\/uploads\/2023\/10\/WhatsApp-Image-2023-09-28-at-11.50.30-PM-1-1-3.jpeg?resize=350%2C200&ssl=1 1x, https:\/\/i0.wp.com\/lasprimeras.com.do\/wp-content\/uploads\/2023\/10\/WhatsApp-Image-2023-09-28-at-11.50.30-PM-1-1-3.jpeg?resize=525%2C300&ssl=1 1.5x, https:\/\/i0.wp.com\/lasprimeras.com.do\/wp-content\/uploads\/2023\/10\/WhatsApp-Image-2023-09-28-at-11.50.30-PM-1-1-3.jpeg?resize=700%2C400&ssl=1 2x"},"classes":[]},{"id":57986,"url":"https:\/\/lasprimeras.com.do\/index.php\/2023\/08\/18\/inscriben-candidatura-presidencial-de-luis-abinader\/","url_meta":{"origin":61921,"position":4},"title":"Inscriben candidatura presidencial de Luis Abinader","author":"Nelson Feliz","date":"18 de agosto de 2023","format":false,"excerpt":"El presidente Luis Abinader fue inscrito como precandidato por el Partido Revolucionario Moderno (PRM) con miras a un segundo mandato. Abinader no acudi\u00f3 personalmente a la sede del PRM a formalizar el tr\u00e1mite, que hizo en su lugar la directora de \u00c9tica Gubernamental, Milagros Ortiz Bosch, a quien el jefe\u2026","rel":"","context":"En \u00abPORTADA\u00bb","block_context":{"text":"PORTADA","link":"https:\/\/lasprimeras.com.do\/index.php\/category\/portada\/"},"img":{"alt_text":"","src":"","width":0,"height":0},"classes":[]},{"id":62037,"url":"https:\/\/lasprimeras.com.do\/index.php\/2023\/10\/02\/de-alburquerque-a-luis-abinader-felicitaciones-senor-presidente-marcharemos-junto-a-usted\/","url_meta":{"origin":61921,"position":5},"title":"De Alburquerque a Luis Abinader: &#8220;Felicitaciones se\u00f1or presidente, marcharemos junto a usted&#8221;","author":"BIMARY DE JES\u00daS Matos","date":"2 de octubre de 2023","format":false,"excerpt":"Santo Domingo.-Pese a las irregularidades que denunci\u00f3 en las primarias del Partido Revolucionario Moderno (PRM), el ex precandidato presidencial Ram\u00f3n Alburquerque felicit\u00f3 a Luis Abinader a quien expres\u00f3 se le unir\u00e1 a la campa\u00f1a para que gane la reelecci\u00f3n en las elecciones del 2024. \"Felicitaciones se\u00f1or presidente, marcharemos junto a\u2026","rel":"","context":"En \u00abPORTADA\u00bb","block_context":{"text":"PORTADA","link":"https:\/\/lasprimeras.com.do\/index.php\/category\/portada\/"},"img":{"alt_text":"","src":"https:\/\/i0.wp.com\/lasprimeras.com.do\/wp-content\/uploads\/2023\/10\/WhatsApp-Image-2023-09-28-at-11.50.30-PM-1-1-1.jpeg?resize=350%2C200&ssl=1","width":350,"height":200,"srcset":"https:\/\/i0.wp.com\/lasprimeras.com.do\/wp-content\/uploads\/2023\/10\/WhatsApp-Image-2023-09-28-at-11.50.30-PM-1-1-1.jpeg?resize=350%2C200&ssl=1 1x, https:\/\/i0.wp.com\/lasprimeras.com.do\/wp-content\/uploads\/2023\/10\/WhatsApp-Image-2023-09-28-at-11.50.30-PM-1-1-1.jpeg?resize=525%2C300&ssl=1 1.5x, https:\/\/i0.wp.com\/lasprimeras.com.do\/wp-content\/uploads\/2023\/10\/WhatsApp-Image-2023-09-28-at-11.50.30-PM-1-1-1.jpeg?resize=700%2C400&ssl=1 2x, https:\/\/i0.wp.com\/lasprimeras.com.do\/wp-content\/uploads\/2023\/10\/WhatsApp-Image-2023-09-28-at-11.50.30-PM-1-1-1.jpeg?resize=1050%2C600&ssl=1 3x"},"classes":[]}],"jetpack_sharing_enabled":true,"_links":{"self":[{"href":"https:\/\/lasprimeras.com.do\/index.php\/wp-json\/wp\/v2\/posts\/61921","targetHints":{"allow":["GET"]}}],"collection":[{"href":"https:\/\/lasprimeras.com.do\/index.php\/wp-json\/wp\/v2\/posts"}],"about":[{"href":"https:\/\/lasprimeras.com.do\/index.php\/wp-json\/wp\/v2\/types\/post"}],"author":[{"embeddable":true,"href":"https:\/\/lasprimeras.com.do\/index.php\/wp-json\/wp\/v2\/users\/3"}],"replies":[{"embeddable":true,"href":"https:\/\/lasprimeras.com.do\/index.php\/wp-json\/wp\/v2\/comments?post=61921"}],"version-history":[{"count":1,"href":"https:\/\/lasprimeras.com.do\/index.php\/wp-json\/wp\/v2\/posts\/61921\/revisions"}],"predecessor-version":[{"id":61923,"href":"https:\/\/lasprimeras.com.do\/index.php\/wp-json\/wp\/v2\/posts\/61921\/revisions\/61923"}],"wp:featuredmedia":[{"embeddable":true,"href":"https:\/\/lasprimeras.com.do\/index.php\/wp-json\/wp\/v2\/media\/61922"}],"wp:attachment":[{"href":"https:\/\/lasprimeras.com.do\/index.php\/wp-json\/wp\/v2\/media?parent=61921"}],"wp:term":[{"taxonomy":"category","embeddable":true,"href":"https:\/\/lasprimeras.com.do\/index.php\/wp-json\/wp\/v2\/categories?post=61921"},{"taxonomy":"post_tag","embeddable":true,"href":"https:\/\/lasprimeras.com.do\/index.php\/wp-json\/wp\/v2\/tags?post=61921"}],"curies":[{"name":"wp","href":"https:\/\/api.w.org\/{rel}","templated":true}]}}