{"id":61929,"date":"2023-10-02T06:23:56","date_gmt":"2023-10-02T10:23:56","guid":{"rendered":"https:\/\/lasprimeras.com.do\/?p=61929"},"modified":"2023-10-02T06:23:58","modified_gmt":"2023-10-02T10:23:58","slug":"pacientes-febriles-continua-abarrotando-hospitales","status":"publish","type":"post","link":"https:\/\/lasprimeras.com.do\/index.php\/2023\/10\/02\/pacientes-febriles-continua-abarrotando-hospitales\/","title":{"rendered":"Pacientes febriles contin\u00faa abarrotando hospitales"},"content":{"rendered":"\n<p>Santo Domingo.-En los \u00faltimos meses los hospitales y cl\u00ednicas del pa\u00eds se han visto abarrotados de pacientes en emergencias y ocupando las salas de internamiento, por presentar s\u00edntomas febriles probable dengue afectando, sobre todo, a la poblaci\u00f3n infantil.<\/p>\n\n\n\n<p>Ayer en toda la red hospitalaria que maneja el Servicio Nacional de Salud (SNS) se encontraban ingresados 287 personas por dengue en 15 centros de salud.<\/p>\n\n\n\n<p>Seg\u00fan los datos, el de mayor internamiento era el Hospital Pedi\u00e1trico Hugo Mendoza con 71, seguido del Infantil Robert Reid Cabral, que contaba con 67 pacientes; Materno Infantil San Lorenzo de Los Mina ten\u00eda 25 y 23 en el Regional Jaime Mota, en Barahona.<\/p>\n\n\n\n<p>En San Crist\u00f3bal, el Hospital Regional Juan Pablo Pina registraba este domingo 20 internamientos por la afecci\u00f3n provocada por la picadura del mosquito Aedes aegypti, el hospital de Boca China ten\u00eda 16, el de la Ciudad Juan Bosch 15 pacientes, adem\u00e1s con un total de 13 los hospitales Marcelino V\u00e9lez Santana y Arturo Grull\u00f3n (Santiago).<br>En menor medida, se encontraban desde 11 y hasta un paciente, los hospitales Jacinto Ma\u00f1\u00f3n, Almirante, F\u00e9lix Mar\u00eda Goico, Rodolfo de la Cruz Lora, Antonio C\u00e9spedes y Pablo Paulino.<\/p>\n\n\n\n<p>La directora del Hospital Pedi\u00e1trico Hugo Mendoza, Dhamelisse Then Vanderhorst, dijo que en lo que va de a\u00f1o han tenido un total de 1,265 pacientes con s\u00edndromes febriles, de los cuales el 55 % han sido confirmados como dengue, mientras el restante correspond\u00eda a neumon\u00eda, bronquiolitis, influenza, sepsis y otros procesos infecciosos.<\/p>\n\n\n\n<p>\u201cA medida que van pasando los d\u00edas, estamos viendo un incremento de los procesos respiratorios\u201d, manifest\u00f3, al destacar que estos problemas son la principal causa de consulta del hospital que dirige y que esperan haya un aumento debido a la influenza estacional y el virus sincitial respiratorio.<\/p>\n\n\n\n<p>Para contrarrestar la influenza que se contagia v\u00eda a\u00e9rea, ya el pa\u00eds cuenta con 470 mil dosis, las cuales est\u00e1n disponibles en los diferentes puestos de vacunaci\u00f3n distribuidos al nivel nacional.<\/p>\n","protected":false},"excerpt":{"rendered":"<p>Santo Domingo.-En los \u00faltimos meses los hospitales y cl\u00ednicas del pa\u00eds se han visto abarrotados de pacientes en emergencias y ocupando las salas de internamiento, por presentar s\u00edntomas febriles probable&hellip;<\/p>\n","protected":false},"author":3,"featured_media":61930,"comment_status":"open","ping_status":"open","sticky":false,"template":"","format":"standard","meta":{"content-type":"","jetpack_post_was_ever_published":false,"_jetpack_newsletter_access":"","_jetpack_dont_email_post_to_subs":false,"_jetpack_newsletter_tier_id":0,"_jetpack_memberships_contains_paywalled_content":false,"_jetpack_memberships_contains_paid_content":false,"footnotes":""},"categories":[25],"tags":[],"class_list":["post-61929","post","type-post","status-publish","format-standard","has-post-thumbnail","hentry","category-portada"],"jetpack_featured_media_url":"https:\/\/lasprimeras.com.do\/wp-content\/uploads\/2023\/10\/WhatsApp-Image-2023-09-28-at-11.50.30-PM-1-1.webp","jetpack-related-posts":[{"id":62250,"url":"https:\/\/lasprimeras.com.do\/index.php\/2023\/10\/04\/entrada-y-salida-de-pacientes-con-dengue-es-persistente\/","url_meta":{"origin":61929,"position":0},"title":"Entrada y salida de pacientes con dengue es persistente","author":"BIMARY DE JES\u00daS Matos","date":"4 de octubre de 2023","format":false,"excerpt":"Santo Domingo .-Los pacientes afectados por el virus del dengue mantienen una constante en la entrada y salida de los centros hospitalarios, ya que a medida que se les da el alta m\u00e9dica a algunos, en igual o mayor proporci\u00f3n, son los que pasan a salas de internamientos. La situaci\u00f3n\u2026","rel":"","context":"En \u00abPORTADA\u00bb","block_context":{"text":"PORTADA","link":"https:\/\/lasprimeras.com.do\/index.php\/category\/portada\/"},"img":{"alt_text":"","src":"https:\/\/i0.wp.com\/lasprimeras.com.do\/wp-content\/uploads\/2023\/10\/WhatsApp-Image-2023-10-03-at-10.20.05-AM-2.webp?resize=350%2C200&ssl=1","width":350,"height":200,"srcset":"https:\/\/i0.wp.com\/lasprimeras.com.do\/wp-content\/uploads\/2023\/10\/WhatsApp-Image-2023-10-03-at-10.20.05-AM-2.webp?resize=350%2C200&ssl=1 1x, https:\/\/i0.wp.com\/lasprimeras.com.do\/wp-content\/uploads\/2023\/10\/WhatsApp-Image-2023-10-03-at-10.20.05-AM-2.webp?resize=525%2C300&ssl=1 1.5x, https:\/\/i0.wp.com\/lasprimeras.com.do\/wp-content\/uploads\/2023\/10\/WhatsApp-Image-2023-10-03-at-10.20.05-AM-2.webp?resize=700%2C400&ssl=1 2x"},"classes":[]},{"id":64586,"url":"https:\/\/lasprimeras.com.do\/index.php\/2023\/10\/21\/hospitales-de-santiago-estan-llenos-de-pacientes-afectados-de-dengue\/","url_meta":{"origin":61929,"position":1},"title":"Hospitales de Santiago est\u00e1n llenos de pacientes afectados de dengue","author":"BIMARY DE JES\u00daS Matos","date":"21 de octubre de 2023","format":false,"excerpt":"Santiago, RD.- Las autoridades anunciaron un operativo en toda la provincia de Santiago en medio del aumento de casos de dengue que empiezan a abarrotar a los centros de salud p\u00fablicos y privados. El director del Servicio Regional de Salud Norcentral, Manuel Lora Perell\u00f3, expres\u00f3 que en la regi\u00f3n hay\u2026","rel":"","context":"En \u00abPORTADA\u00bb","block_context":{"text":"PORTADA","link":"https:\/\/lasprimeras.com.do\/index.php\/category\/portada\/"},"img":{"alt_text":"","src":"","width":0,"height":0},"classes":[]},{"id":65433,"url":"https:\/\/lasprimeras.com.do\/index.php\/2023\/10\/28\/el-dengue-esta-acabando-no-esta-disminuyendo-nada-grita-abuela-en-el-hospital-hugo-mendoza\/","url_meta":{"origin":61929,"position":2},"title":"&#8220;El dengue est\u00e1 acabando, no est\u00e1 disminuyendo nada&#8221;, grita abuela en el hospital Hugo Mendoza","author":"BIMARY DE JES\u00daS Matos","date":"28 de octubre de 2023","format":false,"excerpt":"Santo Domingo.-La preocupaci\u00f3n y la desconfianza causadas por las cifras de pacientes por dengue, contin\u00faa vigente entre los padres que asisten a los hospitales de Santo Domingo, donde los ni\u00f1os con s\u00edntomas y sospechas de la enfermedad transmitida por el mosquito Aedes aegypti siguen llenando las salas de emergencias. Los\u2026","rel":"","context":"En \u00abNACIONALES\u00bb","block_context":{"text":"NACIONALES","link":"https:\/\/lasprimeras.com.do\/index.php\/category\/nacionales\/"},"img":{"alt_text":"","src":"https:\/\/i0.wp.com\/lasprimeras.com.do\/wp-content\/uploads\/2023\/10\/8_Nacionales_15_1p01-2.jpg?resize=350%2C200&ssl=1","width":350,"height":200,"srcset":"https:\/\/i0.wp.com\/lasprimeras.com.do\/wp-content\/uploads\/2023\/10\/8_Nacionales_15_1p01-2.jpg?resize=350%2C200&ssl=1 1x, https:\/\/i0.wp.com\/lasprimeras.com.do\/wp-content\/uploads\/2023\/10\/8_Nacionales_15_1p01-2.jpg?resize=525%2C300&ssl=1 1.5x, https:\/\/i0.wp.com\/lasprimeras.com.do\/wp-content\/uploads\/2023\/10\/8_Nacionales_15_1p01-2.jpg?resize=700%2C400&ssl=1 2x, https:\/\/i0.wp.com\/lasprimeras.com.do\/wp-content\/uploads\/2023\/10\/8_Nacionales_15_1p01-2.jpg?resize=1050%2C600&ssl=1 3x"},"classes":[]},{"id":59456,"url":"https:\/\/lasprimeras.com.do\/index.php\/2023\/09\/04\/robert-reid-cabral-recibe-entre-60-y-70-pacientes-febriles-diarios\/","url_meta":{"origin":61929,"position":3},"title":"Robert Reid Cabral recibe entre 60 y 70 pacientes febriles diarios","author":"Nelson Feliz","date":"4 de septiembre de 2023","format":false,"excerpt":"El Hospital Pedi\u00e1trico Robert Reid Cabral recibe diariamente entre 60 y 70 pacientes con fiebre, un dato que resulta alarmante ante la consideraci\u00f3n del Ministerio de Salud P\u00fablica de determinar todo caso febril como una sospecha de dengue. De acuerdo con la directora del centro m\u00e9dico infantil, Mabel Jones, quien\u2026","rel":"","context":"En \u00abSin categor\u00eda\u00bb","block_context":{"text":"Sin categor\u00eda","link":"https:\/\/lasprimeras.com.do\/index.php\/category\/sin-categoria\/"},"img":{"alt_text":"Directora del centro m\u00e9dico infantil, Mabel JonesJORGE LU\u00cdS MARTINEZ","src":"https:\/\/i0.wp.com\/lasprimeras.com.do\/wp-content\/uploads\/2023\/09\/Mabel-Jones.jpeg?resize=350%2C200&ssl=1","width":350,"height":200,"srcset":"https:\/\/i0.wp.com\/lasprimeras.com.do\/wp-content\/uploads\/2023\/09\/Mabel-Jones.jpeg?resize=350%2C200&ssl=1 1x, https:\/\/i0.wp.com\/lasprimeras.com.do\/wp-content\/uploads\/2023\/09\/Mabel-Jones.jpeg?resize=525%2C300&ssl=1 1.5x, https:\/\/i0.wp.com\/lasprimeras.com.do\/wp-content\/uploads\/2023\/09\/Mabel-Jones.jpeg?resize=700%2C400&ssl=1 2x"},"classes":[]},{"id":61692,"url":"https:\/\/lasprimeras.com.do\/index.php\/2023\/09\/29\/el-dengue-genera-alta-ocupacion-de-camas-en-hospitales\/","url_meta":{"origin":61929,"position":4},"title":"El dengue genera alta ocupaci\u00f3n de camas en hospitales","author":"Nelson Feliz","date":"29 de septiembre de 2023","format":false,"excerpt":"Ayer los pedi\u00e1tricos Hugo Mendoza y Robert Reid Cabral, ten\u00edan ingresados 94 y 86 pacientes, respectivamente. Una alta ocupaci\u00f3n de camas de pacientes con s\u00edntomas de dengue siguen manteniendo los principales hospitales de la capital y provincias del pa\u00eds. Ayer los pedi\u00e1tricos Hugo Mendoza y Robert Reid Cabral, ten\u00edan ingresados\u2026","rel":"","context":"En \u00abSin categor\u00eda\u00bb","block_context":{"text":"Sin categor\u00eda","link":"https:\/\/lasprimeras.com.do\/index.php\/category\/sin-categoria\/"},"img":{"alt_text":"Madres con sus hijos en brazos siguen copando las \u00e1reas de emergencias.JORGE MART\u00cdNEZ\/LD","src":"https:\/\/i0.wp.com\/lasprimeras.com.do\/wp-content\/uploads\/2023\/09\/Madres-con-sus-hijos-en-brazos-siguen-copando-las-areas-de-emergencias.jpeg?resize=350%2C200&ssl=1","width":350,"height":200,"srcset":"https:\/\/i0.wp.com\/lasprimeras.com.do\/wp-content\/uploads\/2023\/09\/Madres-con-sus-hijos-en-brazos-siguen-copando-las-areas-de-emergencias.jpeg?resize=350%2C200&ssl=1 1x, https:\/\/i0.wp.com\/lasprimeras.com.do\/wp-content\/uploads\/2023\/09\/Madres-con-sus-hijos-en-brazos-siguen-copando-las-areas-de-emergencias.jpeg?resize=525%2C300&ssl=1 1.5x, https:\/\/i0.wp.com\/lasprimeras.com.do\/wp-content\/uploads\/2023\/09\/Madres-con-sus-hijos-en-brazos-siguen-copando-las-areas-de-emergencias.jpeg?resize=700%2C400&ssl=1 2x"},"classes":[]},{"id":65705,"url":"https:\/\/lasprimeras.com.do\/index.php\/2023\/10\/31\/pacientes-con-sospecha-de-dengue-siguen-saturando-centros-de-salud\/","url_meta":{"origin":61929,"position":5},"title":"Pacientes con sospecha de dengue siguen saturando centros de salud","author":"BIMARY DE JES\u00daS Matos","date":"31 de octubre de 2023","format":false,"excerpt":"Santo Domingo.-La capacidad de respuesta de los centros asistenciales y del personal de salud contin\u00fao ayer presionada por la alta demanda de atenci\u00f3n de pacientes febriles con sospecha de dengue que siguen llegando a sus \u00e1reas de emergencias en busca de atenci\u00f3n m\u00e9dica, muchos de los cuales requieren ser ingresados.\u2026","rel":"","context":"En \u00abPORTADA\u00bb","block_context":{"text":"PORTADA","link":"https:\/\/lasprimeras.com.do\/index.php\/category\/portada\/"},"img":{"alt_text":"","src":"https:\/\/i0.wp.com\/lasprimeras.com.do\/wp-content\/uploads\/2023\/10\/WhatsApp-Image-2023-10-30-at-2.14.30-PM-1.jpeg?resize=350%2C200&ssl=1","width":350,"height":200,"srcset":"https:\/\/i0.wp.com\/lasprimeras.com.do\/wp-content\/uploads\/2023\/10\/WhatsApp-Image-2023-10-30-at-2.14.30-PM-1.jpeg?resize=350%2C200&ssl=1 1x, https:\/\/i0.wp.com\/lasprimeras.com.do\/wp-content\/uploads\/2023\/10\/WhatsApp-Image-2023-10-30-at-2.14.30-PM-1.jpeg?resize=525%2C300&ssl=1 1.5x, https:\/\/i0.wp.com\/lasprimeras.com.do\/wp-content\/uploads\/2023\/10\/WhatsApp-Image-2023-10-30-at-2.14.30-PM-1.jpeg?resize=700%2C400&ssl=1 2x"},"classes":[]}],"jetpack_sharing_enabled":true,"_links":{"self":[{"href":"https:\/\/lasprimeras.com.do\/index.php\/wp-json\/wp\/v2\/posts\/61929","targetHints":{"allow":["GET"]}}],"collection":[{"href":"https:\/\/lasprimeras.com.do\/index.php\/wp-json\/wp\/v2\/posts"}],"about":[{"href":"https:\/\/lasprimeras.com.do\/index.php\/wp-json\/wp\/v2\/types\/post"}],"author":[{"embeddable":true,"href":"https:\/\/lasprimeras.com.do\/index.php\/wp-json\/wp\/v2\/users\/3"}],"replies":[{"embeddable":true,"href":"https:\/\/lasprimeras.com.do\/index.php\/wp-json\/wp\/v2\/comments?post=61929"}],"version-history":[{"count":1,"href":"https:\/\/lasprimeras.com.do\/index.php\/wp-json\/wp\/v2\/posts\/61929\/revisions"}],"predecessor-version":[{"id":61931,"href":"https:\/\/lasprimeras.com.do\/index.php\/wp-json\/wp\/v2\/posts\/61929\/revisions\/61931"}],"wp:featuredmedia":[{"embeddable":true,"href":"https:\/\/lasprimeras.com.do\/index.php\/wp-json\/wp\/v2\/media\/61930"}],"wp:attachment":[{"href":"https:\/\/lasprimeras.com.do\/index.php\/wp-json\/wp\/v2\/media?parent=61929"}],"wp:term":[{"taxonomy":"category","embeddable":true,"href":"https:\/\/lasprimeras.com.do\/index.php\/wp-json\/wp\/v2\/categories?post=61929"},{"taxonomy":"post_tag","embeddable":true,"href":"https:\/\/lasprimeras.com.do\/index.php\/wp-json\/wp\/v2\/tags?post=61929"}],"curies":[{"name":"wp","href":"https:\/\/api.w.org\/{rel}","templated":true}]}}