{"id":61938,"date":"2023-10-02T06:43:11","date_gmt":"2023-10-02T10:43:11","guid":{"rendered":"https:\/\/lasprimeras.com.do\/?p=61938"},"modified":"2023-10-02T06:43:12","modified_gmt":"2023-10-02T10:43:12","slug":"muere-cecilia-priego-actriz-de-la-reina-del-sur-a-los-36-anos","status":"publish","type":"post","link":"https:\/\/lasprimeras.com.do\/index.php\/2023\/10\/02\/muere-cecilia-priego-actriz-de-la-reina-del-sur-a-los-36-anos\/","title":{"rendered":"Muere Cecilia Priego, actriz de La reina del sur, a los 36 a\u00f1os"},"content":{"rendered":"\n<p><strong>-La actriz de 36 a\u00f1os padec\u00eda c\u00e1ncer cervicouterino<\/strong><\/p>\n\n\n\n<p>La actriz Cecilia Priego, conocida por sus roles en las producciones &#8220;La reina del Sur&#8221;, &#8220;El Pantera&#8221; y &#8220;\u00c1msterdam&#8221;, muri\u00f3 en M\u00e9xico de un c\u00e1ncer cervicouterino. Ten\u00eda 36 a\u00f1os de edad.<\/p>\n\n\n\n<p>La triste noticia fue dada a conocer por su padre Freddy Persa, quien es conocido por haber participado hace un par de a\u00f1os atr\u00e1s en &#8220;La Voz M\u00e9xico&#8221;.<\/p>\n\n\n\n<p>&#8220;No recuerdo el d\u00eda, la hora, pero desde que inici\u00f3 est\u00e1 batalla de tu enfermedad empec\u00e9 a escribir siempre agradeciendo a Dios por tus ca\u00eddas y tus levantadas, entend\u00ed que no era f\u00e1cil para ti ni para nosotros, pero siempre demostraste tu fuerza, tu fe, tus ganas de vivir como una guerrera incansable y dos veces venciste esta enfermedad&#8221;, expres\u00f3 Persa en su cuenta de Facebook.<\/p>\n\n\n\n<p>&#8220;Hoy se cierra el tel\u00f3n para ti en la tierra, pero seguro estamos que tu presencia y tu legado traspasar\u00e1 y continuar\u00e1s tu proyecto en el cielo, creando y organizando teatro en el cielo para tus abuelos, t\u00edos, primos y amigos que ya no est\u00e1n con nosotros. Por siempre, mi ni\u00f1a Cecy&#8221;, escribi\u00f3 en su cuenta de Facebook.<\/p>\n\n\n\n<p>Acompa\u00f1\u00f3 el mensaje con una serie de im\u00e1genes quien formara parte del elenco de la teleserie La reina del sur.<\/p>\n\n\n\n<p>Fue Priego que dio a conocer su afecci\u00f3n de salud e incluso, en abril de 2022, revel\u00f3 que se hab\u00eda sometido a una histerectom\u00eda del \u00fatero.<\/p>\n\n\n\n<p>&#8220;Ha pasado un a\u00f1o desde mi histerectom\u00eda por c\u00e1ncer cervicouterino. La verdad es que aunque ya recorri\u00f3 un a\u00f1o, he seguido en la aceptaci\u00f3n de mi p\u00e9rdida y es que si, perd\u00ed una parte de mi cuerpo que era la que me dar\u00eda la oportunidad de gestar amor y vida dentro de m\u00ed&#8221;, escribi\u00f3 en aquel momento.<\/p>\n\n\n\n<p>Cecilia Priego naci\u00f3 en Tabasco, M\u00e9xico. Estudio la licenciatura en Gesti\u00f3n y promoci\u00f3n de la cultura, as\u00ed como actuaci\u00f3n.<\/p>\n","protected":false},"excerpt":{"rendered":"<p>-La actriz de 36 a\u00f1os padec\u00eda c\u00e1ncer cervicouterino La actriz Cecilia Priego, conocida por sus roles en las producciones &#8220;La reina del Sur&#8221;, &#8220;El Pantera&#8221; y &#8220;\u00c1msterdam&#8221;, muri\u00f3 en M\u00e9xico&hellip;<\/p>\n","protected":false},"author":2,"featured_media":61939,"comment_status":"open","ping_status":"open","sticky":false,"template":"","format":"standard","meta":{"content-type":"","jetpack_post_was_ever_published":false,"_jetpack_newsletter_access":"","_jetpack_dont_email_post_to_subs":false,"_jetpack_newsletter_tier_id":0,"_jetpack_memberships_contains_paywalled_content":false,"_jetpack_memberships_contains_paid_content":false,"footnotes":""},"categories":[84],"tags":[8097,8096,8098,650],"class_list":["post-61938","post","type-post","status-publish","format-standard","has-post-thumbnail","hentry","category-entretenimiento","tag-actriz","tag-cecilia-priego","tag-la-reina-del-sur","tag-muere"],"jetpack_featured_media_url":"https:\/\/lasprimeras.com.do\/wp-content\/uploads\/2023\/10\/Cecilia-Priego.jpg","jetpack-related-posts":[{"id":75709,"url":"https:\/\/lasprimeras.com.do\/index.php\/2024\/02\/04\/muere-la-primera-actriz-mexicana-helena-rojo\/","url_meta":{"origin":61938,"position":0},"title":"Muere la primera actriz mexicana Helena Rojo","author":"Nelson Feliz","date":"4 de febrero de 2024","format":false,"excerpt":"Rojo libraba una batalla contra el c\u00e1ncer. EL UNIVERSAL \/ GDA M\u00e9xico .-. El mundo del espect\u00e1culo est\u00e1 de luto con la muerte de la primera actriz Helena Rojo a los 79 a\u00f1os de edad. Se inform\u00f3 que Rojo perdi\u00f3 la vida este s\u00e1bado, por causas a\u00fan desconocidas; Sin embargo,\u2026","rel":"","context":"En \u00abENTRETENIMIENTO\u00bb","block_context":{"text":"ENTRETENIMIENTO","link":"https:\/\/lasprimeras.com.do\/index.php\/category\/entretenimiento\/"},"img":{"alt_text":"Helena Rojo","src":"https:\/\/i0.wp.com\/lasprimeras.com.do\/wp-content\/uploads\/2024\/02\/Helena-Rojo.jpg?resize=350%2C200&ssl=1","width":350,"height":200,"srcset":"https:\/\/i0.wp.com\/lasprimeras.com.do\/wp-content\/uploads\/2024\/02\/Helena-Rojo.jpg?resize=350%2C200&ssl=1 1x, https:\/\/i0.wp.com\/lasprimeras.com.do\/wp-content\/uploads\/2024\/02\/Helena-Rojo.jpg?resize=525%2C300&ssl=1 1.5x, https:\/\/i0.wp.com\/lasprimeras.com.do\/wp-content\/uploads\/2024\/02\/Helena-Rojo.jpg?resize=700%2C400&ssl=1 2x"},"classes":[]},{"id":68469,"url":"https:\/\/lasprimeras.com.do\/index.php\/2023\/11\/24\/a-sus-54-anos-actriz-alina-lozano-se-casa-con-su-pareja-30-anos-menor-que-ella\/","url_meta":{"origin":61938,"position":1},"title":"\u00a1A sus 54 a\u00f1os! Actriz Alina Lozano se casa con su pareja 30 a\u00f1os menor que ella","author":"Nelson Feliz","date":"24 de noviembre de 2023","format":false,"excerpt":"La pareja contrajo matrimonio en una ceremonia frente a 60 invitados. La actriz colombiana Alina Lozano, de 54 a\u00f1os conocida por su participaci\u00f3n en \"Hasta que la plata nos separe\" y \"La reina del sur\", contrajo matrimonio con el joven creador de contenido, Jim Vel\u00e1squez, de 24 a\u00f1os. La pareja,\u2026","rel":"","context":"En \u00abENTRETENIMIENTO\u00bb","block_context":{"text":"ENTRETENIMIENTO","link":"https:\/\/lasprimeras.com.do\/index.php\/category\/entretenimiento\/"},"img":{"alt_text":"","src":"https:\/\/i0.wp.com\/lasprimeras.com.do\/wp-content\/uploads\/2023\/11\/Alina-Lozano-y-Jim-Velasquez.jpeg?resize=350%2C200&ssl=1","width":350,"height":200,"srcset":"https:\/\/i0.wp.com\/lasprimeras.com.do\/wp-content\/uploads\/2023\/11\/Alina-Lozano-y-Jim-Velasquez.jpeg?resize=350%2C200&ssl=1 1x, https:\/\/i0.wp.com\/lasprimeras.com.do\/wp-content\/uploads\/2023\/11\/Alina-Lozano-y-Jim-Velasquez.jpeg?resize=525%2C300&ssl=1 1.5x, https:\/\/i0.wp.com\/lasprimeras.com.do\/wp-content\/uploads\/2023\/11\/Alina-Lozano-y-Jim-Velasquez.jpeg?resize=700%2C400&ssl=1 2x"},"classes":[]},{"id":74587,"url":"https:\/\/lasprimeras.com.do\/index.php\/2024\/01\/24\/kate-del-castillo-invitada-especial-del-festival-de-cine-global\/","url_meta":{"origin":61938,"position":2},"title":"Kate del Castillo, invitada especial del Festival de Cine Global","author":"BIMARY DE JES\u00daS Matos","date":"24 de enero de 2024","format":false,"excerpt":"Santo Domingo.- La actriz mexicana Kate del Castillo ser\u00e1 una de las invitadas especiales del XVI Festival de Cine Global Dominicano (FCGD), que se celebrar\u00e1 en Santo Domingo del 26 de enero al 1 de febrero, inform\u00f3 este mi\u00e9rcoles la organizaci\u00f3n. Del Castillo, quien interpret\u00f3 a Teresa Mendoza en la\u2026","rel":"","context":"En \u00abENTRETENIMIENTO\u00bb","block_context":{"text":"ENTRETENIMIENTO","link":"https:\/\/lasprimeras.com.do\/index.php\/category\/entretenimiento\/"},"img":{"alt_text":"","src":"https:\/\/i0.wp.com\/lasprimeras.com.do\/wp-content\/uploads\/2024\/01\/WhatsApp-Image-2024-01-22-at-11.36.03-AM-10.jpeg?resize=350%2C200&ssl=1","width":350,"height":200,"srcset":"https:\/\/i0.wp.com\/lasprimeras.com.do\/wp-content\/uploads\/2024\/01\/WhatsApp-Image-2024-01-22-at-11.36.03-AM-10.jpeg?resize=350%2C200&ssl=1 1x, https:\/\/i0.wp.com\/lasprimeras.com.do\/wp-content\/uploads\/2024\/01\/WhatsApp-Image-2024-01-22-at-11.36.03-AM-10.jpeg?resize=525%2C300&ssl=1 1.5x"},"classes":[]},{"id":93654,"url":"https:\/\/lasprimeras.com.do\/index.php\/2025\/02\/16\/muere-de-manera-inesperada-la-actriz-y-ex-miss-mundo-angie-morad\/","url_meta":{"origin":61938,"position":3},"title":"Muere de manera inesperada la actriz y ex Miss Mundo Angie Morad","author":"Nelson Feliz","date":"16 de febrero de 2025","format":false,"excerpt":"La comunidad art\u00edstica y de cert\u00e1menes de belleza est\u00e1 de luto tras el fallecimiento de Angy Morad, reconocida actriz y ex Miss Asia World de origen sirio, quien muri\u00f3 a los 33 a\u00f1os durante el parto de su segundo hijo. De acuerdo al portal Yahoo, el tr\u00e1gico suceso ocurri\u00f3 el\u2026","rel":"","context":"En \u00abENTRETENIMIENTO\u00bb","block_context":{"text":"ENTRETENIMIENTO","link":"https:\/\/lasprimeras.com.do\/index.php\/category\/entretenimiento\/"},"img":{"alt_text":"","src":"https:\/\/i0.wp.com\/lasprimeras.com.do\/wp-content\/uploads\/2025\/02\/muere.jpg?resize=350%2C200&ssl=1","width":350,"height":200,"srcset":"https:\/\/i0.wp.com\/lasprimeras.com.do\/wp-content\/uploads\/2025\/02\/muere.jpg?resize=350%2C200&ssl=1 1x, https:\/\/i0.wp.com\/lasprimeras.com.do\/wp-content\/uploads\/2025\/02\/muere.jpg?resize=525%2C300&ssl=1 1.5x, https:\/\/i0.wp.com\/lasprimeras.com.do\/wp-content\/uploads\/2025\/02\/muere.jpg?resize=700%2C400&ssl=1 2x"},"classes":[]},{"id":114936,"url":"https:\/\/lasprimeras.com.do\/index.php\/2025\/10\/17\/chequeate-rd-alcanza-124-mil-tamizados-en-su-cuarto-aniversario\/","url_meta":{"origin":61938,"position":4},"title":"Chequ\u00e9ate RD alcanza 124 mil tamizados en su cuarto aniversario","author":"Nelson Feliz","date":"17 de octubre de 2025","format":false,"excerpt":"El Programa para la Detecci\u00f3n Oportuna de C\u00e1ncer de Mama, Cervicouterino y Pr\u00f3stata, desarrollado por el Servicio Nacional de Salud (SNS) junto a la Oficina de la Primera Dama, ha logrado impactar a 124 mil personas desde su puesta en marcha en 2021 hasta septiembre de 2025. La iniciativa, respaldada\u2026","rel":"","context":"En \u00abPORTADA\u00bb","block_context":{"text":"PORTADA","link":"https:\/\/lasprimeras.com.do\/index.php\/category\/portada\/"},"img":{"alt_text":"","src":"https:\/\/i0.wp.com\/lasprimeras.com.do\/wp-content\/uploads\/2025\/11\/ChequeateRD.jpg?resize=350%2C200&ssl=1","width":350,"height":200,"srcset":"https:\/\/i0.wp.com\/lasprimeras.com.do\/wp-content\/uploads\/2025\/11\/ChequeateRD.jpg?resize=350%2C200&ssl=1 1x, https:\/\/i0.wp.com\/lasprimeras.com.do\/wp-content\/uploads\/2025\/11\/ChequeateRD.jpg?resize=525%2C300&ssl=1 1.5x, https:\/\/i0.wp.com\/lasprimeras.com.do\/wp-content\/uploads\/2025\/11\/ChequeateRD.jpg?resize=700%2C400&ssl=1 2x"},"classes":[]},{"id":59465,"url":"https:\/\/lasprimeras.com.do\/index.php\/2023\/09\/04\/muere-leopoldo-severino-el-viejo-liopo-a-los-86-anos\/","url_meta":{"origin":61938,"position":5},"title":"Muere Leopoldo Severino, &#8220;El viejo Liopo&#8221;, a los 86 a\u00f1os","author":"Nelson Feliz","date":"4 de septiembre de 2023","format":false,"excerpt":"Leopoldo Severino, \"El viejo Liopo\" inici\u00f3 en el mundo de Instagram en el a\u00f1o 2019, pero su notoriedad disminuy\u00f3 considerablemente en el \u00faltimo a\u00f1o por la enfermedad que le fue diagnosticada. El personaje de redes sociales Leopoldo Severino, mejor conocido como \"El viejo Liopo\", falleci\u00f3 la tarde de este lunes\u2026","rel":"","context":"En \u00abENTRETENIMIENTO\u00bb","block_context":{"text":"ENTRETENIMIENTO","link":"https:\/\/lasprimeras.com.do\/index.php\/category\/entretenimiento\/"},"img":{"alt_text":"El Viejo Liopo fue diagnosticado con c\u00e1ncer de es\u00f3fago","src":"https:\/\/i0.wp.com\/lasprimeras.com.do\/wp-content\/uploads\/2023\/09\/El-Viejo-Liopo-fue-diagnosticado-con-cancer-de-esofago.jpeg?resize=350%2C200&ssl=1","width":350,"height":200,"srcset":"https:\/\/i0.wp.com\/lasprimeras.com.do\/wp-content\/uploads\/2023\/09\/El-Viejo-Liopo-fue-diagnosticado-con-cancer-de-esofago.jpeg?resize=350%2C200&ssl=1 1x, https:\/\/i0.wp.com\/lasprimeras.com.do\/wp-content\/uploads\/2023\/09\/El-Viejo-Liopo-fue-diagnosticado-con-cancer-de-esofago.jpeg?resize=525%2C300&ssl=1 1.5x, https:\/\/i0.wp.com\/lasprimeras.com.do\/wp-content\/uploads\/2023\/09\/El-Viejo-Liopo-fue-diagnosticado-con-cancer-de-esofago.jpeg?resize=700%2C400&ssl=1 2x"},"classes":[]}],"jetpack_sharing_enabled":true,"_links":{"self":[{"href":"https:\/\/lasprimeras.com.do\/index.php\/wp-json\/wp\/v2\/posts\/61938","targetHints":{"allow":["GET"]}}],"collection":[{"href":"https:\/\/lasprimeras.com.do\/index.php\/wp-json\/wp\/v2\/posts"}],"about":[{"href":"https:\/\/lasprimeras.com.do\/index.php\/wp-json\/wp\/v2\/types\/post"}],"author":[{"embeddable":true,"href":"https:\/\/lasprimeras.com.do\/index.php\/wp-json\/wp\/v2\/users\/2"}],"replies":[{"embeddable":true,"href":"https:\/\/lasprimeras.com.do\/index.php\/wp-json\/wp\/v2\/comments?post=61938"}],"version-history":[{"count":1,"href":"https:\/\/lasprimeras.com.do\/index.php\/wp-json\/wp\/v2\/posts\/61938\/revisions"}],"predecessor-version":[{"id":61940,"href":"https:\/\/lasprimeras.com.do\/index.php\/wp-json\/wp\/v2\/posts\/61938\/revisions\/61940"}],"wp:featuredmedia":[{"embeddable":true,"href":"https:\/\/lasprimeras.com.do\/index.php\/wp-json\/wp\/v2\/media\/61939"}],"wp:attachment":[{"href":"https:\/\/lasprimeras.com.do\/index.php\/wp-json\/wp\/v2\/media?parent=61938"}],"wp:term":[{"taxonomy":"category","embeddable":true,"href":"https:\/\/lasprimeras.com.do\/index.php\/wp-json\/wp\/v2\/categories?post=61938"},{"taxonomy":"post_tag","embeddable":true,"href":"https:\/\/lasprimeras.com.do\/index.php\/wp-json\/wp\/v2\/tags?post=61938"}],"curies":[{"name":"wp","href":"https:\/\/api.w.org\/{rel}","templated":true}]}}