{"id":61941,"date":"2023-10-02T06:46:58","date_gmt":"2023-10-02T10:46:58","guid":{"rendered":"https:\/\/lasprimeras.com.do\/?p=61941"},"modified":"2023-10-02T06:46:59","modified_gmt":"2023-10-02T10:46:59","slug":"teatro-nacional-inaugura-memorabilia-de-salsera-celia-cruz","status":"publish","type":"post","link":"https:\/\/lasprimeras.com.do\/index.php\/2023\/10\/02\/teatro-nacional-inaugura-memorabilia-de-salsera-celia-cruz\/","title":{"rendered":"Teatro Nacional inaugura memorabilia de salsera Celia Cruz"},"content":{"rendered":"\n<p>SANTO DOMINGO.- El Teatro Nacional Eduardo Brito, la Fundaci\u00f3n Legado de Celia Cruz y el Congreso de Salsa de la Rep\u00fablica Dominicana inauguraron la memorabilia del vestido usado por Celia Cruz al recibir el Premio Casandra en el 1996, durante un emotivo encuentro en la Mezzanine del Teatro Nacional.<\/p>\n\n\n\n<p>Celia Cruz, consagrada como \u201cLa Reina de la Salsa\u201d, su imagen esc\u00e9nica fue determinante, aunque nunca se separ\u00f3 del todo de su entra\u00f1able \u201cbata cubana\u201d, que luci\u00f3 en nuevas y modernas reinterpretaciones.<\/p>\n\n\n\n<p>Pepe Fern\u00e1ndez, Irma Pe\u00f1alver, Enrique Arteaga, Sully Bonnelly, Willy Mena, Narciso Rodr\u00edguez, son algunos de los dise\u00f1adores y modistos que dise\u00f1aron trajes para Celia Cruz durante toda su carrera.<\/p>\n\n\n\n<p>UNA GRAN REINA<\/p>\n\n\n\n<p>El evento fue encabezado por Carlos Veit\u00eda, director general y art\u00edstico del Teatro Nacional Eduardo Brito; Jenny Podest\u00e1 de V\u00e1zquez, presidenta de la Fundaci\u00f3n Amigos del Teatro Nacional; miembros de la Fundaci\u00f3n Legado de Celia Cruz, as\u00ed como representantes del Congreso de Salsa en Rep\u00fablica Dominicana.<\/p>\n\n\n\n<p>Al dirigirse a los presentes Veit\u00eda destac\u00f3 que para el Teatro Nacional es m\u00e1s que un honor recibir en sus instalaciones la memorabilia de una gloria del arte como Celia Cruz.<\/p>\n\n\n\n<p>\u201cSiempre ser\u00e1 recordada por sus sensacionales presentaciones en las que desplegaba todo el magnetismo de su voz y de su arrolladora personalidad\u201d.<\/p>\n\n\n\n<p>De su lado, Omer Pardillo, presidente del Legado y la Fundaci\u00f3n de Celia Cruz, afirm\u00f3 que esta fundaci\u00f3n siempre busca preservar la historia de la gran Reina de La Salsa, Celia Cruz, alrededor del Mundo.<\/p>\n\n\n\n<p>\u201cTrabajamos cada d\u00eda para que su legado no muera nunca, como dice una de las canciones que interpret\u00f3 con gran \u00e9xito \u201cYo Vivir\u00e9\u201d.<\/p>\n\n\n\n<p>Explic\u00f3 que cuando le present\u00f3 la idea de crear esta memorabilia de Celia Cruz al director del Teatro Nacional, el se\u00f1or Veit\u00eda, no dud\u00f3 un segundo en reconocer que ten\u00eda en sus manos una gran oportunidad de colaborar en un acontecimiento hist\u00f3rico y cultural para el pa\u00eds.<\/p>\n","protected":false},"excerpt":{"rendered":"<p>SANTO DOMINGO.- El Teatro Nacional Eduardo Brito, la Fundaci\u00f3n Legado de Celia Cruz y el Congreso de Salsa de la Rep\u00fablica Dominicana inauguraron la memorabilia del vestido usado por Celia&hellip;<\/p>\n","protected":false},"author":3,"featured_media":61942,"comment_status":"open","ping_status":"open","sticky":false,"template":"","format":"standard","meta":{"content-type":"","jetpack_post_was_ever_published":false,"_jetpack_newsletter_access":"","_jetpack_dont_email_post_to_subs":false,"_jetpack_newsletter_tier_id":0,"_jetpack_memberships_contains_paywalled_content":false,"_jetpack_memberships_contains_paid_content":false,"footnotes":""},"categories":[84],"tags":[],"class_list":["post-61941","post","type-post","status-publish","format-standard","has-post-thumbnail","hentry","category-entretenimiento"],"jetpack_featured_media_url":"https:\/\/lasprimeras.com.do\/wp-content\/uploads\/2023\/10\/WhatsApp-Image-2023-09-28-at-11.50.30-PM-1-4.jpeg","jetpack-related-posts":[{"id":68453,"url":"https:\/\/lasprimeras.com.do\/index.php\/2023\/11\/24\/celia-soonets-presenta-su-libro-la-rueda-de-los-8-miedos-del-emprendedor\/","url_meta":{"origin":61941,"position":0},"title":"Celia Soonets presenta su libro \u201cLa rueda de los 8 miedos del emprendedor\u201d","author":"Nelson Feliz","date":"24 de noviembre de 2023","format":false,"excerpt":"En la puesta en circulaci\u00f3n del nuevo escrito, la especialista aborda los temores que amenazan a las personas cuando deciden emprender en la creaci\u00f3n de un negocio. La escritora y psic\u00f3loga Celia Soonets present\u00f3 su m\u00e1s reciente publicaci\u00f3n, bajo el t\u00edtulo La Rueda de los 8 Miedos del Emprendedor, en\u2026","rel":"","context":"En \u00abENTRETENIMIENTO\u00bb","block_context":{"text":"ENTRETENIMIENTO","link":"https:\/\/lasprimeras.com.do\/index.php\/category\/entretenimiento\/"},"img":{"alt_text":"Celia Soonets","src":"https:\/\/i0.wp.com\/lasprimeras.com.do\/wp-content\/uploads\/2023\/11\/Celia-Soonets-1.jpg?resize=350%2C200&ssl=1","width":350,"height":200,"srcset":"https:\/\/i0.wp.com\/lasprimeras.com.do\/wp-content\/uploads\/2023\/11\/Celia-Soonets-1.jpg?resize=350%2C200&ssl=1 1x, https:\/\/i0.wp.com\/lasprimeras.com.do\/wp-content\/uploads\/2023\/11\/Celia-Soonets-1.jpg?resize=525%2C300&ssl=1 1.5x, https:\/\/i0.wp.com\/lasprimeras.com.do\/wp-content\/uploads\/2023\/11\/Celia-Soonets-1.jpg?resize=700%2C400&ssl=1 2x"},"classes":[]},{"id":96195,"url":"https:\/\/lasprimeras.com.do\/index.php\/2025\/03\/26\/apresan-banquera-y-su-complice-por-autorrobo-de-300000-pesos-en-santiago\/","url_meta":{"origin":61941,"position":1},"title":"Apresan banquera y su c\u00f3mplice por autorrobo de 300,000 pesos en Santiago","author":"Nelson Feliz","date":"26 de marzo de 2025","format":false,"excerpt":"La Polic\u00eda Nacional, a trav\u00e9s de la Divisi\u00f3n de Investigaci\u00f3n de Delitos contra la Propiedad, con sede en el destacamento de Cienfuegos, apres\u00f3 a una banquera y a su c\u00f3mplice por su participaci\u00f3n en un auto-robo de la suma de 300,000 pesos en un consorcio de bancas deportivas, hecho ocurrido\u2026","rel":"","context":"En \u00abMILITARES\u00bb","block_context":{"text":"MILITARES","link":"https:\/\/lasprimeras.com.do\/index.php\/category\/militares\/"},"img":{"alt_text":"","src":"https:\/\/i0.wp.com\/lasprimeras.com.do\/wp-content\/uploads\/2025\/03\/banquera-1.jpg?resize=350%2C200&ssl=1","width":350,"height":200,"srcset":"https:\/\/i0.wp.com\/lasprimeras.com.do\/wp-content\/uploads\/2025\/03\/banquera-1.jpg?resize=350%2C200&ssl=1 1x, https:\/\/i0.wp.com\/lasprimeras.com.do\/wp-content\/uploads\/2025\/03\/banquera-1.jpg?resize=525%2C300&ssl=1 1.5x"},"classes":[]},{"id":126889,"url":"https:\/\/lasprimeras.com.do\/index.php\/2026\/04\/06\/el-poderoso-mensaje-de-ecos-de-sangre-llega-a-la-sala-ravelo-del-teatro-nacional\/","url_meta":{"origin":61941,"position":2},"title":"El poderoso mensaje de \u201cEcos de Sangre&#8221;, llega a la Sala Ravelo del Teatro Nacional","author":"Nelson Feliz","date":"6 de abril de 2026","format":false,"excerpt":"Una experiencia teatral intensa, centrada en la identidad cultural y la memoria hist\u00f3rica, es la atractiva propuesta que promete la esperada obra teatral \"Ecos de Sangre\", autor\u00eda del director teatral y dramaturgo Giovanny Cruz, que se presentar\u00e1 del 10 al 19 de abril, en la Sala Ravelo del Teatro Nacional\u2026","rel":"","context":"En \u00abENTRETENIMIENTO\u00bb","block_context":{"text":"ENTRETENIMIENTO","link":"https:\/\/lasprimeras.com.do\/index.php\/category\/entretenimiento\/"},"img":{"alt_text":"Ecos de Sangre","src":"https:\/\/i0.wp.com\/lasprimeras.com.do\/wp-content\/uploads\/2026\/04\/Ecos-de-Sangre-1.jpg?resize=350%2C200&ssl=1","width":350,"height":200,"srcset":"https:\/\/i0.wp.com\/lasprimeras.com.do\/wp-content\/uploads\/2026\/04\/Ecos-de-Sangre-1.jpg?resize=350%2C200&ssl=1 1x, https:\/\/i0.wp.com\/lasprimeras.com.do\/wp-content\/uploads\/2026\/04\/Ecos-de-Sangre-1.jpg?resize=525%2C300&ssl=1 1.5x, https:\/\/i0.wp.com\/lasprimeras.com.do\/wp-content\/uploads\/2026\/04\/Ecos-de-Sangre-1.jpg?resize=700%2C400&ssl=1 2x"},"classes":[]},{"id":122466,"url":"https:\/\/lasprimeras.com.do\/index.php\/2026\/02\/17\/centro-cultural-banreservas-anuncia-la-quinta-temporada-de-teatro-dedicada-a-giovanny-cruz\/","url_meta":{"origin":61941,"position":3},"title":"Centro Cultural Banreservas anuncia la Quinta Temporada de Teatro dedicada a Giovanny Cruz","author":"Nelson Feliz","date":"17 de febrero de 2026","format":false,"excerpt":"La plataforma cultural regresa como uno de los momentos m\u00e1s s\u00f3lidos del calendario teatral dominicano El Centro Cultural Banreservas anunci\u00f3 la Quinta Temporada de Teatro, dedicada al destacado teatrista, director y productor Giovanny Cruz, a celebrarse en Santo Domingo y Santiago desde el 7 al 29 de marzo, con un\u2026","rel":"","context":"En \u00abENTRETENIMIENTO\u00bb","block_context":{"text":"ENTRETENIMIENTO","link":"https:\/\/lasprimeras.com.do\/index.php\/category\/entretenimiento\/"},"img":{"alt_text":"","src":"https:\/\/i0.wp.com\/lasprimeras.com.do\/wp-content\/uploads\/2026\/02\/una-1.jpg?resize=350%2C200&ssl=1","width":350,"height":200,"srcset":"https:\/\/i0.wp.com\/lasprimeras.com.do\/wp-content\/uploads\/2026\/02\/una-1.jpg?resize=350%2C200&ssl=1 1x, https:\/\/i0.wp.com\/lasprimeras.com.do\/wp-content\/uploads\/2026\/02\/una-1.jpg?resize=525%2C300&ssl=1 1.5x, https:\/\/i0.wp.com\/lasprimeras.com.do\/wp-content\/uploads\/2026\/02\/una-1.jpg?resize=700%2C400&ssl=1 2x"},"classes":[]},{"id":127678,"url":"https:\/\/lasprimeras.com.do\/index.php\/2026\/04\/14\/banreservas-reconoce-a-giovanny-cruz-por-su-trayectoria-y-aportes-a-la-escena-dominicana\/","url_meta":{"origin":61941,"position":4},"title":"Banreservas reconoce a Giovanny Cruz por su trayectoria y aportes a la escena dominicana","author":"Nelson Feliz","date":"14 de abril de 2026","format":false,"excerpt":"El homenaje, realizado en el Centro Cultural Banreservas, marca uno de los momentos m\u00e1s significativos del cierre de la Quinta Temporada de Teatro Banreservas, destacando una trayectoria que ha influido de manera decisiva en la evoluci\u00f3n del teatro dominicano. El Banco de Reservas distingui\u00f3 con un homenaje a Giovanny Cruz\u2026","rel":"","context":"En \u00abENTRETENIMIENTO\u00bb","block_context":{"text":"ENTRETENIMIENTO","link":"https:\/\/lasprimeras.com.do\/index.php\/category\/entretenimiento\/"},"img":{"alt_text":"","src":"https:\/\/i0.wp.com\/lasprimeras.com.do\/wp-content\/uploads\/2026\/04\/una-1.jpg?resize=350%2C200&ssl=1","width":350,"height":200,"srcset":"https:\/\/i0.wp.com\/lasprimeras.com.do\/wp-content\/uploads\/2026\/04\/una-1.jpg?resize=350%2C200&ssl=1 1x, https:\/\/i0.wp.com\/lasprimeras.com.do\/wp-content\/uploads\/2026\/04\/una-1.jpg?resize=525%2C300&ssl=1 1.5x, https:\/\/i0.wp.com\/lasprimeras.com.do\/wp-content\/uploads\/2026\/04\/una-1.jpg?resize=700%2C400&ssl=1 2x"},"classes":[]},{"id":86793,"url":"https:\/\/lasprimeras.com.do\/index.php\/2024\/08\/01\/eppac-gradua-ocho-nuevos-tecnicos-del-periodismo\/","url_meta":{"origin":61941,"position":5},"title":"EPPAC grad\u00faa ocho nuevos t\u00e9cnicos del periodismo","author":"Nelson Feliz","date":"1 de agosto de 2024","format":false,"excerpt":"La reconocida Escuela de Periodismo Profesor Adriano de la Cruz, EPPAC, gradu\u00f3 el s\u00e1bado 27 de julio del 2024, 8 nuevos t\u00e9cnicos profesionales de la comunicaci\u00f3n. Esta es la d\u00e9cima y \u00faltima ceremonia de graduaci\u00f3n que realizara EPPAC, cumpliendo as\u00ed con el legado de su fundador profesor Adriano de la\u2026","rel":"","context":"En \u00abNACIONALES\u00bb","block_context":{"text":"NACIONALES","link":"https:\/\/lasprimeras.com.do\/index.php\/category\/nacionales\/"},"img":{"alt_text":"Graduacion EPPAC","src":"https:\/\/i0.wp.com\/lasprimeras.com.do\/wp-content\/uploads\/2024\/08\/Graduacion-EPPAC.jpg?resize=350%2C200&ssl=1","width":350,"height":200,"srcset":"https:\/\/i0.wp.com\/lasprimeras.com.do\/wp-content\/uploads\/2024\/08\/Graduacion-EPPAC.jpg?resize=350%2C200&ssl=1 1x, https:\/\/i0.wp.com\/lasprimeras.com.do\/wp-content\/uploads\/2024\/08\/Graduacion-EPPAC.jpg?resize=525%2C300&ssl=1 1.5x"},"classes":[]}],"jetpack_sharing_enabled":true,"_links":{"self":[{"href":"https:\/\/lasprimeras.com.do\/index.php\/wp-json\/wp\/v2\/posts\/61941","targetHints":{"allow":["GET"]}}],"collection":[{"href":"https:\/\/lasprimeras.com.do\/index.php\/wp-json\/wp\/v2\/posts"}],"about":[{"href":"https:\/\/lasprimeras.com.do\/index.php\/wp-json\/wp\/v2\/types\/post"}],"author":[{"embeddable":true,"href":"https:\/\/lasprimeras.com.do\/index.php\/wp-json\/wp\/v2\/users\/3"}],"replies":[{"embeddable":true,"href":"https:\/\/lasprimeras.com.do\/index.php\/wp-json\/wp\/v2\/comments?post=61941"}],"version-history":[{"count":1,"href":"https:\/\/lasprimeras.com.do\/index.php\/wp-json\/wp\/v2\/posts\/61941\/revisions"}],"predecessor-version":[{"id":61943,"href":"https:\/\/lasprimeras.com.do\/index.php\/wp-json\/wp\/v2\/posts\/61941\/revisions\/61943"}],"wp:featuredmedia":[{"embeddable":true,"href":"https:\/\/lasprimeras.com.do\/index.php\/wp-json\/wp\/v2\/media\/61942"}],"wp:attachment":[{"href":"https:\/\/lasprimeras.com.do\/index.php\/wp-json\/wp\/v2\/media?parent=61941"}],"wp:term":[{"taxonomy":"category","embeddable":true,"href":"https:\/\/lasprimeras.com.do\/index.php\/wp-json\/wp\/v2\/categories?post=61941"},{"taxonomy":"post_tag","embeddable":true,"href":"https:\/\/lasprimeras.com.do\/index.php\/wp-json\/wp\/v2\/tags?post=61941"}],"curies":[{"name":"wp","href":"https:\/\/api.w.org\/{rel}","templated":true}]}}