{"id":61950,"date":"2023-10-02T06:54:37","date_gmt":"2023-10-02T10:54:37","guid":{"rendered":"https:\/\/lasprimeras.com.do\/?p=61950"},"modified":"2023-10-02T06:54:38","modified_gmt":"2023-10-02T10:54:38","slug":"prm-castiga-a-manuel-jimenez-y-escoge-a-dio-astacio-para-alcaldia-de-santo-domingo-este","status":"publish","type":"post","link":"https:\/\/lasprimeras.com.do\/index.php\/2023\/10\/02\/prm-castiga-a-manuel-jimenez-y-escoge-a-dio-astacio-para-alcaldia-de-santo-domingo-este\/","title":{"rendered":"PRM castiga a Manuel Jim\u00e9nez y escoge a D\u00edo Astacio para alcald\u00eda de Santo Domingo Este"},"content":{"rendered":"\n<p>Santo Domingo.-Las elecciones internas del Partido Revolucionario Moderno (PRM), realizadas ayer en el territorio dominicano para elegir a los candidatos que intentar\u00e1n obtener las curules en los pr\u00f3ximos comicios de 2024, establecieron una diferencia ante las encuestas difundidas en los \u00faltimos d\u00edas.<\/p>\n\n\n\n<p>Entre los aspirantes electorales que desde antes de ocurrir los sufragios internos se proclamaban como triunfadores estaban el alcalde Manuel Jim\u00e9nez, de Santo Domingo Este, quien parec\u00eda tener un liderazgo fortalecido.<\/p>\n\n\n\n<p>Sin embargo, los resultados contradijeron los vaticinios de algunos analistas pol\u00edticos.<\/p>\n\n\n\n<p>Trayectoria de Jim\u00e9nez<\/p>\n\n\n\n<p>Manuel Jim\u00e9nez formaliz\u00f3 sus intenciones pol\u00edticas a trav\u00e9s del Partido de la Liberaci\u00f3n Dominicana (PLD), con quien logr\u00f3 ser en tres ocasiones diputado por Santo Domingo Este, espec\u00edficamente en los a\u00f1os 2002, 2006 y 2010.<\/p>\n\n\n\n<p>A\u00f1os despu\u00e9s confirm\u00f3 sus aspiraciones por el cabildo de SDE por el partido morado que en ese momento era el partido de Gobierno. No obstante, las decisiones partidarias que \u201cimpon\u00edan\u201d a otro candidato lo detuvieron.<\/p>\n\n\n\n<p>Ante esto, Jim\u00e9nez respondi\u00f3 con su renuncia del PLD en 2015, luego de la alianza conformada por los peledeistas con el Partido Revolucionario Dominicano (PRD), desplaz\u00e1ndolo en ese momento de sus aspiraciones en ese partido a la alcald\u00eda de Santo Domingo Este. El PLD pretend\u00eda mantener en el cargo a Juan de los Santos, que ocupaba la posici\u00f3n desde el 2006.<\/p>\n\n\n\n<p>En busca de otro partido que sirviera como plataforma para cumplir con sus intentos de ser representante del ayuntamiento del territorio este del Gran Santo Domingo, Jim\u00e9nez ingres\u00f3 en 2016 a las filas del PRM, organizaci\u00f3n pol\u00edtica a la que representa actualmente desde esa posici\u00f3n.<\/p>\n\n\n\n<p>Jim\u00e9nez intent\u00f3 en los comicios del 2016 ser electo alcalde pero result\u00f3 perdedor ante Alfrendo Mart\u00ednez, del PLD, quien ocup\u00f3 la posici\u00f3n ante el asesinato de De los Santos en diciembre de 2015.<\/p>\n\n\n\n<p>En el proceso de elecciones desarrollado ayer de los precandidatos en SDE, Jim\u00e9nez obtuvo tan solo el 18.69% de los votos totales, situ\u00e1ndolo en la cuarta posici\u00f3n. En primer lugar, se encuentra el pastor Dio Astacio, con un 35.36%, seguido de Ad\u00e1n Peguero, con el 23.24% y el tercer puesto lo tiene Bertico Santana, 22.77%.<\/p>\n\n\n\n<p>Ante la proclamaci\u00f3n del reci\u00e9n electo candidato a la alcald\u00eda de ese municipio, Manuel Jim\u00e9nez dijo que este lunes reunir\u00e1 a su equipo y anunciar\u00e1 las elecciones que correspondan.<\/p>\n\n\n\n<p>\u201cHablamos Ma\u00f1ana. Estamos observando, muy minuciosamente, los componentes del proceso de primarias del PRM en Santo Domingo Este\u201d, dijo por medio de una publicaci\u00f3n en sus redes sociales.<\/p>\n\n\n\n<p>Candidato del PRM<\/p>\n\n\n\n<p>El pastor D\u00edo Astacio, candidato electo para los perremeistas, intent\u00f3 ser diputado de SDE por el Partido Quisqueyano Dem\u00f3crata Cristiano (PQDC) pero, finalmente, se postul\u00f3 como candidato a Alcalde por el mismo municipio para las elecciones generales de mayo de 2016, con el apoyo de l\u00edderes cristianos.<\/p>\n\n\n\n<p>En esta contienda electoral result\u00f3 elegido el candidato del PLD, Alfredo Mart\u00ednez, al\u00edas &#8220;El Ca\u00f1ero&#8221;, quedando Astacio en tercer lugar con el 11% de los votos computados en su primera participaci\u00f3n en la pol\u00edtica.<\/p>\n\n\n\n<p>Luego de su salida del PQDC en diciembre de 2016, Astacio pasa a inscribirse en el PRM, con quienes, en las primarias de 2019 compiti\u00f3 como precandidato a Alcalde de Santo Domingo Este con Katy B\u00e1ez y el ganador del proceso Manuel Jim\u00e9nez.<\/p>\n\n\n\n<p>Astacio ha sido designado en diversas ocasiones en el mandato presidencial de Abinader: fue titular de la Direcci\u00f3n Ejecutiva del Consejo de Gesti\u00f3n Presidencial, coordinador del Gabinete de Familia y fungi\u00f3 como enlace de las iglesias evang\u00e9licas con el Poder Ejecutivo.<\/p>\n\n\n\n<p>Astacio atribuy\u00f3 su \u00e9xito en las primarias del Partido Revolucionario Moderno (PRM) a Dios y a 12 a\u00f1os de \u201cintenso trabajo\u201d.<\/p>\n\n\n\n<p>Resalt\u00f3 que los resultados alcanzados son gracias a un \u201cequipo consolidado con el tiempo que crey\u00f3 en nosotros, que nos dio su apoyo y, sobre todo, a un partido que te da la oportunidad de crecer\u201d.<\/p>\n\n\n\n<p>Por otro lado, asegur\u00f3 que valora mucho el trabajo que hizo Jim\u00e9nez y que, a pesar de que algunas cosas \u201cno salieron bien\u201d, sabe que es un hombre honesto y \u201cun trabador incansable\u201d.<\/p>\n\n\n\n<p>Hasta el momento, los principales candidatos a los cuales tendr\u00e1 que enfrentar Astacio en las elecciones municipales de 2024 son Luis Alberto Tejada por el PLD y Julio Romero desde el Partido Fuerza del Pueblo (FP).<\/p>\n\n\n\n<p><\/p>\n","protected":false},"excerpt":{"rendered":"<p>Santo Domingo.-Las elecciones internas del Partido Revolucionario Moderno (PRM), realizadas ayer en el territorio dominicano para elegir a los candidatos que intentar\u00e1n obtener las curules en los pr\u00f3ximos comicios de&hellip;<\/p>\n","protected":false},"author":3,"featured_media":61953,"comment_status":"open","ping_status":"open","sticky":false,"template":"","format":"standard","meta":{"content-type":"","jetpack_post_was_ever_published":false,"_jetpack_newsletter_access":"","_jetpack_dont_email_post_to_subs":false,"_jetpack_newsletter_tier_id":0,"_jetpack_memberships_contains_paywalled_content":false,"_jetpack_memberships_contains_paid_content":false,"footnotes":""},"categories":[25],"tags":[],"class_list":["post-61950","post","type-post","status-publish","format-standard","has-post-thumbnail","hentry","category-portada"],"jetpack_featured_media_url":"https:\/\/lasprimeras.com.do\/wp-content\/uploads\/2023\/10\/WhatsApp-Image-2023-09-28-at-11.50.30-PM-1-6.jpeg","jetpack-related-posts":[{"id":103652,"url":"https:\/\/lasprimeras.com.do\/index.php\/2025\/07\/17\/manuel-jimenez-exhorta-a-diputados-aprobar-ley-que-asigna-nombre-la-trinitaria-a-santo-domingo-este\/","url_meta":{"origin":61950,"position":0},"title":"Manuel Jim\u00e9nez exhorta a diputados aprobar Ley que asigna nombre &#8220;La Trinitaria&#8221; a Santo Domingo Este","author":"Nelson Feliz","date":"17 de julio de 2025","format":false,"excerpt":"El dirigente pol\u00edtico del Partido Revolucionario Moderno (PRM) Manuel Jim\u00e9nez, exhort\u00f3 a la C\u00e1mara de Diputados a avanzar en la discusi\u00f3n del proyecto que asigna el nombre de La Trinitaria al municipio Santo Domingo Este. El ex alcalde record\u00f3 que cientos de dirigentes comunitarios, pol\u00edticos y empresarios han celebrado vistas\u2026","rel":"","context":"En \u00abNACIONALES\u00bb","block_context":{"text":"NACIONALES","link":"https:\/\/lasprimeras.com.do\/index.php\/category\/nacionales\/"},"img":{"alt_text":"Manuel Jim\u00e9nez","src":"https:\/\/i0.wp.com\/lasprimeras.com.do\/wp-content\/uploads\/2025\/07\/Manuel-Jimenez-1.jpg?resize=350%2C200&ssl=1","width":350,"height":200,"srcset":"https:\/\/i0.wp.com\/lasprimeras.com.do\/wp-content\/uploads\/2025\/07\/Manuel-Jimenez-1.jpg?resize=350%2C200&ssl=1 1x, https:\/\/i0.wp.com\/lasprimeras.com.do\/wp-content\/uploads\/2025\/07\/Manuel-Jimenez-1.jpg?resize=525%2C300&ssl=1 1.5x, https:\/\/i0.wp.com\/lasprimeras.com.do\/wp-content\/uploads\/2025\/07\/Manuel-Jimenez-1.jpg?resize=700%2C400&ssl=1 2x"},"classes":[]},{"id":120697,"url":"https:\/\/lasprimeras.com.do\/index.php\/2026\/01\/27\/manuel-jimenez-recomienda-funcionarios-y-politicos-tengan-a-duarte-como-guia\/","url_meta":{"origin":61950,"position":1},"title":"Manuel Jim\u00e9nez recomienda funcionarios y pol\u00edticos tengan a Duarte como gu\u00eda","author":"Nelson Feliz","date":"27 de enero de 2026","format":false,"excerpt":"El dirigente pol\u00edtico asegur\u00f3 que Duarte es el ejemplo de eficiencia y honestidad que todo gobierno necesita segu\u00edr. En el marco de un acto conmemorativo de los 213 a\u00f1os del natalicio de Juan Pablo Duarte, el dirigente pol\u00edtico y gestor cultural Manuel Jim\u00e9nez exhort\u00f3 a todos los servidores p\u00fablicos del\u2026","rel":"","context":"En \u00abNACIONALES\u00bb","block_context":{"text":"NACIONALES","link":"https:\/\/lasprimeras.com.do\/index.php\/category\/nacionales\/"},"img":{"alt_text":"","src":"https:\/\/i0.wp.com\/lasprimeras.com.do\/wp-content\/uploads\/2026\/01\/IMG-20260126-WA0727.jpg?resize=350%2C200&ssl=1","width":350,"height":200,"srcset":"https:\/\/i0.wp.com\/lasprimeras.com.do\/wp-content\/uploads\/2026\/01\/IMG-20260126-WA0727.jpg?resize=350%2C200&ssl=1 1x, https:\/\/i0.wp.com\/lasprimeras.com.do\/wp-content\/uploads\/2026\/01\/IMG-20260126-WA0727.jpg?resize=525%2C300&ssl=1 1.5x, https:\/\/i0.wp.com\/lasprimeras.com.do\/wp-content\/uploads\/2026\/01\/IMG-20260126-WA0727.jpg?resize=700%2C400&ssl=1 2x, https:\/\/i0.wp.com\/lasprimeras.com.do\/wp-content\/uploads\/2026\/01\/IMG-20260126-WA0727.jpg?resize=1050%2C600&ssl=1 3x, https:\/\/i0.wp.com\/lasprimeras.com.do\/wp-content\/uploads\/2026\/01\/IMG-20260126-WA0727.jpg?resize=1400%2C800&ssl=1 4x"},"classes":[]},{"id":115603,"url":"https:\/\/lasprimeras.com.do\/index.php\/2025\/11\/24\/regidor-del-pld-y-dirigentes-del-prm-se-juramentan-en-la-fuerza-del-pueblo\/","url_meta":{"origin":61950,"position":2},"title":"Regidor del PLD y dirigentes del PRM se juramentan en la Fuerza del Pueblo","author":"Nelson Feliz","date":"24 de noviembre de 2025","format":false,"excerpt":"En un acto encabezado por Radham\u00e9s Jim\u00e9nez Pe\u00f1a, l\u00edderes comunitarios, pastores y exdirigentes de varios partidos pol\u00edticos oficializaron su paso a las filas de la Fuerza del Pueblo. En una muestra de reconfiguraci\u00f3n pol\u00edtica en Santo Domingo Norte, un importante grupo de dirigentes y l\u00edderes comunitarios de distintas fuerzas pol\u00edticas\u2026","rel":"","context":"En \u00abPOLITICA\u00bb","block_context":{"text":"POLITICA","link":"https:\/\/lasprimeras.com.do\/index.php\/category\/politica\/"},"img":{"alt_text":"Radham\u00e9s Jim\u00e9nez Pe\u00f1a","src":"https:\/\/i0.wp.com\/lasprimeras.com.do\/wp-content\/uploads\/2025\/11\/Radhames-Jimenez-Pena-1.jpg?resize=350%2C200&ssl=1","width":350,"height":200,"srcset":"https:\/\/i0.wp.com\/lasprimeras.com.do\/wp-content\/uploads\/2025\/11\/Radhames-Jimenez-Pena-1.jpg?resize=350%2C200&ssl=1 1x, https:\/\/i0.wp.com\/lasprimeras.com.do\/wp-content\/uploads\/2025\/11\/Radhames-Jimenez-Pena-1.jpg?resize=525%2C300&ssl=1 1.5x, https:\/\/i0.wp.com\/lasprimeras.com.do\/wp-content\/uploads\/2025\/11\/Radhames-Jimenez-Pena-1.jpg?resize=700%2C400&ssl=1 2x"},"classes":[]},{"id":56365,"url":"https:\/\/lasprimeras.com.do\/index.php\/2023\/07\/31\/manuel-jimenez-lo-publico-es-lo-mas-ajeno-que-hay\/","url_meta":{"origin":61950,"position":3},"title":"Manuel Jim\u00e9nez: \u201cLo p\u00fablico es lo m\u00e1s ajeno que hay\u201d","author":"Nelson Feliz","date":"31 de julio de 2023","format":false,"excerpt":"El alcalde Manuel Jim\u00e9nez asegur\u00f3 hoy que ning\u00fan dirigente pol\u00edtico ni funcionario del Ayuntamiento de Santo Domingo Este puede ni podr\u00e1 disponer de los recursos de cabildo para fines de campa\u00f1a electoral, porque \u201cel dinero p\u00fablico es lo m\u00e1s ajeno que hay\u201d, y su gesti\u00f3n est\u00e1 obligada a rendirle cuentas\u2026","rel":"","context":"En \u00abNACIONALES\u00bb","block_context":{"text":"NACIONALES","link":"https:\/\/lasprimeras.com.do\/index.php\/category\/nacionales\/"},"img":{"alt_text":"Manuel Jim\u00e9nez","src":"https:\/\/i0.wp.com\/lasprimeras.com.do\/wp-content\/uploads\/2023\/07\/Manuel-Jimenez-11.jpg?resize=350%2C200&ssl=1","width":350,"height":200,"srcset":"https:\/\/i0.wp.com\/lasprimeras.com.do\/wp-content\/uploads\/2023\/07\/Manuel-Jimenez-11.jpg?resize=350%2C200&ssl=1 1x, https:\/\/i0.wp.com\/lasprimeras.com.do\/wp-content\/uploads\/2023\/07\/Manuel-Jimenez-11.jpg?resize=525%2C300&ssl=1 1.5x, https:\/\/i0.wp.com\/lasprimeras.com.do\/wp-content\/uploads\/2023\/07\/Manuel-Jimenez-11.jpg?resize=700%2C400&ssl=1 2x"},"classes":[]},{"id":54847,"url":"https:\/\/lasprimeras.com.do\/index.php\/2023\/07\/15\/manuel-jimenez-garantiza-triunfo-del-prm-en-santo-domingo-este\/","url_meta":{"origin":61950,"position":4},"title":"Manuel Jim\u00e9nez garantiza triunfo del PRM en Santo Domingo Este","author":"Nelson Feliz","date":"15 de julio de 2023","format":false,"excerpt":"JIM\u00c9NEZ INSTRUY\u00d3 A SUS EQUIPOS PARA QUE GANEN Y SUMEN, COMO GARANT\u00cdA DEL TRIUNFO OFICIALISTA EN 2024 Por Martin Restituyo En un multitudinario acto celebrado en el polideportivo de Invivienda, el alcalde Manuel Jim\u00e9nez jurament\u00f3 este s\u00e1bado los equipos pol\u00edticos con los que busca ganar las elecciones primarias del Partido\u2026","rel":"","context":"En \u00abPORTADA\u00bb","block_context":{"text":"PORTADA","link":"https:\/\/lasprimeras.com.do\/index.php\/category\/portada\/"},"img":{"alt_text":"Manuel Jimenez","src":"https:\/\/i0.wp.com\/lasprimeras.com.do\/wp-content\/uploads\/2023\/07\/Manuel-Jimenez-6.jpg?resize=350%2C200&ssl=1","width":350,"height":200,"srcset":"https:\/\/i0.wp.com\/lasprimeras.com.do\/wp-content\/uploads\/2023\/07\/Manuel-Jimenez-6.jpg?resize=350%2C200&ssl=1 1x, https:\/\/i0.wp.com\/lasprimeras.com.do\/wp-content\/uploads\/2023\/07\/Manuel-Jimenez-6.jpg?resize=525%2C300&ssl=1 1.5x, https:\/\/i0.wp.com\/lasprimeras.com.do\/wp-content\/uploads\/2023\/07\/Manuel-Jimenez-6.jpg?resize=700%2C400&ssl=1 2x"},"classes":[]},{"id":77641,"url":"https:\/\/lasprimeras.com.do\/index.php\/2024\/02\/23\/manuel-jimenez-activa-su-equipo-politico-para-trabajar-por-la-reeleccion-del-presidente-abinader\/","url_meta":{"origin":61950,"position":5},"title":"Manuel Jim\u00e9nez activa su equipo pol\u00edtico para trabajar por la reelecci\u00f3n del presidente Abinader","author":"BIMARY DE JES\u00daS Matos","date":"23 de febrero de 2024","format":false,"excerpt":"Santo Domingo.-El alcalde Manuel Jim\u00e9nez realiz\u00f3 la primera reuni\u00f3n preparativa de su equipo pol\u00edtico dentro del Partido Revolucionario Moderno (PRM) para iniciar de inmediato los trabajos de promoci\u00f3n y defensa de la reelecci\u00f3n del presidente Luis Abinader en las elecciones de mayo pr\u00f3ximo. Con el objetivo de contribuir a consolidar\u2026","rel":"","context":"En \u00abPORTADA\u00bb","block_context":{"text":"PORTADA","link":"https:\/\/lasprimeras.com.do\/index.php\/category\/portada\/"},"img":{"alt_text":"","src":"https:\/\/i0.wp.com\/lasprimeras.com.do\/wp-content\/uploads\/2024\/02\/IMG-20240223-WA0051.jpg?resize=350%2C200&ssl=1","width":350,"height":200,"srcset":"https:\/\/i0.wp.com\/lasprimeras.com.do\/wp-content\/uploads\/2024\/02\/IMG-20240223-WA0051.jpg?resize=350%2C200&ssl=1 1x, https:\/\/i0.wp.com\/lasprimeras.com.do\/wp-content\/uploads\/2024\/02\/IMG-20240223-WA0051.jpg?resize=525%2C300&ssl=1 1.5x, https:\/\/i0.wp.com\/lasprimeras.com.do\/wp-content\/uploads\/2024\/02\/IMG-20240223-WA0051.jpg?resize=700%2C400&ssl=1 2x, https:\/\/i0.wp.com\/lasprimeras.com.do\/wp-content\/uploads\/2024\/02\/IMG-20240223-WA0051.jpg?resize=1050%2C600&ssl=1 3x, https:\/\/i0.wp.com\/lasprimeras.com.do\/wp-content\/uploads\/2024\/02\/IMG-20240223-WA0051.jpg?resize=1400%2C800&ssl=1 4x"},"classes":[]}],"jetpack_sharing_enabled":true,"_links":{"self":[{"href":"https:\/\/lasprimeras.com.do\/index.php\/wp-json\/wp\/v2\/posts\/61950","targetHints":{"allow":["GET"]}}],"collection":[{"href":"https:\/\/lasprimeras.com.do\/index.php\/wp-json\/wp\/v2\/posts"}],"about":[{"href":"https:\/\/lasprimeras.com.do\/index.php\/wp-json\/wp\/v2\/types\/post"}],"author":[{"embeddable":true,"href":"https:\/\/lasprimeras.com.do\/index.php\/wp-json\/wp\/v2\/users\/3"}],"replies":[{"embeddable":true,"href":"https:\/\/lasprimeras.com.do\/index.php\/wp-json\/wp\/v2\/comments?post=61950"}],"version-history":[{"count":1,"href":"https:\/\/lasprimeras.com.do\/index.php\/wp-json\/wp\/v2\/posts\/61950\/revisions"}],"predecessor-version":[{"id":61954,"href":"https:\/\/lasprimeras.com.do\/index.php\/wp-json\/wp\/v2\/posts\/61950\/revisions\/61954"}],"wp:featuredmedia":[{"embeddable":true,"href":"https:\/\/lasprimeras.com.do\/index.php\/wp-json\/wp\/v2\/media\/61953"}],"wp:attachment":[{"href":"https:\/\/lasprimeras.com.do\/index.php\/wp-json\/wp\/v2\/media?parent=61950"}],"wp:term":[{"taxonomy":"category","embeddable":true,"href":"https:\/\/lasprimeras.com.do\/index.php\/wp-json\/wp\/v2\/categories?post=61950"},{"taxonomy":"post_tag","embeddable":true,"href":"https:\/\/lasprimeras.com.do\/index.php\/wp-json\/wp\/v2\/tags?post=61950"}],"curies":[{"name":"wp","href":"https:\/\/api.w.org\/{rel}","templated":true}]}}