{"id":61955,"date":"2023-10-02T06:57:07","date_gmt":"2023-10-02T10:57:07","guid":{"rendered":"https:\/\/lasprimeras.com.do\/?p=61955"},"modified":"2023-10-02T06:57:08","modified_gmt":"2023-10-02T10:57:08","slug":"pld-elige-precandidatos-a-regidores-circ-3-del-dn","status":"publish","type":"post","link":"https:\/\/lasprimeras.com.do\/index.php\/2023\/10\/02\/pld-elige-precandidatos-a-regidores-circ-3-del-dn\/","title":{"rendered":"PLD elige precandidatos a regidores circ. 3 del DN"},"content":{"rendered":"\n<p>Santo Domingo.-La Comisi\u00f3n Electoral de la Circunscripci\u00f3n Tres del Partido de la Liberaci\u00f3n Dominicana (PLD) en el Distrito Nacional dio a conocer los resultados de las votaciones de los dirigentes que participaron en la Asamblea de Delegados realizada este s\u00e1bado en la Casa Nacional.<\/p>\n\n\n\n<p>Miriam Cabral, coordinadora de dicha comisi\u00f3n dijo que el orden de la votaci\u00f3n es como sigue: Alfredo Lois, Franklin Ferreras, Pablo Fern\u00e1ndez, Juan Carlos Gonz\u00e1lez, Yasser Dom\u00ednguez, Eugenio Reynoso, Robinson Garc\u00eda, Santos Contreras, Milagros Pichardo, Ricardo Lamarche, Alexander Rosario, Quirico Guerrero, Carmen Gal\u00e1n, Valentina Mad\u00e9 de la Rosa, Jos\u00e9 N\u00fa\u00f1ez, Alida Heredia, Ana Silvia de Castro, Pericles Junior, Edras Figueroa Mercedes y Antonio Marte.<\/p>\n\n\n\n<p>Cabral explic\u00f3 que ahora le corresponde a la Comisi\u00f3n Nacional Electoral del PLD informar de la boleta que se presentar\u00e1 en las elecciones de febrero del pr\u00f3ximo a\u00f1o tomando en cuenta las reservas de candidaturas de la direcci\u00f3n partidaria y la aplicaci\u00f3n de la cuota de g\u00e9nero seg\u00fan se establece en la Ley 33-18 de Partidos, Agrupaciones y Movimientos Pol\u00edticos.<\/p>\n\n\n\n<p>Resalt\u00f3 que, en total, ejercieron su derecho al voto 1,711 delegados y delegadas de un total facultado para votar de 2,498, que son presidentes de Comit\u00e9s de Base o miembros del Comit\u00e9 Central del PLD.<br>Los esca\u00f1os de la circunscripci\u00f3n tres del Distrito Nacional con 14 en el Concejo de Regidores y la direcci\u00f3n del PLD hizo una reserva de cuatro de esas plazas.<\/p>\n\n\n\n<p>Otras asambleas<\/p>\n\n\n\n<p>El PLD inform\u00f3 que los d\u00edas 7 y 8 de octubre tiene programado realizar las faltantes Asambleas de Delegados para escoger los candidatos y candidatas regidores y vocales, mientras se avanza en la aplicaci\u00f3n de las encuestas para escoger candidatos a las alcald\u00edas y direcciones de distritos municipales.<\/p>\n\n\n\n<p>Todav\u00eda no se conocen los resultados en SDE<\/p>\n\n\n\n<p>El PLD tambi\u00e9n realiz\u00f3 su asamblea de delegados en la CE. 3 del municipio Santo Domingo Este, aunque no dio a conocer de inmediato los resultados. El multiuso Eugenio Mar\u00eda de Hostos, en Invivienda, fue el local utilizado para esta actividad. Estaban convocados 949 presidentes de comit\u00e9 de base, 56 miembros del Comit\u00e9 Central, distribuidos en 53 comit\u00e9s intermedios.<\/p>\n","protected":false},"excerpt":{"rendered":"<p>Santo Domingo.-La Comisi\u00f3n Electoral de la Circunscripci\u00f3n Tres del Partido de la Liberaci\u00f3n Dominicana (PLD) en el Distrito Nacional dio a conocer los resultados de las votaciones de los dirigentes&hellip;<\/p>\n","protected":false},"author":3,"featured_media":61956,"comment_status":"open","ping_status":"open","sticky":false,"template":"","format":"standard","meta":{"content-type":"","jetpack_post_was_ever_published":false,"_jetpack_newsletter_access":"","_jetpack_dont_email_post_to_subs":false,"_jetpack_newsletter_tier_id":0,"_jetpack_memberships_contains_paywalled_content":false,"_jetpack_memberships_contains_paid_content":false,"footnotes":""},"categories":[1],"tags":[],"class_list":["post-61955","post","type-post","status-publish","format-standard","has-post-thumbnail","hentry","category-sin-categoria"],"jetpack_featured_media_url":"https:\/\/lasprimeras.com.do\/wp-content\/uploads\/2023\/10\/WhatsApp-Image-2023-09-28-at-11.50.30-PM-1-7.jpeg","jetpack-related-posts":[{"id":61745,"url":"https:\/\/lasprimeras.com.do\/index.php\/2023\/09\/30\/alta-concurrencia-en-la-asamblea-de-delegados-del-pld-en-el-municipio-sde\/","url_meta":{"origin":61955,"position":0},"title":"Alta concurrencia en la Asamblea de Delegados del PLD en el municipio SDE","author":"Nelson Feliz","date":"30 de septiembre de 2023","format":false,"excerpt":"La Asamblea de Delegados de la CE 3 del Municipio SDE debe servir de ejemplo para las asambleas pendientes de realizar, apunta Robert De la Cruz de la CNE del PLD. La Comisi\u00f3n Electoral de la Circunscripci\u00f3n Tres del Partido de la Liberaci\u00f3n Dominicana (PLD) en el municipio Santo Domingo\u2026","rel":"","context":"En \u00abPORTADA\u00bb","block_context":{"text":"PORTADA","link":"https:\/\/lasprimeras.com.do\/index.php\/category\/portada\/"},"img":{"alt_text":"Robert De la Cruz","src":"https:\/\/i0.wp.com\/lasprimeras.com.do\/wp-content\/uploads\/2023\/09\/Robert-De-la-Cruz.jpg?resize=350%2C200&ssl=1","width":350,"height":200,"srcset":"https:\/\/i0.wp.com\/lasprimeras.com.do\/wp-content\/uploads\/2023\/09\/Robert-De-la-Cruz.jpg?resize=350%2C200&ssl=1 1x, https:\/\/i0.wp.com\/lasprimeras.com.do\/wp-content\/uploads\/2023\/09\/Robert-De-la-Cruz.jpg?resize=525%2C300&ssl=1 1.5x, https:\/\/i0.wp.com\/lasprimeras.com.do\/wp-content\/uploads\/2023\/09\/Robert-De-la-Cruz.jpg?resize=700%2C400&ssl=1 2x"},"classes":[]},{"id":62816,"url":"https:\/\/lasprimeras.com.do\/index.php\/2023\/10\/08\/82-de-delegados-participan-en-asamblea-del-pld\/","url_meta":{"origin":61955,"position":1},"title":"82 % de delegados participan en asamblea del PLD","author":"Nelson Feliz","date":"8 de octubre de 2023","format":false,"excerpt":"El PLD en la Circunscripci\u00f3n Electoral 1 del D.N. da conocer la votaci\u00f3n alcanzada por los precandidatos (as) a regidores. La Comisi\u00f3n Electoral de la Circunscripci\u00f3n Uno del Partido de la Liberaci\u00f3n Dominicana (PLD) en el Distrito Nacional dio a conocer los resultados de las votaciones de los dirigentes que\u2026","rel":"","context":"En \u00abSin categor\u00eda\u00bb","block_context":{"text":"Sin categor\u00eda","link":"https:\/\/lasprimeras.com.do\/index.php\/category\/sin-categoria\/"},"img":{"alt_text":"PLD","src":"https:\/\/i0.wp.com\/lasprimeras.com.do\/wp-content\/uploads\/2023\/10\/pld.jpeg?resize=350%2C200&ssl=1","width":350,"height":200,"srcset":"https:\/\/i0.wp.com\/lasprimeras.com.do\/wp-content\/uploads\/2023\/10\/pld.jpeg?resize=350%2C200&ssl=1 1x, https:\/\/i0.wp.com\/lasprimeras.com.do\/wp-content\/uploads\/2023\/10\/pld.jpeg?resize=525%2C300&ssl=1 1.5x, https:\/\/i0.wp.com\/lasprimeras.com.do\/wp-content\/uploads\/2023\/10\/pld.jpeg?resize=700%2C400&ssl=1 2x"},"classes":[]},{"id":90439,"url":"https:\/\/lasprimeras.com.do\/index.php\/2024\/10\/20\/pld-concluye-proceso-de-votacion-del-comite-central\/","url_meta":{"origin":61955,"position":2},"title":"PLD concluye proceso de votaci\u00f3n del Comit\u00e9 Central","author":"Nelson Feliz","date":"20 de octubre de 2024","format":false,"excerpt":"El Partido de la Liberaci\u00f3n Dominicana (PLD) concluy\u00f3 la elecci\u00f3n a nivel local de los 183 miembros al Comit\u00e9 Central, a las 5:00 de la tarde de este domingo, como estaba estipulado en todas las provincias y circunscripciones del pa\u00eds. La informaci\u00f3n fue ofrecida por la coordinadora de la Comisi\u00f3n\u2026","rel":"","context":"En \u00abSin categor\u00eda\u00bb","block_context":{"text":"Sin categor\u00eda","link":"https:\/\/lasprimeras.com.do\/index.php\/category\/sin-categoria\/"},"img":{"alt_text":"","src":"https:\/\/i0.wp.com\/lasprimeras.com.do\/wp-content\/uploads\/2024\/05\/CN-PLD.jpg?resize=350%2C200&ssl=1","width":350,"height":200,"srcset":"https:\/\/i0.wp.com\/lasprimeras.com.do\/wp-content\/uploads\/2024\/05\/CN-PLD.jpg?resize=350%2C200&ssl=1 1x, https:\/\/i0.wp.com\/lasprimeras.com.do\/wp-content\/uploads\/2024\/05\/CN-PLD.jpg?resize=525%2C300&ssl=1 1.5x, https:\/\/i0.wp.com\/lasprimeras.com.do\/wp-content\/uploads\/2024\/05\/CN-PLD.jpg?resize=700%2C400&ssl=1 2x"},"classes":[]},{"id":90390,"url":"https:\/\/lasprimeras.com.do\/index.php\/2024\/10\/20\/elecciones-en-el-pld-de-9-00-a-m-a-5-00-p-m\/","url_meta":{"origin":61955,"position":3},"title":"Elecciones en el PLD, de 9.00 a.m. a 5.00 p.m.","author":"Nelson Feliz","date":"20 de octubre de 2024","format":false,"excerpt":"El Partido de la Liberaci\u00f3n Dominicana tiene todo preparado para la celebraci\u00f3n de las elecciones de los nuevos miembros del Comit\u00e9 Central programada para este domingo, 20 del cursante octubre. Las elecciones se realizar\u00e1n en 237 mesas de votaciones, distribuidas en todo el territorio nacional desde las 9:00 de la\u2026","rel":"","context":"En \u00abSin categor\u00eda\u00bb","block_context":{"text":"Sin categor\u00eda","link":"https:\/\/lasprimeras.com.do\/index.php\/category\/sin-categoria\/"},"img":{"alt_text":"","src":"https:\/\/i0.wp.com\/lasprimeras.com.do\/wp-content\/uploads\/2024\/10\/Elecciones-1y3-2.jpg?resize=350%2C200&ssl=1","width":350,"height":200,"srcset":"https:\/\/i0.wp.com\/lasprimeras.com.do\/wp-content\/uploads\/2024\/10\/Elecciones-1y3-2.jpg?resize=350%2C200&ssl=1 1x, https:\/\/i0.wp.com\/lasprimeras.com.do\/wp-content\/uploads\/2024\/10\/Elecciones-1y3-2.jpg?resize=525%2C300&ssl=1 1.5x"},"classes":[]},{"id":113598,"url":"https:\/\/lasprimeras.com.do\/index.php\/2025\/11\/04\/preparativos-de-la-eleccion-de-la-direccion-de-dignidad-juridica\/","url_meta":{"origin":61955,"position":4},"title":"Preparativos de la elecci\u00f3n de la Direcci\u00f3n de Dignidad Jur\u00eddica","author":"Nelson Feliz","date":"4 de noviembre de 2025","format":false,"excerpt":"Elecci\u00f3n del equipo de direcci\u00f3n de Dignidad Jur\u00eddica del PLD, ser\u00e1 el domingo 30 de noviembre. Ubicar\u00e1n centros de votaciones por regiones. La secretaria de Asuntos Gremiales y Profesionales del Partido de la Liberaci\u00f3n Dominicana (PLD) de manera conjunta con la comisi\u00f3n designada para organizar las elecciones de la direcci\u00f3n\u2026","rel":"","context":"En \u00abPOLITICA\u00bb","block_context":{"text":"POLITICA","link":"https:\/\/lasprimeras.com.do\/index.php\/category\/politica\/"},"img":{"alt_text":"","src":"https:\/\/i0.wp.com\/lasprimeras.com.do\/wp-content\/uploads\/2025\/11\/Imagen-1.jpg?resize=350%2C200&ssl=1","width":350,"height":200,"srcset":"https:\/\/i0.wp.com\/lasprimeras.com.do\/wp-content\/uploads\/2025\/11\/Imagen-1.jpg?resize=350%2C200&ssl=1 1x, https:\/\/i0.wp.com\/lasprimeras.com.do\/wp-content\/uploads\/2025\/11\/Imagen-1.jpg?resize=525%2C300&ssl=1 1.5x, https:\/\/i0.wp.com\/lasprimeras.com.do\/wp-content\/uploads\/2025\/11\/Imagen-1.jpg?resize=700%2C400&ssl=1 2x"},"classes":[]},{"id":90120,"url":"https:\/\/lasprimeras.com.do\/index.php\/2024\/10\/13\/pld-capacita-comision-electorales-con-miras-a-las-elecciones-de-los-miembros-del-c-c\/","url_meta":{"origin":61955,"position":5},"title":"PLD capacita Comisi\u00f3n Electorales con miras a las elecciones de los miembros del C.C.","author":"Nelson Feliz","date":"13 de octubre de 2024","format":false,"excerpt":"El PLD realiza jornadas de capacitaci\u00f3n de las Comisi\u00f3n Electorales con miras a las elecciones de los nuevos miembros del Comit\u00e9 Central Desde el pasado viernes 11 hasta el pr\u00f3ximo martes 15 octubre, dirigentes del Partido de la Liberaci\u00f3n Dominicana (PLD) participan en las jornadas regionales de capacitaci\u00f3n de las\u2026","rel":"","context":"En \u00abSin categor\u00eda\u00bb","block_context":{"text":"Sin categor\u00eda","link":"https:\/\/lasprimeras.com.do\/index.php\/category\/sin-categoria\/"},"img":{"alt_text":"","src":"https:\/\/i0.wp.com\/lasprimeras.com.do\/wp-content\/uploads\/2024\/10\/COMISION-SALON-CP2.jpg?resize=350%2C200&ssl=1","width":350,"height":200,"srcset":"https:\/\/i0.wp.com\/lasprimeras.com.do\/wp-content\/uploads\/2024\/10\/COMISION-SALON-CP2.jpg?resize=350%2C200&ssl=1 1x, https:\/\/i0.wp.com\/lasprimeras.com.do\/wp-content\/uploads\/2024\/10\/COMISION-SALON-CP2.jpg?resize=525%2C300&ssl=1 1.5x, https:\/\/i0.wp.com\/lasprimeras.com.do\/wp-content\/uploads\/2024\/10\/COMISION-SALON-CP2.jpg?resize=700%2C400&ssl=1 2x"},"classes":[]}],"jetpack_sharing_enabled":true,"_links":{"self":[{"href":"https:\/\/lasprimeras.com.do\/index.php\/wp-json\/wp\/v2\/posts\/61955","targetHints":{"allow":["GET"]}}],"collection":[{"href":"https:\/\/lasprimeras.com.do\/index.php\/wp-json\/wp\/v2\/posts"}],"about":[{"href":"https:\/\/lasprimeras.com.do\/index.php\/wp-json\/wp\/v2\/types\/post"}],"author":[{"embeddable":true,"href":"https:\/\/lasprimeras.com.do\/index.php\/wp-json\/wp\/v2\/users\/3"}],"replies":[{"embeddable":true,"href":"https:\/\/lasprimeras.com.do\/index.php\/wp-json\/wp\/v2\/comments?post=61955"}],"version-history":[{"count":1,"href":"https:\/\/lasprimeras.com.do\/index.php\/wp-json\/wp\/v2\/posts\/61955\/revisions"}],"predecessor-version":[{"id":61957,"href":"https:\/\/lasprimeras.com.do\/index.php\/wp-json\/wp\/v2\/posts\/61955\/revisions\/61957"}],"wp:featuredmedia":[{"embeddable":true,"href":"https:\/\/lasprimeras.com.do\/index.php\/wp-json\/wp\/v2\/media\/61956"}],"wp:attachment":[{"href":"https:\/\/lasprimeras.com.do\/index.php\/wp-json\/wp\/v2\/media?parent=61955"}],"wp:term":[{"taxonomy":"category","embeddable":true,"href":"https:\/\/lasprimeras.com.do\/index.php\/wp-json\/wp\/v2\/categories?post=61955"},{"taxonomy":"post_tag","embeddable":true,"href":"https:\/\/lasprimeras.com.do\/index.php\/wp-json\/wp\/v2\/tags?post=61955"}],"curies":[{"name":"wp","href":"https:\/\/api.w.org\/{rel}","templated":true}]}}