{"id":61959,"date":"2023-10-02T06:59:32","date_gmt":"2023-10-02T10:59:32","guid":{"rendered":"https:\/\/lasprimeras.com.do\/?p=61959"},"modified":"2023-10-02T06:59:34","modified_gmt":"2023-10-02T10:59:34","slug":"opcion-democratica-integra-boleta-a-deportista","status":"publish","type":"post","link":"https:\/\/lasprimeras.com.do\/index.php\/2023\/10\/02\/opcion-democratica-integra-boleta-a-deportista\/","title":{"rendered":"Opci\u00f3n Democr\u00e1tica integra boleta a deportista"},"content":{"rendered":"\n<p>Santiago.\u2013 El partido Opci\u00f3n Democr\u00e1tica (OD) present\u00f3 la propuesta de candidatura a regidor del dirigente comunitario y deportista Richard Mart\u00ednez de cara a la conformaci\u00f3n de la boleta municipal para la ciudad coraz\u00f3n de esta organizaci\u00f3n pol\u00edtica progresista de la Rep\u00fablica Dominicana.<\/p>\n\n\n\n<p>Mart\u00ednez ha desarrollando su vida en la comunidad que conforma el populoso barrio de Camboya, y se integra al ruedo pol\u00edtico con esta candidatura a regidor.<\/p>\n","protected":false},"excerpt":{"rendered":"<p>Santiago.\u2013 El partido Opci\u00f3n Democr\u00e1tica (OD) present\u00f3 la propuesta de candidatura a regidor del dirigente comunitario y deportista Richard Mart\u00ednez de cara a la conformaci\u00f3n de la boleta municipal para&hellip;<\/p>\n","protected":false},"author":3,"featured_media":61960,"comment_status":"open","ping_status":"open","sticky":false,"template":"","format":"standard","meta":{"content-type":"","jetpack_post_was_ever_published":false,"_jetpack_newsletter_access":"","_jetpack_dont_email_post_to_subs":false,"_jetpack_newsletter_tier_id":0,"_jetpack_memberships_contains_paywalled_content":false,"_jetpack_memberships_contains_paid_content":false,"footnotes":""},"categories":[1],"tags":[],"class_list":["post-61959","post","type-post","status-publish","format-standard","has-post-thumbnail","hentry","category-sin-categoria"],"jetpack_featured_media_url":"https:\/\/lasprimeras.com.do\/wp-content\/uploads\/2023\/10\/WhatsApp-Image-2023-09-28-at-11.50.30-PM-1-3.webp","jetpack-related-posts":[{"id":124461,"url":"https:\/\/lasprimeras.com.do\/index.php\/2026\/03\/12\/opcion-democratica-rechaza-objecion-del-congreso-a-candidaturas-independientes\/","url_meta":{"origin":61959,"position":0},"title":"Opci\u00f3n Democr\u00e1tica rechaza objeci\u00f3n del Congreso a candidaturas independientes","author":"Nelson Feliz","date":"12 de marzo de 2026","format":false,"excerpt":"El partido respalda la inicitiva como motor de participaci\u00f3n ciudadana. El partido Opci\u00f3n Democr\u00e1tica (OD) expres\u00f3 su rechazo a la objeci\u00f3n del Congreso Nacional a las candidaturas independientes al considerar que dan una alternativa a la participaci\u00f3n ciudadana sin intermediaci\u00f3n partidaria lo que constituye un paso fundamental hacia una democracia\u2026","rel":"","context":"En \u00abPOLITICA\u00bb","block_context":{"text":"POLITICA","link":"https:\/\/lasprimeras.com.do\/index.php\/category\/politica\/"},"img":{"alt_text":"Miguel Alejandro Mart\u00ednez","src":"https:\/\/i0.wp.com\/lasprimeras.com.do\/wp-content\/uploads\/2026\/03\/Opcion-Democratica-1.jpg?resize=350%2C200&ssl=1","width":350,"height":200,"srcset":"https:\/\/i0.wp.com\/lasprimeras.com.do\/wp-content\/uploads\/2026\/03\/Opcion-Democratica-1.jpg?resize=350%2C200&ssl=1 1x, https:\/\/i0.wp.com\/lasprimeras.com.do\/wp-content\/uploads\/2026\/03\/Opcion-Democratica-1.jpg?resize=525%2C300&ssl=1 1.5x, https:\/\/i0.wp.com\/lasprimeras.com.do\/wp-content\/uploads\/2026\/03\/Opcion-Democratica-1.jpg?resize=700%2C400&ssl=1 2x"},"classes":[]},{"id":68772,"url":"https:\/\/lasprimeras.com.do\/index.php\/2023\/11\/27\/el-bis-llevara-como-candidato-a-regidor-del-dn-al-youtuber-alexander-cardini\/","url_meta":{"origin":61959,"position":1},"title":"El BIS llevar\u00e1 como candidato a regidor del DN al YouTuber Alexander Cardini","author":"Nelson Feliz","date":"27 de noviembre de 2023","format":false,"excerpt":"El Partido Bloque Institucional Socialdem\u00f3crata (BIS), que preside el gur\u00fa de la pol\u00edtica dominicana, Jos\u00e9 Francisco Pe\u00f1a Guaba (Jos\u00e9 Frank), llevar\u00e1 en su boleta electoral al Youtuber Alexander Cardini. Alexander Cardini quien en meses pasado se hizo viral al anunciar que podr\u00eda aparecer en la boleta electoral para las elecciones\u2026","rel":"","context":"En \u00abPORTADA\u00bb","block_context":{"text":"PORTADA","link":"https:\/\/lasprimeras.com.do\/index.php\/category\/portada\/"},"img":{"alt_text":"Alexander Cardini","src":"https:\/\/i0.wp.com\/lasprimeras.com.do\/wp-content\/uploads\/2023\/11\/Alexander-Cardini.jpg?resize=350%2C200&ssl=1","width":350,"height":200,"srcset":"https:\/\/i0.wp.com\/lasprimeras.com.do\/wp-content\/uploads\/2023\/11\/Alexander-Cardini.jpg?resize=350%2C200&ssl=1 1x, https:\/\/i0.wp.com\/lasprimeras.com.do\/wp-content\/uploads\/2023\/11\/Alexander-Cardini.jpg?resize=525%2C300&ssl=1 1.5x, https:\/\/i0.wp.com\/lasprimeras.com.do\/wp-content\/uploads\/2023\/11\/Alexander-Cardini.jpg?resize=700%2C400&ssl=1 2x"},"classes":[]},{"id":52566,"url":"https:\/\/lasprimeras.com.do\/index.php\/2023\/06\/11\/opcion-democratica-llevara-candidatos-del-movimiento-la-otra-politica-en-sde\/","url_meta":{"origin":61959,"position":2},"title":"Opci\u00f3n Democr\u00e1tica llevar\u00e1 candidatos del movimiento La Otra Pol\u00edtica en SDE","author":"prenxa100","date":"11 de junio de 2023","format":false,"excerpt":"El partido Opci\u00f3n Democr\u00e1tica (OD) y el Movimiento La Otra Pol\u00edtica del municipio de Santo Domingo Este (SDE), llevar\u00e1n de manera conjunta candidaturas a nivel municipal y legislativo para las elecciones del 2024. La presidenta de Opci\u00f3n Democr\u00e1tica Minou Tav\u00e1rez Mirabal, indic\u00f3 que este es un paso importante para este\u2026","rel":"","context":"En \u00abSin categor\u00eda\u00bb","block_context":{"text":"Sin categor\u00eda","link":"https:\/\/lasprimeras.com.do\/index.php\/category\/sin-categoria\/"},"img":{"alt_text":"","src":"","width":0,"height":0},"classes":[]},{"id":115603,"url":"https:\/\/lasprimeras.com.do\/index.php\/2025\/11\/24\/regidor-del-pld-y-dirigentes-del-prm-se-juramentan-en-la-fuerza-del-pueblo\/","url_meta":{"origin":61959,"position":3},"title":"Regidor del PLD y dirigentes del PRM se juramentan en la Fuerza del Pueblo","author":"Nelson Feliz","date":"24 de noviembre de 2025","format":false,"excerpt":"En un acto encabezado por Radham\u00e9s Jim\u00e9nez Pe\u00f1a, l\u00edderes comunitarios, pastores y exdirigentes de varios partidos pol\u00edticos oficializaron su paso a las filas de la Fuerza del Pueblo. En una muestra de reconfiguraci\u00f3n pol\u00edtica en Santo Domingo Norte, un importante grupo de dirigentes y l\u00edderes comunitarios de distintas fuerzas pol\u00edticas\u2026","rel":"","context":"En \u00abPOLITICA\u00bb","block_context":{"text":"POLITICA","link":"https:\/\/lasprimeras.com.do\/index.php\/category\/politica\/"},"img":{"alt_text":"Radham\u00e9s Jim\u00e9nez Pe\u00f1a","src":"https:\/\/i0.wp.com\/lasprimeras.com.do\/wp-content\/uploads\/2025\/11\/Radhames-Jimenez-Pena-1.jpg?resize=350%2C200&ssl=1","width":350,"height":200,"srcset":"https:\/\/i0.wp.com\/lasprimeras.com.do\/wp-content\/uploads\/2025\/11\/Radhames-Jimenez-Pena-1.jpg?resize=350%2C200&ssl=1 1x, https:\/\/i0.wp.com\/lasprimeras.com.do\/wp-content\/uploads\/2025\/11\/Radhames-Jimenez-Pena-1.jpg?resize=525%2C300&ssl=1 1.5x, https:\/\/i0.wp.com\/lasprimeras.com.do\/wp-content\/uploads\/2025\/11\/Radhames-Jimenez-Pena-1.jpg?resize=700%2C400&ssl=1 2x"},"classes":[]},{"id":104508,"url":"https:\/\/lasprimeras.com.do\/index.php\/2025\/07\/24\/alexander-germoso-regidores-del-prm-provocan-suspension-de-la-sesion-de-julio-en-el-concejo-municipal-por-intereses-politicos\/","url_meta":{"origin":61959,"position":4},"title":"Alexander Germoso : &#8220;Regidores del PRM provocan suspensi\u00f3n de la sesi\u00f3n de julio en el Concejo Municipal por intereses pol\u00edticos&#8221;","author":"Nelson Feliz","date":"24 de julio de 2025","format":false,"excerpt":"El regidor por Opci\u00f3n Democr\u00e1tica, Alexander Germoso, alert\u00f3 sobre la suspensi\u00f3n de la sesi\u00f3n del Concejo de Regidores por segunda vez consecutiva, tras la retirada de los regidores del Partido Revolucionario Moderno (PRM) y Justicia Social en medio de un debate interno. Germoso acus\u00f3 al bloque oficialista de romper el\u2026","rel":"","context":"En \u00abPOLITICA\u00bb","block_context":{"text":"POLITICA","link":"https:\/\/lasprimeras.com.do\/index.php\/category\/politica\/"},"img":{"alt_text":"Alexander Germoso","src":"https:\/\/i0.wp.com\/lasprimeras.com.do\/wp-content\/uploads\/2025\/07\/Alexander-Germoso.jpg?resize=350%2C200&ssl=1","width":350,"height":200,"srcset":"https:\/\/i0.wp.com\/lasprimeras.com.do\/wp-content\/uploads\/2025\/07\/Alexander-Germoso.jpg?resize=350%2C200&ssl=1 1x, https:\/\/i0.wp.com\/lasprimeras.com.do\/wp-content\/uploads\/2025\/07\/Alexander-Germoso.jpg?resize=525%2C300&ssl=1 1.5x, https:\/\/i0.wp.com\/lasprimeras.com.do\/wp-content\/uploads\/2025\/07\/Alexander-Germoso.jpg?resize=700%2C400&ssl=1 2x"},"classes":[]},{"id":96535,"url":"https:\/\/lasprimeras.com.do\/index.php\/2025\/04\/02\/mayobanex-martinez-aboga-por-reglas-claras-coherentes-y-justas\/","url_meta":{"origin":61959,"position":5},"title":"Mayobanex Mart\u00ednez aboga por reglas claras, coherentes y justas","author":"Nelson Feliz","date":"2 de abril de 2025","format":false,"excerpt":"Mart\u00ednez considera equilibrado el proyecto de la JCE que busca regular las candidaturas independientes El Diputado del Partido de la Liberaci\u00f3n Dominicana (PLD) por Santiago, Mayobanex Mart\u00ednez, considera que la Junta Central Electoral con la presentaci\u00f3n del Proyecto de Ley para regular las candidaturas independientes procura un sistema equilibrado, que\u2026","rel":"","context":"En \u00abPOLITICA\u00bb","block_context":{"text":"POLITICA","link":"https:\/\/lasprimeras.com.do\/index.php\/category\/politica\/"},"img":{"alt_text":"","src":"https:\/\/i0.wp.com\/lasprimeras.com.do\/wp-content\/uploads\/2025\/04\/Mayobanex-Martinez.jpg?resize=350%2C200&ssl=1","width":350,"height":200,"srcset":"https:\/\/i0.wp.com\/lasprimeras.com.do\/wp-content\/uploads\/2025\/04\/Mayobanex-Martinez.jpg?resize=350%2C200&ssl=1 1x, https:\/\/i0.wp.com\/lasprimeras.com.do\/wp-content\/uploads\/2025\/04\/Mayobanex-Martinez.jpg?resize=525%2C300&ssl=1 1.5x, https:\/\/i0.wp.com\/lasprimeras.com.do\/wp-content\/uploads\/2025\/04\/Mayobanex-Martinez.jpg?resize=700%2C400&ssl=1 2x"},"classes":[]}],"jetpack_sharing_enabled":true,"_links":{"self":[{"href":"https:\/\/lasprimeras.com.do\/index.php\/wp-json\/wp\/v2\/posts\/61959","targetHints":{"allow":["GET"]}}],"collection":[{"href":"https:\/\/lasprimeras.com.do\/index.php\/wp-json\/wp\/v2\/posts"}],"about":[{"href":"https:\/\/lasprimeras.com.do\/index.php\/wp-json\/wp\/v2\/types\/post"}],"author":[{"embeddable":true,"href":"https:\/\/lasprimeras.com.do\/index.php\/wp-json\/wp\/v2\/users\/3"}],"replies":[{"embeddable":true,"href":"https:\/\/lasprimeras.com.do\/index.php\/wp-json\/wp\/v2\/comments?post=61959"}],"version-history":[{"count":1,"href":"https:\/\/lasprimeras.com.do\/index.php\/wp-json\/wp\/v2\/posts\/61959\/revisions"}],"predecessor-version":[{"id":61961,"href":"https:\/\/lasprimeras.com.do\/index.php\/wp-json\/wp\/v2\/posts\/61959\/revisions\/61961"}],"wp:featuredmedia":[{"embeddable":true,"href":"https:\/\/lasprimeras.com.do\/index.php\/wp-json\/wp\/v2\/media\/61960"}],"wp:attachment":[{"href":"https:\/\/lasprimeras.com.do\/index.php\/wp-json\/wp\/v2\/media?parent=61959"}],"wp:term":[{"taxonomy":"category","embeddable":true,"href":"https:\/\/lasprimeras.com.do\/index.php\/wp-json\/wp\/v2\/categories?post=61959"},{"taxonomy":"post_tag","embeddable":true,"href":"https:\/\/lasprimeras.com.do\/index.php\/wp-json\/wp\/v2\/tags?post=61959"}],"curies":[{"name":"wp","href":"https:\/\/api.w.org\/{rel}","templated":true}]}}