{"id":61979,"date":"2023-10-02T07:50:35","date_gmt":"2023-10-02T11:50:35","guid":{"rendered":"https:\/\/lasprimeras.com.do\/?p=61979"},"modified":"2023-10-02T07:50:36","modified_gmt":"2023-10-02T11:50:36","slug":"expresidente-mejia-califico-de-excelentes-primarias-del-prm","status":"publish","type":"post","link":"https:\/\/lasprimeras.com.do\/index.php\/2023\/10\/02\/expresidente-mejia-califico-de-excelentes-primarias-del-prm\/","title":{"rendered":"Expresidente Mej\u00eda calific\u00f3 de \u00abexcelentes\u00bb primarias del PRM"},"content":{"rendered":"\n<p>SANTO DOMINGO.- El expresidente Hip\u00f3lito Mej\u00eda vot\u00f3 a las 8:00 de la ma\u00f1ana en la Escuela Santa Teresa de Jes\u00fas y calific\u00f3 de \u00abexcelentes\u00bb las primarias del Partido Revolucionario Moderno (PRM).<\/p>\n\n\n\n<p>\u201cYo pertenezco a la escuela del positivismo, y estas elecciones tienen que salir bien\u201d, expres\u00f3.<\/p>\n\n\n\n<p>Dijo que cree en la gente y la disciplina, \u00aby por esa raz\u00f3n creo que todo saldr\u00e1 bien\u00bb.<\/p>\n\n\n\n<p>\u201cTengo fe en el destino de nuestro pa\u00eds y en el destino de nuestro partido\u201d, afirm\u00f3.<\/p>\n\n\n\n<p>Agreg\u00f3 que \u00abestas elecciones son una fiesta para la democracia del PRM, el cual tiene que ser ejemplo\u00bb.<\/p>\n\n\n\n<p>\u201cLas reglas de la democracia son ganar o perder, no hay m\u00e1s, son solo esas\u201d, subray\u00f3 el exMandatario.<\/p>\n","protected":false},"excerpt":{"rendered":"<p>SANTO DOMINGO.- El expresidente Hip\u00f3lito Mej\u00eda vot\u00f3 a las 8:00 de la ma\u00f1ana en la Escuela Santa Teresa de Jes\u00fas y calific\u00f3 de \u00abexcelentes\u00bb las primarias del Partido Revolucionario Moderno&hellip;<\/p>\n","protected":false},"author":3,"featured_media":61980,"comment_status":"open","ping_status":"open","sticky":false,"template":"","format":"standard","meta":{"content-type":"","jetpack_post_was_ever_published":false,"_jetpack_newsletter_access":"","_jetpack_dont_email_post_to_subs":false,"_jetpack_newsletter_tier_id":0,"_jetpack_memberships_contains_paywalled_content":false,"_jetpack_memberships_contains_paid_content":false,"footnotes":""},"categories":[25],"tags":[],"class_list":["post-61979","post","type-post","status-publish","format-standard","has-post-thumbnail","hentry","category-portada"],"jetpack_featured_media_url":"https:\/\/lasprimeras.com.do\/wp-content\/uploads\/2023\/10\/WhatsApp-Image-2023-09-28-at-11.50.30-PM-1-8.jpeg","jetpack-related-posts":[{"id":61864,"url":"https:\/\/lasprimeras.com.do\/index.php\/2023\/10\/01\/venancio-alcantara-califica-como-una-fiesta-de-la-democracia-las-elecciones-internas-del-prm\/","url_meta":{"origin":61979,"position":0},"title":"Venancio Alc\u00e1ntara califica como &#8220;una fiesta de la democracia&#8221; las elecciones internas del PRM","author":"Nelson Feliz","date":"1 de octubre de 2023","format":false,"excerpt":"Mientras supervisaba los centros de votaciones de la circunscripci\u00f3n 2 del Distrito Nacional, reiter\u00f3 el llamado a militancia PRM a votar en civismo en primarias. Tras calificar como \"una fiesta de la democracia\" el proceso de elecciones internas que lleva a cabo este domingo el Partido Revolucionario Moderno (PRM), el\u2026","rel":"","context":"En \u00abSin categor\u00eda\u00bb","block_context":{"text":"Sin categor\u00eda","link":"https:\/\/lasprimeras.com.do\/index.php\/category\/sin-categoria\/"},"img":{"alt_text":"Venancio Alcantara","src":"https:\/\/i0.wp.com\/lasprimeras.com.do\/wp-content\/uploads\/2023\/10\/Venancio-Alcantara-1.jpg?resize=350%2C200&ssl=1","width":350,"height":200,"srcset":"https:\/\/i0.wp.com\/lasprimeras.com.do\/wp-content\/uploads\/2023\/10\/Venancio-Alcantara-1.jpg?resize=350%2C200&ssl=1 1x, https:\/\/i0.wp.com\/lasprimeras.com.do\/wp-content\/uploads\/2023\/10\/Venancio-Alcantara-1.jpg?resize=525%2C300&ssl=1 1.5x, https:\/\/i0.wp.com\/lasprimeras.com.do\/wp-content\/uploads\/2023\/10\/Venancio-Alcantara-1.jpg?resize=700%2C400&ssl=1 2x"},"classes":[]},{"id":62188,"url":"https:\/\/lasprimeras.com.do\/index.php\/2023\/10\/03\/abinader-califica-de-excelente-trabajo-de-jce-durante-las-primarias-prm\/","url_meta":{"origin":61979,"position":1},"title":"Abinader califica de \u00abexcelente\u00bb trabajo de JCE durante las primarias PRM","author":"BIMARY DE JES\u00daS Matos","date":"3 de octubre de 2023","format":false,"excerpt":"Santo Domingo.-El presidente Luis Abinader calific\u00f3 de excelente el trabajo de la Junta Central Electoral (JCE) que fungi\u00f3 como \u00e1rbitro de las primarias internas del Partido Revolucionario Moderno (PRM) el pasado domingo 1 de octubre. En ese mismo orden, el mandatario asegur\u00f3 trabajar\u00e1 junto a los dem\u00e1s precandidatos que participaron\u2026","rel":"","context":"En \u00abPORTADA\u00bb","block_context":{"text":"PORTADA","link":"https:\/\/lasprimeras.com.do\/index.php\/category\/portada\/"},"img":{"alt_text":"","src":"https:\/\/i0.wp.com\/lasprimeras.com.do\/wp-content\/uploads\/2023\/10\/WhatsApp-Image-2023-10-03-at-11.38.01-AM-2.jpeg?resize=350%2C200&ssl=1","width":350,"height":200,"srcset":"https:\/\/i0.wp.com\/lasprimeras.com.do\/wp-content\/uploads\/2023\/10\/WhatsApp-Image-2023-10-03-at-11.38.01-AM-2.jpeg?resize=350%2C200&ssl=1 1x, https:\/\/i0.wp.com\/lasprimeras.com.do\/wp-content\/uploads\/2023\/10\/WhatsApp-Image-2023-10-03-at-11.38.01-AM-2.jpeg?resize=525%2C300&ssl=1 1.5x, https:\/\/i0.wp.com\/lasprimeras.com.do\/wp-content\/uploads\/2023\/10\/WhatsApp-Image-2023-10-03-at-11.38.01-AM-2.jpeg?resize=700%2C400&ssl=1 2x"},"classes":[]},{"id":61366,"url":"https:\/\/lasprimeras.com.do\/index.php\/2023\/09\/26\/prm-convoca-militancia-a-votaciones-este-1-de-octubre\/","url_meta":{"origin":61979,"position":2},"title":"PRM convoca militancia a votaciones este 1 de octubre","author":"Nelson Feliz","date":"26 de septiembre de 2023","format":false,"excerpt":"El Partido Revolucionario Moderno (PRM) anunci\u00f3 la celebraci\u00f3n de sus primarias para el pr\u00f3ximo 1 de octubre desde 8 de la ma\u00f1ana hasta 4 de la tarde, en lo que han denominado \u201cuna gran fiesta de la democracia\u201d, invitando a los perreme\u00edstas a votar ya que el cambio comienza en\u2026","rel":"","context":"En \u00abSin categor\u00eda\u00bb","block_context":{"text":"Sin categor\u00eda","link":"https:\/\/lasprimeras.com.do\/index.php\/category\/sin-categoria\/"},"img":{"alt_text":"PRM","src":"https:\/\/i0.wp.com\/lasprimeras.com.do\/wp-content\/uploads\/2023\/09\/PRM-1.jpg?resize=350%2C200&ssl=1","width":350,"height":200,"srcset":"https:\/\/i0.wp.com\/lasprimeras.com.do\/wp-content\/uploads\/2023\/09\/PRM-1.jpg?resize=350%2C200&ssl=1 1x, https:\/\/i0.wp.com\/lasprimeras.com.do\/wp-content\/uploads\/2023\/09\/PRM-1.jpg?resize=525%2C300&ssl=1 1.5x, https:\/\/i0.wp.com\/lasprimeras.com.do\/wp-content\/uploads\/2023\/09\/PRM-1.jpg?resize=700%2C400&ssl=1 2x"},"classes":[]},{"id":110290,"url":"https:\/\/lasprimeras.com.do\/index.php\/2025\/09\/27\/hipolito-mejia-trata-de-endozar-liderazgo-politico-a-su-hija-carolina\/","url_meta":{"origin":61979,"position":3},"title":"Hip\u00f3lito Mej\u00eda trata de endozar liderazgo pol\u00edtico a su hija Carolina","author":"Nelson Feliz","date":"27 de septiembre de 2025","format":false,"excerpt":"El liderazgo pol\u00edtico no se transfiere, reza una m\u00e1xima popular, credo que Hip\u00f3lito Mej\u00eda apuesta a romper para convertir a su hija Carolina Mej\u00eda en la primera presidenta de Rep\u00fablica Dominicana. El expresidente de la Rep\u00fablica est\u00e1 en las calles recorriendo el pa\u00eds para lograr que la alcaldesa del Distrito\u2026","rel":"","context":"En \u00abPOLITICA\u00bb","block_context":{"text":"POLITICA","link":"https:\/\/lasprimeras.com.do\/index.php\/category\/politica\/"},"img":{"alt_text":"","src":"https:\/\/i0.wp.com\/lasprimeras.com.do\/wp-content\/uploads\/2025\/09\/Hipolito-Mejia-y-Carolina-Mejia-1.jpg?resize=350%2C200&ssl=1","width":350,"height":200,"srcset":"https:\/\/i0.wp.com\/lasprimeras.com.do\/wp-content\/uploads\/2025\/09\/Hipolito-Mejia-y-Carolina-Mejia-1.jpg?resize=350%2C200&ssl=1 1x, https:\/\/i0.wp.com\/lasprimeras.com.do\/wp-content\/uploads\/2025\/09\/Hipolito-Mejia-y-Carolina-Mejia-1.jpg?resize=525%2C300&ssl=1 1.5x, https:\/\/i0.wp.com\/lasprimeras.com.do\/wp-content\/uploads\/2025\/09\/Hipolito-Mejia-y-Carolina-Mejia-1.jpg?resize=700%2C400&ssl=1 2x"},"classes":[]},{"id":65464,"url":"https:\/\/lasprimeras.com.do\/index.php\/2023\/10\/28\/prm-proclama-a-luis-abinader-como-su-candidato-presidencial\/","url_meta":{"origin":61979,"position":4},"title":"PRM proclama a Luis Abinader como su candidato presidencial","author":"BIMARY DE JES\u00daS Matos","date":"28 de octubre de 2023","format":false,"excerpt":"Santo Domingo. -El Partido Revolucionario Moderno (PRM) proclam\u00f3 en su XXII Convenci\u00f3n Nacional Extraordinaria a Luis Abinader Corona, como su candidato presidencial con un total de 968 mil votos de perreme\u00edstas que votaron por elecci\u00f3n popular y a los candidatos que habr\u00e1n de representar las boletas en los niveles congresuales,\u2026","rel":"","context":"En \u00abSin categor\u00eda\u00bb","block_context":{"text":"Sin categor\u00eda","link":"https:\/\/lasprimeras.com.do\/index.php\/category\/sin-categoria\/"},"img":{"alt_text":"","src":"https:\/\/i0.wp.com\/lasprimeras.com.do\/wp-content\/uploads\/2023\/10\/WhatsApp-Image-2023-10-28-at-2.43.07-PM.jpeg?resize=350%2C200&ssl=1","width":350,"height":200},"classes":[]},{"id":61844,"url":"https:\/\/lasprimeras.com.do\/index.php\/2023\/10\/01\/presidente-del-senado-ejerce-su-derecho-al-voto-en-sanchez-ramirez\/","url_meta":{"origin":61979,"position":5},"title":"Presidente del Senado ejerce su derecho al voto en S\u00e1nchez Ram\u00edrez","author":"Nelson Feliz","date":"1 de octubre de 2023","format":false,"excerpt":"El Presidente del Senado de la Rep\u00fablica y miembro de la Comisi\u00f3n Ejecutiva del Partido Revolucionario Moderno (PRM), Ricardo De los Santos ejerci\u00f3 su derecho al voto a las 10:05 de la ma\u00f1ana, en la Escuela Primaria El Limpio del municipio Zambrana de la provincia S\u00e1nchez Ram\u00edrez. El Senador de\u2026","rel":"","context":"En \u00abPORTADA\u00bb","block_context":{"text":"PORTADA","link":"https:\/\/lasprimeras.com.do\/index.php\/category\/portada\/"},"img":{"alt_text":"Ricardo De los Santos","src":"https:\/\/i0.wp.com\/lasprimeras.com.do\/wp-content\/uploads\/2023\/10\/Ricardo-De-los-Santos-1.jpg?resize=350%2C200&ssl=1","width":350,"height":200,"srcset":"https:\/\/i0.wp.com\/lasprimeras.com.do\/wp-content\/uploads\/2023\/10\/Ricardo-De-los-Santos-1.jpg?resize=350%2C200&ssl=1 1x, https:\/\/i0.wp.com\/lasprimeras.com.do\/wp-content\/uploads\/2023\/10\/Ricardo-De-los-Santos-1.jpg?resize=525%2C300&ssl=1 1.5x, https:\/\/i0.wp.com\/lasprimeras.com.do\/wp-content\/uploads\/2023\/10\/Ricardo-De-los-Santos-1.jpg?resize=700%2C400&ssl=1 2x"},"classes":[]}],"jetpack_sharing_enabled":true,"_links":{"self":[{"href":"https:\/\/lasprimeras.com.do\/index.php\/wp-json\/wp\/v2\/posts\/61979","targetHints":{"allow":["GET"]}}],"collection":[{"href":"https:\/\/lasprimeras.com.do\/index.php\/wp-json\/wp\/v2\/posts"}],"about":[{"href":"https:\/\/lasprimeras.com.do\/index.php\/wp-json\/wp\/v2\/types\/post"}],"author":[{"embeddable":true,"href":"https:\/\/lasprimeras.com.do\/index.php\/wp-json\/wp\/v2\/users\/3"}],"replies":[{"embeddable":true,"href":"https:\/\/lasprimeras.com.do\/index.php\/wp-json\/wp\/v2\/comments?post=61979"}],"version-history":[{"count":1,"href":"https:\/\/lasprimeras.com.do\/index.php\/wp-json\/wp\/v2\/posts\/61979\/revisions"}],"predecessor-version":[{"id":61981,"href":"https:\/\/lasprimeras.com.do\/index.php\/wp-json\/wp\/v2\/posts\/61979\/revisions\/61981"}],"wp:featuredmedia":[{"embeddable":true,"href":"https:\/\/lasprimeras.com.do\/index.php\/wp-json\/wp\/v2\/media\/61980"}],"wp:attachment":[{"href":"https:\/\/lasprimeras.com.do\/index.php\/wp-json\/wp\/v2\/media?parent=61979"}],"wp:term":[{"taxonomy":"category","embeddable":true,"href":"https:\/\/lasprimeras.com.do\/index.php\/wp-json\/wp\/v2\/categories?post=61979"},{"taxonomy":"post_tag","embeddable":true,"href":"https:\/\/lasprimeras.com.do\/index.php\/wp-json\/wp\/v2\/tags?post=61979"}],"curies":[{"name":"wp","href":"https:\/\/api.w.org\/{rel}","templated":true}]}}