{"id":61982,"date":"2023-10-02T07:51:47","date_gmt":"2023-10-02T11:51:47","guid":{"rendered":"https:\/\/lasprimeras.com.do\/?p=61982"},"modified":"2023-10-02T07:51:49","modified_gmt":"2023-10-02T11:51:49","slug":"el-salsero-gilberto-santa-rosa-regresara-a-los-escenarios-en-rd","status":"publish","type":"post","link":"https:\/\/lasprimeras.com.do\/index.php\/2023\/10\/02\/el-salsero-gilberto-santa-rosa-regresara-a-los-escenarios-en-rd\/","title":{"rendered":"El salsero Gilberto Santa Rosa regresar\u00e1 a los escenarios en RD"},"content":{"rendered":"\n<p>SANTO DOMINGO, Rep\u00fablica Dominicana.- El afamado artista puertorrique\u00f1o Gilberto Santa Rosa presentar\u00e1 su nuevo espect\u00e1culo \u00abAut\u00e9ntico, Amor y Salsa\u00bb en el Teatro Nacional Eduardo Brito, de esta capital, en noviembre pr\u00f3ximo, se conoci\u00f3 hoy.<\/p>\n\n\n\n<p>El salsero se presentar\u00e1 en Santo Domingo los d\u00edas 10 y 11 de ese mes como parte de su gira por varios pa\u00edses de Am\u00e9rica Latina y Estados Unidos.<\/p>\n\n\n\n<p>Int\u00e9rprete de \u00abConciencia\u00bb, \u00abQue alguien me diga\u00bb y \u00abVivir sin ella\u00bb, canciones que lo llevaron a la fama internacional, tras su presentaci\u00f3n en esta naci\u00f3n caribe\u00f1a proseguir\u00e1 su gira por ciudades de Estados Unidos y en marzo de 2024 ofrecer\u00e1 un concierto en Santiago de Chile.<\/p>\n\n\n\n<p>El cantante y compositor lanz\u00f3 el a\u00f1o pasado su disco \u00abDebut y Segunda Tanda\u00bb, con ocho temas.<\/p>\n","protected":false},"excerpt":{"rendered":"<p>SANTO DOMINGO, Rep\u00fablica Dominicana.- El afamado artista puertorrique\u00f1o Gilberto Santa Rosa presentar\u00e1 su nuevo espect\u00e1culo \u00abAut\u00e9ntico, Amor y Salsa\u00bb en el Teatro Nacional Eduardo Brito, de esta capital, en noviembre&hellip;<\/p>\n","protected":false},"author":3,"featured_media":61983,"comment_status":"open","ping_status":"open","sticky":false,"template":"","format":"standard","meta":{"content-type":"","jetpack_post_was_ever_published":false,"_jetpack_newsletter_access":"","_jetpack_dont_email_post_to_subs":false,"_jetpack_newsletter_tier_id":0,"_jetpack_memberships_contains_paywalled_content":false,"_jetpack_memberships_contains_paid_content":false,"footnotes":""},"categories":[84],"tags":[],"class_list":["post-61982","post","type-post","status-publish","format-standard","has-post-thumbnail","hentry","category-entretenimiento"],"jetpack_featured_media_url":"https:\/\/lasprimeras.com.do\/wp-content\/uploads\/2023\/10\/WhatsApp-Image-2023-09-28-at-11.50.30-PM-1-9.jpeg","jetpack-related-posts":[{"id":61527,"url":"https:\/\/lasprimeras.com.do\/index.php\/2023\/09\/28\/henry-garcia-se-une-a-orquesta-la-solucion-en-gira-por-rd-y-eeuu\/","url_meta":{"origin":61982,"position":0},"title":"Henry Garc\u00eda se une a orquesta La Soluci\u00f3n en gira por RD y EEUU","author":"Nelson Feliz","date":"28 de septiembre de 2023","format":false,"excerpt":"La orquesta de salsa La Soluci\u00f3n y el cantante dominicano Henry Garc\u00eda unir\u00e1n sus voces para una serie de presentaciones en Rep\u00fablica Dominicana y Estados Unidos, que iniciar\u00e1 este s\u00e1bado en la ciudad de Santiago y continuar\u00e1 el 2 de octubre en Santo Domingo, informaron sus promotores. El grupo puertorrique\u00f1o\u2026","rel":"","context":"En \u00abENTRETENIMIENTO\u00bb","block_context":{"text":"ENTRETENIMIENTO","link":"https:\/\/lasprimeras.com.do\/index.php\/category\/entretenimiento\/"},"img":{"alt_text":"","src":"https:\/\/i0.wp.com\/lasprimeras.com.do\/wp-content\/uploads\/2023\/09\/henry.jpg?resize=350%2C200&ssl=1","width":350,"height":200,"srcset":"https:\/\/i0.wp.com\/lasprimeras.com.do\/wp-content\/uploads\/2023\/09\/henry.jpg?resize=350%2C200&ssl=1 1x, https:\/\/i0.wp.com\/lasprimeras.com.do\/wp-content\/uploads\/2023\/09\/henry.jpg?resize=525%2C300&ssl=1 1.5x, https:\/\/i0.wp.com\/lasprimeras.com.do\/wp-content\/uploads\/2023\/09\/henry.jpg?resize=700%2C400&ssl=1 2x"},"classes":[]},{"id":63695,"url":"https:\/\/lasprimeras.com.do\/index.php\/2023\/10\/15\/el-salsero-jean-bonilla-lanza-su-primer-album-fantasia\/","url_meta":{"origin":61982,"position":1},"title":"El salsero Jean Bonilla lanza su primer \u00e1lbum, &#8220;Fantas\u00eda&#8221;","author":"BIMARY DE JES\u00daS Matos","date":"15 de octubre de 2023","format":false,"excerpt":"Santo Domingo.-El cantante Jean Bonilla entra a la escena musical con el lanzamiento de su \u00e1lbum de estudio titulado \u201cFantas\u00eda\u201d, que consta de nueve temas. \"Fantas\u00eda\" marca su permanencia en el g\u00e9nero salsa que tanto disfruta. Este \u00e1lbum ofrece una variedad de experiencias a trav\u00e9s de sus nueve canciones. \"Sobrio\",\u2026","rel":"","context":"En \u00abENTRETENIMIENTO\u00bb","block_context":{"text":"ENTRETENIMIENTO","link":"https:\/\/lasprimeras.com.do\/index.php\/category\/entretenimiento\/"},"img":{"alt_text":"","src":"https:\/\/i0.wp.com\/lasprimeras.com.do\/wp-content\/uploads\/2023\/10\/WhatsApp-Image-2023-10-14-at-10.00.32-PM-1.jpeg?resize=350%2C200&ssl=1","width":350,"height":200,"srcset":"https:\/\/i0.wp.com\/lasprimeras.com.do\/wp-content\/uploads\/2023\/10\/WhatsApp-Image-2023-10-14-at-10.00.32-PM-1.jpeg?resize=350%2C200&ssl=1 1x, https:\/\/i0.wp.com\/lasprimeras.com.do\/wp-content\/uploads\/2023\/10\/WhatsApp-Image-2023-10-14-at-10.00.32-PM-1.jpeg?resize=525%2C300&ssl=1 1.5x, https:\/\/i0.wp.com\/lasprimeras.com.do\/wp-content\/uploads\/2023\/10\/WhatsApp-Image-2023-10-14-at-10.00.32-PM-1.jpeg?resize=700%2C400&ssl=1 2x"},"classes":[]},{"id":116470,"url":"https:\/\/lasprimeras.com.do\/index.php\/2025\/12\/01\/tony-vega-se-presenta-en-el-hard-rock-de-la-capital-el-13-de-diciembre\/","url_meta":{"origin":61982,"position":2},"title":"Tony Vega se presenta en el Hard Rock de la Capital el 13 de diciembre","author":"Nelson Feliz","date":"1 de diciembre de 2025","format":false,"excerpt":"La capital se prepara para un espect\u00e1culo inolvidable con la presentaci\u00f3n del salsero Tony Vega en el Hard Rock, Santo Domingo el pr\u00f3ximo s\u00e1bado 13 de diciembre a partir de las 9 de la noche en la que ser\u00e1 su \u00fanica presentaci\u00f3n este a\u00f1o en la Rep\u00fablica Dominicana. Alberto Bernab\u00e9\u2026","rel":"","context":"En \u00abENTRETENIMIENTO\u00bb","block_context":{"text":"ENTRETENIMIENTO","link":"https:\/\/lasprimeras.com.do\/index.php\/category\/entretenimiento\/"},"img":{"alt_text":"","src":"https:\/\/i0.wp.com\/lasprimeras.com.do\/wp-content\/uploads\/2025\/12\/Tony-Vega-1.jpg?resize=350%2C200&ssl=1","width":350,"height":200,"srcset":"https:\/\/i0.wp.com\/lasprimeras.com.do\/wp-content\/uploads\/2025\/12\/Tony-Vega-1.jpg?resize=350%2C200&ssl=1 1x, https:\/\/i0.wp.com\/lasprimeras.com.do\/wp-content\/uploads\/2025\/12\/Tony-Vega-1.jpg?resize=525%2C300&ssl=1 1.5x, https:\/\/i0.wp.com\/lasprimeras.com.do\/wp-content\/uploads\/2025\/12\/Tony-Vega-1.jpg?resize=700%2C400&ssl=1 2x"},"classes":[]},{"id":73471,"url":"https:\/\/lasprimeras.com.do\/index.php\/2024\/01\/11\/alex-matos-comparte-que-esta-oficialmente-casado\/","url_meta":{"origin":61982,"position":3},"title":"Alex Matos comparte que est\u00e1 oficialmente casado","author":"BIMARY DE JES\u00daS Matos","date":"11 de enero de 2024","format":false,"excerpt":"Santo Domingo.-El salsero Alex Matos es un hombre casado. El artista contrajo matrimonio con una mujer de nombre Madelyn Rodr\u00edguez. Matos comparti\u00f3 en su cuenta de Instagram im\u00e1genes del momento en que une su vida a la de su ahora esposa. \u201cCuando te rindes al plan de Dios, El pone\u2026","rel":"","context":"En \u00abENTRETENIMIENTO\u00bb","block_context":{"text":"ENTRETENIMIENTO","link":"https:\/\/lasprimeras.com.do\/index.php\/category\/entretenimiento\/"},"img":{"alt_text":"","src":"https:\/\/i0.wp.com\/lasprimeras.com.do\/wp-content\/uploads\/2024\/01\/WhatsApp-Image-2024-01-10-at-11.22.13-PM-4.png?resize=350%2C200&ssl=1","width":350,"height":200},"classes":[]},{"id":73450,"url":"https:\/\/lasprimeras.com.do\/index.php\/2024\/01\/11\/senado-rinde-homenaje-postumo-al-heroe-nacional-gregorio-urbano-gilbert\/","url_meta":{"origin":61982,"position":4},"title":"Senado rinde homenaje p\u00f3stumo al H\u00e9roe Nacional, Greg\u00f3rio Urbano Gilbert","author":"BIMARY DE JES\u00daS Matos","date":"11 de enero de 2024","format":false,"excerpt":"SANTO DOMINGO.- El Senado de la Rep\u00fablica, rindi\u00f3 un homenaje p\u00f3stumo al h\u00e9roe nacional Gregorio Urbano Gilbert, en reconocimiento a su lucha en defensa de la soberan\u00eda nacional y la dignidad del pueblo dominicano durante las intervenciones estadounidenses de 1916 y 1965. El acto se realiz\u00f3 en el Sal\u00f3n Polivalente\u2026","rel":"","context":"En \u00abSin categor\u00eda\u00bb","block_context":{"text":"Sin categor\u00eda","link":"https:\/\/lasprimeras.com.do\/index.php\/category\/sin-categoria\/"},"img":{"alt_text":"","src":"https:\/\/i0.wp.com\/lasprimeras.com.do\/wp-content\/uploads\/2024\/01\/WhatsApp-Image-2024-01-10-at-11.22.12-PM-1.jpeg?resize=350%2C200&ssl=1","width":350,"height":200,"srcset":"https:\/\/i0.wp.com\/lasprimeras.com.do\/wp-content\/uploads\/2024\/01\/WhatsApp-Image-2024-01-10-at-11.22.12-PM-1.jpeg?resize=350%2C200&ssl=1 1x, https:\/\/i0.wp.com\/lasprimeras.com.do\/wp-content\/uploads\/2024\/01\/WhatsApp-Image-2024-01-10-at-11.22.12-PM-1.jpeg?resize=525%2C300&ssl=1 1.5x, https:\/\/i0.wp.com\/lasprimeras.com.do\/wp-content\/uploads\/2024\/01\/WhatsApp-Image-2024-01-10-at-11.22.12-PM-1.jpeg?resize=700%2C400&ssl=1 2x, https:\/\/i0.wp.com\/lasprimeras.com.do\/wp-content\/uploads\/2024\/01\/WhatsApp-Image-2024-01-10-at-11.22.12-PM-1.jpeg?resize=1050%2C600&ssl=1 3x, https:\/\/i0.wp.com\/lasprimeras.com.do\/wp-content\/uploads\/2024\/01\/WhatsApp-Image-2024-01-10-at-11.22.12-PM-1.jpeg?resize=1400%2C800&ssl=1 4x"},"classes":[]},{"id":61941,"url":"https:\/\/lasprimeras.com.do\/index.php\/2023\/10\/02\/teatro-nacional-inaugura-memorabilia-de-salsera-celia-cruz\/","url_meta":{"origin":61982,"position":5},"title":"Teatro Nacional inaugura memorabilia de salsera Celia Cruz","author":"BIMARY DE JES\u00daS Matos","date":"2 de octubre de 2023","format":false,"excerpt":"SANTO DOMINGO.- El Teatro Nacional Eduardo Brito, la Fundaci\u00f3n Legado de Celia Cruz y el Congreso de Salsa de la Rep\u00fablica Dominicana inauguraron la memorabilia del vestido usado por Celia Cruz al recibir el Premio Casandra en el 1996, durante un emotivo encuentro en la Mezzanine del Teatro Nacional. Celia\u2026","rel":"","context":"En \u00abENTRETENIMIENTO\u00bb","block_context":{"text":"ENTRETENIMIENTO","link":"https:\/\/lasprimeras.com.do\/index.php\/category\/entretenimiento\/"},"img":{"alt_text":"","src":"https:\/\/i0.wp.com\/lasprimeras.com.do\/wp-content\/uploads\/2023\/10\/WhatsApp-Image-2023-09-28-at-11.50.30-PM-1-4.jpeg?resize=350%2C200&ssl=1","width":350,"height":200,"srcset":"https:\/\/i0.wp.com\/lasprimeras.com.do\/wp-content\/uploads\/2023\/10\/WhatsApp-Image-2023-09-28-at-11.50.30-PM-1-4.jpeg?resize=350%2C200&ssl=1 1x, https:\/\/i0.wp.com\/lasprimeras.com.do\/wp-content\/uploads\/2023\/10\/WhatsApp-Image-2023-09-28-at-11.50.30-PM-1-4.jpeg?resize=525%2C300&ssl=1 1.5x, https:\/\/i0.wp.com\/lasprimeras.com.do\/wp-content\/uploads\/2023\/10\/WhatsApp-Image-2023-09-28-at-11.50.30-PM-1-4.jpeg?resize=700%2C400&ssl=1 2x"},"classes":[]}],"jetpack_sharing_enabled":true,"_links":{"self":[{"href":"https:\/\/lasprimeras.com.do\/index.php\/wp-json\/wp\/v2\/posts\/61982","targetHints":{"allow":["GET"]}}],"collection":[{"href":"https:\/\/lasprimeras.com.do\/index.php\/wp-json\/wp\/v2\/posts"}],"about":[{"href":"https:\/\/lasprimeras.com.do\/index.php\/wp-json\/wp\/v2\/types\/post"}],"author":[{"embeddable":true,"href":"https:\/\/lasprimeras.com.do\/index.php\/wp-json\/wp\/v2\/users\/3"}],"replies":[{"embeddable":true,"href":"https:\/\/lasprimeras.com.do\/index.php\/wp-json\/wp\/v2\/comments?post=61982"}],"version-history":[{"count":1,"href":"https:\/\/lasprimeras.com.do\/index.php\/wp-json\/wp\/v2\/posts\/61982\/revisions"}],"predecessor-version":[{"id":61984,"href":"https:\/\/lasprimeras.com.do\/index.php\/wp-json\/wp\/v2\/posts\/61982\/revisions\/61984"}],"wp:featuredmedia":[{"embeddable":true,"href":"https:\/\/lasprimeras.com.do\/index.php\/wp-json\/wp\/v2\/media\/61983"}],"wp:attachment":[{"href":"https:\/\/lasprimeras.com.do\/index.php\/wp-json\/wp\/v2\/media?parent=61982"}],"wp:term":[{"taxonomy":"category","embeddable":true,"href":"https:\/\/lasprimeras.com.do\/index.php\/wp-json\/wp\/v2\/categories?post=61982"},{"taxonomy":"post_tag","embeddable":true,"href":"https:\/\/lasprimeras.com.do\/index.php\/wp-json\/wp\/v2\/tags?post=61982"}],"curies":[{"name":"wp","href":"https:\/\/api.w.org\/{rel}","templated":true}]}}