{"id":61988,"date":"2023-10-02T07:56:58","date_gmt":"2023-10-02T11:56:58","guid":{"rendered":"https:\/\/lasprimeras.com.do\/?p=61988"},"modified":"2023-10-02T07:57:00","modified_gmt":"2023-10-02T11:57:00","slug":"guido-lamenta-que-en-el-exterior-no-hubiera-primarias-del-prm","status":"publish","type":"post","link":"https:\/\/lasprimeras.com.do\/index.php\/2023\/10\/02\/guido-lamenta-que-en-el-exterior-no-hubiera-primarias-del-prm\/","title":{"rendered":"Guido lamenta que en el exterior no hubiera primarias del PRM"},"content":{"rendered":"\n<p>SANTO DOMINGO.- El precandidato presidencial del Partido Revolucionario Moderno (PRM), Guido G\u00f3mez Mazara, lament\u00f3 este domingo que la di\u00e1spora perreme\u00edsta no pudiera ejercer su derecho al voto, debido a que no fue habitado el proceso interno en el exterior.<\/p>\n\n\n\n<p>Record\u00f3 que todos los dominicanos deben tener el derecho de elegir a qui\u00e9nes ser\u00e1n sus representantes a trav\u00e9s del voto donde quiera que se encuentren.<\/p>\n\n\n\n<p>Sin embargo, el dirigente del PRM describi\u00f3 estas primarias cerradas como un evento democr\u00e1tico.<\/p>\n\n\n\n<p>G\u00f3mez Mazara habl\u00f3 cuando acud\u00eda a votar en un centro de votaci\u00f3n habilitado en la Universidad Iberoamericana (UNIBE). Dijo que estaba seguro de que iba a ganar las primarias.<\/p>\n","protected":false},"excerpt":{"rendered":"<p>SANTO DOMINGO.- El precandidato presidencial del Partido Revolucionario Moderno (PRM), Guido G\u00f3mez Mazara, lament\u00f3 este domingo que la di\u00e1spora perreme\u00edsta no pudiera ejercer su derecho al voto, debido a que&hellip;<\/p>\n","protected":false},"author":3,"featured_media":61989,"comment_status":"open","ping_status":"open","sticky":false,"template":"","format":"standard","meta":{"content-type":"","jetpack_post_was_ever_published":false,"_jetpack_newsletter_access":"","_jetpack_dont_email_post_to_subs":false,"_jetpack_newsletter_tier_id":0,"_jetpack_memberships_contains_paywalled_content":false,"_jetpack_memberships_contains_paid_content":false,"footnotes":""},"categories":[1],"tags":[],"class_list":["post-61988","post","type-post","status-publish","format-standard","has-post-thumbnail","hentry","category-sin-categoria"],"jetpack_featured_media_url":"https:\/\/lasprimeras.com.do\/wp-content\/uploads\/2023\/10\/WhatsApp-Image-2023-09-28-at-11.50.30-PM-1-11.jpeg","jetpack-related-posts":[{"id":55915,"url":"https:\/\/lasprimeras.com.do\/index.php\/2023\/07\/26\/guido-exige-garanticen-democracia-con-votos-de-diaspora\/","url_meta":{"origin":61988,"position":0},"title":"Guido exige garanticen democracia con votos de di\u00e1spora","author":"Nelson Feliz","date":"26 de julio de 2023","format":false,"excerpt":"El precandidato presidencial del Partido Revolucionario Moderno (PRM), Guido G\u00f3mez Mazara, solicit\u00f3 una revisi\u00f3n a la resoluci\u00f3n que impide la participaci\u00f3n de la di\u00e1spora dominicana en las primarias internas que va a realizar esa organizaci\u00f3n en el mes de octubre. Revel\u00f3 que el actual congresista\u00a0 de origen dominicano, Adriano Espaillat,\u2026","rel":"","context":"En \u00abPORTADA\u00bb","block_context":{"text":"PORTADA","link":"https:\/\/lasprimeras.com.do\/index.php\/category\/portada\/"},"img":{"alt_text":"Guido Gomez Mazara","src":"https:\/\/i0.wp.com\/lasprimeras.com.do\/wp-content\/uploads\/2023\/07\/Guido-Gomez-Mazara-1.jpg?resize=350%2C200&ssl=1","width":350,"height":200,"srcset":"https:\/\/i0.wp.com\/lasprimeras.com.do\/wp-content\/uploads\/2023\/07\/Guido-Gomez-Mazara-1.jpg?resize=350%2C200&ssl=1 1x, https:\/\/i0.wp.com\/lasprimeras.com.do\/wp-content\/uploads\/2023\/07\/Guido-Gomez-Mazara-1.jpg?resize=525%2C300&ssl=1 1.5x"},"classes":[]},{"id":61906,"url":"https:\/\/lasprimeras.com.do\/index.php\/2023\/10\/01\/abinader-continua-en-la-delantera-de-las-primarias-del-prm-con-mas-de-738749-votos\/","url_meta":{"origin":61988,"position":1},"title":"Abinader contin\u00faa en la delantera de las primarias del PRM con m\u00e1s de 738,749 votos","author":"Nelson Feliz","date":"1 de octubre de 2023","format":false,"excerpt":"Con el 89.71 % de las mesas computadas, el actual presidente de la Rep\u00fablica, Luis Abinader, contin\u00faa en el puesto n\u00famero uno durante el conteo de los votos de las primarias internas del Partido Revolucionario Moderno (PRM), celebradas este domingo uno de octubre. Tras haber sido transmitidas el 20 %\u2026","rel":"","context":"En \u00abPORTADA\u00bb","block_context":{"text":"PORTADA","link":"https:\/\/lasprimeras.com.do\/index.php\/category\/portada\/"},"img":{"alt_text":"Luis arriba","src":"https:\/\/i0.wp.com\/lasprimeras.com.do\/wp-content\/uploads\/2023\/10\/Luis-arriba.jpg?resize=350%2C200&ssl=1","width":350,"height":200,"srcset":"https:\/\/i0.wp.com\/lasprimeras.com.do\/wp-content\/uploads\/2023\/10\/Luis-arriba.jpg?resize=350%2C200&ssl=1 1x, https:\/\/i0.wp.com\/lasprimeras.com.do\/wp-content\/uploads\/2023\/10\/Luis-arriba.jpg?resize=525%2C300&ssl=1 1.5x, https:\/\/i0.wp.com\/lasprimeras.com.do\/wp-content\/uploads\/2023\/10\/Luis-arriba.jpg?resize=700%2C400&ssl=1 2x"},"classes":[]},{"id":57711,"url":"https:\/\/lasprimeras.com.do\/index.php\/2023\/08\/15\/guido-gomez-mazara-formaliza-su-inscripcion-como-precandidato-presidencial-del-prm\/","url_meta":{"origin":61988,"position":2},"title":"Guido G\u00f3mez Mazara formaliza su inscripci\u00f3n como precandidato presidencial del PRM","author":"Nelson Feliz","date":"15 de agosto de 2023","format":false,"excerpt":"El dirigente del Partido Revolucionario Moderno (PRM) Guido G\u00f3mez Mazara formaliz\u00f3 su inscripci\u00f3n a la precandidatura presidencial, de cara a las primarias internas de esa organizaci\u00f3n pol\u00edtica. \u00a0 G\u00f3mez Mazara asisti\u00f3 acompa\u00f1ado de su madre Carmen Mazara, as\u00ed como otras personalidades ante la Comisi\u00f3n Nacional de Elecciones Internas del PRM,\u2026","rel":"","context":"En \u00abSin categor\u00eda\u00bb","block_context":{"text":"Sin categor\u00eda","link":"https:\/\/lasprimeras.com.do\/index.php\/category\/sin-categoria\/"},"img":{"alt_text":"Guido Gomez Mazara","src":"https:\/\/i0.wp.com\/lasprimeras.com.do\/wp-content\/uploads\/2023\/07\/Guido-Gomez-Mazara-1.jpg?resize=350%2C200&ssl=1","width":350,"height":200,"srcset":"https:\/\/i0.wp.com\/lasprimeras.com.do\/wp-content\/uploads\/2023\/07\/Guido-Gomez-Mazara-1.jpg?resize=350%2C200&ssl=1 1x, https:\/\/i0.wp.com\/lasprimeras.com.do\/wp-content\/uploads\/2023\/07\/Guido-Gomez-Mazara-1.jpg?resize=525%2C300&ssl=1 1.5x"},"classes":[]},{"id":62043,"url":"https:\/\/lasprimeras.com.do\/index.php\/2023\/10\/02\/primarias-del-prm-movilizaron-mas-de-un-millon-de-votantes\/","url_meta":{"origin":61988,"position":3},"title":"Primarias del PRM movilizaron m\u00e1s de un mill\u00f3n de votantes","author":"BIMARY DE JES\u00daS Matos","date":"2 de octubre de 2023","format":false,"excerpt":"Santo Domingo.-Las primarias del Partido Revolucionario Moderno (PRM) movilizaron a las urnas a 1,026,047 militantes para votar en un 90.79 % por el presidente Luis Abinader, allanando as\u00ed el camino a su repostulaci\u00f3n. Del total de votos, 968,639 son v\u00e1lidos y 57,408 fueron declarados nulos; 41,961 por ser dejados en\u2026","rel":"","context":"En \u00abNACIONALES\u00bb","block_context":{"text":"NACIONALES","link":"https:\/\/lasprimeras.com.do\/index.php\/category\/nacionales\/"},"img":{"alt_text":"","src":"https:\/\/i0.wp.com\/lasprimeras.com.do\/wp-content\/uploads\/2023\/10\/WhatsApp-Image-2023-09-28-at-11.50.30-PM-1-1-3.jpeg?resize=350%2C200&ssl=1","width":350,"height":200,"srcset":"https:\/\/i0.wp.com\/lasprimeras.com.do\/wp-content\/uploads\/2023\/10\/WhatsApp-Image-2023-09-28-at-11.50.30-PM-1-1-3.jpeg?resize=350%2C200&ssl=1 1x, https:\/\/i0.wp.com\/lasprimeras.com.do\/wp-content\/uploads\/2023\/10\/WhatsApp-Image-2023-09-28-at-11.50.30-PM-1-1-3.jpeg?resize=525%2C300&ssl=1 1.5x, https:\/\/i0.wp.com\/lasprimeras.com.do\/wp-content\/uploads\/2023\/10\/WhatsApp-Image-2023-09-28-at-11.50.30-PM-1-1-3.jpeg?resize=700%2C400&ssl=1 2x"},"classes":[]},{"id":62203,"url":"https:\/\/lasprimeras.com.do\/index.php\/2023\/10\/03\/phr-felicita-al-presidente-abinader-por-su-triunfo-en-las-primarias\/","url_meta":{"origin":61988,"position":4},"title":"PHR felicita al presidente Abinader por su triunfo en las primarias","author":"Nelson Feliz","date":"3 de octubre de 2023","format":false,"excerpt":"El presidente del Partido Humanista Renovador \u2013PHR-, Antonio Mateo, envi\u00f3 un mensaje de felicitaci\u00f3n al presidente de la Rep\u00fablica, Luis Abinader, por su contundente triunfo en las elecciones primarias del Partido Revolucionario Moderno (PRM). \u201cFelicitamos al Presidente de la Rep\u00fablica y reelecto candidato del PRM, Luis Abinader, quien logr\u00f3 convertirse\u2026","rel":"","context":"En \u00abSin categor\u00eda\u00bb","block_context":{"text":"Sin categor\u00eda","link":"https:\/\/lasprimeras.com.do\/index.php\/category\/sin-categoria\/"},"img":{"alt_text":"Antonio Mateo","src":"https:\/\/i0.wp.com\/lasprimeras.com.do\/wp-content\/uploads\/2023\/10\/Antonio-Mateo.jpg?resize=350%2C200&ssl=1","width":350,"height":200,"srcset":"https:\/\/i0.wp.com\/lasprimeras.com.do\/wp-content\/uploads\/2023\/10\/Antonio-Mateo.jpg?resize=350%2C200&ssl=1 1x, https:\/\/i0.wp.com\/lasprimeras.com.do\/wp-content\/uploads\/2023\/10\/Antonio-Mateo.jpg?resize=525%2C300&ssl=1 1.5x, https:\/\/i0.wp.com\/lasprimeras.com.do\/wp-content\/uploads\/2023\/10\/Antonio-Mateo.jpg?resize=700%2C400&ssl=1 2x"},"classes":[]},{"id":119358,"url":"https:\/\/lasprimeras.com.do\/index.php\/2026\/01\/11\/gomez-mazara-advierte-criticas-de-pacheco-pueden-ser-usadas-por-adversarios-naturales-del-prm\/","url_meta":{"origin":61988,"position":5},"title":"G\u00f3mez Mazara advierte cr\u00edticas de Pacheco pueden ser usadas por &#8220;adversarios naturales&#8221; del PRM","author":"Nelson Feliz","date":"11 de enero de 2026","format":false,"excerpt":"\"Nosotros tenemos que ser cuidadosos cuando las criticas leg\u00edtimas, variadas, ponderadas e inteligentes, pueden ser usadas por los adversarios naturales del partido\", expres\u00f3. El presidente del Consejo Directivo del Instituto Dominicano de las Telecomunicaciones (Indotel), Guido Gomez Mazara, reaccion\u00f3 a las quejas titular de la C\u00e1mara de Diputados, Alfredo Pacheco,\u2026","rel":"","context":"En \u00abPOLITICA\u00bb","block_context":{"text":"POLITICA","link":"https:\/\/lasprimeras.com.do\/index.php\/category\/politica\/"},"img":{"alt_text":"Guido G\u00f3mez Mazara","src":"https:\/\/i0.wp.com\/lasprimeras.com.do\/wp-content\/uploads\/2023\/10\/Guido-Gomez-Mazara.jpg?resize=350%2C200&ssl=1","width":350,"height":200,"srcset":"https:\/\/i0.wp.com\/lasprimeras.com.do\/wp-content\/uploads\/2023\/10\/Guido-Gomez-Mazara.jpg?resize=350%2C200&ssl=1 1x, https:\/\/i0.wp.com\/lasprimeras.com.do\/wp-content\/uploads\/2023\/10\/Guido-Gomez-Mazara.jpg?resize=525%2C300&ssl=1 1.5x, https:\/\/i0.wp.com\/lasprimeras.com.do\/wp-content\/uploads\/2023\/10\/Guido-Gomez-Mazara.jpg?resize=700%2C400&ssl=1 2x"},"classes":[]}],"jetpack_sharing_enabled":true,"_links":{"self":[{"href":"https:\/\/lasprimeras.com.do\/index.php\/wp-json\/wp\/v2\/posts\/61988","targetHints":{"allow":["GET"]}}],"collection":[{"href":"https:\/\/lasprimeras.com.do\/index.php\/wp-json\/wp\/v2\/posts"}],"about":[{"href":"https:\/\/lasprimeras.com.do\/index.php\/wp-json\/wp\/v2\/types\/post"}],"author":[{"embeddable":true,"href":"https:\/\/lasprimeras.com.do\/index.php\/wp-json\/wp\/v2\/users\/3"}],"replies":[{"embeddable":true,"href":"https:\/\/lasprimeras.com.do\/index.php\/wp-json\/wp\/v2\/comments?post=61988"}],"version-history":[{"count":1,"href":"https:\/\/lasprimeras.com.do\/index.php\/wp-json\/wp\/v2\/posts\/61988\/revisions"}],"predecessor-version":[{"id":61990,"href":"https:\/\/lasprimeras.com.do\/index.php\/wp-json\/wp\/v2\/posts\/61988\/revisions\/61990"}],"wp:featuredmedia":[{"embeddable":true,"href":"https:\/\/lasprimeras.com.do\/index.php\/wp-json\/wp\/v2\/media\/61989"}],"wp:attachment":[{"href":"https:\/\/lasprimeras.com.do\/index.php\/wp-json\/wp\/v2\/media?parent=61988"}],"wp:term":[{"taxonomy":"category","embeddable":true,"href":"https:\/\/lasprimeras.com.do\/index.php\/wp-json\/wp\/v2\/categories?post=61988"},{"taxonomy":"post_tag","embeddable":true,"href":"https:\/\/lasprimeras.com.do\/index.php\/wp-json\/wp\/v2\/tags?post=61988"}],"curies":[{"name":"wp","href":"https:\/\/api.w.org\/{rel}","templated":true}]}}