{"id":62006,"date":"2023-10-02T08:55:43","date_gmt":"2023-10-02T12:55:43","guid":{"rendered":"https:\/\/lasprimeras.com.do\/?p=62006"},"modified":"2023-10-02T08:55:46","modified_gmt":"2023-10-02T12:55:46","slug":"britney-spears-desata-rumores-de-romance-con-su-manager","status":"publish","type":"post","link":"https:\/\/lasprimeras.com.do\/index.php\/2023\/10\/02\/britney-spears-desata-rumores-de-romance-con-su-manager\/","title":{"rendered":"Britney Spears desata rumores de romance con su manager"},"content":{"rendered":"\n<p><strong>Britney Spears presumi\u00f3 una foto en sus redes sociales con su m\u00e1nager, Cade Hudson, bes\u00e1ndola en la mejilla, lo que desat\u00f3 rumores de un romance entre ambos.<\/strong><\/p>\n\n\n\n<p>La cantante Britney Spears vuelve a dar de que hablar sobre sus relaciones amorosas, pues ahora presumi\u00f3 una foto en sus redes sociales con su m\u00e1nager, Cade Hudson, bes\u00e1ndola en la mejilla, lo que desat\u00f3 rumores de un romance entre ambos.<\/p>\n\n\n\n<p>\u201c\u00a1Estoy en un lugar tan hermoso ! \u00a1Soy tan afortunada de tener amigos incre\u00edbles ! \u00a1Las afirmaciones positivas son importantes para m\u00ed en este momento!<\/p>\n\n\n\n<p>\u201cDigo esto porque estoy pasando por un divorcio y tener que reflejar mi pasado en un libro fue \u00a1digamos que no es f\u00e1cil! S\u00f3lo digo! Pero me tomo un d\u00eda a la vez aprendiendo a respirar! \u00a1El amor propio es incre\u00edblemente importante! \u00a1Me despert\u00e9 y simplemente llor\u00e9 porque me sent\u00ed agradecida de estar en un lugar tan hermoso!\u201d, escribi\u00f3 en una extensa publicaci\u00f3n de Instagram.<\/p>\n\n\n\n<p>Hudson, quien anteriormente trabaj\u00f3 como agente en la Agencia de Artes Creativas, es amigo de la princesa del pop y comenz\u00f3 a trabajar con ella desde el 2022, dio a conocer Page Six.<\/p>\n\n\n\n<p>Spears tambi\u00e9n habl\u00f3 sobre lo doloroso que fue reflexionar sobre su pasado para sus pr\u00f3ximas memorias, \u201cThe Woman In Me\u201d, que estrenar\u00e1 el 24 de octubre, mientras terminaba su tercer matrimonio con Sam Asghari.<\/p>\n\n\n\n<p>\u201cHay que tener mucha paciencia con alguien que cuenta su historia por primera vez y no obligarlo. Ella detalla su historia familiar, desde sus abuelos hasta sus padres y por qu\u00e9 ella es como es.<\/p>\n\n\n\n<p>\u201cLees algo de su historia familiar en el libro y piensas \u2018Dios m\u00edo, esa pobre ni\u00f1a&#8217;\u201d, asegur\u00f3 una fuente cercana a la edici\u00f3n.<\/p>\n\n\n\n<p>Fuente eldiariony.com<\/p>\n","protected":false},"excerpt":{"rendered":"<p>Britney Spears presumi\u00f3 una foto en sus redes sociales con su m\u00e1nager, Cade Hudson, bes\u00e1ndola en la mejilla, lo que desat\u00f3 rumores de un romance entre ambos. La cantante Britney&hellip;<\/p>\n","protected":false},"author":2,"featured_media":62007,"comment_status":"open","ping_status":"open","sticky":false,"template":"","format":"standard","meta":{"content-type":"","jetpack_post_was_ever_published":false,"_jetpack_newsletter_access":"","_jetpack_dont_email_post_to_subs":false,"_jetpack_newsletter_tier_id":0,"_jetpack_memberships_contains_paywalled_content":false,"_jetpack_memberships_contains_paid_content":false,"footnotes":""},"categories":[84],"tags":[8121,8123,8122,6994],"class_list":["post-62006","post","type-post","status-publish","format-standard","has-post-thumbnail","hentry","category-entretenimiento","tag-britney-spears","tag-manager","tag-romance","tag-rumores"],"jetpack_featured_media_url":"https:\/\/lasprimeras.com.do\/wp-content\/uploads\/2023\/10\/Britney-Spears.jpg","jetpack-related-posts":[{"id":78472,"url":"https:\/\/lasprimeras.com.do\/index.php\/2024\/03\/17\/rafael-amaya-aclara-los-rumores-y-revela-si-desea-casarse-con-su-manager\/","url_meta":{"origin":62006,"position":0},"title":"Rafael Amaya aclara los rumores y revela si desea casarse con su m\u00e1nager","author":"Nelson Feliz","date":"17 de marzo de 2024","format":false,"excerpt":"Rafael Amaya declar\u00f3 que est\u00e1 muy contento con su relaci\u00f3n con Maritza Ramos y que ambos est\u00e1n disfrutando de su tiempo juntos. Por ello, aclar\u00f3 si desea llevar su v\u00ednculo amoroso a otro nivel y sin duda respondi\u00f3. Por Cindy Quevedo En una entrevista reciente, Rafael Amaya revel\u00f3 que, si\u2026","rel":"","context":"En \u00abENTRETENIMIENTO\u00bb","block_context":{"text":"ENTRETENIMIENTO","link":"https:\/\/lasprimeras.com.do\/index.php\/category\/entretenimiento\/"},"img":{"alt_text":"Rafael Amaya","src":"https:\/\/i0.wp.com\/lasprimeras.com.do\/wp-content\/uploads\/2024\/03\/Rafael-Amaya.jpg?resize=350%2C200&ssl=1","width":350,"height":200,"srcset":"https:\/\/i0.wp.com\/lasprimeras.com.do\/wp-content\/uploads\/2024\/03\/Rafael-Amaya.jpg?resize=350%2C200&ssl=1 1x, https:\/\/i0.wp.com\/lasprimeras.com.do\/wp-content\/uploads\/2024\/03\/Rafael-Amaya.jpg?resize=525%2C300&ssl=1 1.5x, https:\/\/i0.wp.com\/lasprimeras.com.do\/wp-content\/uploads\/2024\/03\/Rafael-Amaya.jpg?resize=700%2C400&ssl=1 2x"},"classes":[]},{"id":94402,"url":"https:\/\/lasprimeras.com.do\/index.php\/2025\/02\/28\/masha-confiesa-tuvo-romance-con-jonathan-villar\/","url_meta":{"origin":62006,"position":1},"title":"Masha confiesa tuvo romance con Jonathan Villar","author":"Nelson Feliz","date":"28 de febrero de 2025","format":false,"excerpt":"Ashley Mariel S\u00e1nchez, mejor conocida como Masha y quien cumpli\u00f3 18 a\u00f1os el pasado 21 de febrero, confes\u00f3 en el programa Sin Filtro Radio Show que luego de cumplir la mayor\u00eda de edad muchos hombres le han escrito por las redes sociales incluyendo cantantes y peloteros. Dentro de los jugadores\u2026","rel":"","context":"En \u00abENTRETENIMIENTO\u00bb","block_context":{"text":"ENTRETENIMIENTO","link":"https:\/\/lasprimeras.com.do\/index.php\/category\/entretenimiento\/"},"img":{"alt_text":"","src":"https:\/\/i0.wp.com\/lasprimeras.com.do\/wp-content\/uploads\/2025\/02\/masha.jpg?resize=350%2C200&ssl=1","width":350,"height":200,"srcset":"https:\/\/i0.wp.com\/lasprimeras.com.do\/wp-content\/uploads\/2025\/02\/masha.jpg?resize=350%2C200&ssl=1 1x, https:\/\/i0.wp.com\/lasprimeras.com.do\/wp-content\/uploads\/2025\/02\/masha.jpg?resize=525%2C300&ssl=1 1.5x, https:\/\/i0.wp.com\/lasprimeras.com.do\/wp-content\/uploads\/2025\/02\/masha.jpg?resize=700%2C400&ssl=1 2x, https:\/\/i0.wp.com\/lasprimeras.com.do\/wp-content\/uploads\/2025\/02\/masha.jpg?resize=1050%2C600&ssl=1 3x"},"classes":[]},{"id":99062,"url":"https:\/\/lasprimeras.com.do\/index.php\/2025\/05\/16\/alejandro-sanz-anuncia-una-cancion-con-shakira-en-su-nuevo-album\/","url_meta":{"origin":62006,"position":2},"title":"Alejandro Sanz anuncia una canci\u00f3n con Shakira en su nuevo \u00e1lbum","author":"Nelson Feliz","date":"16 de mayo de 2025","format":false,"excerpt":"Alejandro Sanz y Shakira estrenar\u00e1n una nueva canci\u00f3n juntos tras 20 a\u00f1os del lanzamiento del mega \u00e9xito 'La Tortura'. Por Sarah\u00ed G\u00f3mez Esaa El cantante espa\u00f1ol Alejandro Sanz anunci\u00f3 a sus seguidores el lanzamiento de un EP que se estrenar\u00e1 el pr\u00f3ximo 23 de mayo. Una de las mayores sorpresas\u2026","rel":"","context":"En \u00abENTRETENIMIENTO\u00bb","block_context":{"text":"ENTRETENIMIENTO","link":"https:\/\/lasprimeras.com.do\/index.php\/category\/entretenimiento\/"},"img":{"alt_text":"","src":"https:\/\/i0.wp.com\/lasprimeras.com.do\/wp-content\/uploads\/2025\/05\/alejandro.jpg?resize=350%2C200&ssl=1","width":350,"height":200,"srcset":"https:\/\/i0.wp.com\/lasprimeras.com.do\/wp-content\/uploads\/2025\/05\/alejandro.jpg?resize=350%2C200&ssl=1 1x, https:\/\/i0.wp.com\/lasprimeras.com.do\/wp-content\/uploads\/2025\/05\/alejandro.jpg?resize=525%2C300&ssl=1 1.5x, https:\/\/i0.wp.com\/lasprimeras.com.do\/wp-content\/uploads\/2025\/05\/alejandro.jpg?resize=700%2C400&ssl=1 2x"},"classes":[]},{"id":72656,"url":"https:\/\/lasprimeras.com.do\/index.php\/2024\/01\/02\/bad-bunny-lanza-video-no-me-quiero-casar-de-casi-10-minutos\/","url_meta":{"origin":62006,"position":3},"title":"Bad Bunny lanza video &#8220;No me quiero casar&#8221;, de casi 10 minutos","author":"BIMARY DE JES\u00daS Matos","date":"2 de enero de 2024","format":false,"excerpt":"\u00abNo me quiero casar\u00bb es una frase que se lleva un segundo pronunciarla, pero a Bad Bunny le tom\u00f3 casi 10 minutos explicarla en un sorpresivo video que lanz\u00f3 justo al despedir el 2023, a pocas horas de recibir el 2024 y dos semanas despu\u00e9s de que se diera a\u2026","rel":"","context":"En \u00abENTRETENIMIENTO\u00bb","block_context":{"text":"ENTRETENIMIENTO","link":"https:\/\/lasprimeras.com.do\/index.php\/category\/entretenimiento\/"},"img":{"alt_text":"","src":"https:\/\/i0.wp.com\/lasprimeras.com.do\/wp-content\/uploads\/2024\/01\/esta-3.jpg?resize=350%2C200&ssl=1","width":350,"height":200,"srcset":"https:\/\/i0.wp.com\/lasprimeras.com.do\/wp-content\/uploads\/2024\/01\/esta-3.jpg?resize=350%2C200&ssl=1 1x, https:\/\/i0.wp.com\/lasprimeras.com.do\/wp-content\/uploads\/2024\/01\/esta-3.jpg?resize=525%2C300&ssl=1 1.5x"},"classes":[]},{"id":113863,"url":"https:\/\/lasprimeras.com.do\/index.php\/2025\/11\/06\/juan-luis-guerra-y-sting-rumores-de-una-colaboracion-musical-historica\/","url_meta":{"origin":62006,"position":4},"title":"Juan Luis Guerra y Sting: rumores de una colaboraci\u00f3n musical hist\u00f3rica","author":"Nelson Feliz","date":"6 de noviembre de 2025","format":false,"excerpt":"\u00bfQu\u00e9 significa la enigm\u00e1tica publicaci\u00f3n de Juan Luis Guerra? El laureado cantautor dominicano Juan Luis Guerra revolucion\u00f3 las redes sociales este jueves al compartir una enigm\u00e1tica fotograf\u00eda en su cuenta de Instagram, donde aparece de espaldas al p\u00fablico junto a un artista que se presume es Sting, acompa\u00f1ada \u00fanicamente del\u2026","rel":"","context":"En \u00abENTRETENIMIENTO\u00bb","block_context":{"text":"ENTRETENIMIENTO","link":"https:\/\/lasprimeras.com.do\/index.php\/category\/entretenimiento\/"},"img":{"alt_text":"Juan Luis Guerra encendi\u00f3 las redes al publicar una imagen con la fecha 6:11, desatando rumores de colaboraci\u00f3n con Sting. (CR\u00c9DITO: CORTES\u00cdA \/ INSTAGRAM JUAN LUIS GUERRA)","src":"https:\/\/i0.wp.com\/lasprimeras.com.do\/wp-content\/uploads\/2025\/11\/JLG.jpg?resize=350%2C200&ssl=1","width":350,"height":200,"srcset":"https:\/\/i0.wp.com\/lasprimeras.com.do\/wp-content\/uploads\/2025\/11\/JLG.jpg?resize=350%2C200&ssl=1 1x, https:\/\/i0.wp.com\/lasprimeras.com.do\/wp-content\/uploads\/2025\/11\/JLG.jpg?resize=525%2C300&ssl=1 1.5x"},"classes":[]},{"id":72188,"url":"https:\/\/lasprimeras.com.do\/index.php\/2023\/12\/27\/rbd-despide-a-su-manager-guillermo-rosas\/","url_meta":{"origin":62006,"position":5},"title":"RBD despide a su m\u00e1nager Guillermo Rosas","author":"BIMARY DE JES\u00daS Matos","date":"27 de diciembre de 2023","format":false,"excerpt":"Santo Domingo.-RBD termina su exitosa gira de reencuentro tras 15 a\u00f1os fuera de los escenarios en medio de escandalo por haber despedido a su m\u00e1nager Guillermo Rosas, quien fue uno de los mayores precursores de que la banda se volviera a reunir, logrando que Anah\u00ed, Dulce Mar\u00eda, Maite Perroni, Christian\u2026","rel":"","context":"En \u00abENTRETENIMIENTO\u00bb","block_context":{"text":"ENTRETENIMIENTO","link":"https:\/\/lasprimeras.com.do\/index.php\/category\/entretenimiento\/"},"img":{"alt_text":"","src":"https:\/\/i0.wp.com\/lasprimeras.com.do\/wp-content\/uploads\/2023\/12\/Noticias-de-energia-58-6.jpg?resize=350%2C200&ssl=1","width":350,"height":200,"srcset":"https:\/\/i0.wp.com\/lasprimeras.com.do\/wp-content\/uploads\/2023\/12\/Noticias-de-energia-58-6.jpg?resize=350%2C200&ssl=1 1x, https:\/\/i0.wp.com\/lasprimeras.com.do\/wp-content\/uploads\/2023\/12\/Noticias-de-energia-58-6.jpg?resize=525%2C300&ssl=1 1.5x"},"classes":[]}],"jetpack_sharing_enabled":true,"_links":{"self":[{"href":"https:\/\/lasprimeras.com.do\/index.php\/wp-json\/wp\/v2\/posts\/62006","targetHints":{"allow":["GET"]}}],"collection":[{"href":"https:\/\/lasprimeras.com.do\/index.php\/wp-json\/wp\/v2\/posts"}],"about":[{"href":"https:\/\/lasprimeras.com.do\/index.php\/wp-json\/wp\/v2\/types\/post"}],"author":[{"embeddable":true,"href":"https:\/\/lasprimeras.com.do\/index.php\/wp-json\/wp\/v2\/users\/2"}],"replies":[{"embeddable":true,"href":"https:\/\/lasprimeras.com.do\/index.php\/wp-json\/wp\/v2\/comments?post=62006"}],"version-history":[{"count":1,"href":"https:\/\/lasprimeras.com.do\/index.php\/wp-json\/wp\/v2\/posts\/62006\/revisions"}],"predecessor-version":[{"id":62008,"href":"https:\/\/lasprimeras.com.do\/index.php\/wp-json\/wp\/v2\/posts\/62006\/revisions\/62008"}],"wp:featuredmedia":[{"embeddable":true,"href":"https:\/\/lasprimeras.com.do\/index.php\/wp-json\/wp\/v2\/media\/62007"}],"wp:attachment":[{"href":"https:\/\/lasprimeras.com.do\/index.php\/wp-json\/wp\/v2\/media?parent=62006"}],"wp:term":[{"taxonomy":"category","embeddable":true,"href":"https:\/\/lasprimeras.com.do\/index.php\/wp-json\/wp\/v2\/categories?post=62006"},{"taxonomy":"post_tag","embeddable":true,"href":"https:\/\/lasprimeras.com.do\/index.php\/wp-json\/wp\/v2\/tags?post=62006"}],"curies":[{"name":"wp","href":"https:\/\/api.w.org\/{rel}","templated":true}]}}