{"id":62010,"date":"2023-10-02T12:20:48","date_gmt":"2023-10-02T16:20:48","guid":{"rendered":"https:\/\/lasprimeras.com.do\/?p=62010"},"modified":"2023-10-02T12:20:49","modified_gmt":"2023-10-02T16:20:49","slug":"jhonatan-liriano-sobre-derrota-de-manuel-jimenez-en-altos-niveles-decidieron-que-no-va","status":"publish","type":"post","link":"https:\/\/lasprimeras.com.do\/index.php\/2023\/10\/02\/jhonatan-liriano-sobre-derrota-de-manuel-jimenez-en-altos-niveles-decidieron-que-no-va\/","title":{"rendered":"Jhonatan Liriano sobre derrota de Manuel Jim\u00e9nez: \u201cEn altos niveles decidieron que no va\u201d"},"content":{"rendered":"\n<p><strong>El alcalde Manuel Jim\u00e9nez qued\u00f3 en \u00faltimo lugar en los votos para la alcad\u00eda de SDE en las primarias del PRM celebradas ayer.<\/strong><\/p>\n\n\n\n<p>El director de comunicaciones de la alcald\u00eda de Santo Domingo Este, Jhonatan Liriano, expuso las razones que, a su parecer, provocaron la derrota de Manuel Jim\u00e9nez como precandidato al cabildo para 2024.<\/p>\n\n\n\n<p>Liriano atribuy\u00f3 la derrota de Jim\u00e9nez a los intereses pol\u00edticos que traen consigo las pr\u00f3ximas elecciones generales.<\/p>\n\n\n\n<p>&#8220;Sin dudas, la forma de la gesti\u00f3n de Manuel Jimenez no es aceptada ni asumida para que contin\u00fae en el poder. Fueron los altos niveles pol\u00edticos los que decidieron que Manuel no va, porque Manuel no qued\u00f3 en segundo, ni en tercero, Manuel qued\u00f3 en cuarto, estando en el poder&#8221;, explic\u00f3 Liriano.<\/p>\n\n\n\n<p>El tambi\u00e9n comunicador agreg\u00f3, durante su intervenci\u00f3n en el programa &#8220;Sol de la Ma\u00f1ana&#8221;, de Zol 106.5 FM, que el a\u00fan alcalde era el favorito de todos los mun\u00edcipes en cada una de las encuestas realizadas entre los aspirantes del PRM.<\/p>\n\n\n\n<p>&#8220;En todas las encuestas, el alcalde preferido del PRM era Manuel Jim\u00e9nez, esa es la realidad, eso no estaba en discusi\u00f3n e iba mejorando el puntaje a medida que avanzaba la gesti\u00f3n. Simplemente, era el preferido en los mun\u00edcipes, pero no de los dirigentes pol\u00edticos&#8221;, continu\u00f3 justificando la derrota.<\/p>\n\n\n\n<p>Termin\u00f3 su postura refiri\u00e9ndose a Jim\u00e9nez como &#8220;el pol\u00edtico progresista m\u00e1s exitoso de esta \u00e9poca&#8221;.<\/p>\n\n\n\n<p><strong>Su cuarto lugar<\/strong><\/p>\n\n\n\n<p>El actual alcalde y precandidato a la misma posici\u00f3n por SDE qued\u00f3 en el \u00faltimo lugar en las primarias del PRM, con el 18.62 % de los votos, tras ser computadas el 100% de las mesas.<\/p>\n\n\n\n<p>En primer lugar, se posicion\u00f3 el pastor Dio Astacio, con un 35.36%, seguido de Ad\u00e1n Peguero, con el 23.24% y, el tercer puesto, lo tiene Bertico Santana, 22.77%.<\/p>\n","protected":false},"excerpt":{"rendered":"<p>El alcalde Manuel Jim\u00e9nez qued\u00f3 en \u00faltimo lugar en los votos para la alcad\u00eda de SDE en las primarias del PRM celebradas ayer. El director de comunicaciones de la alcald\u00eda&hellip;<\/p>\n","protected":false},"author":2,"featured_media":62011,"comment_status":"open","ping_status":"open","sticky":false,"template":"","format":"standard","meta":{"content-type":"","jetpack_post_was_ever_published":false,"_jetpack_newsletter_access":"","_jetpack_dont_email_post_to_subs":false,"_jetpack_newsletter_tier_id":0,"_jetpack_memberships_contains_paywalled_content":false,"_jetpack_memberships_contains_paid_content":false,"footnotes":""},"categories":[25],"tags":[8124,3708,2567,196],"class_list":["post-62010","post","type-post","status-publish","format-standard","has-post-thumbnail","hentry","category-portada","tag-altos-niveles","tag-derrota","tag-jhonatan-liriano","tag-manuel-jimenez"],"jetpack_featured_media_url":"https:\/\/lasprimeras.com.do\/wp-content\/uploads\/2023\/10\/Manuel-Jimenez-3.jpg","jetpack-related-posts":[{"id":73937,"url":"https:\/\/lasprimeras.com.do\/index.php\/2024\/01\/17\/jhonatan-liriano-busca-representar-dignamente-sde-en-la-camara-de-diputados\/","url_meta":{"origin":62010,"position":0},"title":"Jhonatan Liriano busca \u201crepresentar dignamente SDE en la C\u00e1mara de Diputados\u201d","author":"Nelson Feliz","date":"17 de enero de 2024","format":false,"excerpt":"El candidato a diputado abrir\u00e1 dos oficinas de gesti\u00f3n legislativa para trabajar con las Juntas de Vecinos; asume grandes proyectos de inversi\u00f3n estatal presentados por el Alcalde Manuel Jim\u00e9nez. El candidato a diputado Jhonatan Liriano present\u00f3 hoy a los residentes\u00a0 de la autopista de San Isidro, Los Frailes, Hainamosa, Villa\u2026","rel":"","context":"En \u00abPORTADA\u00bb","block_context":{"text":"PORTADA","link":"https:\/\/lasprimeras.com.do\/index.php\/category\/portada\/"},"img":{"alt_text":"Jhonatan Liriano","src":"https:\/\/i0.wp.com\/lasprimeras.com.do\/wp-content\/uploads\/2024\/01\/Jhonatan-Liriano.jpg?resize=350%2C200&ssl=1","width":350,"height":200,"srcset":"https:\/\/i0.wp.com\/lasprimeras.com.do\/wp-content\/uploads\/2024\/01\/Jhonatan-Liriano.jpg?resize=350%2C200&ssl=1 1x, https:\/\/i0.wp.com\/lasprimeras.com.do\/wp-content\/uploads\/2024\/01\/Jhonatan-Liriano.jpg?resize=525%2C300&ssl=1 1.5x, https:\/\/i0.wp.com\/lasprimeras.com.do\/wp-content\/uploads\/2024\/01\/Jhonatan-Liriano.jpg?resize=700%2C400&ssl=1 2x"},"classes":[]},{"id":53888,"url":"https:\/\/lasprimeras.com.do\/index.php\/2023\/07\/03\/los-numeros-de-manuel-jimenez\/","url_meta":{"origin":62010,"position":1},"title":"Los n\u00fameros de Manuel Jim\u00e9nez","author":"Nelson Feliz","date":"3 de julio de 2023","format":false,"excerpt":"Por Jhonatan Liriano Opini\u00f3n p\u00fablica no es lo mismo que opini\u00f3n publicada. Tampoco son la misma cosa los sondeos, los comentarios, los art\u00edculos, los chats de grupos pol\u00edticos y las encuestas. Las encuestas, las de verdad, son instrumentos cient\u00edficos, y miden lo que no se puede medir entre dimes y\u2026","rel":"","context":"En \u00abOPINI\u00d3N\u00bb","block_context":{"text":"OPINI\u00d3N","link":"https:\/\/lasprimeras.com.do\/index.php\/category\/opinion\/"},"img":{"alt_text":"Manuel Jim\u00e9nez","src":"https:\/\/i0.wp.com\/lasprimeras.com.do\/wp-content\/uploads\/2023\/07\/Manuel-Jimenez.jpg?resize=350%2C200&ssl=1","width":350,"height":200,"srcset":"https:\/\/i0.wp.com\/lasprimeras.com.do\/wp-content\/uploads\/2023\/07\/Manuel-Jimenez.jpg?resize=350%2C200&ssl=1 1x, https:\/\/i0.wp.com\/lasprimeras.com.do\/wp-content\/uploads\/2023\/07\/Manuel-Jimenez.jpg?resize=525%2C300&ssl=1 1.5x, https:\/\/i0.wp.com\/lasprimeras.com.do\/wp-content\/uploads\/2023\/07\/Manuel-Jimenez.jpg?resize=700%2C400&ssl=1 2x"},"classes":[]},{"id":54964,"url":"https:\/\/lasprimeras.com.do\/index.php\/2023\/04\/04\/alcalde-manuel-jimenez-juramenta-5-nuevas-juntas-de-vecinos-en-sector-brisas-del-este\/","url_meta":{"origin":62010,"position":2},"title":"Alcalde Manuel Jim\u00e9nez juramenta 5 nuevas Juntas de Vecinos en sector Brisas del Este","author":"Nelson Feliz","date":"4 de abril de 2023","format":false,"excerpt":"Por Martin Restituyo El alcalde Manuel Jim\u00e9nez jurament\u00f3 cinco nuevas juntas de vecinos, en un acto realizado en el sector Brisas del Este, donde inst\u00f3 a sus directivos a trabajar sin descanso para dar respuestas a los problemas que aquejan a sus comunidades. Las nuevas juntas de vecinos corresponden a\u2026","rel":"","context":"En \u00abNACIONALES\u00bb","block_context":{"text":"NACIONALES","link":"https:\/\/lasprimeras.com.do\/index.php\/category\/nacionales\/"},"img":{"alt_text":"","src":"https:\/\/i0.wp.com\/lasprimeras.com.do\/wp-content\/uploads\/2023\/07\/juntas-vecinos.jpg?resize=350%2C200&ssl=1","width":350,"height":200,"srcset":"https:\/\/i0.wp.com\/lasprimeras.com.do\/wp-content\/uploads\/2023\/07\/juntas-vecinos.jpg?resize=350%2C200&ssl=1 1x, https:\/\/i0.wp.com\/lasprimeras.com.do\/wp-content\/uploads\/2023\/07\/juntas-vecinos.jpg?resize=525%2C300&ssl=1 1.5x, https:\/\/i0.wp.com\/lasprimeras.com.do\/wp-content\/uploads\/2023\/07\/juntas-vecinos.jpg?resize=700%2C400&ssl=1 2x, https:\/\/i0.wp.com\/lasprimeras.com.do\/wp-content\/uploads\/2023\/07\/juntas-vecinos.jpg?resize=1050%2C600&ssl=1 3x"},"classes":[]},{"id":81350,"url":"https:\/\/lasprimeras.com.do\/index.php\/2024\/04\/19\/jonatan-liriano-san-isidro-ya-tiene-terreno-para-parque-y-multiuso\/","url_meta":{"origin":62010,"position":3},"title":"Jonat\u00e1n Liriano: \u00a1San Isidro ya tiene terreno para parque y multiuso!","author":"Nelson Feliz","date":"19 de abril de 2024","format":false,"excerpt":"\u201dJonat\u00e1n Liriano explica terreno de 26,000 metros cuadrados para el parque de el bonito est\u00e1n al final de la calle nueva es un bien com\u00fan que todos deben cuidar\u201d El candidato a diputado Jonat\u00e1n Liriano anunci\u00f3 este jueves que la comunidad de San Isidro ya tiene un terreno de 25,000\u2026","rel":"","context":"En \u00abSin categor\u00eda\u00bb","block_context":{"text":"Sin categor\u00eda","link":"https:\/\/lasprimeras.com.do\/index.php\/category\/sin-categoria\/"},"img":{"alt_text":"Jonat\u00e1n Liriano","src":"https:\/\/i0.wp.com\/lasprimeras.com.do\/wp-content\/uploads\/2024\/04\/Jonatan-Liriano-1.jpg?resize=350%2C200&ssl=1","width":350,"height":200,"srcset":"https:\/\/i0.wp.com\/lasprimeras.com.do\/wp-content\/uploads\/2024\/04\/Jonatan-Liriano-1.jpg?resize=350%2C200&ssl=1 1x, https:\/\/i0.wp.com\/lasprimeras.com.do\/wp-content\/uploads\/2024\/04\/Jonatan-Liriano-1.jpg?resize=525%2C300&ssl=1 1.5x, https:\/\/i0.wp.com\/lasprimeras.com.do\/wp-content\/uploads\/2024\/04\/Jonatan-Liriano-1.jpg?resize=700%2C400&ssl=1 2x"},"classes":[]},{"id":78463,"url":"https:\/\/lasprimeras.com.do\/index.php\/2024\/03\/16\/jhonatan-liriano-presenta-proyecto-de-ley-comer-bien-vivir-mejor\/","url_meta":{"origin":62010,"position":4},"title":"Jhonatan Liriano presenta proyecto de \u201cLey Comer Bien, Vivir Mejor\u201d","author":"Nelson Feliz","date":"16 de marzo de 2024","format":false,"excerpt":"El candidato a diputado del Frente Amplio y partidos aliados en la circunscripci\u00f3n 3 de Santo Domingo Este, Boca Chica y Guerra, present\u00f3 su proyecto de \u201cLey Comer Bien, Vivir Mejor\u201d, orientado a promover educaci\u00f3n nutricional para evitar las enfermedades que provocan el 70% de las muertes en Rep\u00fablica Dominicana.\u2026","rel":"","context":"En \u00abSin categor\u00eda\u00bb","block_context":{"text":"Sin categor\u00eda","link":"https:\/\/lasprimeras.com.do\/index.php\/category\/sin-categoria\/"},"img":{"alt_text":"Jhonatan Liriano","src":"https:\/\/i0.wp.com\/lasprimeras.com.do\/wp-content\/uploads\/2024\/03\/Jhonatan-Liriano.jpg?resize=350%2C200&ssl=1","width":350,"height":200,"srcset":"https:\/\/i0.wp.com\/lasprimeras.com.do\/wp-content\/uploads\/2024\/03\/Jhonatan-Liriano.jpg?resize=350%2C200&ssl=1 1x, https:\/\/i0.wp.com\/lasprimeras.com.do\/wp-content\/uploads\/2024\/03\/Jhonatan-Liriano.jpg?resize=525%2C300&ssl=1 1.5x"},"classes":[]},{"id":56479,"url":"https:\/\/lasprimeras.com.do\/index.php\/2023\/08\/02\/periodista-jhonatan-liriano-lanza-sus-aspiraciones-a-diputado-en-sde\/","url_meta":{"origin":62010,"position":5},"title":"Periodista Jhonatan Liriano lanza sus aspiraciones a diputado en SDE","author":"Nelson Feliz","date":"2 de agosto de 2023","format":false,"excerpt":"El periodista Jhonatan Liriano lanz\u00f3 este martes su precandidatura a diputado por la circunscripci\u00f3n 3 del municipio Santo Domingo Este, siendo el primer y \u00fanico aspirante en esa demarcaci\u00f3n por el Partido Revolucionario Moderno (PRM). De inmediato inici\u00f3 su campa\u00f1a hacia el Congreso Nacional presentando propuestas claras y precisas de\u2026","rel":"","context":"En \u00abSin categor\u00eda\u00bb","block_context":{"text":"Sin categor\u00eda","link":"https:\/\/lasprimeras.com.do\/index.php\/category\/sin-categoria\/"},"img":{"alt_text":"Jhonatan Liriano","src":"https:\/\/i0.wp.com\/lasprimeras.com.do\/wp-content\/uploads\/2023\/08\/Jhonatan-Liriano.jpg?resize=350%2C200&ssl=1","width":350,"height":200,"srcset":"https:\/\/i0.wp.com\/lasprimeras.com.do\/wp-content\/uploads\/2023\/08\/Jhonatan-Liriano.jpg?resize=350%2C200&ssl=1 1x, https:\/\/i0.wp.com\/lasprimeras.com.do\/wp-content\/uploads\/2023\/08\/Jhonatan-Liriano.jpg?resize=525%2C300&ssl=1 1.5x, https:\/\/i0.wp.com\/lasprimeras.com.do\/wp-content\/uploads\/2023\/08\/Jhonatan-Liriano.jpg?resize=700%2C400&ssl=1 2x"},"classes":[]}],"jetpack_sharing_enabled":true,"_links":{"self":[{"href":"https:\/\/lasprimeras.com.do\/index.php\/wp-json\/wp\/v2\/posts\/62010","targetHints":{"allow":["GET"]}}],"collection":[{"href":"https:\/\/lasprimeras.com.do\/index.php\/wp-json\/wp\/v2\/posts"}],"about":[{"href":"https:\/\/lasprimeras.com.do\/index.php\/wp-json\/wp\/v2\/types\/post"}],"author":[{"embeddable":true,"href":"https:\/\/lasprimeras.com.do\/index.php\/wp-json\/wp\/v2\/users\/2"}],"replies":[{"embeddable":true,"href":"https:\/\/lasprimeras.com.do\/index.php\/wp-json\/wp\/v2\/comments?post=62010"}],"version-history":[{"count":1,"href":"https:\/\/lasprimeras.com.do\/index.php\/wp-json\/wp\/v2\/posts\/62010\/revisions"}],"predecessor-version":[{"id":62012,"href":"https:\/\/lasprimeras.com.do\/index.php\/wp-json\/wp\/v2\/posts\/62010\/revisions\/62012"}],"wp:featuredmedia":[{"embeddable":true,"href":"https:\/\/lasprimeras.com.do\/index.php\/wp-json\/wp\/v2\/media\/62011"}],"wp:attachment":[{"href":"https:\/\/lasprimeras.com.do\/index.php\/wp-json\/wp\/v2\/media?parent=62010"}],"wp:term":[{"taxonomy":"category","embeddable":true,"href":"https:\/\/lasprimeras.com.do\/index.php\/wp-json\/wp\/v2\/categories?post=62010"},{"taxonomy":"post_tag","embeddable":true,"href":"https:\/\/lasprimeras.com.do\/index.php\/wp-json\/wp\/v2\/tags?post=62010"}],"curies":[{"name":"wp","href":"https:\/\/api.w.org\/{rel}","templated":true}]}}