{"id":62021,"date":"2023-10-02T13:07:01","date_gmt":"2023-10-02T17:07:01","guid":{"rendered":"https:\/\/lasprimeras.com.do\/?p=62021"},"modified":"2023-10-02T13:07:02","modified_gmt":"2023-10-02T17:07:02","slug":"asociacion-de-artistas-participan-en-avocacion-de-la-virgen-de-la-altagracia-en-vaticano","status":"publish","type":"post","link":"https:\/\/lasprimeras.com.do\/index.php\/2023\/10\/02\/asociacion-de-artistas-participan-en-avocacion-de-la-virgen-de-la-altagracia-en-vaticano\/","title":{"rendered":"Asociaci\u00f3n de Artistas participan en avocaci\u00f3n de la Virgen de La Altagracia en Vaticano"},"content":{"rendered":"\n<p><strong>La exposici\u00f3n estuvo a cargo de la embajada de la Rep\u00fablica Dominicana ante la Santa Sede y el Centro de Estudios Altagraciano.<\/strong><\/p>\n\n\n\n<p><strong>Italia. &#8211; <\/strong>Varios miembros de la Asociaci\u00f3n Dominicana de Artistas Visuales (ADAV) participaron en la primera avocaci\u00f3n de la Virgen de La Altagracia, celebrada en la ciudad de El Vaticano, Italia.<\/p>\n\n\n\n<p>Esta actividad se enmarca en el centenario de la protectora del pueblo dominicano, en la cual se realizan 50 interpretaciones de las v\u00edrgenes del Caribe.<\/p>\n\n\n\n<p>Los integrantes del gremio art\u00edstico criollo valoraron el esfuerzo de las instituciones que hicieron posible el magno evento, de \u00edndole cat\u00f3lico-cultural, al destacar el significado que tiene para el pa\u00eds, el reflejo de la virgen por el mundo.<\/p>\n\n\n\n<p>De igual modo, precisaron los detalles art\u00edsticos que engalanan a la protectora del pueblo dominicano, a prop\u00f3sito de la celebraci\u00f3n de sus 100 a\u00f1os, y que la diferencia de las dem\u00e1s interpretaciones de la regi\u00f3n.<\/p>\n\n\n\n<p>La exposici\u00f3n estuvo a cargo de la embajada de la Rep\u00fablica Dominicana ante la Santa Sede y el Centro de Estudios Altagraciano (CEA), luego de la presentaci\u00f3n del libro &#8220;Virgen de la Altagracia, primera advocaci\u00f3n mariana de Am\u00e9rica&#8221;.<\/p>\n\n\n\n<p>Esta obra es autor\u00eda del periodista e investigador Alcides D\u00edaz Batista.<\/p>\n\n\n\n<figure class=\"wp-block-image size-full\"><img decoding=\"async\" width=\"700\" height=\"465\" src=\"https:\/\/lasprimeras.com.do\/wp-content\/uploads\/2023\/10\/Evocacion.jpg\" alt=\"\" class=\"wp-image-62023\" srcset=\"https:\/\/lasprimeras.com.do\/wp-content\/uploads\/2023\/10\/Evocacion.jpg 700w, https:\/\/lasprimeras.com.do\/wp-content\/uploads\/2023\/10\/Evocacion-300x199.jpg 300w\" sizes=\"(max-width: 700px) 100vw, 700px\" \/><\/figure>\n\n\n\n<p>El acto inaugural estuvo encabezado por el embajador ante la Santa Sede, Lu\u00eds Emilio Montalvo Arzeno, quien estuvo acompa\u00f1ado de monse\u00f1or Santiago Rodr\u00edguez, obispo de la Di\u00f3secis de San Pedro de Macor\u00eds, Don Franco Bergamin, Abad Regular de los Can\u00f3nigos Regulares de Letr\u00e1n, rector de la Bas\u00edlica de San Pietro In Vincoli, adem\u00e1s de Margarita Cede\u00f1o, ministra consejera, el padre Jos\u00e9 Ram\u00f3n Santana y Alberto Villaroel, el enlace para la planificaci\u00f3n del evento y maestro de ceremonias.<\/p>\n\n\n\n<p>La exposici\u00f3n contiene 63 obras de 32 artistas dominicanos, la cual estuvo realizada en la majestuosa Bas\u00edlica di San Pietro Invincoli los d\u00edas 25, 26 y 27 de septiembre, incluy\u00f3 32 muestras de la Virgen de la Altagracia y 31 advocaciones de Am\u00e9rica y del mundo, siendo la primera vez que tan nutrido grupo de artistas criollos expusieron en la ciudad de Roma.<\/p>\n\n\n\n<p>Dentro de los artistas que participaron en la exposici\u00f3n se destacan Adrianny Almonte, Ana Virginia Berrido, Jos\u00e9 Tom\u00e1s Ares, Elsa C\u00e1ceres, Laura Ramos, Deysi Campusano, Ang\u00e9isi G\u00f3mez, Ren\u00e9 Guzm\u00e1n, Daniel Ramos, Ram\u00f3n G\u00f3mez, Diego Medina, Rosanna Genao, \u00c1ngel Villalona, Judith Mora, Crist\u00f3bal Rodr\u00edguez, Jasm\u00edn Rosario, Te\u00f3dulo Silfa, Jos\u00e9 Sejo, \u00c1lex V\u00e1squez, Pablo S\u00e1nchez, Sim\u00f3n Marte, Fernando Medina, Junior Pe\u00f1a, Ana Magdalena P\u00e9rez, Edward Salcedo, Geo Ripley, Norberto Uribe, Konrad Rivas, Samuel Guzm\u00e1n, Melvis Matos, Carlos Redman y Mar\u00eda Rosanna P\u00e9rez.<\/p>\n\n\n\n<p>De igual modo, el acto cont\u00f3 con la presencia de los integrantes de la directiva del Centro de Estudios Altagraciano.<\/p>\n\n\n\n<p>Esta presentaci\u00f3n forma parte de las actividades para la promoci\u00f3n del libro que generar\u00e1 parte de los fondos para la construcci\u00f3n del Templo Mariano en Hoyoncito, comunidad de Hato Mayor del Rey.<\/p>\n\n\n\n<p>El mismo contiene la documentaci\u00f3n de todo lo acontecido en la celebraci\u00f3n de los cien a\u00f1os de coronaci\u00f3n de la Virgen de La Altagracia en el a\u00f1o jubilar que cerr\u00f3 majestuosamente el 15 de agosto de 2022.<\/p>\n\n\n\n<p>Este libro contiene adem\u00e1s las 63 im\u00e1genes impresas de las obras listas para enmarcar.<\/p>\n\n\n\n<p>La embajada dominicana en la Santa Sede y el Centro de Estudios Altagraciano agradecieron a quienes participaron en este proyecto, de igual modo, invitaron a toda la poblaci\u00f3n a seguir afianzando la fe en la amada madre, que es el objetivo principal, asegurando que ella es el ejemplo de virtuosidad, acompa\u00f1a y protege al pueblo.<\/p>\n","protected":false},"excerpt":{"rendered":"<p>La exposici\u00f3n estuvo a cargo de la embajada de la Rep\u00fablica Dominicana ante la Santa Sede y el Centro de Estudios Altagraciano. Italia. &#8211; Varios miembros de la Asociaci\u00f3n Dominicana&hellip;<\/p>\n","protected":false},"author":2,"featured_media":62022,"comment_status":"open","ping_status":"open","sticky":false,"template":"","format":"standard","meta":{"content-type":"","jetpack_post_was_ever_published":false,"_jetpack_newsletter_access":"","_jetpack_dont_email_post_to_subs":false,"_jetpack_newsletter_tier_id":0,"_jetpack_memberships_contains_paywalled_content":false,"_jetpack_memberships_contains_paid_content":false,"footnotes":""},"categories":[1],"tags":[1898,1139,8129,475,2194,6626,8128],"class_list":["post-62021","post","type-post","status-publish","format-standard","has-post-thumbnail","hentry","category-sin-categoria","tag-artistas","tag-asociacion","tag-avocacion","tag-miembros","tag-vaticano","tag-virgen-de-la-altagracia","tag-visuales"],"jetpack_featured_media_url":"https:\/\/lasprimeras.com.do\/wp-content\/uploads\/2023\/10\/El-Papa.jpg","jetpack-related-posts":[{"id":120255,"url":"https:\/\/lasprimeras.com.do\/index.php\/2026\/01\/21\/el-papa-leon-xiv-bendice-a-la-soprano-dominicana-janette-marquez-durante-su-visita-a-roma\/","url_meta":{"origin":62021,"position":0},"title":"El Papa Le\u00f3n XIV bendice a la soprano dominicana Janette M\u00e1rquez durante su visita a Roma","author":"Nelson Feliz","date":"21 de enero de 2026","format":false,"excerpt":"La Embajada dominicana ante la Santa Sede, liderada por V\u00edctor Su\u00e1rez, promovi\u00f3 la inclusi\u00f3n y el talento art\u00edstico en el exterior Roma - La soprano dominicana Janette M\u00e1rquez fue recibida hoy por el Papa Le\u00f3n XIV con motivo del D\u00eda de la Virgen de la Altagracia, gracias a gestiones realizadas\u2026","rel":"","context":"En \u00abINTERNACIONALES\u00bb","block_context":{"text":"INTERNACIONALES","link":"https:\/\/lasprimeras.com.do\/index.php\/category\/sin-categoria\/internacionales\/"},"img":{"alt_text":"El Papa Le\u00f3n XIV conversa con la soprano Janette M\u00e1rquez y con su madre, Gleny M\u00e1rquez.","src":"https:\/\/i0.wp.com\/lasprimeras.com.do\/wp-content\/uploads\/2026\/01\/El-Papa-Leon-XIV.jpg?resize=350%2C200&ssl=1","width":350,"height":200,"srcset":"https:\/\/i0.wp.com\/lasprimeras.com.do\/wp-content\/uploads\/2026\/01\/El-Papa-Leon-XIV.jpg?resize=350%2C200&ssl=1 1x, https:\/\/i0.wp.com\/lasprimeras.com.do\/wp-content\/uploads\/2026\/01\/El-Papa-Leon-XIV.jpg?resize=525%2C300&ssl=1 1.5x, https:\/\/i0.wp.com\/lasprimeras.com.do\/wp-content\/uploads\/2026\/01\/El-Papa-Leon-XIV.jpg?resize=700%2C400&ssl=1 2x"},"classes":[]},{"id":120206,"url":"https:\/\/lasprimeras.com.do\/index.php\/2026\/01\/21\/en-el-dia-de-la-altagracia\/","url_meta":{"origin":62021,"position":1},"title":"En el D\u00eda de La Altagracia","author":"Nelson Feliz","date":"21 de enero de 2026","format":false,"excerpt":"Este 21 de enero es el D\u00eda de La Altagracia, una de las v\u00edrgenes del culto a la madre de Jes\u00fas, la Virgen Mar\u00eda. Es la madre espiritual del pueblo dominicano, su virgen protectora, t\u00edtulo que se establece para diferenciarla de la Virgen de las Mercedes que es la Patrona\u2026","rel":"","context":"En \u00abNACIONALES\u00bb","block_context":{"text":"NACIONALES","link":"https:\/\/lasprimeras.com.do\/index.php\/category\/nacionales\/"},"img":{"alt_text":"Nuestra Se\u00f1ora de la Altagracia","src":"https:\/\/i0.wp.com\/lasprimeras.com.do\/wp-content\/uploads\/2026\/01\/Altagracia_oficial.jpg?resize=350%2C200&ssl=1","width":350,"height":200,"srcset":"https:\/\/i0.wp.com\/lasprimeras.com.do\/wp-content\/uploads\/2026\/01\/Altagracia_oficial.jpg?resize=350%2C200&ssl=1 1x, https:\/\/i0.wp.com\/lasprimeras.com.do\/wp-content\/uploads\/2026\/01\/Altagracia_oficial.jpg?resize=525%2C300&ssl=1 1.5x, https:\/\/i0.wp.com\/lasprimeras.com.do\/wp-content\/uploads\/2026\/01\/Altagracia_oficial.jpg?resize=700%2C400&ssl=1 2x"},"classes":[]},{"id":111172,"url":"https:\/\/lasprimeras.com.do\/index.php\/2025\/10\/06\/cientos-asisten-al-desfile-religioso-mariano-en-manhattan-dedicado-al-papa-leon-xlv\/","url_meta":{"origin":62021,"position":2},"title":"Cientos asisten al \u00abDesfile Religioso Mariano\u00bb en Manhattan dedicado al Papa Le\u00f3n XlV","author":"Nelson Feliz","date":"6 de octubre de 2025","format":false,"excerpt":"https:\/\/www.youtube.com\/watch?v=u6vGUfOoNAI Por Ram\u00f3n Mercedes NUEVA YORK.- Con la asistencia de cientos de hispanos de diferentes nacionalidades, principalmente dominicanos, se celebr\u00f3 el pasado s\u00e1bado el 28\u00ba aniversario del Gran Desfile Nacional Mariano, celebraci\u00f3n religiosa cat\u00f3lica en honor a la Virgen Mar\u00eda, dedicado al Papa Le\u00f3n XlV y los pa\u00edses latinoamericanos. Es\u2026","rel":"","context":"En \u00abLA VOZ DE LA DIASPORA\u00bb","block_context":{"text":"LA VOZ DE LA DIASPORA","link":"https:\/\/lasprimeras.com.do\/index.php\/category\/la-voz-de-la-diaspora\/"},"img":{"alt_text":"Cientos asisten al \u00abDesfile Religioso Mariano\u00bb en Manhattan dedicado al Papa Le\u00f3n XlV","src":"https:\/\/i0.wp.com\/lasprimeras.com.do\/wp-content\/uploads\/2025\/10\/Cientos-asisten-al-Desfile-Religioso-Mariano-en-Manhattan-dedicado-al-Papa-Leon-XlV.jpg?resize=350%2C200&ssl=1","width":350,"height":200,"srcset":"https:\/\/i0.wp.com\/lasprimeras.com.do\/wp-content\/uploads\/2025\/10\/Cientos-asisten-al-Desfile-Religioso-Mariano-en-Manhattan-dedicado-al-Papa-Leon-XlV.jpg?resize=350%2C200&ssl=1 1x, https:\/\/i0.wp.com\/lasprimeras.com.do\/wp-content\/uploads\/2025\/10\/Cientos-asisten-al-Desfile-Religioso-Mariano-en-Manhattan-dedicado-al-Papa-Leon-XlV.jpg?resize=525%2C300&ssl=1 1.5x"},"classes":[]},{"id":121378,"url":"https:\/\/lasprimeras.com.do\/index.php\/2026\/02\/03\/recuerdan-1er-aniversario-fallecimiento-pintor-leon-bosch\/","url_meta":{"origin":62021,"position":3},"title":"Recuerdan 1er aniversario fallecimiento pintor Leon Bosch","author":"Nelson Feliz","date":"3 de febrero de 2026","format":false,"excerpt":"Artistas y amigos destacan su obra en Europa y Estados Unidos. Amigos, familiares y artistas, recordaron el primer aniversario de la muerte del destacado pintor dominicano Le\u00f3n Bosch Garc\u00eda, quien falleci\u00f3 en Washington el pasado 3 de febrero del 2025. Le\u00f3n naci\u00f3 en Santo Domingo, Rep\u00fablica Dominicana, en 1936. Hijo\u2026","rel":"","context":"En \u00abHISTORIA\u00bb","block_context":{"text":"HISTORIA","link":"https:\/\/lasprimeras.com.do\/index.php\/category\/historia\/"},"img":{"alt_text":"Leon Bosch","src":"https:\/\/i0.wp.com\/lasprimeras.com.do\/wp-content\/uploads\/2026\/02\/Leon-Bosch.jpg?resize=350%2C200&ssl=1","width":350,"height":200,"srcset":"https:\/\/i0.wp.com\/lasprimeras.com.do\/wp-content\/uploads\/2026\/02\/Leon-Bosch.jpg?resize=350%2C200&ssl=1 1x, https:\/\/i0.wp.com\/lasprimeras.com.do\/wp-content\/uploads\/2026\/02\/Leon-Bosch.jpg?resize=525%2C300&ssl=1 1.5x, https:\/\/i0.wp.com\/lasprimeras.com.do\/wp-content\/uploads\/2026\/02\/Leon-Bosch.jpg?resize=700%2C400&ssl=1 2x, https:\/\/i0.wp.com\/lasprimeras.com.do\/wp-content\/uploads\/2026\/02\/Leon-Bosch.jpg?resize=1050%2C600&ssl=1 3x, https:\/\/i0.wp.com\/lasprimeras.com.do\/wp-content\/uploads\/2026\/02\/Leon-Bosch.jpg?resize=1400%2C800&ssl=1 4x"},"classes":[]},{"id":120219,"url":"https:\/\/lasprimeras.com.do\/index.php\/2026\/01\/21\/abinader-no-asiste-a-la-misa-de-la-virgen-de-la-altagracia-a-la-basilica-de-higuey-afectado-por-virus-gripal\/","url_meta":{"origin":62021,"position":4},"title":"Abinader no asiste a la misa de la Virgen de la Altagracia a la Bas\u00edlica de Hig\u00fcey, afectado por Virus gripal","author":"Nelson Feliz","date":"21 de enero de 2026","format":false,"excerpt":"La salud del presidente Luis Abinader fue el eje central de las declaraciones ofrecidas este mi\u00e9rcoles por la primera dama Raquel Arbaje, durante la misa de acci\u00f3n de gracias por el D\u00eda de Nuestra Se\u00f1ora de la Altagracia, celebrada en la Bas\u00edlica de Hig\u00fcey. Arbaje inform\u00f3 que el mandatario no\u2026","rel":"","context":"En \u00abNACIONALES\u00bb","block_context":{"text":"NACIONALES","link":"https:\/\/lasprimeras.com.do\/index.php\/category\/nacionales\/"},"img":{"alt_text":"Funcionario en La Bas\u00edlica","src":"https:\/\/i0.wp.com\/lasprimeras.com.do\/wp-content\/uploads\/2026\/01\/Funcionario-en-La-Basilica.jpg?resize=350%2C200&ssl=1","width":350,"height":200,"srcset":"https:\/\/i0.wp.com\/lasprimeras.com.do\/wp-content\/uploads\/2026\/01\/Funcionario-en-La-Basilica.jpg?resize=350%2C200&ssl=1 1x, https:\/\/i0.wp.com\/lasprimeras.com.do\/wp-content\/uploads\/2026\/01\/Funcionario-en-La-Basilica.jpg?resize=525%2C300&ssl=1 1.5x, https:\/\/i0.wp.com\/lasprimeras.com.do\/wp-content\/uploads\/2026\/01\/Funcionario-en-La-Basilica.jpg?resize=700%2C400&ssl=1 2x, https:\/\/i0.wp.com\/lasprimeras.com.do\/wp-content\/uploads\/2026\/01\/Funcionario-en-La-Basilica.jpg?resize=1050%2C600&ssl=1 3x"},"classes":[]},{"id":92981,"url":"https:\/\/lasprimeras.com.do\/index.php\/2025\/01\/21\/las-promesas-a-la-virgen-una-caracteristica-distintiva-del-dia-de-la-altagracia\/","url_meta":{"origin":62021,"position":5},"title":"Las promesas a la Virgen: una caracter\u00edstica distintiva del D\u00eda de la Altagracia","author":"Nelson Feliz","date":"21 de enero de 2025","format":false,"excerpt":"Desde tempranas horas de la ma\u00f1ana, devotos de todo el pa\u00eds se movilizan hacia la regi\u00f3n este para participar en la celebraci\u00f3n. Jes\u00fas V\u00e1squez Hig\u00fcey - San Luis Mar\u00eda Gri\u00f1\u00f3n de Montfort dec\u00eda: \"A quien Dios quiere hacer muy santo, lo hace devoto de la Virgen Mar\u00eda\". Estas palabras, divididas\u2026","rel":"","context":"En \u00abNACIONALES\u00bb","block_context":{"text":"NACIONALES","link":"https:\/\/lasprimeras.com.do\/index.php\/category\/nacionales\/"},"img":{"alt_text":"","src":"https:\/\/i0.wp.com\/lasprimeras.com.do\/wp-content\/uploads\/2025\/01\/BASILICA.jpg?resize=350%2C200&ssl=1","width":350,"height":200,"srcset":"https:\/\/i0.wp.com\/lasprimeras.com.do\/wp-content\/uploads\/2025\/01\/BASILICA.jpg?resize=350%2C200&ssl=1 1x, https:\/\/i0.wp.com\/lasprimeras.com.do\/wp-content\/uploads\/2025\/01\/BASILICA.jpg?resize=525%2C300&ssl=1 1.5x, https:\/\/i0.wp.com\/lasprimeras.com.do\/wp-content\/uploads\/2025\/01\/BASILICA.jpg?resize=700%2C400&ssl=1 2x"},"classes":[]}],"jetpack_sharing_enabled":true,"_links":{"self":[{"href":"https:\/\/lasprimeras.com.do\/index.php\/wp-json\/wp\/v2\/posts\/62021","targetHints":{"allow":["GET"]}}],"collection":[{"href":"https:\/\/lasprimeras.com.do\/index.php\/wp-json\/wp\/v2\/posts"}],"about":[{"href":"https:\/\/lasprimeras.com.do\/index.php\/wp-json\/wp\/v2\/types\/post"}],"author":[{"embeddable":true,"href":"https:\/\/lasprimeras.com.do\/index.php\/wp-json\/wp\/v2\/users\/2"}],"replies":[{"embeddable":true,"href":"https:\/\/lasprimeras.com.do\/index.php\/wp-json\/wp\/v2\/comments?post=62021"}],"version-history":[{"count":1,"href":"https:\/\/lasprimeras.com.do\/index.php\/wp-json\/wp\/v2\/posts\/62021\/revisions"}],"predecessor-version":[{"id":62024,"href":"https:\/\/lasprimeras.com.do\/index.php\/wp-json\/wp\/v2\/posts\/62021\/revisions\/62024"}],"wp:featuredmedia":[{"embeddable":true,"href":"https:\/\/lasprimeras.com.do\/index.php\/wp-json\/wp\/v2\/media\/62022"}],"wp:attachment":[{"href":"https:\/\/lasprimeras.com.do\/index.php\/wp-json\/wp\/v2\/media?parent=62021"}],"wp:term":[{"taxonomy":"category","embeddable":true,"href":"https:\/\/lasprimeras.com.do\/index.php\/wp-json\/wp\/v2\/categories?post=62021"},{"taxonomy":"post_tag","embeddable":true,"href":"https:\/\/lasprimeras.com.do\/index.php\/wp-json\/wp\/v2\/tags?post=62021"}],"curies":[{"name":"wp","href":"https:\/\/api.w.org\/{rel}","templated":true}]}}