{"id":62046,"date":"2023-10-02T14:28:20","date_gmt":"2023-10-02T18:28:20","guid":{"rendered":"https:\/\/lasprimeras.com.do\/?p=62046"},"modified":"2023-10-02T14:28:21","modified_gmt":"2023-10-02T18:28:21","slug":"kenia-pretende-desarmar-matones-y-pandillas-en-haiti","status":"publish","type":"post","link":"https:\/\/lasprimeras.com.do\/index.php\/2023\/10\/02\/kenia-pretende-desarmar-matones-y-pandillas-en-haiti\/","title":{"rendered":"Kenia pretende desarmar matones y pandillas en Hait\u00ed"},"content":{"rendered":"\n<p>Hait\u00ed.-Kenia se prepara para estar en Hait\u00ed a m\u00e1s tardar en enero del 2024, en una intervenci\u00f3n destinada a desarmar a los matones y las pandillas.<\/p>\n\n\n\n<p>En una entrevista a BBC, el ministro de Asuntos Exteriores de Kenia, Alfred Mutua, asegur\u00f3 que la misi\u00f3n &#8220;ir\u00e1 all\u00ed con el mandato de asegurarse de que las pandillas sean superadas y que haya una sensaci\u00f3n de paz, seguridad y control en el odio&#8221;.<\/p>\n\n\n\n<p>Precis\u00f3 que aguardan por una resoluci\u00f3n de la Organizaci\u00f3n de las Naciones Unidas (ONU) para poder entrar en Hait\u00ed, dado a que no pueden ir al pa\u00eds sin un mandato, sobre todo cuando se trata de una misi\u00f3n de seguridad.<\/p>\n\n\n\n<p>&#8220;Inicialmente enviamos un equipo de evaluaci\u00f3n a Hait\u00ed. Pensamos que ser\u00eda una fuerza est\u00e1tica que solo se encargar\u00eda de limpiar los establecimientos y mantener a las personas que encontramos, pero eso no funcionar\u00e1, esto ser\u00e1 una fuerza de intervenci\u00f3n. Se trata de fuerzas que necesitar\u00e1n ir a desarmar a los matones y las pandillas&#8221;, expuso.<\/p>\n","protected":false},"excerpt":{"rendered":"<p>Hait\u00ed.-Kenia se prepara para estar en Hait\u00ed a m\u00e1s tardar en enero del 2024, en una intervenci\u00f3n destinada a desarmar a los matones y las pandillas. En una entrevista a&hellip;<\/p>\n","protected":false},"author":3,"featured_media":62047,"comment_status":"open","ping_status":"open","sticky":false,"template":"","format":"standard","meta":{"content-type":"","jetpack_post_was_ever_published":false,"_jetpack_newsletter_access":"","_jetpack_dont_email_post_to_subs":false,"_jetpack_newsletter_tier_id":0,"_jetpack_memberships_contains_paywalled_content":false,"_jetpack_memberships_contains_paid_content":false,"footnotes":""},"categories":[1],"tags":[],"class_list":["post-62046","post","type-post","status-publish","format-standard","has-post-thumbnail","hentry","category-sin-categoria"],"jetpack_featured_media_url":"https:\/\/lasprimeras.com.do\/wp-content\/uploads\/2023\/10\/WhatsApp-Image-2023-09-28-at-11.50.30-PM-1-1-4.jpeg","jetpack-related-posts":[{"id":62614,"url":"https:\/\/lasprimeras.com.do\/index.php\/2023\/10\/06\/destitucion-del-canciller-de-kenia-levanta-interrogantes-sobre-mision-a-haiti\/","url_meta":{"origin":62046,"position":0},"title":"Destituci\u00f3n del canciller de Kenia levanta interrogantes sobre misi\u00f3n a Hait\u00ed","author":"Nelson Feliz","date":"6 de octubre de 2023","format":false,"excerpt":"Ministro hab\u00eda revelado fecha de despliegue militar en Hait\u00ed y detalles de la operaci\u00f3n. Con sus declaraciones a la prensa y en redes sociales, Alfred Mutua, hasta hace poco ministro de Asuntos Exteriores de Kenia, se convirti\u00f3 en la voz m\u00e1s altisonante de la fuerza multinacional liderada por ese pa\u00eds\u2026","rel":"","context":"En \u00abSin categor\u00eda\u00bb","block_context":{"text":"Sin categor\u00eda","link":"https:\/\/lasprimeras.com.do\/index.php\/category\/sin-categoria\/"},"img":{"alt_text":"Alfred Mutua","src":"https:\/\/i0.wp.com\/lasprimeras.com.do\/wp-content\/uploads\/2023\/10\/Alfred-Mutua-1.jpg?resize=350%2C200&ssl=1","width":350,"height":200,"srcset":"https:\/\/i0.wp.com\/lasprimeras.com.do\/wp-content\/uploads\/2023\/10\/Alfred-Mutua-1.jpg?resize=350%2C200&ssl=1 1x, https:\/\/i0.wp.com\/lasprimeras.com.do\/wp-content\/uploads\/2023\/10\/Alfred-Mutua-1.jpg?resize=525%2C300&ssl=1 1.5x, https:\/\/i0.wp.com\/lasprimeras.com.do\/wp-content\/uploads\/2023\/10\/Alfred-Mutua-1.jpg?resize=700%2C400&ssl=1 2x"},"classes":[]},{"id":107983,"url":"https:\/\/lasprimeras.com.do\/index.php\/2025\/09\/02\/accidente-de-vehiculo-blindado-en-haiti-deja-dos-muertos-y-ocho-heridos-en-kenia\/","url_meta":{"origin":62046,"position":1},"title":"Accidente de veh\u00edculo blindado en Hait\u00ed deja dos muertos y ocho heridos en Kenia","author":"Nelson Feliz","date":"2 de septiembre de 2025","format":false,"excerpt":"PUERTO PR\u00cdNCIPE, Hait\u00ed (AP) \u2014 Un accidente que involucr\u00f3 a dos veh\u00edculos blindados en la capital de Hait\u00ed dej\u00f3 al menos dos personas muertas y ocho polic\u00edas kenianos heridos, seg\u00fan las autoridades. Un muerto y todos los heridos formaban parte de\u00a0una misi\u00f3n respaldada por la ONU\u00a0que lucha contra las pandillas\u2026","rel":"","context":"En \u00abINTERNACIONALES\u00bb","block_context":{"text":"INTERNACIONALES","link":"https:\/\/lasprimeras.com.do\/index.php\/category\/sin-categoria\/internacionales\/"},"img":{"alt_text":"","src":"https:\/\/i0.wp.com\/lasprimeras.com.do\/wp-content\/uploads\/2025\/09\/vehiculo-blindado.jpg?resize=350%2C200&ssl=1","width":350,"height":200,"srcset":"https:\/\/i0.wp.com\/lasprimeras.com.do\/wp-content\/uploads\/2025\/09\/vehiculo-blindado.jpg?resize=350%2C200&ssl=1 1x, https:\/\/i0.wp.com\/lasprimeras.com.do\/wp-content\/uploads\/2025\/09\/vehiculo-blindado.jpg?resize=525%2C300&ssl=1 1.5x, https:\/\/i0.wp.com\/lasprimeras.com.do\/wp-content\/uploads\/2025\/09\/vehiculo-blindado.jpg?resize=700%2C400&ssl=1 2x"},"classes":[]},{"id":61901,"url":"https:\/\/lasprimeras.com.do\/index.php\/2023\/10\/01\/kenia-espera-resolucion-de-la-onu-para-poder-liderar-fuerza-internacional-en-haiti\/","url_meta":{"origin":62046,"position":2},"title":"Kenia espera resoluci\u00f3n de la ONU para poder liderar fuerza internacional en Hait\u00ed","author":"Nelson Feliz","date":"1 de octubre de 2023","format":false,"excerpt":"El ministro de Asuntos Exteriores de Kenia, Alfred Mutua, afirm\u00f3 que necesitan una resoluci\u00f3n de la Organizaci\u00f3n de las Naciones Unidas (ONU) para poder entrar en Hait\u00ed. En una entrevista a BBC, explic\u00f3: \"Esto se debe a que no puedes ir al pa\u00eds de otra persona para ayudar o hacer\u2026","rel":"","context":"En \u00abSin categor\u00eda\u00bb","block_context":{"text":"Sin categor\u00eda","link":"https:\/\/lasprimeras.com.do\/index.php\/category\/sin-categoria\/"},"img":{"alt_text":"El ministro de Asuntos Exteriores de Kenia, Alfred Mutua. (FUENTE EXTERNA)","src":"https:\/\/i0.wp.com\/lasprimeras.com.do\/wp-content\/uploads\/2023\/10\/Alfred-Mutua.jpg?resize=350%2C200&ssl=1","width":350,"height":200,"srcset":"https:\/\/i0.wp.com\/lasprimeras.com.do\/wp-content\/uploads\/2023\/10\/Alfred-Mutua.jpg?resize=350%2C200&ssl=1 1x, https:\/\/i0.wp.com\/lasprimeras.com.do\/wp-content\/uploads\/2023\/10\/Alfred-Mutua.jpg?resize=525%2C300&ssl=1 1.5x, https:\/\/i0.wp.com\/lasprimeras.com.do\/wp-content\/uploads\/2023\/10\/Alfred-Mutua.jpg?resize=700%2C400&ssl=1 2x"},"classes":[]},{"id":67551,"url":"https:\/\/lasprimeras.com.do\/index.php\/2023\/11\/16\/el-parlamento-de-kenia-autoriza-el-despliegue-de-policias-en-haiti-para-combatir-a-pandillas\/","url_meta":{"origin":62046,"position":3},"title":"El parlamento de Kenia autoriza el despliegue de polic\u00edas en Hait\u00ed para combatir a pandillas","author":"Nelson Feliz","date":"16 de noviembre de 2023","format":false,"excerpt":"En un encendido debate, legisladores de la oposici\u00f3n rechazaron los planes del gobierno de Kenia. El parlamento de Kenia autoriz\u00f3 el jueves el despliegue de 1,000 polic\u00edas en Hait\u00ed para ayudar a manejar la creciente violencia de pandillas en la naci\u00f3n caribe\u00f1a. La asamblea nacional respald\u00f3 una moci\u00f3n archivada por\u2026","rel":"","context":"En \u00abSin categor\u00eda\u00bb","block_context":{"text":"Sin categor\u00eda","link":"https:\/\/lasprimeras.com.do\/index.php\/category\/sin-categoria\/"},"img":{"alt_text":"","src":"https:\/\/i0.wp.com\/lasprimeras.com.do\/wp-content\/uploads\/2023\/11\/pandillas.jpg?resize=350%2C200&ssl=1","width":350,"height":200,"srcset":"https:\/\/i0.wp.com\/lasprimeras.com.do\/wp-content\/uploads\/2023\/11\/pandillas.jpg?resize=350%2C200&ssl=1 1x, https:\/\/i0.wp.com\/lasprimeras.com.do\/wp-content\/uploads\/2023\/11\/pandillas.jpg?resize=525%2C300&ssl=1 1.5x, https:\/\/i0.wp.com\/lasprimeras.com.do\/wp-content\/uploads\/2023\/11\/pandillas.jpg?resize=700%2C400&ssl=1 2x"},"classes":[]},{"id":110731,"url":"https:\/\/lasprimeras.com.do\/index.php\/2025\/09\/30\/onu-autoriza-una-fuerza-mayor-para-combatir-a-las-pandillas-en-haiti-con-nuevos-poderes-para-arrestar-a-sus-miembros\/","url_meta":{"origin":62046,"position":4},"title":"ONU autoriza una fuerza mayor para combatir a las pandillas en Hait\u00ed con nuevos poderes para arrestar a sus miembros","author":"Nelson Feliz","date":"30 de septiembre de 2025","format":false,"excerpt":"Por Edith M. Lederer NACIONES UNIDAS (AP) \u2014 El Consejo de Seguridad de la ONU vot\u00f3 el martes para autorizar una fuerza internacional mucho m\u00e1s grande, de 5.550 miembros, con poderes ampliados para ayudar a detener la creciente violencia de pandillas en Hait\u00ed . La resoluci\u00f3n, copatrocinada por Estados Unidos\u2026","rel":"","context":"En \u00abINTERNACIONALES\u00bb","block_context":{"text":"INTERNACIONALES","link":"https:\/\/lasprimeras.com.do\/index.php\/category\/sin-categoria\/internacionales\/"},"img":{"alt_text":"","src":"https:\/\/i0.wp.com\/lasprimeras.com.do\/wp-content\/uploads\/2025\/10\/HAITI.jpg?resize=350%2C200&ssl=1","width":350,"height":200,"srcset":"https:\/\/i0.wp.com\/lasprimeras.com.do\/wp-content\/uploads\/2025\/10\/HAITI.jpg?resize=350%2C200&ssl=1 1x, https:\/\/i0.wp.com\/lasprimeras.com.do\/wp-content\/uploads\/2025\/10\/HAITI.jpg?resize=525%2C300&ssl=1 1.5x, https:\/\/i0.wp.com\/lasprimeras.com.do\/wp-content\/uploads\/2025\/10\/HAITI.jpg?resize=700%2C400&ssl=1 2x"},"classes":[]},{"id":110005,"url":"https:\/\/lasprimeras.com.do\/index.php\/2025\/09\/24\/rd-respalda-la-nueva-mision-en-haiti-propuesta-por-ee-uu-y-pide-que-se-apruebe\/","url_meta":{"origin":62046,"position":5},"title":"RD respalda la nueva misi\u00f3n en Hait\u00ed propuesta por EE. UU. y pide que se apruebe","author":"Nelson Feliz","date":"24 de septiembre de 2025","format":false,"excerpt":"Abinader se\u00f1ala que la actual misi\u00f3n en Hait\u00ed no ha cumplido con sus objetivos El presidente de la Rep\u00fablica Dominicana, Luis Abinader, expres\u00f3 este jueves su apoyo a la resoluci\u00f3n impulsada por Estados Unidos y Panam\u00e1 para transformar la misi\u00f3n desplegada en Hait\u00ed, cuyo mandato de dos a\u00f1os est\u00e1 pr\u00f3ximo\u2026","rel":"","context":"En \u00abNACIONALES\u00bb","block_context":{"text":"NACIONALES","link":"https:\/\/lasprimeras.com.do\/index.php\/category\/nacionales\/"},"img":{"alt_text":"","src":"https:\/\/i0.wp.com\/lasprimeras.com.do\/wp-content\/uploads\/2025\/09\/Luis-Abinader-3-1.jpg?resize=350%2C200&ssl=1","width":350,"height":200,"srcset":"https:\/\/i0.wp.com\/lasprimeras.com.do\/wp-content\/uploads\/2025\/09\/Luis-Abinader-3-1.jpg?resize=350%2C200&ssl=1 1x, https:\/\/i0.wp.com\/lasprimeras.com.do\/wp-content\/uploads\/2025\/09\/Luis-Abinader-3-1.jpg?resize=525%2C300&ssl=1 1.5x, https:\/\/i0.wp.com\/lasprimeras.com.do\/wp-content\/uploads\/2025\/09\/Luis-Abinader-3-1.jpg?resize=700%2C400&ssl=1 2x"},"classes":[]}],"jetpack_sharing_enabled":true,"_links":{"self":[{"href":"https:\/\/lasprimeras.com.do\/index.php\/wp-json\/wp\/v2\/posts\/62046","targetHints":{"allow":["GET"]}}],"collection":[{"href":"https:\/\/lasprimeras.com.do\/index.php\/wp-json\/wp\/v2\/posts"}],"about":[{"href":"https:\/\/lasprimeras.com.do\/index.php\/wp-json\/wp\/v2\/types\/post"}],"author":[{"embeddable":true,"href":"https:\/\/lasprimeras.com.do\/index.php\/wp-json\/wp\/v2\/users\/3"}],"replies":[{"embeddable":true,"href":"https:\/\/lasprimeras.com.do\/index.php\/wp-json\/wp\/v2\/comments?post=62046"}],"version-history":[{"count":1,"href":"https:\/\/lasprimeras.com.do\/index.php\/wp-json\/wp\/v2\/posts\/62046\/revisions"}],"predecessor-version":[{"id":62048,"href":"https:\/\/lasprimeras.com.do\/index.php\/wp-json\/wp\/v2\/posts\/62046\/revisions\/62048"}],"wp:featuredmedia":[{"embeddable":true,"href":"https:\/\/lasprimeras.com.do\/index.php\/wp-json\/wp\/v2\/media\/62047"}],"wp:attachment":[{"href":"https:\/\/lasprimeras.com.do\/index.php\/wp-json\/wp\/v2\/media?parent=62046"}],"wp:term":[{"taxonomy":"category","embeddable":true,"href":"https:\/\/lasprimeras.com.do\/index.php\/wp-json\/wp\/v2\/categories?post=62046"},{"taxonomy":"post_tag","embeddable":true,"href":"https:\/\/lasprimeras.com.do\/index.php\/wp-json\/wp\/v2\/tags?post=62046"}],"curies":[{"name":"wp","href":"https:\/\/api.w.org\/{rel}","templated":true}]}}