{"id":62053,"date":"2023-10-02T15:45:26","date_gmt":"2023-10-02T19:45:26","guid":{"rendered":"https:\/\/lasprimeras.com.do\/?p=62053"},"modified":"2023-10-02T15:45:28","modified_gmt":"2023-10-02T19:45:28","slug":"la-vicepresidenta-dominicana-hara-una-visita-oficial-a-la-india","status":"publish","type":"post","link":"https:\/\/lasprimeras.com.do\/index.php\/2023\/10\/02\/la-vicepresidenta-dominicana-hara-una-visita-oficial-a-la-india\/","title":{"rendered":"La vicepresidenta dominicana har\u00e1 una visita oficial a la India"},"content":{"rendered":"\n<p>Santo Domingo.- La vicepresidenta dominicana, Raquel Pe\u00f1a, realizar\u00e1 una visita oficial a la India desde este martes hasta el jueves para reunirse, entre otros, con la presidenta de ese pa\u00eds, Droupadi Murmu, y con empresarios, inform\u00f3 este lunes la Presidencia Nacional.<\/p>\n\n\n\n<p>La visita de Pe\u00f1a \u00abresponde a la invitaci\u00f3n realizada por el Gobierno de la India, la cual marca un giro en el fortalecimiento de las relaciones bilaterales\u00bb, apunt\u00f3 el Ejecutivo en un comunicado.<\/p>\n\n\n\n<p>Pe\u00f1a se reunir\u00e1 con la presidenta de Murmu y con el vicepresidente, Shri Jagdeep Dhankhar, para abordar diversos temas de inter\u00e9s en com\u00fan \u00aby continuar fortaleciendo los lazos de amistad y colaboraci\u00f3n entre ambos pa\u00edses\u00bb, agreg\u00f3 la nota.<\/p>\n\n\n\n<p>De igual manera, visitar\u00e1 el Parlamento, donde sostendr\u00e1 una audiencia con el presidente de la C\u00e1mara Baja, Lok Sabha; y con el ministro de Relaciones Exteriores de la India, Subrahmanyam Jaishankar, quien estuvo en Rep\u00fablica Dominicana en abril pasado.<\/p>\n\n\n\n<p>La agenda de la vicepresidenta tambi\u00e9n incluye reuniones con empresarios de ese pa\u00eds y una conferencia en el Consejo Internacional de Asuntos Globales (ICWA, por sus siglas en ingl\u00e9s).<\/p>\n\n\n\n<p>Tambi\u00e9n visitar\u00e1 el Instituto Indio de Tecnolog\u00eda, en Delhi.<\/p>\n\n\n\n<p>\u00abCon esta visita se fortalecer\u00e1 a\u00fan m\u00e1s los lazos entre la India y la Rep\u00fablica Dominicana, para permitir el desarrollo de nuevos proyectos y acuerdos que beneficiar\u00e1n a ambas naciones\u00bb, apunt\u00f3 el comunicado de la Presidencia Nacional.<\/p>\n","protected":false},"excerpt":{"rendered":"<p>Santo Domingo.- La vicepresidenta dominicana, Raquel Pe\u00f1a, realizar\u00e1 una visita oficial a la India desde este martes hasta el jueves para reunirse, entre otros, con la presidenta de ese pa\u00eds,&hellip;<\/p>\n","protected":false},"author":3,"featured_media":62054,"comment_status":"open","ping_status":"open","sticky":false,"template":"","format":"standard","meta":{"content-type":"","jetpack_post_was_ever_published":false,"_jetpack_newsletter_access":"","_jetpack_dont_email_post_to_subs":false,"_jetpack_newsletter_tier_id":0,"_jetpack_memberships_contains_paywalled_content":false,"_jetpack_memberships_contains_paid_content":false,"footnotes":""},"categories":[1],"tags":[],"class_list":["post-62053","post","type-post","status-publish","format-standard","has-post-thumbnail","hentry","category-sin-categoria"],"jetpack_featured_media_url":"https:\/\/lasprimeras.com.do\/wp-content\/uploads\/2023\/10\/WhatsApp-Image-2023-09-28-at-11.50.30-PM-1-1-6.jpeg","jetpack-related-posts":[{"id":62226,"url":"https:\/\/lasprimeras.com.do\/index.php\/2023\/10\/03\/vicepresidenta-llega-a-la-india-e-inicia-de-inmediato-su-agenda\/","url_meta":{"origin":62053,"position":0},"title":"Vicepresidenta llega a la India e inicia de inmediato su agenda","author":"Nelson Feliz","date":"3 de octubre de 2023","format":false,"excerpt":"La vicepresidenta Raquel Pe\u00f1a se reuni\u00f3 este martes con la presidenta de la India, Droupadi Murmu, con el presidente de la C\u00e1mara Baja, Om Birla, y con el ministro de relaciones exteriores, Subrahmanyam Jaishankar. Nueva Delhi.- La vicepresidenta de la Rep\u00fablica arrib\u00f3 a Nueva Delhi la ma\u00f1ana de este martes\u2026","rel":"","context":"En \u00abSin categor\u00eda\u00bb","block_context":{"text":"Sin categor\u00eda","link":"https:\/\/lasprimeras.com.do\/index.php\/category\/sin-categoria\/"},"img":{"alt_text":"Raquel Pe\u00f1a","src":"https:\/\/i0.wp.com\/lasprimeras.com.do\/wp-content\/uploads\/2023\/10\/Raquel-Pena-1.jpg?resize=350%2C200&ssl=1","width":350,"height":200,"srcset":"https:\/\/i0.wp.com\/lasprimeras.com.do\/wp-content\/uploads\/2023\/10\/Raquel-Pena-1.jpg?resize=350%2C200&ssl=1 1x, https:\/\/i0.wp.com\/lasprimeras.com.do\/wp-content\/uploads\/2023\/10\/Raquel-Pena-1.jpg?resize=525%2C300&ssl=1 1.5x, https:\/\/i0.wp.com\/lasprimeras.com.do\/wp-content\/uploads\/2023\/10\/Raquel-Pena-1.jpg?resize=700%2C400&ssl=1 2x"},"classes":[]},{"id":62258,"url":"https:\/\/lasprimeras.com.do\/index.php\/2023\/10\/04\/rd-y-la-india-buscan-ampliar-relaciones\/","url_meta":{"origin":62053,"position":1},"title":"RD y la India buscan ampliar relaciones","author":"BIMARY DE JES\u00daS Matos","date":"4 de octubre de 2023","format":false,"excerpt":"Nueva Delhi, india.-La vicepresidente Raquel Pe\u00f1a arrib\u00f3 ayer a la India, donde fue recibida por la presidente de ese pa\u00eds, Droupadi Murmu. La mandataria de la India recibi\u00f3 a la vicepresidente dominicana en su residencia de Nueva Delhi.En la audiencia intercambiaron impresiones sobre las relaciones bilaterales y los pasos concretos\u2026","rel":"","context":"En \u00abNACIONALES\u00bb","block_context":{"text":"NACIONALES","link":"https:\/\/lasprimeras.com.do\/index.php\/category\/nacionales\/"},"img":{"alt_text":"","src":"https:\/\/i0.wp.com\/lasprimeras.com.do\/wp-content\/uploads\/2023\/10\/WhatsApp-Image-2023-10-03-at-10.20.05-AM-3.webp?resize=350%2C200&ssl=1","width":350,"height":200,"srcset":"https:\/\/i0.wp.com\/lasprimeras.com.do\/wp-content\/uploads\/2023\/10\/WhatsApp-Image-2023-10-03-at-10.20.05-AM-3.webp?resize=350%2C200&ssl=1 1x, https:\/\/i0.wp.com\/lasprimeras.com.do\/wp-content\/uploads\/2023\/10\/WhatsApp-Image-2023-10-03-at-10.20.05-AM-3.webp?resize=525%2C300&ssl=1 1.5x, https:\/\/i0.wp.com\/lasprimeras.com.do\/wp-content\/uploads\/2023\/10\/WhatsApp-Image-2023-10-03-at-10.20.05-AM-3.webp?resize=700%2C400&ssl=1 2x, https:\/\/i0.wp.com\/lasprimeras.com.do\/wp-content\/uploads\/2023\/10\/WhatsApp-Image-2023-10-03-at-10.20.05-AM-3.webp?resize=1050%2C600&ssl=1 3x"},"classes":[]},{"id":125243,"url":"https:\/\/lasprimeras.com.do\/index.php\/2026\/03\/20\/leonardo-aguilera-realiza-visita-al-state-bank-of-india-en-ny-para-fortalecer-relaciones-internacionales\/","url_meta":{"origin":62053,"position":2},"title":"Leonardo Aguilera realiza visita al State Bank of India en NY para fortalecer relaciones internacionales","author":"Nelson Feliz","date":"20 de marzo de 2026","format":false,"excerpt":"Nueva York.\u2013 El presidente ejecutivo del Banco de Reservas de la Rep\u00fablica Dominicana, doctor Leonardo Aguilera, realiz\u00f3 una visita de cortes\u00eda a las oficinas del State Bank of India en la ciudad de Nueva York, como parte de su agenda en el marco de la Tercera Feria Inmobiliaria dirigida a\u2026","rel":"","context":"En \u00abECONOM\u00cdA\u00bb","block_context":{"text":"ECONOM\u00cdA","link":"https:\/\/lasprimeras.com.do\/index.php\/category\/economia\/"},"img":{"alt_text":"Leonardo Aguilera","src":"https:\/\/i0.wp.com\/lasprimeras.com.do\/wp-content\/uploads\/2026\/03\/Leonardo-Aguilera-1.jpg?resize=350%2C200&ssl=1","width":350,"height":200,"srcset":"https:\/\/i0.wp.com\/lasprimeras.com.do\/wp-content\/uploads\/2026\/03\/Leonardo-Aguilera-1.jpg?resize=350%2C200&ssl=1 1x, https:\/\/i0.wp.com\/lasprimeras.com.do\/wp-content\/uploads\/2026\/03\/Leonardo-Aguilera-1.jpg?resize=525%2C300&ssl=1 1.5x, https:\/\/i0.wp.com\/lasprimeras.com.do\/wp-content\/uploads\/2026\/03\/Leonardo-Aguilera-1.jpg?resize=700%2C400&ssl=1 2x"},"classes":[]},{"id":88063,"url":"https:\/\/lasprimeras.com.do\/index.php\/2024\/08\/21\/el-vicecanciller-de-la-india-visita-panama-para-potenciar-acuerdos-economicos-y-tecnologicos\/","url_meta":{"origin":62053,"position":3},"title":"El vicecanciller de la India visita Panam\u00e1 para potenciar acuerdos econ\u00f3micos y tecnol\u00f3gicos","author":"Nelson Feliz","date":"21 de agosto de 2024","format":false,"excerpt":"Ciudad de Panam\u00e1, (EFE).- El viceministro de Asuntos Exteriores de la India Pabitra Margherita, de visita oficial en Panam\u00e1, se reuni\u00f3 este mi\u00e9rcoles con autoridades paname\u00f1as para fortalecer las relaciones bilaterales en \u00e1reas como ciencia, tecnolog\u00eda, salud y econom\u00eda. El vicecanciller indio estar\u00e1 en Panam\u00e1 hasta el jueves, seg\u00fan confirmaron\u2026","rel":"","context":"En \u00abSin categor\u00eda\u00bb","block_context":{"text":"Sin categor\u00eda","link":"https:\/\/lasprimeras.com.do\/index.php\/category\/sin-categoria\/"},"img":{"alt_text":"Pabitra Margherita","src":"https:\/\/i0.wp.com\/lasprimeras.com.do\/wp-content\/uploads\/2024\/08\/Pabitra-Margherita.jpg?resize=350%2C200&ssl=1","width":350,"height":200,"srcset":"https:\/\/i0.wp.com\/lasprimeras.com.do\/wp-content\/uploads\/2024\/08\/Pabitra-Margherita.jpg?resize=350%2C200&ssl=1 1x, https:\/\/i0.wp.com\/lasprimeras.com.do\/wp-content\/uploads\/2024\/08\/Pabitra-Margherita.jpg?resize=525%2C300&ssl=1 1.5x, https:\/\/i0.wp.com\/lasprimeras.com.do\/wp-content\/uploads\/2024\/08\/Pabitra-Margherita.jpg?resize=700%2C400&ssl=1 2x"},"classes":[]},{"id":125328,"url":"https:\/\/lasprimeras.com.do\/index.php\/2026\/03\/22\/raquel-pena-visita-la-feria-agropecuaria-nacional-en-su-ultimo-dia-previo-a-su-clausura-esta-noche\/","url_meta":{"origin":62053,"position":4},"title":"Raquel Pe\u00f1a visita la Feria Agropecuaria Nacional en su \u00faltimo d\u00eda, previo a su clausura esta noche","author":"Nelson Feliz","date":"22 de marzo de 2026","format":false,"excerpt":"La vicepresidenta visit\u00f3 la 38.\u00aa edici\u00f3n de la feria, un espacio que por m\u00e1s de tres d\u00e9cadas impulsa el desarrollo del sector agropecuario. La vicepresidenta de la Rep\u00fablica, Raquel Pe\u00f1a, realiz\u00f3 este domingo un recorrido por los pabellones de la 38.\u00aa Feria Agropecuaria Nacional, en su \u00faltimo d\u00eda, donde productores,\u2026","rel":"","context":"En \u00abNACIONALES\u00bb","block_context":{"text":"NACIONALES","link":"https:\/\/lasprimeras.com.do\/index.php\/category\/nacionales\/"},"img":{"alt_text":"Raquel Pe\u00f1a","src":"https:\/\/i0.wp.com\/lasprimeras.com.do\/wp-content\/uploads\/2026\/03\/Raquel-Pena-1-2.jpg?resize=350%2C200&ssl=1","width":350,"height":200,"srcset":"https:\/\/i0.wp.com\/lasprimeras.com.do\/wp-content\/uploads\/2026\/03\/Raquel-Pena-1-2.jpg?resize=350%2C200&ssl=1 1x, https:\/\/i0.wp.com\/lasprimeras.com.do\/wp-content\/uploads\/2026\/03\/Raquel-Pena-1-2.jpg?resize=525%2C300&ssl=1 1.5x, https:\/\/i0.wp.com\/lasprimeras.com.do\/wp-content\/uploads\/2026\/03\/Raquel-Pena-1-2.jpg?resize=700%2C400&ssl=1 2x"},"classes":[]},{"id":62846,"url":"https:\/\/lasprimeras.com.do\/index.php\/2023\/10\/08\/vicepresidenta-concluye-agenda-en-espana-y-retorna-a-santo-domingo\/","url_meta":{"origin":62053,"position":5},"title":"Vicepresidenta concluye agenda en Espa\u00f1a y retorna a Santo Domingo","author":"Nelson Feliz","date":"8 de octubre de 2023","format":false,"excerpt":"Vicepresidenta dominicana particip\u00f3 en los eventos relacionados a la celebraci\u00f3n de la Semana de la Hispanidad 2023. Madrid, Espa\u00f1a.- La vicepresidenta de la Rep\u00fablica Dominicana, Raquel Pe\u00f1a, visit\u00f3 la exposici\u00f3n \u201cReflejos del Caribe\u201d, organizada por la Embajada de la Rep\u00fablica Dominicana ante el Reino de Espa\u00f1a, efectuada en la galer\u00eda\u2026","rel":"","context":"En \u00abPORTADA\u00bb","block_context":{"text":"PORTADA","link":"https:\/\/lasprimeras.com.do\/index.php\/category\/portada\/"},"img":{"alt_text":"Raquel Pe\u00f1a","src":"https:\/\/i0.wp.com\/lasprimeras.com.do\/wp-content\/uploads\/2023\/10\/Raquel-Pena-1-1.jpg?resize=350%2C200&ssl=1","width":350,"height":200,"srcset":"https:\/\/i0.wp.com\/lasprimeras.com.do\/wp-content\/uploads\/2023\/10\/Raquel-Pena-1-1.jpg?resize=350%2C200&ssl=1 1x, https:\/\/i0.wp.com\/lasprimeras.com.do\/wp-content\/uploads\/2023\/10\/Raquel-Pena-1-1.jpg?resize=525%2C300&ssl=1 1.5x, https:\/\/i0.wp.com\/lasprimeras.com.do\/wp-content\/uploads\/2023\/10\/Raquel-Pena-1-1.jpg?resize=700%2C400&ssl=1 2x"},"classes":[]}],"jetpack_sharing_enabled":true,"_links":{"self":[{"href":"https:\/\/lasprimeras.com.do\/index.php\/wp-json\/wp\/v2\/posts\/62053","targetHints":{"allow":["GET"]}}],"collection":[{"href":"https:\/\/lasprimeras.com.do\/index.php\/wp-json\/wp\/v2\/posts"}],"about":[{"href":"https:\/\/lasprimeras.com.do\/index.php\/wp-json\/wp\/v2\/types\/post"}],"author":[{"embeddable":true,"href":"https:\/\/lasprimeras.com.do\/index.php\/wp-json\/wp\/v2\/users\/3"}],"replies":[{"embeddable":true,"href":"https:\/\/lasprimeras.com.do\/index.php\/wp-json\/wp\/v2\/comments?post=62053"}],"version-history":[{"count":1,"href":"https:\/\/lasprimeras.com.do\/index.php\/wp-json\/wp\/v2\/posts\/62053\/revisions"}],"predecessor-version":[{"id":62055,"href":"https:\/\/lasprimeras.com.do\/index.php\/wp-json\/wp\/v2\/posts\/62053\/revisions\/62055"}],"wp:featuredmedia":[{"embeddable":true,"href":"https:\/\/lasprimeras.com.do\/index.php\/wp-json\/wp\/v2\/media\/62054"}],"wp:attachment":[{"href":"https:\/\/lasprimeras.com.do\/index.php\/wp-json\/wp\/v2\/media?parent=62053"}],"wp:term":[{"taxonomy":"category","embeddable":true,"href":"https:\/\/lasprimeras.com.do\/index.php\/wp-json\/wp\/v2\/categories?post=62053"},{"taxonomy":"post_tag","embeddable":true,"href":"https:\/\/lasprimeras.com.do\/index.php\/wp-json\/wp\/v2\/tags?post=62053"}],"curies":[{"name":"wp","href":"https:\/\/api.w.org\/{rel}","templated":true}]}}