{"id":62114,"date":"2023-10-03T07:19:55","date_gmt":"2023-10-03T11:19:55","guid":{"rendered":"https:\/\/lasprimeras.com.do\/?p=62114"},"modified":"2023-10-03T07:19:56","modified_gmt":"2023-10-03T11:19:56","slug":"usuarios-teleferico-los-alcarrizos-han-hecho-suyo-el-sistema-por-cable","status":"publish","type":"post","link":"https:\/\/lasprimeras.com.do\/index.php\/2023\/10\/03\/usuarios-teleferico-los-alcarrizos-han-hecho-suyo-el-sistema-por-cable\/","title":{"rendered":"Usuarios Telef\u00e9rico Los Alcarrizos han hecho suyo el sistema por cable"},"content":{"rendered":"\n<p>SANTO DOMINGO.-\u201cSu\u00e9ltate, no tienes que agarrarte, no te vas caer\u201d, esa instrucci\u00f3n a 30 metros de altura y a una velocidad de 7 metros sobre segundo (25 kil\u00f3metros por hora) se la dio ayer una usuaria a otra viajera del Telef\u00e9rico de Los Alcarrizos en un recorrido en que mostr\u00f3 la seguridad que siente en el sistema de transporte por cableado.<\/p>\n\n\n\n<p>A cinco meses de haber iniciado ese servicio, cerca de mill\u00f3n 600 mil personas se han transportado en el modelo de transbordador, que ha registrado \u201cpicos\u201d de 5 hasta 20 mil usuarios durante su funcionamiento.<\/p>\n\n\n\n<p>Incre\u00edblemente, los ni\u00f1os son los que m\u00e1s disfrutan el trayecto, que hasta ahora es pr\u00e1cticamente \u201cpersonalizado\u201d por cabinas, hasta tanto el modelo de movilidad conecte con el tramo 2C del Metro de Santo Domingo, el cual ser\u00e1 concluido en el 2024 y opere a toda capacidad.<\/p>\n\n\n\n<p>La gente ha asimilado y hecho suyo el servicio, que apenas le toma unos 12 minutos, lo que antes en un veh\u00edculo le tomaba no menos de 25 minutos desde el barrio Los Americanos al kil\u00f3metro 14 de la autopista Duarte.<\/p>\n\n\n\n<p>\u201cAntes, esto era horrible, yo tomaba un carrito para salir al kil\u00f3metro 9 desde el sector Los Americanos, era un desorden ahora es m\u00e1s tranquilo, sin tanto peligro y uno no tiene que sudar\u201d, reacciona Anyi Guerrero.<\/p>\n\n\n\n<p>La joven de 18 a\u00f1os dice que en su familia todos dependen del empleo de su padre y ahora les resulta m\u00e1s econ\u00f3mico moverse con la tarifa unificada de RD$35 pesos, algo que califica como una bendici\u00f3n.<\/p>\n","protected":false},"excerpt":{"rendered":"<p>SANTO DOMINGO.-\u201cSu\u00e9ltate, no tienes que agarrarte, no te vas caer\u201d, esa instrucci\u00f3n a 30 metros de altura y a una velocidad de 7 metros sobre segundo (25 kil\u00f3metros por hora)&hellip;<\/p>\n","protected":false},"author":3,"featured_media":62115,"comment_status":"open","ping_status":"open","sticky":false,"template":"","format":"standard","meta":{"content-type":"","jetpack_post_was_ever_published":false,"_jetpack_newsletter_access":"","_jetpack_dont_email_post_to_subs":false,"_jetpack_newsletter_tier_id":0,"_jetpack_memberships_contains_paywalled_content":false,"_jetpack_memberships_contains_paid_content":false,"footnotes":""},"categories":[25],"tags":[],"class_list":["post-62114","post","type-post","status-publish","format-standard","has-post-thumbnail","hentry","category-portada"],"jetpack_featured_media_url":"https:\/\/lasprimeras.com.do\/wp-content\/uploads\/2023\/10\/WhatsApp-Image-2023-10-02-at-6.21.27-PM.webp","jetpack-related-posts":[{"id":51387,"url":"https:\/\/lasprimeras.com.do\/index.php\/2023\/05\/30\/extienden-servicio-gratuito-del-teleferico-alcarrizos-y-horarios-de-funcionamiento\/","url_meta":{"origin":62114,"position":0},"title":"Extienden servicio gratuito del Telef\u00e9rico Alcarrizos y horarios de funcionamiento","author":"prenxa100","date":"30 de mayo de 2023","format":false,"excerpt":"Santo Domingo, RD.-. La Oficina de Proyectos de Movilidad Urbana e Interurbana de la Presidencia inform\u00f3 que se extender\u00e1 hasta el 16 de junio las operaciones gratuitas del Telef\u00e9rico de Los Alcarrizos incluyendo las rutas alimentadoras de la OMSA que operan bajo el Sistema Integrado de Transporte (SIT). El d\u00eda\u2026","rel":"","context":"En \u00abNACIONALES\u00bb","block_context":{"text":"NACIONALES","link":"https:\/\/lasprimeras.com.do\/index.php\/category\/nacionales\/"},"img":{"alt_text":"","src":"","width":0,"height":0},"classes":[]},{"id":122997,"url":"https:\/\/lasprimeras.com.do\/index.php\/2026\/02\/24\/presidente-abinader-pone-en-marcha-linea-2c-del-metro-de-santo-domingo\/","url_meta":{"origin":62114,"position":1},"title":"Presidente Abinader pone en marcha L\u00ednea 2C del Metro de Santo Domingo","author":"Nelson Feliz","date":"24 de febrero de 2026","format":false,"excerpt":"Usuarios podr\u00e1n trasladarse de manera gratuita desde este 25 de febrero hasta Semana Santa. Con un poco de temor, el presidente Luis Abinader encabez\u00f3 la puesta en marcha de la L\u00ednea 2C del Metro de Santo Domingo que busca mejorar la movilidad urbana y reducir la congesti\u00f3n en la autopista\u2026","rel":"","context":"En \u00abNACIONALES\u00bb","block_context":{"text":"NACIONALES","link":"https:\/\/lasprimeras.com.do\/index.php\/category\/nacionales\/"},"img":{"alt_text":"","src":"https:\/\/i0.wp.com\/lasprimeras.com.do\/wp-content\/uploads\/2026\/02\/Luis-Abinader-1-3.jpg?resize=350%2C200&ssl=1","width":350,"height":200,"srcset":"https:\/\/i0.wp.com\/lasprimeras.com.do\/wp-content\/uploads\/2026\/02\/Luis-Abinader-1-3.jpg?resize=350%2C200&ssl=1 1x, https:\/\/i0.wp.com\/lasprimeras.com.do\/wp-content\/uploads\/2026\/02\/Luis-Abinader-1-3.jpg?resize=525%2C300&ssl=1 1.5x, https:\/\/i0.wp.com\/lasprimeras.com.do\/wp-content\/uploads\/2026\/02\/Luis-Abinader-1-3.jpg?resize=700%2C400&ssl=1 2x"},"classes":[]},{"id":79418,"url":"https:\/\/lasprimeras.com.do\/index.php\/2024\/03\/27\/el-teleferico-de-santiago-supera-los-10-mil-usuarios\/","url_meta":{"origin":62114,"position":2},"title":"El Telef\u00e9rico de Santiago supera los 10 mil usuarios","author":"BIMARY DE JES\u00daS Matos","date":"27 de marzo de 2024","format":false,"excerpt":"Santiago.-En apenas 14 d\u00edas y en dos horas diarias en su marcha en blanco o de familiarizaci\u00f3n, el Telef\u00e9rico de Santiago ha movilizado m\u00e1s diez mil personas que van a conocer el sistema de movilidad por cable. Largas filas de usuarios de diversos sectores de la Ciudad Coraz\u00f3n se han\u2026","rel":"","context":"En \u00abPORTADA\u00bb","block_context":{"text":"PORTADA","link":"https:\/\/lasprimeras.com.do\/index.php\/category\/portada\/"},"img":{"alt_text":"","src":"https:\/\/i0.wp.com\/lasprimeras.com.do\/wp-content\/uploads\/2024\/03\/1-millon-de-jovenes-votaran-en-las-elecciones-municipales-2-6.webp?resize=350%2C200&ssl=1","width":350,"height":200},"classes":[]},{"id":48461,"url":"https:\/\/lasprimeras.com.do\/index.php\/2023\/05\/01\/presidente-abinader-inaugura-el-teleferico-de-los-alcarrizos\/","url_meta":{"origin":62114,"position":3},"title":"Presidente Abinader inaugura el telef\u00e9rico de Los Alcarrizos","author":"prenxa100","date":"1 de mayo de 2023","format":false,"excerpt":"Por Wilson P\u00e9rez Santo Domingo.-.\u00a0 El presidente Luis Abinader inaugur\u00f3 este lunes el telef\u00e9rico de Los Alcarrizos, el cual asegur\u00f3 cambiar\u00e1 el rostro de este municipio y transformar\u00e1 la movilidad urbana del transporte a nivel nacional. Asimismo, el mandatario instruy\u00f3 al director de la Oficina de Desarrollo de Proyectos de\u2026","rel":"","context":"En \u00abSin categor\u00eda\u00bb","block_context":{"text":"Sin categor\u00eda","link":"https:\/\/lasprimeras.com.do\/index.php\/category\/sin-categoria\/"},"img":{"alt_text":"","src":"https:\/\/i0.wp.com\/atento.com.do\/wp-content\/uploads\/2023\/05\/WhatsApp-Image-2023-05-01-at-2.08.35-PM.jpeg?resize=350%2C200&ssl=1","width":350,"height":200,"srcset":"https:\/\/i0.wp.com\/atento.com.do\/wp-content\/uploads\/2023\/05\/WhatsApp-Image-2023-05-01-at-2.08.35-PM.jpeg?resize=350%2C200&ssl=1 1x, https:\/\/i0.wp.com\/atento.com.do\/wp-content\/uploads\/2023\/05\/WhatsApp-Image-2023-05-01-at-2.08.35-PM.jpeg?resize=525%2C300&ssl=1 1.5x, https:\/\/i0.wp.com\/atento.com.do\/wp-content\/uploads\/2023\/05\/WhatsApp-Image-2023-05-01-at-2.08.35-PM.jpeg?resize=700%2C400&ssl=1 2x"},"classes":[]},{"id":71731,"url":"https:\/\/lasprimeras.com.do\/index.php\/2023\/12\/22\/metro-y-teleferico-de-santo-domingo-tendran-horario-especial-en-navidad\/","url_meta":{"origin":62114,"position":4},"title":"Metro y Telef\u00e9rico de Santo Domingo tendr\u00e1n horario especial en Navidad","author":"Nelson Feliz","date":"22 de diciembre de 2023","format":false,"excerpt":"Para la Nochebuena, el Metro operar\u00e1 desde las 6:00 de la ma\u00f1ana hasta las 8:00 de la noche. La Oficina para el Reordenamiento del Transporte (Opret) anunci\u00f3 el horario especial que tendr\u00e1n el Metro y Telef\u00e9rico de Santo Domingo durante las festividades navide\u00f1as para brindar facilidad a los usuarios del\u2026","rel":"","context":"En \u00abNACIONALES\u00bb","block_context":{"text":"NACIONALES","link":"https:\/\/lasprimeras.com.do\/index.php\/category\/nacionales\/"},"img":{"alt_text":"Metro de Santo Domingo","src":"https:\/\/i0.wp.com\/lasprimeras.com.do\/wp-content\/uploads\/2023\/06\/Metro-de-Santo-Domingo.jpg?resize=350%2C200&ssl=1","width":350,"height":200,"srcset":"https:\/\/i0.wp.com\/lasprimeras.com.do\/wp-content\/uploads\/2023\/06\/Metro-de-Santo-Domingo.jpg?resize=350%2C200&ssl=1 1x, https:\/\/i0.wp.com\/lasprimeras.com.do\/wp-content\/uploads\/2023\/06\/Metro-de-Santo-Domingo.jpg?resize=525%2C300&ssl=1 1.5x, https:\/\/i0.wp.com\/lasprimeras.com.do\/wp-content\/uploads\/2023\/06\/Metro-de-Santo-Domingo.jpg?resize=700%2C400&ssl=1 2x"},"classes":[]},{"id":53690,"url":"https:\/\/lasprimeras.com.do\/index.php\/2023\/06\/30\/el-metro-de-santo-domingo-rompe-record-de-usuarios-en-los-ultimos-12-meses\/","url_meta":{"origin":62114,"position":5},"title":"El Metro de Santo Domingo rompe r\u00e9cord de usuarios en los \u00faltimos 12 meses","author":"Nelson Feliz","date":"30 de junio de 2023","format":false,"excerpt":"La Opret inform\u00f3 que el servicio que ofrece el Sistema Integrado Metro-Telef\u00e9rico de Santo Domingo ha aumentado en un 10.72%, desde mayo del 2022 hasta mayo del 2023, respecto al mismo intervalo 2018-2019 (per\u00edodo pre-pandemia). La Oficina Para el Reordenamiento del Transporte (Opret) inform\u00f3 hoy que el Sistema de Transporte\u2026","rel":"","context":"En \u00abNACIONALES\u00bb","block_context":{"text":"NACIONALES","link":"https:\/\/lasprimeras.com.do\/index.php\/category\/nacionales\/"},"img":{"alt_text":"Metro de Santo Domingo","src":"https:\/\/i0.wp.com\/lasprimeras.com.do\/wp-content\/uploads\/2023\/06\/Metro-de-Santo-Domingo.jpg?resize=350%2C200&ssl=1","width":350,"height":200,"srcset":"https:\/\/i0.wp.com\/lasprimeras.com.do\/wp-content\/uploads\/2023\/06\/Metro-de-Santo-Domingo.jpg?resize=350%2C200&ssl=1 1x, https:\/\/i0.wp.com\/lasprimeras.com.do\/wp-content\/uploads\/2023\/06\/Metro-de-Santo-Domingo.jpg?resize=525%2C300&ssl=1 1.5x, https:\/\/i0.wp.com\/lasprimeras.com.do\/wp-content\/uploads\/2023\/06\/Metro-de-Santo-Domingo.jpg?resize=700%2C400&ssl=1 2x"},"classes":[]}],"jetpack_sharing_enabled":true,"_links":{"self":[{"href":"https:\/\/lasprimeras.com.do\/index.php\/wp-json\/wp\/v2\/posts\/62114","targetHints":{"allow":["GET"]}}],"collection":[{"href":"https:\/\/lasprimeras.com.do\/index.php\/wp-json\/wp\/v2\/posts"}],"about":[{"href":"https:\/\/lasprimeras.com.do\/index.php\/wp-json\/wp\/v2\/types\/post"}],"author":[{"embeddable":true,"href":"https:\/\/lasprimeras.com.do\/index.php\/wp-json\/wp\/v2\/users\/3"}],"replies":[{"embeddable":true,"href":"https:\/\/lasprimeras.com.do\/index.php\/wp-json\/wp\/v2\/comments?post=62114"}],"version-history":[{"count":1,"href":"https:\/\/lasprimeras.com.do\/index.php\/wp-json\/wp\/v2\/posts\/62114\/revisions"}],"predecessor-version":[{"id":62116,"href":"https:\/\/lasprimeras.com.do\/index.php\/wp-json\/wp\/v2\/posts\/62114\/revisions\/62116"}],"wp:featuredmedia":[{"embeddable":true,"href":"https:\/\/lasprimeras.com.do\/index.php\/wp-json\/wp\/v2\/media\/62115"}],"wp:attachment":[{"href":"https:\/\/lasprimeras.com.do\/index.php\/wp-json\/wp\/v2\/media?parent=62114"}],"wp:term":[{"taxonomy":"category","embeddable":true,"href":"https:\/\/lasprimeras.com.do\/index.php\/wp-json\/wp\/v2\/categories?post=62114"},{"taxonomy":"post_tag","embeddable":true,"href":"https:\/\/lasprimeras.com.do\/index.php\/wp-json\/wp\/v2\/tags?post=62114"}],"curies":[{"name":"wp","href":"https:\/\/api.w.org\/{rel}","templated":true}]}}