{"id":62121,"date":"2023-10-03T07:32:37","date_gmt":"2023-10-03T11:32:37","guid":{"rendered":"https:\/\/lasprimeras.com.do\/?p=62121"},"modified":"2023-10-03T07:32:38","modified_gmt":"2023-10-03T11:32:38","slug":"peso-pluma-hara-su-primera-gira-suramericana-a-principios-de-diciembre","status":"publish","type":"post","link":"https:\/\/lasprimeras.com.do\/index.php\/2023\/10\/03\/peso-pluma-hara-su-primera-gira-suramericana-a-principios-de-diciembre\/","title":{"rendered":"Peso Pluma har\u00e1 su primera gira suramericana a principios de diciembre"},"content":{"rendered":"\n<p>Santo Domingo.-El cantante y compositor de m\u00fasica regional mexicana Peso Pluma, quien encabeza la lista oficial de finalistas de los Premios Billboard de la M\u00fasica Latina 2023, tendr\u00e1 su primera gira por Suram\u00e9rica a principios de diciembre, luego de varias paradas en su pa\u00eds natal, para compartir sus \u00e9xitos con seguidores.<\/p>\n\n\n\n<p>Hassan Emilio Kabande Laija, el cantante y compositor mexicano de g\u00e9neros variados que incluyen corridos, reguet\u00f3n y trap latino, actuar\u00e1 por primera vez en Suram\u00e9rica en una gira con paradas en Chile, Argentina, Per\u00fa, Ecuador, Colombia y Paraguay, seg\u00fan un comunicado divulgado este lunes en Miami, Florida (EE.UU.).<\/p>\n\n\n\n<p>La gira, no obstante, comienza en M\u00e9xico con un concierto en Guadalajara el 27 de octubre, otro en Monterrey el 8 de noviembre y el \u00faltimo en el pa\u00eds el 11 de noviembre en Ciudad de M\u00e9xico.<\/p>\n\n\n\n<p>En su segmento suramericano la gira continuar\u00e1 el 3 de diciembre en Santiago de Chile para concluir el 15 de ese mes en Asunci\u00f3n, Paraguay.<\/p>\n\n\n\n<p>&#8220;Rompiendo r\u00e9cords constantemente y haciendo historia, en las \u00faltimas semanas&#8221;, seg\u00fan el comunicado, Peso Pluma ha logrado algunos hitos &#8220;incre\u00edbles&#8221; en su carrera, incluyendo haberse convertido en el primer mexicano en actuar en los MTV Video Music Awards.<\/p>\n\n\n\n<p>Tambi\u00e9n cerr\u00f3 el Festival Arre inaugural en Ciudad de M\u00e9xico y form\u00f3 parte de la lista TIME100 Next, de la revista Time, &#8220;solidificando su lugar como \u00edcono cultural&#8221;.<\/p>\n\n\n\n<p>Peso Pluma encabeza, con 21 nominaciones, la lista oficial de finalistas de los Premios Billboard de la M\u00fasica Latina 2023, en la que le siguen de lejos Bad Bunny, el Grupo Frontera, Karol G, Shakira y Fuerza Regida, anunciaron en agosto los organizadores.<\/p>\n\n\n\n<p>Los Premios Billboard de la M\u00fasica Latina 2023 ser\u00e1n entregados el 5 de octubre en el Watsco Center de Coral Gables (Miami-Dade) durante un gala transmitida en vivo por Telemundo.<\/p>\n\n\n\n<p>En septiembre, un concierto de Peso Pluma programado en Illinois (EE.UU.) fue cancelado despu\u00e9s de que se reportaran amenazas de muerte contra el artista por parte de un c\u00e1rtel de las drogas en M\u00e9xico.<\/p>\n\n\n\n<p>El cantante de &#8220;narcocorridos&#8221; fue amenazado de muerte tambi\u00e9n el mes pasado en la fronteriza Tijuana (M\u00e9xico), presuntamente por miembros el C\u00e1rtel Jalisco Nueva Generaci\u00f3n (CJNG) que dejaron tres &#8220;narcomantas&#8221; (lonas) en diversos puntos de la ciudad, a escasos kil\u00f3metros del puerto fronterizo de San Ysidro (California).<\/p>\n\n\n\n<p>Las lonas advert\u00edan al artista que se abstuviera de presentarse en el concierto programado para el 14 de octubre en la ciudad mexicana.<\/p>\n","protected":false},"excerpt":{"rendered":"<p>Santo Domingo.-El cantante y compositor de m\u00fasica regional mexicana Peso Pluma, quien encabeza la lista oficial de finalistas de los Premios Billboard de la M\u00fasica Latina 2023, tendr\u00e1 su primera&hellip;<\/p>\n","protected":false},"author":3,"featured_media":62122,"comment_status":"open","ping_status":"open","sticky":false,"template":"","format":"standard","meta":{"content-type":"","jetpack_post_was_ever_published":false,"_jetpack_newsletter_access":"","_jetpack_dont_email_post_to_subs":false,"_jetpack_newsletter_tier_id":0,"_jetpack_memberships_contains_paywalled_content":false,"_jetpack_memberships_contains_paid_content":false,"footnotes":""},"categories":[84],"tags":[],"class_list":["post-62121","post","type-post","status-publish","format-standard","has-post-thumbnail","hentry","category-entretenimiento"],"jetpack_featured_media_url":"https:\/\/lasprimeras.com.do\/wp-content\/uploads\/2023\/10\/WhatsApp-Image-2023-10-02-at-6.21.27-PM-5.jpeg","jetpack-related-posts":[{"id":62709,"url":"https:\/\/lasprimeras.com.do\/index.php\/2023\/10\/06\/todos-los-ganadores-de-los-billboard-de-la-musica-latina-2023\/","url_meta":{"origin":62121,"position":0},"title":"Todos los ganadores de los Billboard de la M\u00fasica Latina 2023","author":"BIMARY DE JES\u00daS Matos","date":"6 de octubre de 2023","format":false,"excerpt":"Santo Domingo.-A continuaci\u00f3n, la lista de ganadores de los Premios Billboard de la M\u00fasica Latina, que se entregaron el jueves en Coral Gables, Florida. CATEGOR\u00cdAS DE ARTISTAS \u2014 Artista del a\u00f1o: Bad Bunny \u2014 Artista del a\u00f1o, debut: Peso Pluma \u2014 Gira del a\u00f1o: Bad Bunny \u2014 Artista crossover del\u2026","rel":"","context":"En \u00abENTRETENIMIENTO\u00bb","block_context":{"text":"ENTRETENIMIENTO","link":"https:\/\/lasprimeras.com.do\/index.php\/category\/entretenimiento\/"},"img":{"alt_text":"","src":"https:\/\/i0.wp.com\/lasprimeras.com.do\/wp-content\/uploads\/2023\/10\/WhatsApp-Image-2023-10-05-at-9.43.40-PM-10.jpeg?resize=350%2C200&ssl=1","width":350,"height":200,"srcset":"https:\/\/i0.wp.com\/lasprimeras.com.do\/wp-content\/uploads\/2023\/10\/WhatsApp-Image-2023-10-05-at-9.43.40-PM-10.jpeg?resize=350%2C200&ssl=1 1x, https:\/\/i0.wp.com\/lasprimeras.com.do\/wp-content\/uploads\/2023\/10\/WhatsApp-Image-2023-10-05-at-9.43.40-PM-10.jpeg?resize=525%2C300&ssl=1 1.5x, https:\/\/i0.wp.com\/lasprimeras.com.do\/wp-content\/uploads\/2023\/10\/WhatsApp-Image-2023-10-05-at-9.43.40-PM-10.jpeg?resize=700%2C400&ssl=1 2x"},"classes":[]},{"id":56953,"url":"https:\/\/lasprimeras.com.do\/index.php\/2023\/08\/07\/luis-miguel-se-presentara-en-republica-dominicana-estos-son-los-detalles-de-fecha-y-lugar\/","url_meta":{"origin":62121,"position":1},"title":"Luis Miguel se presentar\u00e1 en Rep\u00fablica Dominicana; estos son los detalles de fecha y lugar","author":"Nelson Feliz","date":"7 de agosto de 2023","format":false,"excerpt":"Fecha confirmada del cantante mexicano y detalles de la gira. El cantante Luis Miguel se presentar\u00e1 en Rep\u00fablica Dominicana el pr\u00f3ximo 20 de enero de 2024. El denominado Sol de M\u00e9xico hizo el anuncio en su cuenta de Instagram, donde tambi\u00e9n inform\u00f3 de las nuevas fechas de conciertos en el\u2026","rel":"","context":"En \u00abENTRETENIMIENTO\u00bb","block_context":{"text":"ENTRETENIMIENTO","link":"https:\/\/lasprimeras.com.do\/index.php\/category\/entretenimiento\/"},"img":{"alt_text":"Luis Miguel","src":"https:\/\/i0.wp.com\/lasprimeras.com.do\/wp-content\/uploads\/2023\/08\/Luis-Miguel.jpg?resize=350%2C200&ssl=1","width":350,"height":200,"srcset":"https:\/\/i0.wp.com\/lasprimeras.com.do\/wp-content\/uploads\/2023\/08\/Luis-Miguel.jpg?resize=350%2C200&ssl=1 1x, https:\/\/i0.wp.com\/lasprimeras.com.do\/wp-content\/uploads\/2023\/08\/Luis-Miguel.jpg?resize=525%2C300&ssl=1 1.5x, https:\/\/i0.wp.com\/lasprimeras.com.do\/wp-content\/uploads\/2023\/08\/Luis-Miguel.jpg?resize=700%2C400&ssl=1 2x"},"classes":[]},{"id":75799,"url":"https:\/\/lasprimeras.com.do\/index.php\/2024\/02\/05\/peso-pluma-recibe-primer-grammy-a-mejor-album-de-musica-mexicana\/","url_meta":{"origin":62121,"position":2},"title":"Peso Pluma recibe primer Grammy a mejor \u00e1lbum de m\u00fasica mexicana","author":"BIMARY DE JES\u00daS Matos","date":"5 de febrero de 2024","format":false,"excerpt":"Los \u00c1ngeles.- El cantante de corridos tumbados Peso Pluma recibi\u00f3 este domingo su primer Grammy a mejor \u00e1lbum de m\u00fasica mexicana (incluyendo tejano) por su disco \u2018G\u00e9nesis\u2019. El corrido tumbado tiene desde este domingo un lugar en el olimpo de la m\u00fasica. Peso Pluma ha ganado su primer Premio Grammy\u2026","rel":"","context":"En \u00abENTRETENIMIENTO\u00bb","block_context":{"text":"ENTRETENIMIENTO","link":"https:\/\/lasprimeras.com.do\/index.php\/category\/entretenimiento\/"},"img":{"alt_text":"","src":"https:\/\/i0.wp.com\/lasprimeras.com.do\/wp-content\/uploads\/2024\/02\/CANDIDATO-A-REGIDOR-Justicia-Social-JOSUE-MENDEZ-APOYARA-A-DIO-ASTACIO-DEL-PRM-13.webp?resize=350%2C200&ssl=1","width":350,"height":200,"srcset":"https:\/\/i0.wp.com\/lasprimeras.com.do\/wp-content\/uploads\/2024\/02\/CANDIDATO-A-REGIDOR-Justicia-Social-JOSUE-MENDEZ-APOYARA-A-DIO-ASTACIO-DEL-PRM-13.webp?resize=350%2C200&ssl=1 1x, https:\/\/i0.wp.com\/lasprimeras.com.do\/wp-content\/uploads\/2024\/02\/CANDIDATO-A-REGIDOR-Justicia-Social-JOSUE-MENDEZ-APOYARA-A-DIO-ASTACIO-DEL-PRM-13.webp?resize=525%2C300&ssl=1 1.5x"},"classes":[]},{"id":62913,"url":"https:\/\/lasprimeras.com.do\/index.php\/2023\/10\/09\/revelan-cuanto-dinero-recauda-luis-miguel-por-concierto\/","url_meta":{"origin":62121,"position":3},"title":"Revelan cu\u00e1nto dinero recauda Luis Miguel por concierto","author":"Nelson Feliz","date":"9 de octubre de 2023","format":false,"excerpt":"De acuerdo con el m\u00e1s reciente ranking de Pollstar, publicaci\u00f3n especializada en m\u00fasica en vivo, el tour de Luis Miguel es uno de los 10 m\u00e1s exitosos del momento. El cantante Luis Miguel tiene la d\u00e9cima gira musical m\u00e1s exitosa del momento. De acuerdo con el m\u00e1s reciente ranking de\u2026","rel":"","context":"En \u00abENTRETENIMIENTO\u00bb","block_context":{"text":"ENTRETENIMIENTO","link":"https:\/\/lasprimeras.com.do\/index.php\/category\/entretenimiento\/"},"img":{"alt_text":"Luis Miguel","src":"https:\/\/i0.wp.com\/lasprimeras.com.do\/wp-content\/uploads\/2023\/10\/Luis-Miguel.jpg?resize=350%2C200&ssl=1","width":350,"height":200,"srcset":"https:\/\/i0.wp.com\/lasprimeras.com.do\/wp-content\/uploads\/2023\/10\/Luis-Miguel.jpg?resize=350%2C200&ssl=1 1x, https:\/\/i0.wp.com\/lasprimeras.com.do\/wp-content\/uploads\/2023\/10\/Luis-Miguel.jpg?resize=525%2C300&ssl=1 1.5x, https:\/\/i0.wp.com\/lasprimeras.com.do\/wp-content\/uploads\/2023\/10\/Luis-Miguel.jpg?resize=700%2C400&ssl=1 2x"},"classes":[]},{"id":61982,"url":"https:\/\/lasprimeras.com.do\/index.php\/2023\/10\/02\/el-salsero-gilberto-santa-rosa-regresara-a-los-escenarios-en-rd\/","url_meta":{"origin":62121,"position":4},"title":"El salsero Gilberto Santa Rosa regresar\u00e1 a los escenarios en RD","author":"BIMARY DE JES\u00daS Matos","date":"2 de octubre de 2023","format":false,"excerpt":"SANTO DOMINGO, Rep\u00fablica Dominicana.- El afamado artista puertorrique\u00f1o Gilberto Santa Rosa presentar\u00e1 su nuevo espect\u00e1culo \u00abAut\u00e9ntico, Amor y Salsa\u00bb en el Teatro Nacional Eduardo Brito, de esta capital, en noviembre pr\u00f3ximo, se conoci\u00f3 hoy. El salsero se presentar\u00e1 en Santo Domingo los d\u00edas 10 y 11 de ese mes como\u2026","rel":"","context":"En \u00abENTRETENIMIENTO\u00bb","block_context":{"text":"ENTRETENIMIENTO","link":"https:\/\/lasprimeras.com.do\/index.php\/category\/entretenimiento\/"},"img":{"alt_text":"","src":"https:\/\/i0.wp.com\/lasprimeras.com.do\/wp-content\/uploads\/2023\/10\/WhatsApp-Image-2023-09-28-at-11.50.30-PM-1-9.jpeg?resize=350%2C200&ssl=1","width":350,"height":200,"srcset":"https:\/\/i0.wp.com\/lasprimeras.com.do\/wp-content\/uploads\/2023\/10\/WhatsApp-Image-2023-09-28-at-11.50.30-PM-1-9.jpeg?resize=350%2C200&ssl=1 1x, https:\/\/i0.wp.com\/lasprimeras.com.do\/wp-content\/uploads\/2023\/10\/WhatsApp-Image-2023-09-28-at-11.50.30-PM-1-9.jpeg?resize=525%2C300&ssl=1 1.5x, https:\/\/i0.wp.com\/lasprimeras.com.do\/wp-content\/uploads\/2023\/10\/WhatsApp-Image-2023-09-28-at-11.50.30-PM-1-9.jpeg?resize=700%2C400&ssl=1 2x"},"classes":[]},{"id":48732,"url":"https:\/\/lasprimeras.com.do\/index.php\/2023\/05\/03\/andres-cepeda-demuestra-se-gran-versatilidad-musical\/","url_meta":{"origin":62121,"position":5},"title":"Andr\u00e9s Cepeda demuestra se gran versatilidad musical","author":"prenxa100","date":"3 de mayo de 2023","format":false,"excerpt":"Miami, Florida.-. El \u00edcono colombiano Andr\u00e9s Cepeda contin\u00faa demostrando su notable versatilidad como artista y su gran popularidad entre los fan\u00e1ticos en Am\u00e9rica Latina, ofreciendo una serie de espect\u00e1culos incre\u00edbles la semana pasada, que lo confirman como una de las figuras m\u00e1s talentosas y visionarias de la m\u00fasica latina actual.\u2026","rel":"","context":"En \u00abENTRETENIMIENTO\u00bb","block_context":{"text":"ENTRETENIMIENTO","link":"https:\/\/lasprimeras.com.do\/index.php\/category\/entretenimiento\/"},"img":{"alt_text":"","src":"","width":0,"height":0},"classes":[]}],"jetpack_sharing_enabled":true,"_links":{"self":[{"href":"https:\/\/lasprimeras.com.do\/index.php\/wp-json\/wp\/v2\/posts\/62121","targetHints":{"allow":["GET"]}}],"collection":[{"href":"https:\/\/lasprimeras.com.do\/index.php\/wp-json\/wp\/v2\/posts"}],"about":[{"href":"https:\/\/lasprimeras.com.do\/index.php\/wp-json\/wp\/v2\/types\/post"}],"author":[{"embeddable":true,"href":"https:\/\/lasprimeras.com.do\/index.php\/wp-json\/wp\/v2\/users\/3"}],"replies":[{"embeddable":true,"href":"https:\/\/lasprimeras.com.do\/index.php\/wp-json\/wp\/v2\/comments?post=62121"}],"version-history":[{"count":1,"href":"https:\/\/lasprimeras.com.do\/index.php\/wp-json\/wp\/v2\/posts\/62121\/revisions"}],"predecessor-version":[{"id":62123,"href":"https:\/\/lasprimeras.com.do\/index.php\/wp-json\/wp\/v2\/posts\/62121\/revisions\/62123"}],"wp:featuredmedia":[{"embeddable":true,"href":"https:\/\/lasprimeras.com.do\/index.php\/wp-json\/wp\/v2\/media\/62122"}],"wp:attachment":[{"href":"https:\/\/lasprimeras.com.do\/index.php\/wp-json\/wp\/v2\/media?parent=62121"}],"wp:term":[{"taxonomy":"category","embeddable":true,"href":"https:\/\/lasprimeras.com.do\/index.php\/wp-json\/wp\/v2\/categories?post=62121"},{"taxonomy":"post_tag","embeddable":true,"href":"https:\/\/lasprimeras.com.do\/index.php\/wp-json\/wp\/v2\/tags?post=62121"}],"curies":[{"name":"wp","href":"https:\/\/api.w.org\/{rel}","templated":true}]}}