{"id":62127,"date":"2023-10-03T07:36:06","date_gmt":"2023-10-03T11:36:06","guid":{"rendered":"https:\/\/lasprimeras.com.do\/?p=62127"},"modified":"2023-10-03T07:36:07","modified_gmt":"2023-10-03T11:36:07","slug":"luis-abinader-ordena-centro-de-alto-rendimiento-para-voleibol","status":"publish","type":"post","link":"https:\/\/lasprimeras.com.do\/index.php\/2023\/10\/03\/luis-abinader-ordena-centro-de-alto-rendimiento-para-voleibol\/","title":{"rendered":"Luis Abinader ordena Centro de Alto Rendimiento para Voleibol"},"content":{"rendered":"\n<p>SANTO DOMINGO.- El presidente Luis Abinader recibi\u00f3 en el Palacio Nacional a las Reinas del Caribe, las que han logrado grandes lauros para la Rep\u00fablica Dominicana, incluida varias medallas de oro y su cuarta clasificaci\u00f3n a los Juegos Ol\u00edmpicos.<\/p>\n\n\n\n<p>El jefe del Estado, al finalizar el acto, se dirigi\u00f3 al micr\u00f3fono para anunciar que su Gobierno daba instrucciones para la construcci\u00f3n de un Centro de Alto Rendimiento de Voleibol, con un Polit\u00e9cnico incluido, con el objetivo de que las Reinas del Caribe, en todas sus categor\u00edas, puedan estudiar y entrenar con todas las de la ley.<\/p>\n\n\n\n<p>\u00abEso es parte del agradecimiento, ya ustedes son parte esencial del orgullo del pa\u00eds, son marca-pa\u00eds, haremos unas instalaciones modernas, dignas para que estudien y entrenen, para que sea modelo en el pa\u00eds y en el Continente\u00bb, subray\u00f3 el gobernante..<\/p>\n\n\n\n<p>El acto, celebrado en el Sal\u00f3n de Embajadores, inici\u00f3 a las 3:05 de la tarde, con la llegada del presidente Luis Abinader, quien fue recibido por los ministros Francisco Camacho, de Deportes; Joel Santos, de la Presidencia y Jos\u00e9 Ignacio Paliza, del Administrativo de la Presidencia.<\/p>\n\n\n\n<p>Igualmente, por el licenciado Crist\u00f3bal Marte, presidente del Proyecto de Selecciones de Voleibol y Garibaldi Bautista, presidente del Comit\u00e9 Ol\u00edmpico.<\/p>\n\n\n\n<p>Tambi\u00e9n Luis Mej\u00eda Oviedo, presidente de Centro Caribe Sportsy el secretario del COD, Luis Chanlate<\/p>\n\n\n\n<p>Las palabras bienvenida fueron pronunciadas por el ministro de Deportes, Francisco Camacho, quien afirm\u00f3 que las Reinas del Caribe son \u00abatletas marca-pa\u00eds\u00bb y verdaderos s\u00edmbolos del deporte nacional, ya que se han ganado todos los sitiales en base a un arduo trabajo, mucho entrenamiento y entrega en la cancha.<\/p>\n\n\n\n<p>\u00abEllas son las seis veces campeonas consecutivas en Juegos Centroamericanos y del Caribe, incluyendo San Salvador, tambi\u00e9n ganaron la medalla de oro en el Torneo Continental NORCECA y acaban de obtener su cuarto boleto para los Juegos Ol\u00edmpicos de Par\u00eds 2024\u00bb, dijo Camacho.<\/p>\n\n\n\n<p>Afirm\u00f3 que las voleibolistas se aprestan ahora en los venideros Juegos Panamericanos de Chile, que se iniciar\u00e1n el 20 de este mes, a retener su medalla de oro obtenida en los pasados Juegos de Lima 2019 y que ser\u00eda su tercer oro y su n\u00famero cuatro en Panam.<\/p>\n\n\n\n<p>El ministro de Deportes, Francisco Camacho, destac\u00f3 el apoyo que est\u00e1 brindando el Gobierno al deporte nacional con la protecci\u00f3n a los atletas que compiten en eventos internacionales.<\/p>\n\n\n\n<p>Crist\u00f3bal Marte Hoffiz<\/p>\n\n\n\n<p>El presidente del Proyecto de Selecciones Nacionales de Voleibol, licenciado Crist\u00f3bal Marte Hoffiz, agradeci\u00f3 al presidente de la Rep\u00f9blica por haber anunciado la construcci\u00f3n de ese Centro de Alto Rendimiento de Voleibol con todas las habitaciones necesarias y un polit\u00e9cnico integrado.<\/p>\n\n\n\n<p>\u00abUsted no sabe lo que la familia de voleibol le agradece por todo su apoyo y respaldo al voleibol y con este anuncio, nos sentimos altamente feliz y satisfechos\u00bb, dijo.<\/p>\n\n\n\n<p>Apunt\u00f3 que se pondr\u00e1 en contacto con el ingeniero Fernando Taveras para iniciar los trabajos de ubicaci\u00f3n del terreno en Santo Domingo y ver el asunto de los planos y la planificaci\u00f3n de la obra.<\/p>\n\n\n\n<p>Camacho resalt\u00f3, adem\u00e1s, las instrucciones dadas por el Presidente Luis Abinader tras asumir las riendas del Estado, de que los atletas dominicanos deben salir en las mejores condiciones a representar al pa\u00eds en distintas disciplinas deportivas y por eso reciben todos los fondos necesarios para cumplir sus necesidades.<\/p>\n\n\n\n<p>Ponder\u00f3 los esfuerzos realizados por el Gobierno a favor del deporte, tras indicar que las puertas del Palacio Nacional est\u00e1n abiertas para todos los atletas.<\/p>\n\n\n\n<p>El director del Programa de Voleibol Femenino de la Rep\u00fablica Dominicana, manifest\u00f3 que las Reinas del Caribe pusieron el nombre de Rep\u00fablica Dominicana nueva vez en alto, ubic\u00e1ndose en el octavo lugar del ranking mundial y tercero en las Am\u00e9ricas.<\/p>\n\n\n\n<p>La capitana del conjunto nacional, Niverka Marte, agradeci\u00f3 al presidente Luis Abinader por siempre reconocerla, tenerlas presente y por ello deseaba entregarle dos medallas de oro: la de los Juegos de San Salvador y la presea de oro del Torneo Continental NORCECA, adem\u00e1s de un suvenires del torneo preol\u00edmpico de China, donde consiguieron su cuarto boleto a las olimpiadas.<\/p>\n\n\n\n<p>Abinader salud\u00f3 a cada una de las jugadoras de la selecci\u00f3n dominicana de voleibol y los miembros del cuerpo t\u00e9cnico<\/p>\n","protected":false},"excerpt":{"rendered":"<p>SANTO DOMINGO.- El presidente Luis Abinader recibi\u00f3 en el Palacio Nacional a las Reinas del Caribe, las que han logrado grandes lauros para la Rep\u00fablica Dominicana, incluida varias medallas de&hellip;<\/p>\n","protected":false},"author":3,"featured_media":62130,"comment_status":"open","ping_status":"open","sticky":false,"template":"","format":"standard","meta":{"content-type":"","jetpack_post_was_ever_published":false,"_jetpack_newsletter_access":"","_jetpack_dont_email_post_to_subs":false,"_jetpack_newsletter_tier_id":0,"_jetpack_memberships_contains_paywalled_content":false,"_jetpack_memberships_contains_paid_content":false,"footnotes":""},"categories":[1],"tags":[],"class_list":["post-62127","post","type-post","status-publish","format-standard","has-post-thumbnail","hentry","category-sin-categoria"],"jetpack_featured_media_url":"https:\/\/lasprimeras.com.do\/wp-content\/uploads\/2023\/10\/WhatsApp-Image-2023-10-02-at-6.21.27-PM-7.jpeg","jetpack-related-posts":[{"id":72072,"url":"https:\/\/lasprimeras.com.do\/index.php\/2023\/12\/26\/el-deporte-dominicano-cierra-un-2023-de-exitos\/","url_meta":{"origin":62127,"position":0},"title":"El deporte dominicano cierra un 2023 de \u00e9xitos","author":"BIMARY DE JES\u00daS Matos","date":"26 de diciembre de 2023","format":false,"excerpt":"Santo Domingo.-El deporte de Rep\u00fablica Dominicana nueva vez puso en alto la bandera nacional durante el 2023, un a\u00f1o en que los atletas dominicanos superaron las dificultades para imponerse en diferentes competencias mundiales y regionales en las que participaron. El 2023 tambi\u00e9n dej\u00f3 al deporte dominicano centenares de instalaciones, construidas\u2026","rel":"","context":"En \u00abSin categor\u00eda\u00bb","block_context":{"text":"Sin categor\u00eda","link":"https:\/\/lasprimeras.com.do\/index.php\/category\/sin-categoria\/"},"img":{"alt_text":"","src":"https:\/\/i0.wp.com\/lasprimeras.com.do\/wp-content\/uploads\/2023\/12\/Noticias-de-energia-89.webp?resize=350%2C200&ssl=1","width":350,"height":200,"srcset":"https:\/\/i0.wp.com\/lasprimeras.com.do\/wp-content\/uploads\/2023\/12\/Noticias-de-energia-89.webp?resize=350%2C200&ssl=1 1x, https:\/\/i0.wp.com\/lasprimeras.com.do\/wp-content\/uploads\/2023\/12\/Noticias-de-energia-89.webp?resize=525%2C300&ssl=1 1.5x"},"classes":[]},{"id":101051,"url":"https:\/\/lasprimeras.com.do\/index.php\/2025\/06\/15\/cristobal-marte-las-redes-sociales-son-el-peor-problema-que-tenemos-en-proyecto-reinas-del-caribe\/","url_meta":{"origin":62127,"position":1},"title":"Crist\u00f3bal Marte: \u201cLas Redes Sociales son el peor problema que tenemos en proyecto Reinas del Caribe\u201d","author":"Nelson Feliz","date":"15 de junio de 2025","format":false,"excerpt":"El presidente del Proyecto de Selecciones Nacionales Reina del Caribe advirti\u00f3 que el problema m\u00e1s grave que enfrenta el exitoso equipo de voleibol femenino, ubicado en el puesto n\u00famero 10 en el ranking mundial de esa disciplina deportiva, son las Redes Sociales. El empresario Crist\u00f3bal Marte Hoffiz asegur\u00f3 que el\u2026","rel":"","context":"En \u00abDEPORTES\u00bb","block_context":{"text":"DEPORTES","link":"https:\/\/lasprimeras.com.do\/index.php\/category\/deportes\/"},"img":{"alt_text":"","src":"https:\/\/i0.wp.com\/lasprimeras.com.do\/wp-content\/uploads\/2025\/06\/Cristobal-Marte.jpg?resize=350%2C200&ssl=1","width":350,"height":200,"srcset":"https:\/\/i0.wp.com\/lasprimeras.com.do\/wp-content\/uploads\/2025\/06\/Cristobal-Marte.jpg?resize=350%2C200&ssl=1 1x, https:\/\/i0.wp.com\/lasprimeras.com.do\/wp-content\/uploads\/2025\/06\/Cristobal-Marte.jpg?resize=525%2C300&ssl=1 1.5x, https:\/\/i0.wp.com\/lasprimeras.com.do\/wp-content\/uploads\/2025\/06\/Cristobal-Marte.jpg?resize=700%2C400&ssl=1 2x"},"classes":[]},{"id":111853,"url":"https:\/\/lasprimeras.com.do\/index.php\/2025\/10\/13\/abinader-dice-rd-hara-historia-con-los-xxv-juegos-centroamericanos-y-del-caribe-2026\/","url_meta":{"origin":62127,"position":2},"title":"Abinader dice RD har\u00e1 historia con los XXV Juegos Centroamericanos y del Caribe 2026","author":"Nelson Feliz","date":"13 de octubre de 2025","format":false,"excerpt":"Ministro de Deportes, Kelvin Cruz, dice Gobierno invierte m\u00e1s de RD$5 mil millones en infraestructuras deportivas a nivel nacional El presidente Luis Abinader asegur\u00f3 este lunes que la Rep\u00fablica Dominicana har\u00e1 historia con la celebraci\u00f3n de los Juegos Centroamericanos y del Caribe 2026, el evento deportivo m\u00e1s importante de la\u2026","rel":"","context":"En \u00abDEPORTES\u00bb","block_context":{"text":"DEPORTES","link":"https:\/\/lasprimeras.com.do\/index.php\/category\/deportes\/"},"img":{"alt_text":"","src":"https:\/\/i0.wp.com\/lasprimeras.com.do\/wp-content\/uploads\/2025\/10\/Luis-Abinader-1-1.jpg?resize=350%2C200&ssl=1","width":350,"height":200,"srcset":"https:\/\/i0.wp.com\/lasprimeras.com.do\/wp-content\/uploads\/2025\/10\/Luis-Abinader-1-1.jpg?resize=350%2C200&ssl=1 1x, https:\/\/i0.wp.com\/lasprimeras.com.do\/wp-content\/uploads\/2025\/10\/Luis-Abinader-1-1.jpg?resize=525%2C300&ssl=1 1.5x, https:\/\/i0.wp.com\/lasprimeras.com.do\/wp-content\/uploads\/2025\/10\/Luis-Abinader-1-1.jpg?resize=700%2C400&ssl=1 2x"},"classes":[]},{"id":119055,"url":"https:\/\/lasprimeras.com.do\/index.php\/2026\/01\/06\/reinas-del-caribe-va-por-septima-corona-al-hilo-en-juegos-centroamericanos-santo-domingo-2026\/","url_meta":{"origin":62127,"position":3},"title":"Reinas del Caribe va por s\u00e9ptima corona al hilo en Juegos Centroamericanos Santo Domingo 2026","author":"Nelson Feliz","date":"6 de enero de 2026","format":false,"excerpt":"La Selecci\u00f3n Nacional de Voleibol Femenino (Las Reinas del Caribe) buscar\u00e1 su s\u00e9ptima corona consecutiva en el evento de voleibol que se iniciar\u00e1 el primero de agosto dentro de los venideros XXV Juegos Centroamericanos y del Caribe, que se inaugurar\u00e1n oficialmente el 24 de julio en el Estadio Ol\u00edmpico Juan\u2026","rel":"","context":"En \u00abDEPORTES\u00bb","block_context":{"text":"DEPORTES","link":"https:\/\/lasprimeras.com.do\/index.php\/category\/deportes\/"},"img":{"alt_text":"Reinas del Caribe","src":"https:\/\/i0.wp.com\/lasprimeras.com.do\/wp-content\/uploads\/2026\/01\/Reinas-del-Caribe.jpeg?resize=350%2C200&ssl=1","width":350,"height":200,"srcset":"https:\/\/i0.wp.com\/lasprimeras.com.do\/wp-content\/uploads\/2026\/01\/Reinas-del-Caribe.jpeg?resize=350%2C200&ssl=1 1x, https:\/\/i0.wp.com\/lasprimeras.com.do\/wp-content\/uploads\/2026\/01\/Reinas-del-Caribe.jpeg?resize=525%2C300&ssl=1 1.5x, https:\/\/i0.wp.com\/lasprimeras.com.do\/wp-content\/uploads\/2026\/01\/Reinas-del-Caribe.jpeg?resize=700%2C400&ssl=1 2x"},"classes":[]},{"id":105620,"url":"https:\/\/lasprimeras.com.do\/index.php\/2025\/08\/05\/abinader-recibe-a-estudiantes-meritorios-hijos-de-padres-dominicanos-en-nueva-york\/","url_meta":{"origin":62127,"position":4},"title":"Abinader recibe a estudiantes meritorios hijos de padres dominicanos en Nueva York","author":"Nelson Feliz","date":"5 de agosto de 2025","format":false,"excerpt":"\u201cEste ser\u00e1 siempre su pa\u00eds y tendremos las puertas abiertas para cada uno de ustedes\u201d El presidente Luis Abinader recibi\u00f3 a 30 estudiantes meritorios, hijos de padres dominicanos que residen en Nueva York, Estados Unidos. Esto con el objetivo de fortalecer las ra\u00edces dominicanas en cada uno de esos j\u00f3venes,\u2026","rel":"","context":"En \u00abNACIONALES\u00bb","block_context":{"text":"NACIONALES","link":"https:\/\/lasprimeras.com.do\/index.php\/category\/nacionales\/"},"img":{"alt_text":"Luis Abinader","src":"https:\/\/i0.wp.com\/lasprimeras.com.do\/wp-content\/uploads\/2025\/08\/Luis-Abinader.jpg?resize=350%2C200&ssl=1","width":350,"height":200,"srcset":"https:\/\/i0.wp.com\/lasprimeras.com.do\/wp-content\/uploads\/2025\/08\/Luis-Abinader.jpg?resize=350%2C200&ssl=1 1x, https:\/\/i0.wp.com\/lasprimeras.com.do\/wp-content\/uploads\/2025\/08\/Luis-Abinader.jpg?resize=525%2C300&ssl=1 1.5x, https:\/\/i0.wp.com\/lasprimeras.com.do\/wp-content\/uploads\/2025\/08\/Luis-Abinader.jpg?resize=700%2C400&ssl=1 2x"},"classes":[]},{"id":57787,"url":"https:\/\/lasprimeras.com.do\/index.php\/2023\/08\/15\/reconocen-trayectoria-de-integrante-las-reinas-y-princesas-del-caribe\/","url_meta":{"origin":62127,"position":5},"title":"Reconocen trayectoria de integrante \u201cLas Reinas y Princesas del Caribe\u201d","author":"Nelson Feliz","date":"15 de agosto de 2023","format":false,"excerpt":"La oficina legislativa del diputado y precandidato a la Alcald\u00eda de la Fuerza del Pueblo por el municipio Santo Domingo Oeste (SDO), Aquilino Serrata (Son), reconoci\u00f3 la trayectoria de las jugadoras de la Selecci\u00f3n Nacional de Voleibol Femenino, Madeline Guill\u00e9n Paredes y Vallerin Mart\u00ednez, integrantes de Las Reinas y Princesas\u2026","rel":"","context":"En \u00abSin categor\u00eda\u00bb","block_context":{"text":"Sin categor\u00eda","link":"https:\/\/lasprimeras.com.do\/index.php\/category\/sin-categoria\/"},"img":{"alt_text":"RECONOCIMIENTO","src":"https:\/\/i0.wp.com\/lasprimeras.com.do\/wp-content\/uploads\/2023\/08\/1RECONOCIMIENTO.jpg?resize=350%2C200&ssl=1","width":350,"height":200,"srcset":"https:\/\/i0.wp.com\/lasprimeras.com.do\/wp-content\/uploads\/2023\/08\/1RECONOCIMIENTO.jpg?resize=350%2C200&ssl=1 1x, https:\/\/i0.wp.com\/lasprimeras.com.do\/wp-content\/uploads\/2023\/08\/1RECONOCIMIENTO.jpg?resize=525%2C300&ssl=1 1.5x, https:\/\/i0.wp.com\/lasprimeras.com.do\/wp-content\/uploads\/2023\/08\/1RECONOCIMIENTO.jpg?resize=700%2C400&ssl=1 2x"},"classes":[]}],"jetpack_sharing_enabled":true,"_links":{"self":[{"href":"https:\/\/lasprimeras.com.do\/index.php\/wp-json\/wp\/v2\/posts\/62127","targetHints":{"allow":["GET"]}}],"collection":[{"href":"https:\/\/lasprimeras.com.do\/index.php\/wp-json\/wp\/v2\/posts"}],"about":[{"href":"https:\/\/lasprimeras.com.do\/index.php\/wp-json\/wp\/v2\/types\/post"}],"author":[{"embeddable":true,"href":"https:\/\/lasprimeras.com.do\/index.php\/wp-json\/wp\/v2\/users\/3"}],"replies":[{"embeddable":true,"href":"https:\/\/lasprimeras.com.do\/index.php\/wp-json\/wp\/v2\/comments?post=62127"}],"version-history":[{"count":1,"href":"https:\/\/lasprimeras.com.do\/index.php\/wp-json\/wp\/v2\/posts\/62127\/revisions"}],"predecessor-version":[{"id":62132,"href":"https:\/\/lasprimeras.com.do\/index.php\/wp-json\/wp\/v2\/posts\/62127\/revisions\/62132"}],"wp:featuredmedia":[{"embeddable":true,"href":"https:\/\/lasprimeras.com.do\/index.php\/wp-json\/wp\/v2\/media\/62130"}],"wp:attachment":[{"href":"https:\/\/lasprimeras.com.do\/index.php\/wp-json\/wp\/v2\/media?parent=62127"}],"wp:term":[{"taxonomy":"category","embeddable":true,"href":"https:\/\/lasprimeras.com.do\/index.php\/wp-json\/wp\/v2\/categories?post=62127"},{"taxonomy":"post_tag","embeddable":true,"href":"https:\/\/lasprimeras.com.do\/index.php\/wp-json\/wp\/v2\/tags?post=62127"}],"curies":[{"name":"wp","href":"https:\/\/api.w.org\/{rel}","templated":true}]}}