{"id":62141,"date":"2023-10-03T07:59:06","date_gmt":"2023-10-03T11:59:06","guid":{"rendered":"https:\/\/lasprimeras.com.do\/?p=62141"},"modified":"2023-10-03T07:59:08","modified_gmt":"2023-10-03T11:59:08","slug":"emergencia-metro-activo-auxiliar-nino","status":"publish","type":"post","link":"https:\/\/lasprimeras.com.do\/index.php\/2023\/10\/03\/emergencia-metro-activo-auxiliar-nino\/","title":{"rendered":"Emergencia Metro activ\u00f3 auxiliar ni\u00f1o"},"content":{"rendered":"\n<p>SANTO DOMINGO.\u2013 La Oficina para el Reordenamiento del Transporte (Opret) inform\u00f3 ayer a a los usuarios del Metro de Santo Domingo y medios de comunicaci\u00f3n que las puertas de un metro en la estaci\u00f3n Horacio V\u00e1squez se abrieron de emergencia, debido a la solicitud de un hombre cuyo hijo se hab\u00eda quedado fuera del tren, sin la supervisi\u00f3n de un adulto.<\/p>\n\n\n\n<p>A trav\u00e9s de un comunicado, la Opret inform\u00f3 que el usuario llam\u00f3 por el intercomunicador al conductor para notificar que su hijo no hab\u00eda logrado entrar, por lo que el conductor autoriz\u00f3 maniobras de emergencia que tuvieron como resultado la apertura de general de todas las puertas del tren.<\/p>\n\n\n\n<p>\u201cSiendo las 7:28 de la ma\u00f1ana de hoy, lunes 02 de octubre, un usuario llam\u00f3 por el intercomunicador al conductor para notificar que se le hab\u00eda quedado un ni\u00f1o en el and\u00e9n (fuera del tren) despu\u00e9s del cierre puertas en la estaci\u00f3n Horacio V\u00e1zquez\u201d, precis\u00f3 el documento dirigido a los medios de comunicaci\u00f3n.<\/p>\n\n\n\n<p>El conductor narr\u00f3 que el tren no aceptaba la apertura de puertas de un solo lado del and\u00e9n, por lo que decidi\u00f3 poner en marcha las maniobras y autoriz\u00f3 la apertura general para as\u00ed impedir que el infante se quedara solo sin el adulto que le acompa\u00f1aba.<\/p>\n\n\n\n<p>Es pertinente explicar que la apertura y cierre funciona con un sistema autom\u00e1tico y programado. Este tipo de maniobras solo est\u00e1n permitidas en situaciones de emergencia como en este caso.<br>La entidad inform\u00f3 que el ni\u00f1o pudo reincorporarse al tren junto a su acompa\u00f1ante y llegar a su lugar de destino.<\/p>\n","protected":false},"excerpt":{"rendered":"<p>SANTO DOMINGO.\u2013 La Oficina para el Reordenamiento del Transporte (Opret) inform\u00f3 ayer a a los usuarios del Metro de Santo Domingo y medios de comunicaci\u00f3n que las puertas de un&hellip;<\/p>\n","protected":false},"author":3,"featured_media":62142,"comment_status":"open","ping_status":"open","sticky":false,"template":"","format":"standard","meta":{"content-type":"","jetpack_post_was_ever_published":false,"_jetpack_newsletter_access":"","_jetpack_dont_email_post_to_subs":false,"_jetpack_newsletter_tier_id":0,"_jetpack_memberships_contains_paywalled_content":false,"_jetpack_memberships_contains_paid_content":false,"footnotes":""},"categories":[35],"tags":[],"class_list":["post-62141","post","type-post","status-publish","format-standard","has-post-thumbnail","hentry","category-nacionales"],"jetpack_featured_media_url":"https:\/\/lasprimeras.com.do\/wp-content\/uploads\/2023\/10\/WhatsApp-Image-2023-10-02-at-6.21.27-PM-1.webp","jetpack-related-posts":[{"id":60824,"url":"https:\/\/lasprimeras.com.do\/index.php\/2023\/09\/19\/opret-conductor-con-11-anos-en-la-institucion-violo-varios-protocolos-en-choque-del-metro\/","url_meta":{"origin":62141,"position":0},"title":"Opret: conductor con 11 a\u00f1os en la instituci\u00f3n viol\u00f3 varios protocolos en choque del Metro","author":"Nelson Feliz","date":"19 de septiembre de 2023","format":false,"excerpt":"La Oficina Para el Reordenamiento del Transporte (Opret) inform\u00f3 que a trav\u00e9s de un investigaci\u00f3n se determin\u00f3 que un conductor con 11 a\u00f1os de experiencia viol\u00f3 varios protocolos que, sumados a otros elementos, dieron como resultado el choque entre dos trenes el pasado s\u00e1bado. La investigaci\u00f3n hasta el momento denota\u2026","rel":"","context":"En \u00abNACIONALES\u00bb","block_context":{"text":"NACIONALES","link":"https:\/\/lasprimeras.com.do\/index.php\/category\/nacionales\/"},"img":{"alt_text":"opret","src":"https:\/\/i0.wp.com\/lasprimeras.com.do\/wp-content\/uploads\/2023\/09\/opret.jpg?resize=350%2C200&ssl=1","width":350,"height":200,"srcset":"https:\/\/i0.wp.com\/lasprimeras.com.do\/wp-content\/uploads\/2023\/09\/opret.jpg?resize=350%2C200&ssl=1 1x, https:\/\/i0.wp.com\/lasprimeras.com.do\/wp-content\/uploads\/2023\/09\/opret.jpg?resize=525%2C300&ssl=1 1.5x, https:\/\/i0.wp.com\/lasprimeras.com.do\/wp-content\/uploads\/2023\/09\/opret.jpg?resize=700%2C400&ssl=1 2x"},"classes":[]},{"id":62040,"url":"https:\/\/lasprimeras.com.do\/index.php\/2023\/10\/02\/conductor-del-metro-de-santo-domingo-abre-puertas-contrarias-a-la-ruta\/","url_meta":{"origin":62141,"position":1},"title":"Conductor del Metro de Santo Domingo abre puertas contrarias a la ruta","author":"BIMARY DE JES\u00daS Matos","date":"2 de octubre de 2023","format":false,"excerpt":"Santo Domingo.-Decenas de pasajeros del Metro de Santo Domingo se llevaron el susto de sus vidas este lunes cuando, a bordo del medio de transporte de la L\u00ednea II, el conductor abri\u00f3 \"por error\" las puertas contrarias a la ruta. Seg\u00fan testigos, el incidente ocurri\u00f3 aproximadamente a las 7:28 a.m.\u2026","rel":"","context":"En \u00abNACIONALES\u00bb","block_context":{"text":"NACIONALES","link":"https:\/\/lasprimeras.com.do\/index.php\/category\/nacionales\/"},"img":{"alt_text":"","src":"https:\/\/i0.wp.com\/lasprimeras.com.do\/wp-content\/uploads\/2023\/10\/WhatsApp-Image-2023-09-28-at-11.50.30-PM-1-1-2.jpeg?resize=350%2C200&ssl=1","width":350,"height":200,"srcset":"https:\/\/i0.wp.com\/lasprimeras.com.do\/wp-content\/uploads\/2023\/10\/WhatsApp-Image-2023-09-28-at-11.50.30-PM-1-1-2.jpeg?resize=350%2C200&ssl=1 1x, https:\/\/i0.wp.com\/lasprimeras.com.do\/wp-content\/uploads\/2023\/10\/WhatsApp-Image-2023-09-28-at-11.50.30-PM-1-1-2.jpeg?resize=525%2C300&ssl=1 1.5x, https:\/\/i0.wp.com\/lasprimeras.com.do\/wp-content\/uploads\/2023\/10\/WhatsApp-Image-2023-09-28-at-11.50.30-PM-1-1-2.jpeg?resize=700%2C400&ssl=1 2x"},"classes":[]},{"id":103550,"url":"https:\/\/lasprimeras.com.do\/index.php\/2025\/07\/16\/opret-recibe-dos-nuevos-trenes-acoplables-para-operar-en-el-metro-santo-domingo\/","url_meta":{"origin":62141,"position":2},"title":"OPRET recibe dos nuevos trenes acoplables para operar en el Metro Santo Domingo","author":"Nelson Feliz","date":"16 de julio de 2025","format":false,"excerpt":"La Oficina para el Reordenamiento del Transporte (OPRET) inform\u00f3 sobre la llegada de dos nuevos trenes, dise\u00f1ados para operar de manera acoplada lo que permitir\u00e1 aumentar significativamente la capacidad de transporte del Metro de Santo Domingo a principios de agosto. El director ejecutivo de la OPRET, ingeniero Rafael Santos detall\u00f3\u2026","rel":"","context":"En \u00abNACIONALES\u00bb","block_context":{"text":"NACIONALES","link":"https:\/\/lasprimeras.com.do\/index.php\/category\/nacionales\/"},"img":{"alt_text":"","src":"https:\/\/i0.wp.com\/lasprimeras.com.do\/wp-content\/uploads\/2025\/07\/trenes-de-seis-vagones-1.jpg?resize=350%2C200&ssl=1","width":350,"height":200,"srcset":"https:\/\/i0.wp.com\/lasprimeras.com.do\/wp-content\/uploads\/2025\/07\/trenes-de-seis-vagones-1.jpg?resize=350%2C200&ssl=1 1x, https:\/\/i0.wp.com\/lasprimeras.com.do\/wp-content\/uploads\/2025\/07\/trenes-de-seis-vagones-1.jpg?resize=525%2C300&ssl=1 1.5x, https:\/\/i0.wp.com\/lasprimeras.com.do\/wp-content\/uploads\/2025\/07\/trenes-de-seis-vagones-1.jpg?resize=700%2C400&ssl=1 2x"},"classes":[]},{"id":60754,"url":"https:\/\/lasprimeras.com.do\/index.php\/2023\/09\/18\/conductores-cancelados-se-desvinculan-del-choque-de-trenes-del-metro\/","url_meta":{"origin":62141,"position":3},"title":"Conductores cancelados se desvinculan del choque de trenes del Metro","author":"Nelson Feliz","date":"18 de septiembre de 2023","format":false,"excerpt":"Luis Miguel Pe\u00f1a, vocero del grupo, lament\u00f3 el incidente y aclar\u00f3 que hechos como ese se hab\u00edan advertido. Conductores del Metro de Santo Domingo que fueron cancelados hace varios meses por la administraci\u00f3n rechazaron tener responsabilidad en el incidente, ocurrido el pasado s\u00e1bado, cuando dos trenes de la l\u00ednea 1\u2026","rel":"","context":"En \u00abNACIONALES\u00bb","block_context":{"text":"NACIONALES","link":"https:\/\/lasprimeras.com.do\/index.php\/category\/nacionales\/"},"img":{"alt_text":"","src":"https:\/\/i0.wp.com\/lasprimeras.com.do\/wp-content\/uploads\/2023\/09\/Luis-Miguel-Pena.jpg?resize=350%2C200&ssl=1","width":350,"height":200,"srcset":"https:\/\/i0.wp.com\/lasprimeras.com.do\/wp-content\/uploads\/2023\/09\/Luis-Miguel-Pena.jpg?resize=350%2C200&ssl=1 1x, https:\/\/i0.wp.com\/lasprimeras.com.do\/wp-content\/uploads\/2023\/09\/Luis-Miguel-Pena.jpg?resize=525%2C300&ssl=1 1.5x, https:\/\/i0.wp.com\/lasprimeras.com.do\/wp-content\/uploads\/2023\/09\/Luis-Miguel-Pena.jpg?resize=700%2C400&ssl=1 2x"},"classes":[]},{"id":103123,"url":"https:\/\/lasprimeras.com.do\/index.php\/2025\/07\/11\/opret-incluye-nuevos-trenes-de-seis-vagones-en-las-lineas-1-y-2-del-metro-de-santo-domingo\/","url_meta":{"origin":62141,"position":4},"title":"OPRET incluye nuevos trenes de seis vagones en las l\u00edneas 1 y 2 del Metro de Santo Domingo","author":"Nelson Feliz","date":"11 de julio de 2025","format":false,"excerpt":"Los nuevos vagones entrar\u00e1n en operaci\u00f3n a partir del pr\u00f3ximo mes de agosto. La Oficina para el Reordenamiento del Transporte (OPRET) anunci\u00f3 que a partir de agosto entrar\u00e1n en operaci\u00f3n los nuevos trenes de seis vagones en las l\u00edneas 1 y 2 del Metro de Santo Domingo. El director de\u2026","rel":"","context":"En \u00abNACIONALES\u00bb","block_context":{"text":"NACIONALES","link":"https:\/\/lasprimeras.com.do\/index.php\/category\/nacionales\/"},"img":{"alt_text":"Metro de Santo Domingo","src":"https:\/\/i0.wp.com\/lasprimeras.com.do\/wp-content\/uploads\/2025\/07\/vagones-1.jpg?resize=350%2C200&ssl=1","width":350,"height":200,"srcset":"https:\/\/i0.wp.com\/lasprimeras.com.do\/wp-content\/uploads\/2025\/07\/vagones-1.jpg?resize=350%2C200&ssl=1 1x, https:\/\/i0.wp.com\/lasprimeras.com.do\/wp-content\/uploads\/2025\/07\/vagones-1.jpg?resize=525%2C300&ssl=1 1.5x, https:\/\/i0.wp.com\/lasprimeras.com.do\/wp-content\/uploads\/2025\/07\/vagones-1.jpg?resize=700%2C400&ssl=1 2x"},"classes":[]},{"id":53690,"url":"https:\/\/lasprimeras.com.do\/index.php\/2023\/06\/30\/el-metro-de-santo-domingo-rompe-record-de-usuarios-en-los-ultimos-12-meses\/","url_meta":{"origin":62141,"position":5},"title":"El Metro de Santo Domingo rompe r\u00e9cord de usuarios en los \u00faltimos 12 meses","author":"Nelson Feliz","date":"30 de junio de 2023","format":false,"excerpt":"La Opret inform\u00f3 que el servicio que ofrece el Sistema Integrado Metro-Telef\u00e9rico de Santo Domingo ha aumentado en un 10.72%, desde mayo del 2022 hasta mayo del 2023, respecto al mismo intervalo 2018-2019 (per\u00edodo pre-pandemia). La Oficina Para el Reordenamiento del Transporte (Opret) inform\u00f3 hoy que el Sistema de Transporte\u2026","rel":"","context":"En \u00abNACIONALES\u00bb","block_context":{"text":"NACIONALES","link":"https:\/\/lasprimeras.com.do\/index.php\/category\/nacionales\/"},"img":{"alt_text":"Metro de Santo Domingo","src":"https:\/\/i0.wp.com\/lasprimeras.com.do\/wp-content\/uploads\/2023\/06\/Metro-de-Santo-Domingo.jpg?resize=350%2C200&ssl=1","width":350,"height":200,"srcset":"https:\/\/i0.wp.com\/lasprimeras.com.do\/wp-content\/uploads\/2023\/06\/Metro-de-Santo-Domingo.jpg?resize=350%2C200&ssl=1 1x, https:\/\/i0.wp.com\/lasprimeras.com.do\/wp-content\/uploads\/2023\/06\/Metro-de-Santo-Domingo.jpg?resize=525%2C300&ssl=1 1.5x, https:\/\/i0.wp.com\/lasprimeras.com.do\/wp-content\/uploads\/2023\/06\/Metro-de-Santo-Domingo.jpg?resize=700%2C400&ssl=1 2x"},"classes":[]}],"jetpack_sharing_enabled":true,"_links":{"self":[{"href":"https:\/\/lasprimeras.com.do\/index.php\/wp-json\/wp\/v2\/posts\/62141","targetHints":{"allow":["GET"]}}],"collection":[{"href":"https:\/\/lasprimeras.com.do\/index.php\/wp-json\/wp\/v2\/posts"}],"about":[{"href":"https:\/\/lasprimeras.com.do\/index.php\/wp-json\/wp\/v2\/types\/post"}],"author":[{"embeddable":true,"href":"https:\/\/lasprimeras.com.do\/index.php\/wp-json\/wp\/v2\/users\/3"}],"replies":[{"embeddable":true,"href":"https:\/\/lasprimeras.com.do\/index.php\/wp-json\/wp\/v2\/comments?post=62141"}],"version-history":[{"count":1,"href":"https:\/\/lasprimeras.com.do\/index.php\/wp-json\/wp\/v2\/posts\/62141\/revisions"}],"predecessor-version":[{"id":62143,"href":"https:\/\/lasprimeras.com.do\/index.php\/wp-json\/wp\/v2\/posts\/62141\/revisions\/62143"}],"wp:featuredmedia":[{"embeddable":true,"href":"https:\/\/lasprimeras.com.do\/index.php\/wp-json\/wp\/v2\/media\/62142"}],"wp:attachment":[{"href":"https:\/\/lasprimeras.com.do\/index.php\/wp-json\/wp\/v2\/media?parent=62141"}],"wp:term":[{"taxonomy":"category","embeddable":true,"href":"https:\/\/lasprimeras.com.do\/index.php\/wp-json\/wp\/v2\/categories?post=62141"},{"taxonomy":"post_tag","embeddable":true,"href":"https:\/\/lasprimeras.com.do\/index.php\/wp-json\/wp\/v2\/tags?post=62141"}],"curies":[{"name":"wp","href":"https:\/\/api.w.org\/{rel}","templated":true}]}}