{"id":62144,"date":"2023-10-03T09:44:00","date_gmt":"2023-10-03T13:44:00","guid":{"rendered":"https:\/\/lasprimeras.com.do\/?p=62144"},"modified":"2023-10-03T09:44:02","modified_gmt":"2023-10-03T13:44:02","slug":"kenia-pide-mas-recursos-para-haiti","status":"publish","type":"post","link":"https:\/\/lasprimeras.com.do\/index.php\/2023\/10\/03\/kenia-pide-mas-recursos-para-haiti\/","title":{"rendered":"Kenia pide m\u00e1s recursos para Hait\u00ed"},"content":{"rendered":"\n<p>EFE.-El presidente de Kenia, William Ruto, cuyo pa\u00eds liderar\u00e1 la misi\u00f3n multinacional aprobada este lunes por el Consejo de Seguridad de las Naciones Unidas para apoyar a la Polic\u00eda de Hait\u00ed, pidi\u00f3 hoy que se \u00abrefuercen\u00bb los recursos humanitarios destinados al pa\u00eds caribe\u00f1o.<\/p>\n\n\n\n<p>\u00abLa misi\u00f3n es una intervenci\u00f3n fundacional para proporcionar las condiciones necesarias para que Hait\u00ed consolide su desarrollo y su gobernanza. Por eso, es absolutamente esencial que se refuercen adecuadamente los recursos y el alcance operacional de los equipos de la ONU, as\u00ed como de otros actores humanitarios y de desarrollo\u00bb, afirm\u00f3 este martes el mandatario en un comunicado.<\/p>\n\n\n\n<p>Ruto hizo esta declaraci\u00f3n despu\u00e9s de que el Consejo de Seguridad aprobara este lunes el despliegue por un a\u00f1o (prorrogable) de la fuerza multinacional, con trece votos a favor, dos abstenciones (Rusia y China) y ning\u00fan voto en contra.<\/p>\n\n\n\n<p>\u00abLa situaci\u00f3n en Hait\u00ed exige (\u2026) que las acciones se incrementen significativamente para satisfacer las demandas de socorro de emergencia, ayuda humanitaria, apoyo a los medios de vida e intervenciones importantes en salud p\u00fablica y protecci\u00f3n ambiental\u00bb, destac\u00f3 el presidente keniano.<\/p>\n\n\n\n<p>En este sentido, el dirigente alert\u00f3 sobre la \u00abgrave degradaci\u00f3n ambiental\u00bb en el pa\u00eds, que \u00abha sufrido devastadores desastres geol\u00f3gicos y clim\u00e1ticos extremos que han dejado al Estado y su econom\u00eda al l\u00edmite\u00bb.<\/p>\n\n\n\n<p>Ruto subray\u00f3 tambi\u00e9n que el nuevo dispositivo debe dejar una \u00abhuella diferente en la historia de las intervenciones internacionales en Hait\u00ed\u00bb, despu\u00e9s de la tr\u00e1gica experiencia que supuso la \u00faltima misi\u00f3n de cascos azules en el pa\u00eds.<\/p>\n\n\n\n<p>Tras trece a\u00f1os y medio, la conocida como Minustah se retir\u00f3 de Hait\u00ed en 2017, despu\u00e9s de un gran esc\u00e1ndalo al demostrarse que sus miembros fueron responsables de un vertido de aguas que ocasion\u00f3 un brote de c\u00f3lera que mat\u00f3 a m\u00e1s de 7.000 personas, adem\u00e1s de acusaciones de abusos sexuales.<\/p>\n\n\n\n<p>La ONU ha reiterado que la misi\u00f3n reci\u00e9n aprobada no se asemejar\u00e1 a una fuerza de paz o de interposici\u00f3n al uso, como suele ser habitual, sino que ser\u00e1 una mera fuerza de apoyo policial a las \u00f3rdenes de la Polic\u00eda haitiana.<\/p>\n\n\n\n<p>El presidente keniano enmarc\u00f3 la participaci\u00f3n de su pa\u00eds en la misi\u00f3n en la \u00absolidaridad con la di\u00e1spora africana\u00bb, al remarcar que el pueblo de Hait\u00ed \u00abha soportado la peor parte del saqueo y la represi\u00f3n coloniales, as\u00ed como las represalias y la explotaci\u00f3n poscolonial\u00bb.<\/p>\n\n\n\n<p>Adem\u00e1s, mostr\u00f3 su apoyo a las peticiones de \u00abmedidas de reparaci\u00f3n\u00bb de los pa\u00edses caribe\u00f1os, incluida la cancelaci\u00f3n de la deuda.<\/p>\n\n\n\n<p>Hait\u00ed est\u00e1 inmerso en una profunda crisis marcada por la violencia extrema, con grupos armados que controlan la capital, Puerto Pr\u00edncipe, y otras partes de su territorio y son responsables de centenares de asesinatos, violaciones, secuestros y otros cr\u00edmenes.<\/p>\n\n\n\n<p>La resoluci\u00f3n llega un a\u00f1o despu\u00e9s de que fuera solicitada por el propio Gobierno haitiano y respaldada de inmediato por el secretario general de la ONU, Ant\u00f3nio Guterres.<\/p>\n","protected":false},"excerpt":{"rendered":"<p>EFE.-El presidente de Kenia, William Ruto, cuyo pa\u00eds liderar\u00e1 la misi\u00f3n multinacional aprobada este lunes por el Consejo de Seguridad de las Naciones Unidas para apoyar a la Polic\u00eda de&hellip;<\/p>\n","protected":false},"author":3,"featured_media":62145,"comment_status":"open","ping_status":"open","sticky":false,"template":"","format":"standard","meta":{"content-type":"","jetpack_post_was_ever_published":false,"_jetpack_newsletter_access":"","_jetpack_dont_email_post_to_subs":false,"_jetpack_newsletter_tier_id":0,"_jetpack_memberships_contains_paywalled_content":false,"_jetpack_memberships_contains_paid_content":false,"footnotes":""},"categories":[25],"tags":[],"class_list":["post-62144","post","type-post","status-publish","format-standard","has-post-thumbnail","hentry","category-portada"],"jetpack_featured_media_url":"https:\/\/lasprimeras.com.do\/wp-content\/uploads\/2023\/10\/WhatsApp-Image-2023-09-28-at-11.50.30-PM-1-1-1.webp","jetpack-related-posts":[{"id":62160,"url":"https:\/\/lasprimeras.com.do\/index.php\/2023\/10\/03\/la-mision-multinacional-en-haiti-debe-incluir-medidas-para-proteger-derechos-humanos\/","url_meta":{"origin":62144,"position":0},"title":"La misi\u00f3n multinacional en Hait\u00ed debe incluir medidas para proteger derechos humanos","author":"Nelson Feliz","date":"3 de octubre de 2023","format":false,"excerpt":"El presidente de Kenia, William Ruto, subray\u00f3 hoy que el nuevo dispositivo debe dejar una huella diferente en la historia de las intervenciones internacionales en Hait\u00ed. Amnist\u00eda Internacional (AI) pidi\u00f3 este martes al Consejo de Seguridad de las Naciones Unidas que el despliegue de la misi\u00f3n multinacional liderada por Kenia\u2026","rel":"","context":"En \u00abSin categor\u00eda\u00bb","block_context":{"text":"Sin categor\u00eda","link":"https:\/\/lasprimeras.com.do\/index.php\/category\/sin-categoria\/"},"img":{"alt_text":"Miembros armados de la pandilla","src":"https:\/\/i0.wp.com\/lasprimeras.com.do\/wp-content\/uploads\/2023\/10\/Miembros-armados-de-la-pandilla.jpeg?resize=350%2C200&ssl=1","width":350,"height":200,"srcset":"https:\/\/i0.wp.com\/lasprimeras.com.do\/wp-content\/uploads\/2023\/10\/Miembros-armados-de-la-pandilla.jpeg?resize=350%2C200&ssl=1 1x, https:\/\/i0.wp.com\/lasprimeras.com.do\/wp-content\/uploads\/2023\/10\/Miembros-armados-de-la-pandilla.jpeg?resize=525%2C300&ssl=1 1.5x, https:\/\/i0.wp.com\/lasprimeras.com.do\/wp-content\/uploads\/2023\/10\/Miembros-armados-de-la-pandilla.jpeg?resize=700%2C400&ssl=1 2x"},"classes":[]},{"id":83794,"url":"https:\/\/lasprimeras.com.do\/index.php\/2024\/05\/25\/avanzada-de-la-policia-de-kenia-abandona-haiti-mientras-se-retrasa-la-mision-internacional\/","url_meta":{"origin":62144,"position":1},"title":"Avanzada de la polic\u00eda de Kenia abandona Hait\u00ed mientras se retrasa la misi\u00f3n internacional","author":"Nelson Feliz","date":"25 de mayo de 2024","format":false,"excerpt":"POR EVELYNE MUSAMBI NAIROBI, Kenia (AP) \u2014 Un equipo de avanzada de funcionarios de polic\u00eda de Kenia que evaluaban la preparaci\u00f3n antes de que se despliegue una fuerza multinacional para sofocar la violencia en Hait\u00ed regresa a casa despu\u00e9s de que el despliegue planeado se retras\u00f3 por cuestiones log\u00edsticas. El\u2026","rel":"","context":"En \u00abSin categor\u00eda\u00bb","block_context":{"text":"Sin categor\u00eda","link":"https:\/\/lasprimeras.com.do\/index.php\/category\/sin-categoria\/"},"img":{"alt_text":"","src":"https:\/\/i0.wp.com\/lasprimeras.com.do\/wp-content\/uploads\/2024\/05\/MISION.jpg?resize=350%2C200&ssl=1","width":350,"height":200,"srcset":"https:\/\/i0.wp.com\/lasprimeras.com.do\/wp-content\/uploads\/2024\/05\/MISION.jpg?resize=350%2C200&ssl=1 1x, https:\/\/i0.wp.com\/lasprimeras.com.do\/wp-content\/uploads\/2024\/05\/MISION.jpg?resize=525%2C300&ssl=1 1.5x, https:\/\/i0.wp.com\/lasprimeras.com.do\/wp-content\/uploads\/2024\/05\/MISION.jpg?resize=700%2C400&ssl=1 2x"},"classes":[]},{"id":63616,"url":"https:\/\/lasprimeras.com.do\/index.php\/2023\/10\/13\/kenia-aprueba-el-despliegue-de-policias-en-haiti-pese-a-una-orden-judicial-de-bloqueo\/","url_meta":{"origin":62144,"position":2},"title":"Kenia aprueba el despliegue de polic\u00edas en Hait\u00ed pese a una orden judicial de bloqueo","author":"BIMARY DE JES\u00daS Matos","date":"13 de octubre de 2023","format":false,"excerpt":"Nairobi.\u2013 El Gobierno de Kenia dio luz verde este viernes el despliegue de un contingente de polic\u00edas kenianos en Hait\u00ed para liderar una misi\u00f3n multinacional aprobada por la ONU, pese al bloqueo temporal ordenado esta semana por un tribunal del pa\u00eds africano. \u00abComo parte de la misi\u00f3n Multinacional de Apoyo\u2026","rel":"","context":"En \u00abSin categor\u00eda\u00bb","block_context":{"text":"Sin categor\u00eda","link":"https:\/\/lasprimeras.com.do\/index.php\/category\/sin-categoria\/"},"img":{"alt_text":"","src":"https:\/\/i0.wp.com\/lasprimeras.com.do\/wp-content\/uploads\/2023\/10\/WhatsApp-Image-2023-10-13-at-1.21.18-PM-3.jpeg?resize=350%2C200&ssl=1","width":350,"height":200,"srcset":"https:\/\/i0.wp.com\/lasprimeras.com.do\/wp-content\/uploads\/2023\/10\/WhatsApp-Image-2023-10-13-at-1.21.18-PM-3.jpeg?resize=350%2C200&ssl=1 1x, https:\/\/i0.wp.com\/lasprimeras.com.do\/wp-content\/uploads\/2023\/10\/WhatsApp-Image-2023-10-13-at-1.21.18-PM-3.jpeg?resize=525%2C300&ssl=1 1.5x, https:\/\/i0.wp.com\/lasprimeras.com.do\/wp-content\/uploads\/2023\/10\/WhatsApp-Image-2023-10-13-at-1.21.18-PM-3.jpeg?resize=700%2C400&ssl=1 2x"},"classes":[]},{"id":62993,"url":"https:\/\/lasprimeras.com.do\/index.php\/2023\/10\/09\/corte-en-kenia-prohibe-temporalmente-envio-de-policias-a-haiti\/","url_meta":{"origin":62144,"position":3},"title":"Corte en Kenia proh\u00edbe temporalmente env\u00edo de polic\u00edas a Hait\u00ed","author":"BIMARY DE JES\u00daS Matos","date":"9 de octubre de 2023","format":false,"excerpt":"Kenia.-El tribunal superior de Kenia prohibi\u00f3 temporalmente el lunes el despliegue de las fuerzas de seguridad del pa\u00eds en otros pa\u00edses durante dos semanas, hasta que se investigue un caso presentado por un pol\u00edtico local que desaf\u00eda tal acci\u00f3n por considerarla inconstitucional. Esto se produjo despu\u00e9s de que Kenia aceptara\u2026","rel":"","context":"En \u00abSin categor\u00eda\u00bb","block_context":{"text":"Sin categor\u00eda","link":"https:\/\/lasprimeras.com.do\/index.php\/category\/sin-categoria\/"},"img":{"alt_text":"","src":"https:\/\/i0.wp.com\/lasprimeras.com.do\/wp-content\/uploads\/2023\/10\/WhatsApp-Image-2023-10-09-at-11.49.51-AM-3.jpeg?resize=350%2C200&ssl=1","width":350,"height":200,"srcset":"https:\/\/i0.wp.com\/lasprimeras.com.do\/wp-content\/uploads\/2023\/10\/WhatsApp-Image-2023-10-09-at-11.49.51-AM-3.jpeg?resize=350%2C200&ssl=1 1x, https:\/\/i0.wp.com\/lasprimeras.com.do\/wp-content\/uploads\/2023\/10\/WhatsApp-Image-2023-10-09-at-11.49.51-AM-3.jpeg?resize=525%2C300&ssl=1 1.5x, https:\/\/i0.wp.com\/lasprimeras.com.do\/wp-content\/uploads\/2023\/10\/WhatsApp-Image-2023-10-09-at-11.49.51-AM-3.jpeg?resize=700%2C400&ssl=1 2x"},"classes":[]},{"id":75520,"url":"https:\/\/lasprimeras.com.do\/index.php\/2024\/02\/02\/blinken-recibe-a-canciller-de-kenia-tras-reves-judicial-a-mision-para-haiti\/","url_meta":{"origin":62144,"position":4},"title":"Blinken recibe a canciller de Kenia tras rev\u00e9s judicial a misi\u00f3n para Hait\u00ed","author":"BIMARY DE JES\u00daS Matos","date":"2 de febrero de 2024","format":false,"excerpt":"WASHINGTON.- El secretario de Estado de Estados Unidos, Antony Blinken, recibi\u00f3 este jueves al ministro de Exteriores de Kenia, Musalia Mudavadi, d\u00edas despu\u00e9s del rev\u00e9s judicial a la misi\u00f3n internacional que el pa\u00eds africano pretende liderar para atajar la crisis de seguridad de Hait\u00ed. En los comentarios iniciales antes de\u2026","rel":"","context":"En \u00abSin categor\u00eda\u00bb","block_context":{"text":"Sin categor\u00eda","link":"https:\/\/lasprimeras.com.do\/index.php\/category\/sin-categoria\/"},"img":{"alt_text":"","src":"https:\/\/i0.wp.com\/lasprimeras.com.do\/wp-content\/uploads\/2024\/02\/CANDIDATO-A-REGIDOR-Justicia-Social-JOSUE-MENDEZ-APOYARA-A-DIO-ASTACIO-DEL-PRM-4.webp?resize=350%2C200&ssl=1","width":350,"height":200,"srcset":"https:\/\/i0.wp.com\/lasprimeras.com.do\/wp-content\/uploads\/2024\/02\/CANDIDATO-A-REGIDOR-Justicia-Social-JOSUE-MENDEZ-APOYARA-A-DIO-ASTACIO-DEL-PRM-4.webp?resize=350%2C200&ssl=1 1x, https:\/\/i0.wp.com\/lasprimeras.com.do\/wp-content\/uploads\/2024\/02\/CANDIDATO-A-REGIDOR-Justicia-Social-JOSUE-MENDEZ-APOYARA-A-DIO-ASTACIO-DEL-PRM-4.webp?resize=525%2C300&ssl=1 1.5x, https:\/\/i0.wp.com\/lasprimeras.com.do\/wp-content\/uploads\/2024\/02\/CANDIDATO-A-REGIDOR-Justicia-Social-JOSUE-MENDEZ-APOYARA-A-DIO-ASTACIO-DEL-PRM-4.webp?resize=700%2C400&ssl=1 2x, https:\/\/i0.wp.com\/lasprimeras.com.do\/wp-content\/uploads\/2024\/02\/CANDIDATO-A-REGIDOR-Justicia-Social-JOSUE-MENDEZ-APOYARA-A-DIO-ASTACIO-DEL-PRM-4.webp?resize=1050%2C600&ssl=1 3x"},"classes":[]},{"id":108593,"url":"https:\/\/lasprimeras.com.do\/index.php\/2025\/09\/08\/abinader-reacciona-a-salida-de-policias-de-kenia-de-haiti-seguiremos-pidiendo-ayuda\/","url_meta":{"origin":62144,"position":5},"title":"Abinader reacciona a salida de polic\u00edas de Kenia de Hait\u00ed: &#8220;Seguiremos pidiendo ayuda&#8221;","author":"Nelson Feliz","date":"8 de septiembre de 2025","format":false,"excerpt":"Dijo que en septiembre volver\u00e1 a la ONU y llamar\u00e1 la atenci\u00f3n sobre el abandono de la comunidad internacional a Hait\u00ed. La Rep\u00fablica Dominicana tendr\u00e1 que adaptarse a la situaci\u00f3n que se presente en Hait\u00ed tras la salida de la misi\u00f3n de seguridad que encabeza Kenia, pautada para fin de\u2026","rel":"","context":"En \u00abNACIONALES\u00bb","block_context":{"text":"NACIONALES","link":"https:\/\/lasprimeras.com.do\/index.php\/category\/nacionales\/"},"img":{"alt_text":"","src":"https:\/\/i0.wp.com\/lasprimeras.com.do\/wp-content\/uploads\/2025\/09\/Policias-de-Kenia-en-la-mision-de-estabilizacion-en-Haiti.jpg?resize=350%2C200&ssl=1","width":350,"height":200,"srcset":"https:\/\/i0.wp.com\/lasprimeras.com.do\/wp-content\/uploads\/2025\/09\/Policias-de-Kenia-en-la-mision-de-estabilizacion-en-Haiti.jpg?resize=350%2C200&ssl=1 1x, https:\/\/i0.wp.com\/lasprimeras.com.do\/wp-content\/uploads\/2025\/09\/Policias-de-Kenia-en-la-mision-de-estabilizacion-en-Haiti.jpg?resize=525%2C300&ssl=1 1.5x, https:\/\/i0.wp.com\/lasprimeras.com.do\/wp-content\/uploads\/2025\/09\/Policias-de-Kenia-en-la-mision-de-estabilizacion-en-Haiti.jpg?resize=700%2C400&ssl=1 2x"},"classes":[]}],"jetpack_sharing_enabled":true,"_links":{"self":[{"href":"https:\/\/lasprimeras.com.do\/index.php\/wp-json\/wp\/v2\/posts\/62144","targetHints":{"allow":["GET"]}}],"collection":[{"href":"https:\/\/lasprimeras.com.do\/index.php\/wp-json\/wp\/v2\/posts"}],"about":[{"href":"https:\/\/lasprimeras.com.do\/index.php\/wp-json\/wp\/v2\/types\/post"}],"author":[{"embeddable":true,"href":"https:\/\/lasprimeras.com.do\/index.php\/wp-json\/wp\/v2\/users\/3"}],"replies":[{"embeddable":true,"href":"https:\/\/lasprimeras.com.do\/index.php\/wp-json\/wp\/v2\/comments?post=62144"}],"version-history":[{"count":1,"href":"https:\/\/lasprimeras.com.do\/index.php\/wp-json\/wp\/v2\/posts\/62144\/revisions"}],"predecessor-version":[{"id":62146,"href":"https:\/\/lasprimeras.com.do\/index.php\/wp-json\/wp\/v2\/posts\/62144\/revisions\/62146"}],"wp:featuredmedia":[{"embeddable":true,"href":"https:\/\/lasprimeras.com.do\/index.php\/wp-json\/wp\/v2\/media\/62145"}],"wp:attachment":[{"href":"https:\/\/lasprimeras.com.do\/index.php\/wp-json\/wp\/v2\/media?parent=62144"}],"wp:term":[{"taxonomy":"category","embeddable":true,"href":"https:\/\/lasprimeras.com.do\/index.php\/wp-json\/wp\/v2\/categories?post=62144"},{"taxonomy":"post_tag","embeddable":true,"href":"https:\/\/lasprimeras.com.do\/index.php\/wp-json\/wp\/v2\/tags?post=62144"}],"curies":[{"name":"wp","href":"https:\/\/api.w.org\/{rel}","templated":true}]}}