{"id":62147,"date":"2023-10-03T09:47:24","date_gmt":"2023-10-03T13:47:24","guid":{"rendered":"https:\/\/lasprimeras.com.do\/?p=62147"},"modified":"2023-10-03T09:47:26","modified_gmt":"2023-10-03T13:47:26","slug":"prm-se-consolida-tras-primarias-como-partido-de-masas","status":"publish","type":"post","link":"https:\/\/lasprimeras.com.do\/index.php\/2023\/10\/03\/prm-se-consolida-tras-primarias-como-partido-de-masas\/","title":{"rendered":"PRM se consolida, tras primarias, como partido de masas"},"content":{"rendered":"\n<p>SANTO DOMINGO.-Las primarias del Partido Revolucionario Moderno (PRM) evidenciaron que la organizaci\u00f3n cuenta con una base social estructurada capaz de incidir por s\u00ed solos en los resultados de un proceso electoral.<br>De los 3,092,289 de ciudadanos inscritos en su padr\u00f3n, el PRM logr\u00f3 movilizar a 1026,047 personas.<\/p>\n\n\n\n<p>La cantidad triplica los 382,385 votantes de sus primarias realizadas en 2019, cuando la militancia era de 1,296,483, dejando sus porcentajes de participaci\u00f3n en condiciones similares 33.25 % en 2023 y 29.49 % en 2019.<\/p>\n\n\n\n<p>Es decir, el PRM ha crecido por tres en relaci\u00f3n con el pasado proceso electoral lo cual ya no solo se comprueba por la cantidad de inscritos en su padr\u00f3n sino por los movilizados en sus primarias.<\/p>\n\n\n\n<p>Aunque son los resultados electorales los que otorgan la condici\u00f3n de mayoritario o minoritario, el poder de convocatoria entre sus matriculados cuando se realiza un proceso interno, sirve de medidor previo a su participaci\u00f3n en unas elecciones generales.<\/p>\n\n\n\n<p>Esto siempre y cuando no existan condiciones anormales como las ocurridas entre el 2019 y el 2020, que incluyeron la divisi\u00f3n del partido de Gobierno y la cancelaci\u00f3n de las elecciones municipales cuya culpabilidad recay\u00f3 entre oficialistas desde la \u00f3ptica ciudadana.<\/p>\n\n\n\n<p>El pasado proceso interno del PRM, los deja junto al Partido de la Liberaci\u00f3n Dominicana (PLD) como los grandes partidos del sistema.<\/p>\n\n\n\n<p>En octubre del pasado a\u00f1o, el PLD realiz\u00f3 un proceso similar para escoger a su candidato presidencial.<br>La denominada consulta popular que se realiz\u00f3 con un padr\u00f3n semiabierto, logr\u00f3 que poco m\u00e1s de 400 mil personas acudieran a votar seg\u00fan algunos de sus boletines (la cantidad de participantes nunca estuvo clara, la comisi\u00f3n electoral la redonde\u00f3 a: \u201cm\u00e1s de 500, 000\u201d).<\/p>\n\n\n\n<p>Albuquerque reconoci\u00f3 triunfo de Abinader y llam\u00f3 a unidad.<\/p>\n\n\n\n<p>Dicha participaci\u00f3n, equivale a un 22 % de los 2,177,036 matriculados en su padr\u00f3n seg\u00fan el corte de agosto de este a\u00f1o.<\/p>\n\n\n\n<p>La Fuerza del Pueblo no entrar\u00eda en esa categor\u00eda hasta tanto realice un proceso interno que convoque militantes pues juzgarlos por los resultados de las pasadas elecciones no ser\u00eda justo, aunque una mirada distinta, podr\u00eda concluir asegurando que son, junto al partido de gobierno, la organizaci\u00f3n de mayor crecimiento con sus 2,030,108 militantes aunque deber\u00e1n pasar primero la prueba de las elecciones generales porque optaron por no realizar primarias.<\/p>\n\n\n\n<p>Reconoce derrota<\/p>\n\n\n\n<p>De los resultados de las primarias del PRM el \u00fanico foco de contienda a escala nacional lo representaba el ingeniero Ram\u00f3n Alburquerque quien hab\u00eda descalificado el proceso.<\/p>\n\n\n\n<p>Sin embargo, ayer se comprometi\u00f3 a trabajar por la unidad de la organizaci\u00f3n reconociendo la victoria de Luis Abinader.<\/p>\n\n\n\n<p>\u201cFelicitaciones se\u00f1or presidente, marcharemos junto a usted, porque somos dem\u00f3cratas\u201d, afirm\u00f3 en rueda de prensa.<br>Alburquerque llam\u00f3 a sus seguidores a sumarse a los trabajos con miras a las elecciones de febrero y mayo del pr\u00f3ximo a\u00f1o.<\/p>\n\n\n\n<p>\u201cAcogemos el llamado a sellar la unidad interna de nuestra organizaci\u00f3n para vencer en febrero y mayo del 2024\u201d, dijo el dirigente pol\u00edtico. Hicieron lo mismo con anterioridad Guido G\u00f3mez Mazara y Delia Josefina Ortiz.<\/p>\n\n\n\n<p>Entre los conflictos locales, destaca solo lo ocurrido en Santo Domingo Este con la derrota de Manuel Jim\u00e9nez, su alcalde.<\/p>\n\n\n\n<p>El foco de atenci\u00f3n entre los perreme\u00edstas ser\u00e1 la escogencia por la modalidad de encuestas del resto de sus aspirantes as\u00ed como la designaci\u00f3n de nombres en las plazas que fueron reservadas por la alta direcci\u00f3n.<\/p>\n","protected":false},"excerpt":{"rendered":"<p>SANTO DOMINGO.-Las primarias del Partido Revolucionario Moderno (PRM) evidenciaron que la organizaci\u00f3n cuenta con una base social estructurada capaz de incidir por s\u00ed solos en los resultados de un proceso&hellip;<\/p>\n","protected":false},"author":3,"featured_media":62148,"comment_status":"open","ping_status":"open","sticky":false,"template":"","format":"standard","meta":{"content-type":"","jetpack_post_was_ever_published":false,"_jetpack_newsletter_access":"","_jetpack_dont_email_post_to_subs":false,"_jetpack_newsletter_tier_id":0,"_jetpack_memberships_contains_paywalled_content":false,"_jetpack_memberships_contains_paid_content":false,"footnotes":""},"categories":[1],"tags":[],"class_list":["post-62147","post","type-post","status-publish","format-standard","has-post-thumbnail","hentry","category-sin-categoria"],"jetpack_featured_media_url":"https:\/\/lasprimeras.com.do\/wp-content\/uploads\/2023\/10\/WhatsApp-Image-2023-09-28-at-11.50.30-PM-1-1-2.webp","jetpack-related-posts":[{"id":62043,"url":"https:\/\/lasprimeras.com.do\/index.php\/2023\/10\/02\/primarias-del-prm-movilizaron-mas-de-un-millon-de-votantes\/","url_meta":{"origin":62147,"position":0},"title":"Primarias del PRM movilizaron m\u00e1s de un mill\u00f3n de votantes","author":"BIMARY DE JES\u00daS Matos","date":"2 de octubre de 2023","format":false,"excerpt":"Santo Domingo.-Las primarias del Partido Revolucionario Moderno (PRM) movilizaron a las urnas a 1,026,047 militantes para votar en un 90.79 % por el presidente Luis Abinader, allanando as\u00ed el camino a su repostulaci\u00f3n. Del total de votos, 968,639 son v\u00e1lidos y 57,408 fueron declarados nulos; 41,961 por ser dejados en\u2026","rel":"","context":"En \u00abNACIONALES\u00bb","block_context":{"text":"NACIONALES","link":"https:\/\/lasprimeras.com.do\/index.php\/category\/nacionales\/"},"img":{"alt_text":"","src":"https:\/\/i0.wp.com\/lasprimeras.com.do\/wp-content\/uploads\/2023\/10\/WhatsApp-Image-2023-09-28-at-11.50.30-PM-1-1-3.jpeg?resize=350%2C200&ssl=1","width":350,"height":200,"srcset":"https:\/\/i0.wp.com\/lasprimeras.com.do\/wp-content\/uploads\/2023\/10\/WhatsApp-Image-2023-09-28-at-11.50.30-PM-1-1-3.jpeg?resize=350%2C200&ssl=1 1x, https:\/\/i0.wp.com\/lasprimeras.com.do\/wp-content\/uploads\/2023\/10\/WhatsApp-Image-2023-09-28-at-11.50.30-PM-1-1-3.jpeg?resize=525%2C300&ssl=1 1.5x, https:\/\/i0.wp.com\/lasprimeras.com.do\/wp-content\/uploads\/2023\/10\/WhatsApp-Image-2023-09-28-at-11.50.30-PM-1-1-3.jpeg?resize=700%2C400&ssl=1 2x"},"classes":[]},{"id":61780,"url":"https:\/\/lasprimeras.com.do\/index.php\/2023\/10\/01\/el-prm-realiza-hoy-sus-primarias-con-un-padron-cuestionado-de-tres-millones-de-votantes\/","url_meta":{"origin":62147,"position":1},"title":"El PRM realiza hoy sus primarias con un padr\u00f3n cuestionado de tres millones de votantes","author":"BIMARY DE JES\u00daS Matos","date":"1 de octubre de 2023","format":false,"excerpt":"Santo Domingo.-El Partido Revolucionario Moderno (PRM) pasar\u00e1 hoy por la prueba de realizar las \u00fanicas primarias para elegir candidatos que realizar\u00e1n los partidos pol\u00edticos de cara a las elecciones en el 2024. En estas primarias s\u00f3lo se van a elegir el candidato presidencial y los que optar\u00e1n por las alcald\u00edas\u2026","rel":"","context":"En \u00abPORTADA\u00bb","block_context":{"text":"PORTADA","link":"https:\/\/lasprimeras.com.do\/index.php\/category\/portada\/"},"img":{"alt_text":"","src":"https:\/\/i0.wp.com\/lasprimeras.com.do\/wp-content\/uploads\/2023\/10\/WhatsApp-Image-2023-09-25-at-1.05.22-PM-1.jpeg?resize=350%2C200&ssl=1","width":350,"height":200,"srcset":"https:\/\/i0.wp.com\/lasprimeras.com.do\/wp-content\/uploads\/2023\/10\/WhatsApp-Image-2023-09-25-at-1.05.22-PM-1.jpeg?resize=350%2C200&ssl=1 1x, https:\/\/i0.wp.com\/lasprimeras.com.do\/wp-content\/uploads\/2023\/10\/WhatsApp-Image-2023-09-25-at-1.05.22-PM-1.jpeg?resize=525%2C300&ssl=1 1.5x, https:\/\/i0.wp.com\/lasprimeras.com.do\/wp-content\/uploads\/2023\/10\/WhatsApp-Image-2023-09-25-at-1.05.22-PM-1.jpeg?resize=700%2C400&ssl=1 2x"},"classes":[]},{"id":60366,"url":"https:\/\/lasprimeras.com.do\/index.php\/2023\/09\/13\/jce-impreme-boletas-electorales-para-las-elecciones-primarias-del-prm\/","url_meta":{"origin":62147,"position":2},"title":"JCE impreme boletas electorales para las elecciones primarias del PRM","author":"Nelson Feliz","date":"13 de septiembre de 2023","format":false,"excerpt":"Por Martin Restituyo La Junta Central Electoral (JCE) inici\u00f3 este mi\u00e9rcoles la impresi\u00f3n de las boletas que ser\u00e1n utilizadas en las elecciones primarias del Partido Revolucionario Moderno del pr\u00f3ximo primero de octubre. El proceso de impresi\u00f3n qued\u00f3 formalmente abierto en un acto en la sede del \u00f3rgano electoral encabezado por\u2026","rel":"","context":"En \u00abPORTADA\u00bb","block_context":{"text":"PORTADA","link":"https:\/\/lasprimeras.com.do\/index.php\/category\/portada\/"},"img":{"alt_text":"Rafael Armando Vallejo Santelises y Dolores Altagracia Fern\u00e1ndez","src":"https:\/\/i0.wp.com\/lasprimeras.com.do\/wp-content\/uploads\/2023\/09\/Rafael-Armando-Vallejo-Santelises-y-Dolores-Altagracia-Fernandez.jpg?resize=350%2C200&ssl=1","width":350,"height":200,"srcset":"https:\/\/i0.wp.com\/lasprimeras.com.do\/wp-content\/uploads\/2023\/09\/Rafael-Armando-Vallejo-Santelises-y-Dolores-Altagracia-Fernandez.jpg?resize=350%2C200&ssl=1 1x, https:\/\/i0.wp.com\/lasprimeras.com.do\/wp-content\/uploads\/2023\/09\/Rafael-Armando-Vallejo-Santelises-y-Dolores-Altagracia-Fernandez.jpg?resize=525%2C300&ssl=1 1.5x, https:\/\/i0.wp.com\/lasprimeras.com.do\/wp-content\/uploads\/2023\/09\/Rafael-Armando-Vallejo-Santelises-y-Dolores-Altagracia-Fernandez.jpg?resize=700%2C400&ssl=1 2x"},"classes":[]},{"id":59883,"url":"https:\/\/lasprimeras.com.do\/index.php\/2023\/09\/08\/jce-socializa-con-miembros-del-prm-aspectos-para-el-montaje-de-sus-primarias\/","url_meta":{"origin":62147,"position":3},"title":"JCE socializa con miembros del PRM aspectos para el montaje de sus primarias","author":"Nelson Feliz","date":"8 de septiembre de 2023","format":false,"excerpt":"Presentes en la reuni\u00f3n representantes de los precandidatos y el delegado de la Comisi\u00f3n Electoral. Los directores de Elecciones, Inform\u00e1tica y Partidos Pol\u00edticos de la Junta Central Electoral (JCE) se reunieron con el delegado t\u00e9cnico de la Comisi\u00f3n Electoral del Partido Revolucionario Moderno y con los representantes de los precandidatos\u2026","rel":"","context":"En \u00abPORTADA\u00bb","block_context":{"text":"PORTADA","link":"https:\/\/lasprimeras.com.do\/index.php\/category\/portada\/"},"img":{"alt_text":"PRM","src":"https:\/\/i0.wp.com\/lasprimeras.com.do\/wp-content\/uploads\/2023\/09\/PRM-2.jpeg?resize=350%2C200&ssl=1","width":350,"height":200,"srcset":"https:\/\/i0.wp.com\/lasprimeras.com.do\/wp-content\/uploads\/2023\/09\/PRM-2.jpeg?resize=350%2C200&ssl=1 1x, https:\/\/i0.wp.com\/lasprimeras.com.do\/wp-content\/uploads\/2023\/09\/PRM-2.jpeg?resize=525%2C300&ssl=1 1.5x, https:\/\/i0.wp.com\/lasprimeras.com.do\/wp-content\/uploads\/2023\/09\/PRM-2.jpeg?resize=700%2C400&ssl=1 2x, https:\/\/i0.wp.com\/lasprimeras.com.do\/wp-content\/uploads\/2023\/09\/PRM-2.jpeg?resize=1050%2C600&ssl=1 3x"},"classes":[]},{"id":61366,"url":"https:\/\/lasprimeras.com.do\/index.php\/2023\/09\/26\/prm-convoca-militancia-a-votaciones-este-1-de-octubre\/","url_meta":{"origin":62147,"position":4},"title":"PRM convoca militancia a votaciones este 1 de octubre","author":"Nelson Feliz","date":"26 de septiembre de 2023","format":false,"excerpt":"El Partido Revolucionario Moderno (PRM) anunci\u00f3 la celebraci\u00f3n de sus primarias para el pr\u00f3ximo 1 de octubre desde 8 de la ma\u00f1ana hasta 4 de la tarde, en lo que han denominado \u201cuna gran fiesta de la democracia\u201d, invitando a los perreme\u00edstas a votar ya que el cambio comienza en\u2026","rel":"","context":"En \u00abSin categor\u00eda\u00bb","block_context":{"text":"Sin categor\u00eda","link":"https:\/\/lasprimeras.com.do\/index.php\/category\/sin-categoria\/"},"img":{"alt_text":"PRM","src":"https:\/\/i0.wp.com\/lasprimeras.com.do\/wp-content\/uploads\/2023\/09\/PRM-1.jpg?resize=350%2C200&ssl=1","width":350,"height":200,"srcset":"https:\/\/i0.wp.com\/lasprimeras.com.do\/wp-content\/uploads\/2023\/09\/PRM-1.jpg?resize=350%2C200&ssl=1 1x, https:\/\/i0.wp.com\/lasprimeras.com.do\/wp-content\/uploads\/2023\/09\/PRM-1.jpg?resize=525%2C300&ssl=1 1.5x, https:\/\/i0.wp.com\/lasprimeras.com.do\/wp-content\/uploads\/2023\/09\/PRM-1.jpg?resize=700%2C400&ssl=1 2x"},"classes":[]},{"id":59968,"url":"https:\/\/lasprimeras.com.do\/index.php\/2023\/09\/09\/jce-entrego-calendario-al-prm-para-celebracion-de-sus-primarias\/","url_meta":{"origin":62147,"position":5},"title":"JCE entreg\u00f3 calendario al PRM para celebraci\u00f3n de sus primarias","author":"Nelson Feliz","date":"9 de septiembre de 2023","format":false,"excerpt":"La Junta Central Electoral (JCE) entreg\u00f3 a la Comisi\u00f3n Electoral del Partido Revolucionario Moderno (PRM) y a los representantes de los candidatos y candidatas presidenciales de esta organizaci\u00f3n pol\u00edtica, el calendario de actividades administrativas para la celebraci\u00f3n de la primaria que llevar\u00e1n a cabo en octubre. El delegado de la\u2026","rel":"","context":"En \u00abPORTADA\u00bb","block_context":{"text":"PORTADA","link":"https:\/\/lasprimeras.com.do\/index.php\/category\/portada\/"},"img":{"alt_text":"JCE","src":"https:\/\/i0.wp.com\/lasprimeras.com.do\/wp-content\/uploads\/2023\/07\/JCE.jpg?resize=350%2C200&ssl=1","width":350,"height":200,"srcset":"https:\/\/i0.wp.com\/lasprimeras.com.do\/wp-content\/uploads\/2023\/07\/JCE.jpg?resize=350%2C200&ssl=1 1x, https:\/\/i0.wp.com\/lasprimeras.com.do\/wp-content\/uploads\/2023\/07\/JCE.jpg?resize=525%2C300&ssl=1 1.5x, https:\/\/i0.wp.com\/lasprimeras.com.do\/wp-content\/uploads\/2023\/07\/JCE.jpg?resize=700%2C400&ssl=1 2x"},"classes":[]}],"jetpack_sharing_enabled":true,"_links":{"self":[{"href":"https:\/\/lasprimeras.com.do\/index.php\/wp-json\/wp\/v2\/posts\/62147","targetHints":{"allow":["GET"]}}],"collection":[{"href":"https:\/\/lasprimeras.com.do\/index.php\/wp-json\/wp\/v2\/posts"}],"about":[{"href":"https:\/\/lasprimeras.com.do\/index.php\/wp-json\/wp\/v2\/types\/post"}],"author":[{"embeddable":true,"href":"https:\/\/lasprimeras.com.do\/index.php\/wp-json\/wp\/v2\/users\/3"}],"replies":[{"embeddable":true,"href":"https:\/\/lasprimeras.com.do\/index.php\/wp-json\/wp\/v2\/comments?post=62147"}],"version-history":[{"count":1,"href":"https:\/\/lasprimeras.com.do\/index.php\/wp-json\/wp\/v2\/posts\/62147\/revisions"}],"predecessor-version":[{"id":62149,"href":"https:\/\/lasprimeras.com.do\/index.php\/wp-json\/wp\/v2\/posts\/62147\/revisions\/62149"}],"wp:featuredmedia":[{"embeddable":true,"href":"https:\/\/lasprimeras.com.do\/index.php\/wp-json\/wp\/v2\/media\/62148"}],"wp:attachment":[{"href":"https:\/\/lasprimeras.com.do\/index.php\/wp-json\/wp\/v2\/media?parent=62147"}],"wp:term":[{"taxonomy":"category","embeddable":true,"href":"https:\/\/lasprimeras.com.do\/index.php\/wp-json\/wp\/v2\/categories?post=62147"},{"taxonomy":"post_tag","embeddable":true,"href":"https:\/\/lasprimeras.com.do\/index.php\/wp-json\/wp\/v2\/tags?post=62147"}],"curies":[{"name":"wp","href":"https:\/\/api.w.org\/{rel}","templated":true}]}}