{"id":62158,"date":"2023-10-03T12:28:45","date_gmt":"2023-10-03T16:28:45","guid":{"rendered":"https:\/\/lasprimeras.com.do\/?p=62158"},"modified":"2023-10-03T12:28:47","modified_gmt":"2023-10-03T16:28:47","slug":"guillermo-moreno-plantea-no-utilizar-ff-aa-ni-territorio-de-rd-en-operaciones-de-la-mision-de-la-onu-en-haiti","status":"publish","type":"post","link":"https:\/\/lasprimeras.com.do\/index.php\/2023\/10\/03\/guillermo-moreno-plantea-no-utilizar-ff-aa-ni-territorio-de-rd-en-operaciones-de-la-mision-de-la-onu-en-haiti\/","title":{"rendered":"Guillermo Moreno plantea no utilizar FF.AA. ni territorio de RD en operaciones de la misi\u00f3n de la ONU en Hait\u00ed"},"content":{"rendered":"\n<p class=\"wp-block-paragraph\">En medio de la crisis social por la que atraviesa Hait\u00ed, y la disposici\u00f3n del Consejo de Seguridad de la ONU, de apostar una fuerza multilateral para reivindicar el orden constitucional en la vecina naci\u00f3n, el presidente de Alianza Pa\u00eds (Al pa\u00eds), Guillermo Moreno, advirti\u00f3 que bajo ninguna circunstancia la Rep\u00fablica Dominicana debe involucrar a sus Fuerzas Armadas en ese proceso de intervenci\u00f3n.<\/p>\n\n\n\n<p class=\"wp-block-paragraph\">Consider\u00f3, que en la soluci\u00f3n a la actual crisis haitiana es imprescindible involucrar y hacer participar a los sectores sociales y profesionales organizados e independientes, que, dentro y fuera de Hait\u00ed, propugnan por una transici\u00f3n hacia la democracia y el respecto de su soberan\u00eda.<\/p>\n\n\n\n<p class=\"wp-block-paragraph\">El doctor Guillermo Moreno, plante\u00f3 que &#8220;Cuando se ejecute el plan de ocupaci\u00f3n de Hait\u00ed, por la Misi\u00f3n Internacional, con la anuencia del Consejo de Seguridad de la ONU, nuestro pa\u00eds, en ninguna circunstancia, debe involucrar a sus fuerzas armadas ni permitirse que nuestro territorio sea utilizado a esos fines&#8221; aconsej\u00f3.<\/p>\n\n\n\n<p class=\"wp-block-paragraph\">Indic\u00f3 adem\u00e1s, que al producirse el plan de intervenci\u00f3n, la Rep\u00fablica Dominicana debe reforzar y proteger especialmente sus fronteras para evitar la penetraci\u00f3n de bandas armadas que operan actualmente en Hait\u00ed, as\u00ed como para evitar la utilizaci\u00f3n de nuestro territorio para situaciones derivadas de las acciones que se pondr\u00e1n en marcha por parte de fuerzas de tareas conjuntas, como auxiliares de la Polic\u00eda Nacional haitina.<\/p>\n\n\n\n<p class=\"wp-block-paragraph\">Agreg\u00f3, que &#8220;El gobierno dominicano ha reiterado y debe insistir siempre en que Hait\u00ed lo que necesita es cooperaci\u00f3n humanitaria para establecer el imperio de la ley, construir ciudadan\u00eda, fortalecer la institucionalidad, proveer servicios b\u00e1sicos, enfrentar la pobreza extrema y eliminar las bandas armadas&#8221; recomend\u00f3 Moreno.<\/p>\n\n\n\n<p class=\"wp-block-paragraph\">En tal sentido, sugiri\u00f3 que el gobierno dominicano debe, en todos los escenarios, exigir el respeto de la soberan\u00eda de Haiti y reivindicar que corresponde a los haitianos finalmente, decidir a qui\u00e9nes acudir en busca de apoyo y ayuda para solucionar su crisis&#8221;, concluy\u00f3 el doctor Guillermo Moreno, a trav\u00e9s de su cuenta de Twitter @MorenoGuillermo .<\/p>\n","protected":false},"excerpt":{"rendered":"<p>En medio de la crisis social por la que atraviesa Hait\u00ed, y la disposici\u00f3n del Consejo de Seguridad de la ONU, de apostar una fuerza multilateral para reivindicar el orden&hellip;<\/p>\n","protected":false},"author":2,"featured_media":59852,"comment_status":"open","ping_status":"open","sticky":false,"template":"","format":"standard","meta":{"content-type":"","_jetpack_newsletter_access":"","_jetpack_dont_email_post_to_subs":false,"_jetpack_newsletter_tier_id":0,"_jetpack_memberships_contains_paywalled_content":false,"_jetpack_feature_clip_id":0,"_jetpack_memberships_contains_paid_content":false,"footnotes":"","jetpack_post_was_ever_published":false},"categories":[25],"tags":[4926,2160,217,2170,93,612,127,955],"class_list":["post-62158","post","type-post","status-publish","format-standard","has-post-thumbnail","hentry","category-portada","tag-ff-aa","tag-guillermo-moreno","tag-haiti","tag-mision","tag-onu","tag-operaciones","tag-rd","tag-territorio"],"jetpack-related-posts":[{"id":61736,"url":"https:\/\/lasprimeras.com.do\/index.php\/2023\/09\/30\/guillermo-moreno-comunidad-internacional-rehuye-asumir-responsabilidad-ante-crisis-haitiana\/","url_meta":{"origin":62158,"position":0},"title":"Guillermo Moreno: Comunidad internacional rehuye asumir responsabilidad ante crisis haitiana","author":"Nelson Feliz","date":"30 de septiembre de 2023","format":false,"excerpt":"Ante las confrontaciones que mantienen Rep\u00fablica Dominicana y la vecina naci\u00f3n haitiana, debido a la construcci\u00f3n irregular de un canal para desviar el agua del r\u00edo Masacre, el presidente de Alianza Pa\u00eds (AlPa\u00eds), Guillermo Moreno, asegur\u00f3 que la comunidad internacional ha mostrado poco inter\u00e9s en involucrarse y asumir responsabilidades frente\u2026","rel":"","context":"En \u00abPORTADA\u00bb","block_context":{"text":"PORTADA","link":"https:\/\/lasprimeras.com.do\/index.php\/category\/portada\/"},"img":{"alt_text":"Guillermo Moreno","src":"https:\/\/i0.wp.com\/lasprimeras.com.do\/wp-content\/uploads\/2023\/09\/Guillermo-Moreno.jpg?resize=350%2C200&ssl=1","width":350,"height":200,"srcset":"https:\/\/i0.wp.com\/lasprimeras.com.do\/wp-content\/uploads\/2023\/09\/Guillermo-Moreno.jpg?resize=350%2C200&ssl=1 1x, https:\/\/i0.wp.com\/lasprimeras.com.do\/wp-content\/uploads\/2023\/09\/Guillermo-Moreno.jpg?resize=525%2C300&ssl=1 1.5x, https:\/\/i0.wp.com\/lasprimeras.com.do\/wp-content\/uploads\/2023\/09\/Guillermo-Moreno.jpg?resize=700%2C400&ssl=1 2x"},"classes":[]},{"id":126462,"url":"https:\/\/lasprimeras.com.do\/index.php\/2026\/04\/02\/republica-dominicana-brindara-apoyo-logistico-a-mision-de-la-onu-en-haiti\/","url_meta":{"origin":62158,"position":1},"title":"Rep\u00fablica Dominicana brindar\u00e1 apoyo log\u00edstico a misi\u00f3n de la ONU en Hait\u00ed","author":"Nelson Feliz","date":"2 de abril de 2026","format":false,"excerpt":"El canciller Roberto \u00c1lvarez encabezando la reuni\u00f3n con representantes de la ONU para coordinar las acciones de apoyo a la misi\u00f3n internacional en Hait\u00ed desde territorio dominicano.","rel":"","context":"En \u00abNACIONALES\u00bb","block_context":{"text":"NACIONALES","link":"https:\/\/lasprimeras.com.do\/index.php\/category\/nacionales\/"},"img":{"alt_text":"El canciller Roberto \u00c1lvarez encabezando la reuni\u00f3n con representantes de la ONU para coordinar las acciones de apoyo a la misi\u00f3n internacional en Hait\u00ed desde territorio dominicano.","src":"https:\/\/i0.wp.com\/lasprimeras.com.do\/wp-content\/uploads\/2026\/04\/Roberto-Alvarez.jpg?resize=350%2C200&ssl=1","width":350,"height":200,"srcset":"https:\/\/i0.wp.com\/lasprimeras.com.do\/wp-content\/uploads\/2026\/04\/Roberto-Alvarez.jpg?resize=350%2C200&ssl=1 1x, https:\/\/i0.wp.com\/lasprimeras.com.do\/wp-content\/uploads\/2026\/04\/Roberto-Alvarez.jpg?resize=525%2C300&ssl=1 1.5x, https:\/\/i0.wp.com\/lasprimeras.com.do\/wp-content\/uploads\/2026\/04\/Roberto-Alvarez.jpg?resize=700%2C400&ssl=1 2x"},"classes":[]},{"id":110005,"url":"https:\/\/lasprimeras.com.do\/index.php\/2025\/09\/24\/rd-respalda-la-nueva-mision-en-haiti-propuesta-por-ee-uu-y-pide-que-se-apruebe\/","url_meta":{"origin":62158,"position":2},"title":"RD respalda la nueva misi\u00f3n en Hait\u00ed propuesta por EE. UU. y pide que se apruebe","author":"Nelson Feliz","date":"24 de septiembre de 2025","format":false,"excerpt":"Abinader se\u00f1ala que la actual misi\u00f3n en Hait\u00ed no ha cumplido con sus objetivos El presidente de la Rep\u00fablica Dominicana, Luis Abinader, expres\u00f3 este jueves su apoyo a la resoluci\u00f3n impulsada por Estados Unidos y Panam\u00e1 para transformar la misi\u00f3n desplegada en Hait\u00ed, cuyo mandato de dos a\u00f1os est\u00e1 pr\u00f3ximo\u2026","rel":"","context":"En \u00abNACIONALES\u00bb","block_context":{"text":"NACIONALES","link":"https:\/\/lasprimeras.com.do\/index.php\/category\/nacionales\/"},"img":{"alt_text":"","src":"https:\/\/i0.wp.com\/lasprimeras.com.do\/wp-content\/uploads\/2025\/09\/Luis-Abinader-3-1.jpg?resize=350%2C200&ssl=1","width":350,"height":200,"srcset":"https:\/\/i0.wp.com\/lasprimeras.com.do\/wp-content\/uploads\/2025\/09\/Luis-Abinader-3-1.jpg?resize=350%2C200&ssl=1 1x, https:\/\/i0.wp.com\/lasprimeras.com.do\/wp-content\/uploads\/2025\/09\/Luis-Abinader-3-1.jpg?resize=525%2C300&ssl=1 1.5x, https:\/\/i0.wp.com\/lasprimeras.com.do\/wp-content\/uploads\/2025\/09\/Luis-Abinader-3-1.jpg?resize=700%2C400&ssl=1 2x"},"classes":[]},{"id":118657,"url":"https:\/\/lasprimeras.com.do\/index.php\/2026\/01\/01\/ee-uu-reafirma-su-compromiso-con-haiti-en-medio-de-la-crisis-al-conmemorarse-su-independencia\/","url_meta":{"origin":62158,"position":3},"title":"EE. UU. reafirma su compromiso con Hait\u00ed en medio de la crisis al conmemorarse su independencia","author":"Nelson Feliz","date":"1 de enero de 2026","format":false,"excerpt":"ESTADOS UNIDOS - El secretario de Estado, Marco Rubio, destac\u00f3 la resiliencia del pueblo haitiano y los avances logrados para celebrar elecciones en un mensaje publicado en la web del departamento. El Departamento de Estado de Estados Unidos felicit\u00f3 este jueves a Hait\u00ed por el 222 aniversario de la declaraci\u00f3n\u2026","rel":"","context":"En \u00abINTERNACIONALES\u00bb","block_context":{"text":"INTERNACIONALES","link":"https:\/\/lasprimeras.com.do\/index.php\/category\/sin-categoria\/internacionales\/"},"img":{"alt_text":"","src":"https:\/\/i0.wp.com\/lasprimeras.com.do\/wp-content\/uploads\/2026\/01\/Haiti-cumple-222-anos-de-la-declaracion-de-su-independencia.jpg?resize=350%2C200&ssl=1","width":350,"height":200,"srcset":"https:\/\/i0.wp.com\/lasprimeras.com.do\/wp-content\/uploads\/2026\/01\/Haiti-cumple-222-anos-de-la-declaracion-de-su-independencia.jpg?resize=350%2C200&ssl=1 1x, https:\/\/i0.wp.com\/lasprimeras.com.do\/wp-content\/uploads\/2026\/01\/Haiti-cumple-222-anos-de-la-declaracion-de-su-independencia.jpg?resize=525%2C300&ssl=1 1.5x, https:\/\/i0.wp.com\/lasprimeras.com.do\/wp-content\/uploads\/2026\/01\/Haiti-cumple-222-anos-de-la-declaracion-de-su-independencia.jpg?resize=700%2C400&ssl=1 2x"},"classes":[]},{"id":66789,"url":"https:\/\/lasprimeras.com.do\/index.php\/2023\/11\/09\/kenia-pide-225-millones-de-euros-para-enviar-sus-policias-a-haiti\/","url_meta":{"origin":62158,"position":4},"title":"Kenia pide 225 millones de euros para enviar sus polic\u00edas a Hait\u00ed","author":"BIMARY DE JES\u00daS Matos","date":"9 de noviembre de 2023","format":false,"excerpt":"NAIROBI.- El ministro del Interior de Kenia, Kithure Kindiki, asegur\u00f3 que el pa\u00eds no enviar\u00e1 a sus polic\u00edas a Hait\u00ed como parte de la misi\u00f3n multinacional aprobada por las Naciones Unidas hasta que reciba los 225 millones de euros que estima que costar\u00e1 su despliegue. \u00abHemos acordado que los recursos\u2026","rel":"","context":"En \u00abSin categor\u00eda\u00bb","block_context":{"text":"Sin categor\u00eda","link":"https:\/\/lasprimeras.com.do\/index.php\/category\/sin-categoria\/"},"img":{"alt_text":"","src":"https:\/\/i0.wp.com\/lasprimeras.com.do\/wp-content\/uploads\/2023\/11\/WhatsApp-Image-2023-11-09-at-1.32.38-PM-4-4.jpeg?resize=350%2C200&ssl=1","width":350,"height":200},"classes":[]},{"id":63616,"url":"https:\/\/lasprimeras.com.do\/index.php\/2023\/10\/13\/kenia-aprueba-el-despliegue-de-policias-en-haiti-pese-a-una-orden-judicial-de-bloqueo\/","url_meta":{"origin":62158,"position":5},"title":"Kenia aprueba el despliegue de polic\u00edas en Hait\u00ed pese a una orden judicial de bloqueo","author":"BIMARY DE JES\u00daS Matos","date":"13 de octubre de 2023","format":false,"excerpt":"Nairobi.\u2013 El Gobierno de Kenia dio luz verde este viernes el despliegue de un contingente de polic\u00edas kenianos en Hait\u00ed para liderar una misi\u00f3n multinacional aprobada por la ONU, pese al bloqueo temporal ordenado esta semana por un tribunal del pa\u00eds africano. \u00abComo parte de la misi\u00f3n Multinacional de Apoyo\u2026","rel":"","context":"En \u00abSin categor\u00eda\u00bb","block_context":{"text":"Sin categor\u00eda","link":"https:\/\/lasprimeras.com.do\/index.php\/category\/sin-categoria\/"},"img":{"alt_text":"","src":"https:\/\/i0.wp.com\/lasprimeras.com.do\/wp-content\/uploads\/2023\/10\/WhatsApp-Image-2023-10-13-at-1.21.18-PM-3.jpeg?resize=350%2C200&ssl=1","width":350,"height":200,"srcset":"https:\/\/i0.wp.com\/lasprimeras.com.do\/wp-content\/uploads\/2023\/10\/WhatsApp-Image-2023-10-13-at-1.21.18-PM-3.jpeg?resize=350%2C200&ssl=1 1x, https:\/\/i0.wp.com\/lasprimeras.com.do\/wp-content\/uploads\/2023\/10\/WhatsApp-Image-2023-10-13-at-1.21.18-PM-3.jpeg?resize=525%2C300&ssl=1 1.5x, https:\/\/i0.wp.com\/lasprimeras.com.do\/wp-content\/uploads\/2023\/10\/WhatsApp-Image-2023-10-13-at-1.21.18-PM-3.jpeg?resize=700%2C400&ssl=1 2x"},"classes":[]}],"jetpack_sharing_enabled":true,"jetpack_featured_media_url":"https:\/\/lasprimeras.com.do\/wp-content\/uploads\/2023\/09\/Guillermo-Moreno.jpg","_links":{"self":[{"href":"https:\/\/lasprimeras.com.do\/index.php\/wp-json\/wp\/v2\/posts\/62158","targetHints":{"allow":["GET"]}}],"collection":[{"href":"https:\/\/lasprimeras.com.do\/index.php\/wp-json\/wp\/v2\/posts"}],"about":[{"href":"https:\/\/lasprimeras.com.do\/index.php\/wp-json\/wp\/v2\/types\/post"}],"author":[{"embeddable":true,"href":"https:\/\/lasprimeras.com.do\/index.php\/wp-json\/wp\/v2\/users\/2"}],"replies":[{"embeddable":true,"href":"https:\/\/lasprimeras.com.do\/index.php\/wp-json\/wp\/v2\/comments?post=62158"}],"version-history":[{"count":1,"href":"https:\/\/lasprimeras.com.do\/index.php\/wp-json\/wp\/v2\/posts\/62158\/revisions"}],"predecessor-version":[{"id":62159,"href":"https:\/\/lasprimeras.com.do\/index.php\/wp-json\/wp\/v2\/posts\/62158\/revisions\/62159"}],"wp:featuredmedia":[{"embeddable":true,"href":"https:\/\/lasprimeras.com.do\/index.php\/wp-json\/wp\/v2\/media\/59852"}],"wp:attachment":[{"href":"https:\/\/lasprimeras.com.do\/index.php\/wp-json\/wp\/v2\/media?parent=62158"}],"wp:term":[{"taxonomy":"category","embeddable":true,"href":"https:\/\/lasprimeras.com.do\/index.php\/wp-json\/wp\/v2\/categories?post=62158"},{"taxonomy":"post_tag","embeddable":true,"href":"https:\/\/lasprimeras.com.do\/index.php\/wp-json\/wp\/v2\/tags?post=62158"}],"curies":[{"name":"wp","href":"https:\/\/api.w.org\/{rel}","templated":true}]}}