{"id":62163,"date":"2023-10-03T12:45:34","date_gmt":"2023-10-03T16:45:34","guid":{"rendered":"https:\/\/lasprimeras.com.do\/?p=62163"},"modified":"2023-10-03T12:45:35","modified_gmt":"2023-10-03T16:45:35","slug":"citan-a-expresidente-michel-martelly-en-juzgado-por-investigacion-en-asesinato-de-moise","status":"publish","type":"post","link":"https:\/\/lasprimeras.com.do\/index.php\/2023\/10\/03\/citan-a-expresidente-michel-martelly-en-juzgado-por-investigacion-en-asesinato-de-moise\/","title":{"rendered":"Citan a expresidente Michel Martelly en juzgado por investigaci\u00f3n en asesinato de Mo\u00efse"},"content":{"rendered":"\n<p class=\"wp-block-paragraph\"><strong>Martelly fue citado por el juez Walther Wasser Voltaire.<\/strong><\/p>\n\n\n\n<p class=\"wp-block-paragraph\"><strong>Puerto Pr\u00edncipe.-.<\/strong>El expresidente haitiano Michel Martelly fue citado para este martes 3 de octubre a un juzgado con relaci\u00f3n a la investigaci\u00f3n del asesinato de Jovenel Mo\u00efse.<\/p>\n\n\n\n<p class=\"wp-block-paragraph\">Martelly fue citado por el juez Walther Wasser Voltaire.<\/p>\n\n\n\n<p class=\"wp-block-paragraph\">La informaci\u00f3n fue publicada por la ex primera dama haitiana, Michele B. Duvalier (1980-1986).<\/p>\n\n\n\n<p class=\"wp-block-paragraph\">El expresidente haitiano, Jovenel Mo\u00efse, fue asesinado el 7 de julio de 2021 en su casa en Puerto Pr\u00edncipe.<\/p>\n\n\n\n<p class=\"wp-block-paragraph\">En 2015, Michel Martelly nomin\u00f3 a Mo\u00efse como candidato presidencial por el partido T\u00e8t Kale.<\/p>\n\n\n\n<p class=\"wp-block-paragraph\">A inicios de septiembre de este a\u00f1o, el ex soldado colombiano, German Alejandro Rivera Garc\u00eda, se declar\u00f3 culpable de haber participado en el magnicidio.<\/p>\n\n\n\n<p class=\"wp-block-paragraph\">Mientras que el empresario de doble nacionalidad haitiana y chilena Rodolphe Jaar fue condenado a cadena perpetua.<\/p>\n","protected":false},"excerpt":{"rendered":"<p>Martelly fue citado por el juez Walther Wasser Voltaire. Puerto Pr\u00edncipe.-.El expresidente haitiano Michel Martelly fue citado para este martes 3 de octubre a un juzgado con relaci\u00f3n a la&hellip;<\/p>\n","protected":false},"author":2,"featured_media":62164,"comment_status":"open","ping_status":"open","sticky":false,"template":"","format":"standard","meta":{"content-type":"","_jetpack_newsletter_access":"","_jetpack_dont_email_post_to_subs":false,"_jetpack_newsletter_tier_id":0,"_jetpack_memberships_contains_paywalled_content":false,"_jetpack_feature_clip_id":0,"_jetpack_memberships_contains_paid_content":false,"footnotes":"","jetpack_post_was_ever_published":false},"categories":[1],"tags":[8154],"class_list":["post-62163","post","type-post","status-publish","format-standard","has-post-thumbnail","hentry","category-sin-categoria","tag-michel-martelly"],"jetpack-related-posts":[{"id":62368,"url":"https:\/\/lasprimeras.com.do\/index.php\/2023\/10\/04\/martelly-es-interrogado-4-horas-por-juez-investiga-asesinato-moise\/","url_meta":{"origin":62163,"position":0},"title":"Martelly es interrogado 4 horas por juez investiga asesinato Moise","author":"BIMARY DE JES\u00daS Matos","date":"4 de octubre de 2023","format":false,"excerpt":"Puerto Pr\u00edncipe.- El expresidente de Hait\u00ed, Michel Martelly, acudi\u00f3 este martes ante el juez de la Instrucci\u00f3n Walther Wesser Voltaire, quien investiga el asesinato del presidente Jovenel Moise, y permaneci\u00f3 durante cuatro horas respondiendo las preguntas del magistrado. Martelly, quien no ofreci\u00f3 declaraciones a los medios tras salir del interrogatorio,\u2026","rel":"","context":"En \u00abPORTADA\u00bb","block_context":{"text":"PORTADA","link":"https:\/\/lasprimeras.com.do\/index.php\/category\/portada\/"},"img":{"alt_text":"","src":"https:\/\/i0.wp.com\/lasprimeras.com.do\/wp-content\/uploads\/2023\/10\/WhatsApp-Image-2023-10-04-at-7.55.08-AM-9.jpeg?resize=350%2C200&ssl=1","width":350,"height":200,"srcset":"https:\/\/i0.wp.com\/lasprimeras.com.do\/wp-content\/uploads\/2023\/10\/WhatsApp-Image-2023-10-04-at-7.55.08-AM-9.jpeg?resize=350%2C200&ssl=1 1x, https:\/\/i0.wp.com\/lasprimeras.com.do\/wp-content\/uploads\/2023\/10\/WhatsApp-Image-2023-10-04-at-7.55.08-AM-9.jpeg?resize=525%2C300&ssl=1 1.5x"},"classes":[]},{"id":83662,"url":"https:\/\/lasprimeras.com.do\/index.php\/2024\/05\/22\/michel-joseph-martelly-el-expresidente-de-haiti-que-estaria-aliado-con-la-banda-5-segonn\/","url_meta":{"origin":62163,"position":1},"title":"Michel Joseph Martelly, el expresidente de Hait\u00ed que estar\u00eda aliado con la banda &#8220;5 Segonn\u00a0","author":"Nelson Feliz","date":"22 de mayo de 2024","format":false,"excerpt":"El m\u00fasico y pol\u00edtico Michel Martelly estar\u00eda detr\u00e1s del control de uno de los c\u00e1rteles de la droga m\u00e1s poderosos del Caribe, la banda Izo, que tambi\u00e9n se conoce como \"5 segonn\" El\u00a0pol\u00edtico\u00a0y m\u00fasico Michel\u00a0Joseph Martelly desempe\u00f1\u00f3 su papel como el 41\u00ba\u00a0presidente\u00a0de\u00a0Hait\u00ed\u00a0entre el 14 de mayo de 2011 y el\u2026","rel":"","context":"En \u00abPORTADA\u00bb","block_context":{"text":"PORTADA","link":"https:\/\/lasprimeras.com.do\/index.php\/category\/portada\/"},"img":{"alt_text":"","src":"https:\/\/i0.wp.com\/lasprimeras.com.do\/wp-content\/uploads\/2024\/05\/martelly20010514_05.jpeg?resize=350%2C200&ssl=1","width":350,"height":200,"srcset":"https:\/\/i0.wp.com\/lasprimeras.com.do\/wp-content\/uploads\/2024\/05\/martelly20010514_05.jpeg?resize=350%2C200&ssl=1 1x, https:\/\/i0.wp.com\/lasprimeras.com.do\/wp-content\/uploads\/2024\/05\/martelly20010514_05.jpeg?resize=525%2C300&ssl=1 1.5x"},"classes":[]},{"id":84025,"url":"https:\/\/lasprimeras.com.do\/index.php\/2024\/05\/28\/haiti-elige-un-nuevo-primer-ministro-para-un-pais-asediado-por-las-pandillas\/","url_meta":{"origin":62163,"position":2},"title":"Hait\u00ed elige un nuevo primer ministro para un pa\u00eds asediado por las pandillas","author":"Nelson Feliz","date":"28 de mayo de 2024","format":false,"excerpt":"POR D\u00c1NICA COTO SAN JUAN, Puerto Rico (AP) \u2014 El especialista en desarrollo de la ONU, Garry Conille, fue nombrado nuevo primer ministro de Hait\u00ed el martes por la noche, casi un mes despu\u00e9s de que una coalici\u00f3n dentro de un consejo de transici\u00f3n fracturado buscara elegir a otra persona\u2026","rel":"","context":"En \u00abSin categor\u00eda\u00bb","block_context":{"text":"Sin categor\u00eda","link":"https:\/\/lasprimeras.com.do\/index.php\/category\/sin-categoria\/"},"img":{"alt_text":"","src":"https:\/\/i0.wp.com\/lasprimeras.com.do\/wp-content\/uploads\/2024\/05\/Primer-ministro.jpg?resize=350%2C200&ssl=1","width":350,"height":200,"srcset":"https:\/\/i0.wp.com\/lasprimeras.com.do\/wp-content\/uploads\/2024\/05\/Primer-ministro.jpg?resize=350%2C200&ssl=1 1x, https:\/\/i0.wp.com\/lasprimeras.com.do\/wp-content\/uploads\/2024\/05\/Primer-ministro.jpg?resize=525%2C300&ssl=1 1.5x, https:\/\/i0.wp.com\/lasprimeras.com.do\/wp-content\/uploads\/2024\/05\/Primer-ministro.jpg?resize=700%2C400&ssl=1 2x"},"classes":[]},{"id":102688,"url":"https:\/\/lasprimeras.com.do\/index.php\/2025\/07\/07\/hoy-se-conmemoran-cuatro-anos-del-asesinato-del-presidente-haitiano-jovenel-moise\/","url_meta":{"origin":62163,"position":3},"title":"Hoy se conmemoran cuatro a\u00f1os del asesinato del presidente haitiano Jovenel Mo\u00efse","author":"Nelson Feliz","date":"7 de julio de 2025","format":false,"excerpt":"Hoy se cumple el cuarto aniversario del asesinato del expresidente haitiano Jovenel Mo\u00efse, quien fue asesinado por un grupo de mercenarios en su residencia privada en P\u00e9tion\u2011Ville, cerca de Puerto Pr\u00edncipe, en la madrugada del 7 de julio de 2021 El ataque comenz\u00f3 alrededor de la 1 a.m., cuando un\u2026","rel":"","context":"En \u00abHISTORIA\u00bb","block_context":{"text":"HISTORIA","link":"https:\/\/lasprimeras.com.do\/index.php\/category\/historia\/"},"img":{"alt_text":"","src":"https:\/\/i0.wp.com\/lasprimeras.com.do\/wp-content\/uploads\/2025\/07\/Jovenel-Moise.jpg?resize=350%2C200&ssl=1","width":350,"height":200,"srcset":"https:\/\/i0.wp.com\/lasprimeras.com.do\/wp-content\/uploads\/2025\/07\/Jovenel-Moise.jpg?resize=350%2C200&ssl=1 1x, https:\/\/i0.wp.com\/lasprimeras.com.do\/wp-content\/uploads\/2025\/07\/Jovenel-Moise.jpg?resize=525%2C300&ssl=1 1.5x, https:\/\/i0.wp.com\/lasprimeras.com.do\/wp-content\/uploads\/2025\/07\/Jovenel-Moise.jpg?resize=700%2C400&ssl=1 2x, https:\/\/i0.wp.com\/lasprimeras.com.do\/wp-content\/uploads\/2025\/07\/Jovenel-Moise.jpg?resize=1050%2C600&ssl=1 3x"},"classes":[]},{"id":76098,"url":"https:\/\/lasprimeras.com.do\/index.php\/2024\/02\/07\/haiti-arde-con-la-llegada-de-guy-philippe-a-puerto-principe\/","url_meta":{"origin":62163,"position":4},"title":"Hait\u00ed arde con la llegada de Guy Philippe a Puerto Pr\u00edncipe","author":"Nelson Feliz","date":"7 de febrero de 2024","format":false,"excerpt":"El exconvicto llam\u00f3 a la gente a tirarse a las calles para pedir la renuncia de Henry. Se esperan manifestaciones violentas este 7 de febrero, fecha hist\u00f3rica para los haitianos PUERTO PR\u00cdNCIPE, Hait\u00ed, AP, EFE- Un exl\u00edder rebelde hizo una visita sorpresa a la capital de Hait\u00ed el martes en\u2026","rel":"","context":"En \u00abSin categor\u00eda\u00bb","block_context":{"text":"Sin categor\u00eda","link":"https:\/\/lasprimeras.com.do\/index.php\/category\/sin-categoria\/"},"img":{"alt_text":"Personas se manifiestan hoy, en las calles de Puerto Pr\u00edncipe","src":"https:\/\/i0.wp.com\/lasprimeras.com.do\/wp-content\/uploads\/2024\/02\/Personas-se-manifiestan-hoy-en-las-calles-de-Puerto-Principe-1.jpg?resize=350%2C200&ssl=1","width":350,"height":200,"srcset":"https:\/\/i0.wp.com\/lasprimeras.com.do\/wp-content\/uploads\/2024\/02\/Personas-se-manifiestan-hoy-en-las-calles-de-Puerto-Principe-1.jpg?resize=350%2C200&ssl=1 1x, https:\/\/i0.wp.com\/lasprimeras.com.do\/wp-content\/uploads\/2024\/02\/Personas-se-manifiestan-hoy-en-las-calles-de-Puerto-Principe-1.jpg?resize=525%2C300&ssl=1 1.5x, https:\/\/i0.wp.com\/lasprimeras.com.do\/wp-content\/uploads\/2024\/02\/Personas-se-manifiestan-hoy-en-las-calles-de-Puerto-Principe-1.jpg?resize=700%2C400&ssl=1 2x"},"classes":[]},{"id":78780,"url":"https:\/\/lasprimeras.com.do\/index.php\/2024\/03\/20\/consejo-transicion-en-haiti-esta-cada-vez-mas-cerca\/","url_meta":{"origin":62163,"position":5},"title":"Consejo transici\u00f3n en Hait\u00ed est\u00e1 cada vez m\u00e1s cerca","author":"BIMARY DE JES\u00daS Matos","date":"20 de marzo de 2024","format":false,"excerpt":"Puerto Pr\u00edncipe. L\u00edderes caribe\u00f1os dijeron que todos los grupos y partidos pol\u00edticos excepto uno han presentado candidatos para un consejo presidencial de transici\u00f3n encargado de seleccionar un primer ministro interino para Hait\u00ed, que sigue sumido en la violencia de las pandillas. El consejo original de nueve miembros se redujo a\u2026","rel":"","context":"En \u00abNACIONALES\u00bb","block_context":{"text":"NACIONALES","link":"https:\/\/lasprimeras.com.do\/index.php\/category\/nacionales\/"},"img":{"alt_text":"","src":"https:\/\/i0.wp.com\/lasprimeras.com.do\/wp-content\/uploads\/2024\/03\/fotonoticia_20230328085143_420-1.webp?resize=350%2C200&ssl=1","width":350,"height":200,"srcset":"https:\/\/i0.wp.com\/lasprimeras.com.do\/wp-content\/uploads\/2024\/03\/fotonoticia_20230328085143_420-1.webp?resize=350%2C200&ssl=1 1x, https:\/\/i0.wp.com\/lasprimeras.com.do\/wp-content\/uploads\/2024\/03\/fotonoticia_20230328085143_420-1.webp?resize=525%2C300&ssl=1 1.5x, https:\/\/i0.wp.com\/lasprimeras.com.do\/wp-content\/uploads\/2024\/03\/fotonoticia_20230328085143_420-1.webp?resize=700%2C400&ssl=1 2x"},"classes":[]}],"jetpack_sharing_enabled":true,"jetpack_featured_media_url":"https:\/\/lasprimeras.com.do\/wp-content\/uploads\/2023\/10\/Michel-Martelly.jpeg","_links":{"self":[{"href":"https:\/\/lasprimeras.com.do\/index.php\/wp-json\/wp\/v2\/posts\/62163","targetHints":{"allow":["GET"]}}],"collection":[{"href":"https:\/\/lasprimeras.com.do\/index.php\/wp-json\/wp\/v2\/posts"}],"about":[{"href":"https:\/\/lasprimeras.com.do\/index.php\/wp-json\/wp\/v2\/types\/post"}],"author":[{"embeddable":true,"href":"https:\/\/lasprimeras.com.do\/index.php\/wp-json\/wp\/v2\/users\/2"}],"replies":[{"embeddable":true,"href":"https:\/\/lasprimeras.com.do\/index.php\/wp-json\/wp\/v2\/comments?post=62163"}],"version-history":[{"count":1,"href":"https:\/\/lasprimeras.com.do\/index.php\/wp-json\/wp\/v2\/posts\/62163\/revisions"}],"predecessor-version":[{"id":62165,"href":"https:\/\/lasprimeras.com.do\/index.php\/wp-json\/wp\/v2\/posts\/62163\/revisions\/62165"}],"wp:featuredmedia":[{"embeddable":true,"href":"https:\/\/lasprimeras.com.do\/index.php\/wp-json\/wp\/v2\/media\/62164"}],"wp:attachment":[{"href":"https:\/\/lasprimeras.com.do\/index.php\/wp-json\/wp\/v2\/media?parent=62163"}],"wp:term":[{"taxonomy":"category","embeddable":true,"href":"https:\/\/lasprimeras.com.do\/index.php\/wp-json\/wp\/v2\/categories?post=62163"},{"taxonomy":"post_tag","embeddable":true,"href":"https:\/\/lasprimeras.com.do\/index.php\/wp-json\/wp\/v2\/tags?post=62163"}],"curies":[{"name":"wp","href":"https:\/\/api.w.org\/{rel}","templated":true}]}}