{"id":62182,"date":"2023-10-03T14:07:15","date_gmt":"2023-10-03T18:07:15","guid":{"rendered":"https:\/\/lasprimeras.com.do\/?p=62182"},"modified":"2023-10-03T14:07:16","modified_gmt":"2023-10-03T18:07:16","slug":"reportan-dos-heridos-en-inicio-de-huelga-por-24-horas-en-navarrete","status":"publish","type":"post","link":"https:\/\/lasprimeras.com.do\/index.php\/2023\/10\/03\/reportan-dos-heridos-en-inicio-de-huelga-por-24-horas-en-navarrete\/","title":{"rendered":"Reportan dos heridos en inicio de huelga por 24 horas en Navarrete"},"content":{"rendered":"\n<p>Santo Domingo.-Dos personas resultaron heridas, una de bala y otra de perdigones, durante el inicio de un paro convocado por 24 horas en el municipio Navarrete, provincia Santiago, en protesta por la falta de obras.<\/p>\n\n\n\n<p>Uno de los heridos, identificado como Juan Marte, fue impactado por una bala en el brazo mientras se dispon\u00eda a salir de su casa para trabajar como motoconcho. La otra persona herida por perdigones es una ciudadana haitiana.<\/p>\n\n\n\n<p>Supuestamente, ambos resultaron afectados durante un enfrentamiento a tiros entre manifestantes y agentes de la Polic\u00eda Nacional.<\/p>\n\n\n\n<p>Los manifestantes exigen la reparaci\u00f3n de las calles en los sectores Cristo Redentor, Los Girasoles y 27 de Febrero.<\/p>\n\n\n\n<p>Adem\u00e1s, solicitan un sistema de agua potable para la comunidad de Pont\u00f3n.<\/p>\n","protected":false},"excerpt":{"rendered":"<p>Santo Domingo.-Dos personas resultaron heridas, una de bala y otra de perdigones, durante el inicio de un paro convocado por 24 horas en el municipio Navarrete, provincia Santiago, en protesta&hellip;<\/p>\n","protected":false},"author":3,"featured_media":62183,"comment_status":"open","ping_status":"open","sticky":false,"template":"","format":"standard","meta":{"content-type":"","jetpack_post_was_ever_published":false,"_jetpack_newsletter_access":"","_jetpack_dont_email_post_to_subs":false,"_jetpack_newsletter_tier_id":0,"_jetpack_memberships_contains_paywalled_content":false,"_jetpack_memberships_contains_paid_content":false,"footnotes":""},"categories":[25],"tags":[],"class_list":["post-62182","post","type-post","status-publish","format-standard","has-post-thumbnail","hentry","category-portada"],"jetpack_featured_media_url":"https:\/\/lasprimeras.com.do\/wp-content\/uploads\/2023\/10\/WhatsApp-Image-2023-10-03-at-11.38.01-AM.jpeg","jetpack-related-posts":[{"id":62166,"url":"https:\/\/lasprimeras.com.do\/index.php\/2023\/10\/03\/dos-personas-heridas-durante-paro-24-horas-en-navarrete\/","url_meta":{"origin":62182,"position":0},"title":"Dos personas heridas durante paro 24 horas en Navarrete","author":"Nelson Feliz","date":"3 de octubre de 2023","format":false,"excerpt":"Los heridos fueron trasladados al hospital municipal de Navarrete, donde est\u00e1n recibiendo atenciones m\u00e9dicas. Dos personas resultaron heridas, por desconocidos en medio del llamado a huelga por 24 horas hecho por grupos populares, en Navarrete, Santiago, en demanda de varias reivindicaciones. Las personas heridas en medio de la protesta fueron\u2026","rel":"","context":"En \u00abNACIONALES\u00bb","block_context":{"text":"NACIONALES","link":"https:\/\/lasprimeras.com.do\/index.php\/category\/nacionales\/"},"img":{"alt_text":"Amplia vigilancia militar y policial en Navarrete","src":"https:\/\/i0.wp.com\/lasprimeras.com.do\/wp-content\/uploads\/2023\/10\/Amplia-vigilancia-militar-y-policial-en-Navarrete.jpeg?resize=350%2C200&ssl=1","width":350,"height":200,"srcset":"https:\/\/i0.wp.com\/lasprimeras.com.do\/wp-content\/uploads\/2023\/10\/Amplia-vigilancia-militar-y-policial-en-Navarrete.jpeg?resize=350%2C200&ssl=1 1x, https:\/\/i0.wp.com\/lasprimeras.com.do\/wp-content\/uploads\/2023\/10\/Amplia-vigilancia-militar-y-policial-en-Navarrete.jpeg?resize=525%2C300&ssl=1 1.5x, https:\/\/i0.wp.com\/lasprimeras.com.do\/wp-content\/uploads\/2023\/10\/Amplia-vigilancia-militar-y-policial-en-Navarrete.jpeg?resize=700%2C400&ssl=1 2x"},"classes":[]},{"id":89727,"url":"https:\/\/lasprimeras.com.do\/index.php\/2024\/10\/03\/maestra-herida-de-bala-en-violento-asalto-en-su-residencia-de-cabral\/","url_meta":{"origin":62182,"position":1},"title":"Maestra herida de bala en violento asalto en su residencia de Cabral","author":"Nelson Feliz","date":"3 de octubre de 2024","format":false,"excerpt":"La maestra Zoila Jaqueline Espinosa Nin, fue gravemente herida este mi\u00e9rcoles \u00a0\u00a0en su casa, tras ser atacada con una escopeta de fabricaci\u00f3n casera, conocida como \"chilena\". Espinosa Nin, quien trabaja en la Escuela Primaria Teresa Pe\u00f1a del barrio La Pe\u00f1uela en Cabral, Barahona, result\u00f3 herida cuando sorprendi\u00f3 a un delincuente\u2026","rel":"","context":"En \u00abNACIONALES\u00bb","block_context":{"text":"NACIONALES","link":"https:\/\/lasprimeras.com.do\/index.php\/category\/nacionales\/"},"img":{"alt_text":"Zoila Jaquelina Espinosa Nin","src":"https:\/\/i0.wp.com\/lasprimeras.com.do\/wp-content\/uploads\/2024\/10\/Zoila-Jaquelina-Espinosa-Nin.jpg?resize=350%2C200&ssl=1","width":350,"height":200,"srcset":"https:\/\/i0.wp.com\/lasprimeras.com.do\/wp-content\/uploads\/2024\/10\/Zoila-Jaquelina-Espinosa-Nin.jpg?resize=350%2C200&ssl=1 1x, https:\/\/i0.wp.com\/lasprimeras.com.do\/wp-content\/uploads\/2024\/10\/Zoila-Jaquelina-Espinosa-Nin.jpg?resize=525%2C300&ssl=1 1.5x"},"classes":[]},{"id":92544,"url":"https:\/\/lasprimeras.com.do\/index.php\/2025\/01\/05\/dicrim-investigan-muerte-de-mujer-en-los-guaricanos\/","url_meta":{"origin":62182,"position":2},"title":"DICRIM investigan muerte de mujer en Los Guaricanos","author":"Nelson Feliz","date":"5 de enero de 2025","format":false,"excerpt":"-Dos detenidos y patrulla actuante bajo investigaci\u00f3n. Una comisi\u00f3n de fiscales del \u00e1rea de investigaciones de homicidios de la Procuradur\u00eda Fiscal Santo Domingo Norte, junto a oficiales de la Direcci\u00f3n Central de Investigaci\u00f3n (DICRIM), profundizan las investigaciones para esclarecer las circunstancias en las que una mujer perdi\u00f3 la vida a\u2026","rel":"","context":"En \u00abMILITARES\u00bb","block_context":{"text":"MILITARES","link":"https:\/\/lasprimeras.com.do\/index.php\/category\/militares\/"},"img":{"alt_text":"dicrim","src":"https:\/\/i0.wp.com\/lasprimeras.com.do\/wp-content\/uploads\/2023\/12\/dicrim.jpeg?resize=350%2C200&ssl=1","width":350,"height":200,"srcset":"https:\/\/i0.wp.com\/lasprimeras.com.do\/wp-content\/uploads\/2023\/12\/dicrim.jpeg?resize=350%2C200&ssl=1 1x, https:\/\/i0.wp.com\/lasprimeras.com.do\/wp-content\/uploads\/2023\/12\/dicrim.jpeg?resize=525%2C300&ssl=1 1.5x, https:\/\/i0.wp.com\/lasprimeras.com.do\/wp-content\/uploads\/2023\/12\/dicrim.jpeg?resize=700%2C400&ssl=1 2x"},"classes":[]},{"id":98647,"url":"https:\/\/lasprimeras.com.do\/index.php\/2025\/05\/09\/dos-jovenes-mueren-durante-competencia-clandestina-de-motocicletas-en-navarrete\/","url_meta":{"origin":62182,"position":3},"title":"Dos j\u00f3venes mueren durante competencia clandestina de motocicletas en Navarrete","author":"Nelson Feliz","date":"9 de mayo de 2025","format":false,"excerpt":"Dos j\u00f3venes murieron y otros dos resultaron heridos la noche del jueves, durante un accidente ocurrido en medio de una competencia clandestina de motocicletas en el sector Villa Nueva, del municipio Navarrete, provincia Santiago. Las v\u00edctimas fueron identificadas como Luis \u00c1ngel Rodr\u00edguez Ram\u00edrez, de 24 a\u00f1os, y Joandri Francisco, de\u2026","rel":"","context":"En \u00abNACIONALES\u00bb","block_context":{"text":"NACIONALES","link":"https:\/\/lasprimeras.com.do\/index.php\/category\/nacionales\/"},"img":{"alt_text":"","src":"https:\/\/i0.wp.com\/lasprimeras.com.do\/wp-content\/uploads\/2024\/03\/MOTOS.jpg?resize=350%2C200&ssl=1","width":350,"height":200,"srcset":"https:\/\/i0.wp.com\/lasprimeras.com.do\/wp-content\/uploads\/2024\/03\/MOTOS.jpg?resize=350%2C200&ssl=1 1x, https:\/\/i0.wp.com\/lasprimeras.com.do\/wp-content\/uploads\/2024\/03\/MOTOS.jpg?resize=525%2C300&ssl=1 1.5x, https:\/\/i0.wp.com\/lasprimeras.com.do\/wp-content\/uploads\/2024\/03\/MOTOS.jpg?resize=700%2C400&ssl=1 2x"},"classes":[]},{"id":55486,"url":"https:\/\/lasprimeras.com.do\/index.php\/2023\/07\/21\/accidente-multiple-en-navarrete-deja-10-heridos-ninguno-de-gravedad\/","url_meta":{"origin":62182,"position":4},"title":"Accidente m\u00faltiple en Navarrete deja 10 heridos; ninguno de gravedad","author":"Nelson Feliz","date":"21 de julio de 2023","format":false,"excerpt":"El accidente se habr\u00eda producido luego de que una guagua que transportaba ajuares se la habr\u00eda \u201csalido un colch\u00f3n\u201d. Diez personas resultaron heridas en la tarde de este jueves luego de que se registrara un accidente m\u00faltiple en la autopista Joaqu\u00edn Balaguer, en la entrada de la comunidad Estancia del\u2026","rel":"","context":"En \u00abNACIONALES\u00bb","block_context":{"text":"NACIONALES","link":"https:\/\/lasprimeras.com.do\/index.php\/category\/nacionales\/"},"img":{"alt_text":"camion volcado","src":"https:\/\/i0.wp.com\/lasprimeras.com.do\/wp-content\/uploads\/2023\/07\/camion-volcado.jpeg?resize=350%2C200&ssl=1","width":350,"height":200,"srcset":"https:\/\/i0.wp.com\/lasprimeras.com.do\/wp-content\/uploads\/2023\/07\/camion-volcado.jpeg?resize=350%2C200&ssl=1 1x, https:\/\/i0.wp.com\/lasprimeras.com.do\/wp-content\/uploads\/2023\/07\/camion-volcado.jpeg?resize=525%2C300&ssl=1 1.5x, https:\/\/i0.wp.com\/lasprimeras.com.do\/wp-content\/uploads\/2023\/07\/camion-volcado.jpeg?resize=700%2C400&ssl=1 2x"},"classes":[]},{"id":92363,"url":"https:\/\/lasprimeras.com.do\/index.php\/2025\/01\/03\/accidente-de-una-patana-deja-dos-fallecidos-en-autopista-navarrete-puerto-plata\/","url_meta":{"origin":62182,"position":5},"title":"Accidente de una patana deja dos fallecidos en autopista Navarrete-Puerto Plata","author":"Nelson Feliz","date":"3 de enero de 2025","format":false,"excerpt":"En el hecho fallecieron el chofer que conduc\u00eda el cami\u00f3n y un menor de edad que lo acompa\u00f1aba Dos personas perdieron la vida en un tr\u00e1gico accidente ocurrido la madrugada de este viernes en la autopista Navarrete-Puerto Plata, espec\u00edficamente en el tramo que comprende las comunidades Quebrada Honda y Altamira.\u2026","rel":"","context":"En \u00abNACIONALES\u00bb","block_context":{"text":"NACIONALES","link":"https:\/\/lasprimeras.com.do\/index.php\/category\/nacionales\/"},"img":{"alt_text":"","src":"https:\/\/i0.wp.com\/lasprimeras.com.do\/wp-content\/uploads\/2025\/01\/accide.jpeg?resize=350%2C200&ssl=1","width":350,"height":200,"srcset":"https:\/\/i0.wp.com\/lasprimeras.com.do\/wp-content\/uploads\/2025\/01\/accide.jpeg?resize=350%2C200&ssl=1 1x, https:\/\/i0.wp.com\/lasprimeras.com.do\/wp-content\/uploads\/2025\/01\/accide.jpeg?resize=525%2C300&ssl=1 1.5x, https:\/\/i0.wp.com\/lasprimeras.com.do\/wp-content\/uploads\/2025\/01\/accide.jpeg?resize=700%2C400&ssl=1 2x"},"classes":[]}],"jetpack_sharing_enabled":true,"_links":{"self":[{"href":"https:\/\/lasprimeras.com.do\/index.php\/wp-json\/wp\/v2\/posts\/62182","targetHints":{"allow":["GET"]}}],"collection":[{"href":"https:\/\/lasprimeras.com.do\/index.php\/wp-json\/wp\/v2\/posts"}],"about":[{"href":"https:\/\/lasprimeras.com.do\/index.php\/wp-json\/wp\/v2\/types\/post"}],"author":[{"embeddable":true,"href":"https:\/\/lasprimeras.com.do\/index.php\/wp-json\/wp\/v2\/users\/3"}],"replies":[{"embeddable":true,"href":"https:\/\/lasprimeras.com.do\/index.php\/wp-json\/wp\/v2\/comments?post=62182"}],"version-history":[{"count":1,"href":"https:\/\/lasprimeras.com.do\/index.php\/wp-json\/wp\/v2\/posts\/62182\/revisions"}],"predecessor-version":[{"id":62184,"href":"https:\/\/lasprimeras.com.do\/index.php\/wp-json\/wp\/v2\/posts\/62182\/revisions\/62184"}],"wp:featuredmedia":[{"embeddable":true,"href":"https:\/\/lasprimeras.com.do\/index.php\/wp-json\/wp\/v2\/media\/62183"}],"wp:attachment":[{"href":"https:\/\/lasprimeras.com.do\/index.php\/wp-json\/wp\/v2\/media?parent=62182"}],"wp:term":[{"taxonomy":"category","embeddable":true,"href":"https:\/\/lasprimeras.com.do\/index.php\/wp-json\/wp\/v2\/categories?post=62182"},{"taxonomy":"post_tag","embeddable":true,"href":"https:\/\/lasprimeras.com.do\/index.php\/wp-json\/wp\/v2\/tags?post=62182"}],"curies":[{"name":"wp","href":"https:\/\/api.w.org\/{rel}","templated":true}]}}