{"id":62188,"date":"2023-10-03T14:09:28","date_gmt":"2023-10-03T18:09:28","guid":{"rendered":"https:\/\/lasprimeras.com.do\/?p=62188"},"modified":"2023-10-03T14:09:29","modified_gmt":"2023-10-03T18:09:29","slug":"abinader-califica-de-excelente-trabajo-de-jce-durante-las-primarias-prm","status":"publish","type":"post","link":"https:\/\/lasprimeras.com.do\/index.php\/2023\/10\/03\/abinader-califica-de-excelente-trabajo-de-jce-durante-las-primarias-prm\/","title":{"rendered":"Abinader califica de \u00abexcelente\u00bb trabajo de JCE durante las primarias PRM"},"content":{"rendered":"\n<p>Santo Domingo.-El presidente Luis Abinader calific\u00f3 de excelente el trabajo de la Junta Central Electoral (JCE) que fungi\u00f3 como \u00e1rbitro de las primarias internas del Partido Revolucionario Moderno (PRM) el pasado domingo 1 de octubre.<\/p>\n\n\n\n<p>En ese mismo orden, el mandatario asegur\u00f3 trabajar\u00e1 junto a los dem\u00e1s precandidatos que participaron en el proceso interno para continuar \u00abcon el cambio que necesita y requiere la Rep\u00fablica Dominicana\u00bb.<\/p>\n\n\n\n<p>\u00abEllos mismos se van a integrar y han demostrado su liderazgo en este proceso, ellos saben que esta su gente ah\u00ed, este es su partido. A los tres candidatos que participaron al doctor G\u00f3mez Mazara, al ingeniero Alburquerque y a la doctora Ortiz tambi\u00e9n\u00bb, agreg\u00f3 el jefe de Estado.<\/p>\n\n\n\n<p>Abinader expres\u00f3 que se siente m\u00e1s comprometido, por lo que, asumir\u00e1 la responsabilidad de continuar con los cambios y las reformas en el pa\u00eds.<\/p>\n","protected":false},"excerpt":{"rendered":"<p>Santo Domingo.-El presidente Luis Abinader calific\u00f3 de excelente el trabajo de la Junta Central Electoral (JCE) que fungi\u00f3 como \u00e1rbitro de las primarias internas del Partido Revolucionario Moderno (PRM) el&hellip;<\/p>\n","protected":false},"author":3,"featured_media":62189,"comment_status":"open","ping_status":"open","sticky":false,"template":"","format":"standard","meta":{"content-type":"","jetpack_post_was_ever_published":false,"_jetpack_newsletter_access":"","_jetpack_dont_email_post_to_subs":false,"_jetpack_newsletter_tier_id":0,"_jetpack_memberships_contains_paywalled_content":false,"_jetpack_memberships_contains_paid_content":false,"footnotes":""},"categories":[25],"tags":[],"class_list":["post-62188","post","type-post","status-publish","format-standard","has-post-thumbnail","hentry","category-portada"],"jetpack_featured_media_url":"https:\/\/lasprimeras.com.do\/wp-content\/uploads\/2023\/10\/WhatsApp-Image-2023-10-03-at-11.38.01-AM-2.jpeg","jetpack-related-posts":[{"id":61366,"url":"https:\/\/lasprimeras.com.do\/index.php\/2023\/09\/26\/prm-convoca-militancia-a-votaciones-este-1-de-octubre\/","url_meta":{"origin":62188,"position":0},"title":"PRM convoca militancia a votaciones este 1 de octubre","author":"Nelson Feliz","date":"26 de septiembre de 2023","format":false,"excerpt":"El Partido Revolucionario Moderno (PRM) anunci\u00f3 la celebraci\u00f3n de sus primarias para el pr\u00f3ximo 1 de octubre desde 8 de la ma\u00f1ana hasta 4 de la tarde, en lo que han denominado \u201cuna gran fiesta de la democracia\u201d, invitando a los perreme\u00edstas a votar ya que el cambio comienza en\u2026","rel":"","context":"En \u00abSin categor\u00eda\u00bb","block_context":{"text":"Sin categor\u00eda","link":"https:\/\/lasprimeras.com.do\/index.php\/category\/sin-categoria\/"},"img":{"alt_text":"PRM","src":"https:\/\/i0.wp.com\/lasprimeras.com.do\/wp-content\/uploads\/2023\/09\/PRM-1.jpg?resize=350%2C200&ssl=1","width":350,"height":200,"srcset":"https:\/\/i0.wp.com\/lasprimeras.com.do\/wp-content\/uploads\/2023\/09\/PRM-1.jpg?resize=350%2C200&ssl=1 1x, https:\/\/i0.wp.com\/lasprimeras.com.do\/wp-content\/uploads\/2023\/09\/PRM-1.jpg?resize=525%2C300&ssl=1 1.5x, https:\/\/i0.wp.com\/lasprimeras.com.do\/wp-content\/uploads\/2023\/09\/PRM-1.jpg?resize=700%2C400&ssl=1 2x"},"classes":[]},{"id":62147,"url":"https:\/\/lasprimeras.com.do\/index.php\/2023\/10\/03\/prm-se-consolida-tras-primarias-como-partido-de-masas\/","url_meta":{"origin":62188,"position":1},"title":"PRM se consolida, tras primarias, como partido de masas","author":"BIMARY DE JES\u00daS Matos","date":"3 de octubre de 2023","format":false,"excerpt":"SANTO DOMINGO.-Las primarias del Partido Revolucionario Moderno (PRM) evidenciaron que la organizaci\u00f3n cuenta con una base social estructurada capaz de incidir por s\u00ed solos en los resultados de un proceso electoral.De los 3,092,289 de ciudadanos inscritos en su padr\u00f3n, el PRM logr\u00f3 movilizar a 1026,047 personas. La cantidad triplica los\u2026","rel":"","context":"En \u00abSin categor\u00eda\u00bb","block_context":{"text":"Sin categor\u00eda","link":"https:\/\/lasprimeras.com.do\/index.php\/category\/sin-categoria\/"},"img":{"alt_text":"","src":"https:\/\/i0.wp.com\/lasprimeras.com.do\/wp-content\/uploads\/2023\/10\/WhatsApp-Image-2023-09-28-at-11.50.30-PM-1-1-2.webp?resize=350%2C200&ssl=1","width":350,"height":200,"srcset":"https:\/\/i0.wp.com\/lasprimeras.com.do\/wp-content\/uploads\/2023\/10\/WhatsApp-Image-2023-09-28-at-11.50.30-PM-1-1-2.webp?resize=350%2C200&ssl=1 1x, https:\/\/i0.wp.com\/lasprimeras.com.do\/wp-content\/uploads\/2023\/10\/WhatsApp-Image-2023-09-28-at-11.50.30-PM-1-1-2.webp?resize=525%2C300&ssl=1 1.5x, https:\/\/i0.wp.com\/lasprimeras.com.do\/wp-content\/uploads\/2023\/10\/WhatsApp-Image-2023-09-28-at-11.50.30-PM-1-1-2.webp?resize=700%2C400&ssl=1 2x, https:\/\/i0.wp.com\/lasprimeras.com.do\/wp-content\/uploads\/2023\/10\/WhatsApp-Image-2023-09-28-at-11.50.30-PM-1-1-2.webp?resize=1050%2C600&ssl=1 3x, https:\/\/i0.wp.com\/lasprimeras.com.do\/wp-content\/uploads\/2023\/10\/WhatsApp-Image-2023-09-28-at-11.50.30-PM-1-1-2.webp?resize=1400%2C800&ssl=1 4x"},"classes":[]},{"id":62261,"url":"https:\/\/lasprimeras.com.do\/index.php\/2023\/10\/04\/luis-abinader-destaca-madurez-y-liderazgo-precandidatos-del-prm\/","url_meta":{"origin":62188,"position":2},"title":"Luis Abinader destaca madurez y liderazgo precandidatos del PRM","author":"BIMARY DE JES\u00daS Matos","date":"4 de octubre de 2023","format":false,"excerpt":"SANTO DOMINGO.- El presidente Luis Abinader destac\u00f3 este martes la madurez y el liderazgo que demostraron los precandidatos a la presidencia de la Rep\u00fablica Dominicana Guido G\u00f3mez Mazara, Ram\u00f3n Alburquerque y Delia Josefina Ortiz en las reci\u00e9n celebradas primarias del gubernamental Partido Revolucionario Moderno (PRD). Asimismo, asegur\u00f3 que \u00abtodos los\u2026","rel":"","context":"En \u00abSin categor\u00eda\u00bb","block_context":{"text":"Sin categor\u00eda","link":"https:\/\/lasprimeras.com.do\/index.php\/category\/sin-categoria\/"},"img":{"alt_text":"","src":"https:\/\/i0.wp.com\/lasprimeras.com.do\/wp-content\/uploads\/2023\/10\/WhatsApp-Image-2023-10-03-at-10.20.05-AM-1.jpeg?resize=350%2C200&ssl=1","width":350,"height":200,"srcset":"https:\/\/i0.wp.com\/lasprimeras.com.do\/wp-content\/uploads\/2023\/10\/WhatsApp-Image-2023-10-03-at-10.20.05-AM-1.jpeg?resize=350%2C200&ssl=1 1x, https:\/\/i0.wp.com\/lasprimeras.com.do\/wp-content\/uploads\/2023\/10\/WhatsApp-Image-2023-10-03-at-10.20.05-AM-1.jpeg?resize=525%2C300&ssl=1 1.5x, https:\/\/i0.wp.com\/lasprimeras.com.do\/wp-content\/uploads\/2023\/10\/WhatsApp-Image-2023-10-03-at-10.20.05-AM-1.jpeg?resize=700%2C400&ssl=1 2x"},"classes":[]},{"id":65464,"url":"https:\/\/lasprimeras.com.do\/index.php\/2023\/10\/28\/prm-proclama-a-luis-abinader-como-su-candidato-presidencial\/","url_meta":{"origin":62188,"position":3},"title":"PRM proclama a Luis Abinader como su candidato presidencial","author":"BIMARY DE JES\u00daS Matos","date":"28 de octubre de 2023","format":false,"excerpt":"Santo Domingo. -El Partido Revolucionario Moderno (PRM) proclam\u00f3 en su XXII Convenci\u00f3n Nacional Extraordinaria a Luis Abinader Corona, como su candidato presidencial con un total de 968 mil votos de perreme\u00edstas que votaron por elecci\u00f3n popular y a los candidatos que habr\u00e1n de representar las boletas en los niveles congresuales,\u2026","rel":"","context":"En \u00abSin categor\u00eda\u00bb","block_context":{"text":"Sin categor\u00eda","link":"https:\/\/lasprimeras.com.do\/index.php\/category\/sin-categoria\/"},"img":{"alt_text":"","src":"https:\/\/i0.wp.com\/lasprimeras.com.do\/wp-content\/uploads\/2023\/10\/WhatsApp-Image-2023-10-28-at-2.43.07-PM.jpeg?resize=350%2C200&ssl=1","width":350,"height":200},"classes":[]},{"id":61921,"url":"https:\/\/lasprimeras.com.do\/index.php\/2023\/10\/02\/abinader-gana-ampliamente-y-tiende-la-mano-a-guido-alburquerque-y-a-delia-josefina\/","url_meta":{"origin":62188,"position":4},"title":"Abinader gana ampliamente y tiende la mano a Guido, Alburquerque y a Delia Josefina","author":"BIMARY DE JES\u00daS Matos","date":"2 de octubre de 2023","format":false,"excerpt":"Santo Domingo.-Luego que se proclamara su victoria como candidato presidencial del Partido Revolucionario Moderno (PRM), el presidente Luis Abinader agradeci\u00f3 a todos los precandidatos que participaron en estas primarias internas, en especial a los tres miembros de ese partido que compet\u00edan por la misma posici\u00f3n que \u00e9l. En un discurso,\u2026","rel":"","context":"En \u00abSin categor\u00eda\u00bb","block_context":{"text":"Sin categor\u00eda","link":"https:\/\/lasprimeras.com.do\/index.php\/category\/sin-categoria\/"},"img":{"alt_text":"","src":"https:\/\/i0.wp.com\/lasprimeras.com.do\/wp-content\/uploads\/2023\/10\/WhatsApp-Image-2023-09-28-at-11.50.30-PM-1-2.jpeg?resize=350%2C200&ssl=1","width":350,"height":200,"srcset":"https:\/\/i0.wp.com\/lasprimeras.com.do\/wp-content\/uploads\/2023\/10\/WhatsApp-Image-2023-09-28-at-11.50.30-PM-1-2.jpeg?resize=350%2C200&ssl=1 1x, https:\/\/i0.wp.com\/lasprimeras.com.do\/wp-content\/uploads\/2023\/10\/WhatsApp-Image-2023-09-28-at-11.50.30-PM-1-2.jpeg?resize=525%2C300&ssl=1 1.5x, https:\/\/i0.wp.com\/lasprimeras.com.do\/wp-content\/uploads\/2023\/10\/WhatsApp-Image-2023-09-28-at-11.50.30-PM-1-2.jpeg?resize=700%2C400&ssl=1 2x"},"classes":[]},{"id":60366,"url":"https:\/\/lasprimeras.com.do\/index.php\/2023\/09\/13\/jce-impreme-boletas-electorales-para-las-elecciones-primarias-del-prm\/","url_meta":{"origin":62188,"position":5},"title":"JCE impreme boletas electorales para las elecciones primarias del PRM","author":"Nelson Feliz","date":"13 de septiembre de 2023","format":false,"excerpt":"Por Martin Restituyo La Junta Central Electoral (JCE) inici\u00f3 este mi\u00e9rcoles la impresi\u00f3n de las boletas que ser\u00e1n utilizadas en las elecciones primarias del Partido Revolucionario Moderno del pr\u00f3ximo primero de octubre. El proceso de impresi\u00f3n qued\u00f3 formalmente abierto en un acto en la sede del \u00f3rgano electoral encabezado por\u2026","rel":"","context":"En \u00abPORTADA\u00bb","block_context":{"text":"PORTADA","link":"https:\/\/lasprimeras.com.do\/index.php\/category\/portada\/"},"img":{"alt_text":"Rafael Armando Vallejo Santelises y Dolores Altagracia Fern\u00e1ndez","src":"https:\/\/i0.wp.com\/lasprimeras.com.do\/wp-content\/uploads\/2023\/09\/Rafael-Armando-Vallejo-Santelises-y-Dolores-Altagracia-Fernandez.jpg?resize=350%2C200&ssl=1","width":350,"height":200,"srcset":"https:\/\/i0.wp.com\/lasprimeras.com.do\/wp-content\/uploads\/2023\/09\/Rafael-Armando-Vallejo-Santelises-y-Dolores-Altagracia-Fernandez.jpg?resize=350%2C200&ssl=1 1x, https:\/\/i0.wp.com\/lasprimeras.com.do\/wp-content\/uploads\/2023\/09\/Rafael-Armando-Vallejo-Santelises-y-Dolores-Altagracia-Fernandez.jpg?resize=525%2C300&ssl=1 1.5x, https:\/\/i0.wp.com\/lasprimeras.com.do\/wp-content\/uploads\/2023\/09\/Rafael-Armando-Vallejo-Santelises-y-Dolores-Altagracia-Fernandez.jpg?resize=700%2C400&ssl=1 2x"},"classes":[]}],"jetpack_sharing_enabled":true,"_links":{"self":[{"href":"https:\/\/lasprimeras.com.do\/index.php\/wp-json\/wp\/v2\/posts\/62188","targetHints":{"allow":["GET"]}}],"collection":[{"href":"https:\/\/lasprimeras.com.do\/index.php\/wp-json\/wp\/v2\/posts"}],"about":[{"href":"https:\/\/lasprimeras.com.do\/index.php\/wp-json\/wp\/v2\/types\/post"}],"author":[{"embeddable":true,"href":"https:\/\/lasprimeras.com.do\/index.php\/wp-json\/wp\/v2\/users\/3"}],"replies":[{"embeddable":true,"href":"https:\/\/lasprimeras.com.do\/index.php\/wp-json\/wp\/v2\/comments?post=62188"}],"version-history":[{"count":1,"href":"https:\/\/lasprimeras.com.do\/index.php\/wp-json\/wp\/v2\/posts\/62188\/revisions"}],"predecessor-version":[{"id":62190,"href":"https:\/\/lasprimeras.com.do\/index.php\/wp-json\/wp\/v2\/posts\/62188\/revisions\/62190"}],"wp:featuredmedia":[{"embeddable":true,"href":"https:\/\/lasprimeras.com.do\/index.php\/wp-json\/wp\/v2\/media\/62189"}],"wp:attachment":[{"href":"https:\/\/lasprimeras.com.do\/index.php\/wp-json\/wp\/v2\/media?parent=62188"}],"wp:term":[{"taxonomy":"category","embeddable":true,"href":"https:\/\/lasprimeras.com.do\/index.php\/wp-json\/wp\/v2\/categories?post=62188"},{"taxonomy":"post_tag","embeddable":true,"href":"https:\/\/lasprimeras.com.do\/index.php\/wp-json\/wp\/v2\/tags?post=62188"}],"curies":[{"name":"wp","href":"https:\/\/api.w.org\/{rel}","templated":true}]}}