{"id":62194,"date":"2023-10-03T14:14:34","date_gmt":"2023-10-03T18:14:34","guid":{"rendered":"https:\/\/lasprimeras.com.do\/?p=62194"},"modified":"2023-10-03T14:14:36","modified_gmt":"2023-10-03T18:14:36","slug":"solicita-prision-contra-traficantes-los-firaen-santiago","status":"publish","type":"post","link":"https:\/\/lasprimeras.com.do\/index.php\/2023\/10\/03\/solicita-prision-contra-traficantes-los-firaen-santiago\/","title":{"rendered":"Solicita prisi\u00f3n contra traficantes \u00abLos Fira\u00bben Santiago"},"content":{"rendered":"\n<p>SANTIAGO .- La Fiscal\u00eda de Santiago le imputa cargos provisionales de violaci\u00f3n a varios art\u00edculos de la Ley 50-88 sobre Drogas y Sustancias Controladas, a la Ley 631-16 de Armas, Municiones y Materiales Relacionados y a la 155-17 sobre Lavado de Activos, a los traficantes de drogas, a quienes incaut\u00f3 m\u00e1s de 2 mil libras de marihuana, coca\u00edna, armas, veh\u00edculos, prendas y dinero en efectivo en un operativo interagencial en esta provincia.<\/p>\n\n\n\n<p>Tras la operaci\u00f3n, coordinada por el Ministerio P\u00fablico junto a la Direcci\u00f3n Nacional de Control de Drogas (DNCD), a trav\u00e9s de la Direcci\u00f3n de Operaciones Contra el Tr\u00e1fico de Drogas para el Consumo Interno (Dotci), la Fiscal\u00eda depur\u00f3 las evidencias y detenidos, y present\u00f3 cargos provisionales contra los imputados Jos\u00e9 Andr\u00e9s Rodr\u00edguez Guzm\u00e1n (Fira); \u00c1ngelo Jos\u00e9 Rodr\u00edguez Rodr\u00edguez (El Fira) y Luis Miguel Vargas, contra quienes solicita se ordene la prisi\u00f3n preventiva por espacio de 12 meses.<\/p>\n\n\n\n<p>Plantea, tambi\u00e9n, el Ministerio P\u00fablico, que existen elementos suficientes para declarar el proceso de tramitaci\u00f3n compleja.<\/p>\n\n\n\n<p>En varios allanamientos simult\u00e1neos las autoridades lograron incautarse de 400 pacas con un peso aproximado de 2,227 libras de las que, por sus caracter\u00edsticas, presume es marihuana. As\u00ed tambi\u00e9n ocuparon un kilogramo de una sustancia que podr\u00eda ser coca\u00edna.<\/p>\n\n\n\n<p>Tambi\u00e9n, se le ocup\u00f3 dos pistolas, una Carandai y una Taurus calibre nueve mil\u00edmetros, as\u00ed como una escopeta Maverick calibre 12 mil\u00edmetros, y 14 cartuchos para la misma.<\/p>\n\n\n\n<p>El Ministerio P\u00fablico tiene entre las evidencias incautadas dos veh\u00edculos, un autob\u00fas, prendas, dos balanzas digitales, una m\u00e1quina trituradora, y una m\u00e1quina para empaque al vac\u00edo.<\/p>\n\n\n\n<p>En poder de las autoridades del Ministerio P\u00fablico hay varios rollos de pl\u00e1stico utilizados para empacar la droga; otros rollos de material textil sint\u00e9tico, as\u00ed como decenas de c\u00e1psulas de distintos calibres.<\/p>\n\n\n\n<p>El Ministerio P\u00fablico le ha otorgado al presente proceso la calificaci\u00f3n jur\u00eddica provisional de violaci\u00f3n a los art\u00edculos 4 letra (D), 5 letra (A), 6 letra (A), art\u00edculos 8, 9 letra (D y F); tambi\u00e9n los art\u00edculos 28, 50, 34 y 75 p\u00e1rrafo II, de la Ley 50-88 sobre Drogas y Sustancias Controladas en la categor\u00eda de traficantes.<\/p>\n\n\n\n<p>Adem\u00e1s, estos hechos constituyen violaci\u00f3n a los art\u00edculos 66 y 67 de la Ley 631-16, para el Control y Regulaci\u00f3n de Armas, Municiones y Materiales Relacionados, as\u00ed como transgresi\u00f3n a la Ley 155-17 sobre Lavado de Activos.<\/p>\n","protected":false},"excerpt":{"rendered":"<p>SANTIAGO .- La Fiscal\u00eda de Santiago le imputa cargos provisionales de violaci\u00f3n a varios art\u00edculos de la Ley 50-88 sobre Drogas y Sustancias Controladas, a la Ley 631-16 de Armas,&hellip;<\/p>\n","protected":false},"author":3,"featured_media":62195,"comment_status":"open","ping_status":"open","sticky":false,"template":"","format":"standard","meta":{"content-type":"","jetpack_post_was_ever_published":false,"_jetpack_newsletter_access":"","_jetpack_dont_email_post_to_subs":false,"_jetpack_newsletter_tier_id":0,"_jetpack_memberships_contains_paywalled_content":false,"_jetpack_memberships_contains_paid_content":false,"footnotes":""},"categories":[35],"tags":[],"class_list":["post-62194","post","type-post","status-publish","format-standard","has-post-thumbnail","hentry","category-nacionales"],"jetpack_featured_media_url":"https:\/\/lasprimeras.com.do\/wp-content\/uploads\/2023\/10\/WhatsApp-Image-2023-10-03-at-11.38.01-AM-4.jpeg","jetpack-related-posts":[{"id":88142,"url":"https:\/\/lasprimeras.com.do\/index.php\/2024\/08\/22\/condena-de-15-anos-de-prision-contra-hombre-por-trafico-internacional-de-drogas\/","url_meta":{"origin":62194,"position":0},"title":"Condena de 15 a\u00f1os de prisi\u00f3n contra hombre por tr\u00e1fico internacional de drogas","author":"Nelson Feliz","date":"22 de agosto de 2024","format":false,"excerpt":"La Fiscal\u00eda de Santo Domingo Este y Norte logr\u00f3 que el Primer Tribunal Colegiado de esta jurisdicci\u00f3n condenar\u00e1 a 15 a\u00f1os de prisi\u00f3n a un hombre por tr\u00e1fico internacional de drogas. El Ministerio P\u00fablico, representado por el fiscal litigante Ignacio Rojas demostr\u00f3 ante los jueces Elizabeth Esperanza Rodr\u00edguez Espinal, Flor\u2026","rel":"","context":"En \u00abJUSTICIA\u00bb","block_context":{"text":"JUSTICIA","link":"https:\/\/lasprimeras.com.do\/index.php\/category\/justicia\/"},"img":{"alt_text":"FISCALIA SDE","src":"https:\/\/i0.wp.com\/lasprimeras.com.do\/wp-content\/uploads\/2023\/10\/FISCALIA-SDE.jpg?resize=350%2C200&ssl=1","width":350,"height":200,"srcset":"https:\/\/i0.wp.com\/lasprimeras.com.do\/wp-content\/uploads\/2023\/10\/FISCALIA-SDE.jpg?resize=350%2C200&ssl=1 1x, https:\/\/i0.wp.com\/lasprimeras.com.do\/wp-content\/uploads\/2023\/10\/FISCALIA-SDE.jpg?resize=525%2C300&ssl=1 1.5x, https:\/\/i0.wp.com\/lasprimeras.com.do\/wp-content\/uploads\/2023\/10\/FISCALIA-SDE.jpg?resize=700%2C400&ssl=1 2x"},"classes":[]},{"id":73026,"url":"https:\/\/lasprimeras.com.do\/index.php\/2024\/01\/05\/ministerio-publico-pide-prision-preventiva-contra-hombre-arrestado-en-cabana\/","url_meta":{"origin":62194,"position":1},"title":"Ministerio P\u00fablico pide prisi\u00f3n preventiva contra hombre arrestado en caba\u00f1a","author":"Nelson Feliz","date":"5 de enero de 2024","format":false,"excerpt":"La solicitud de medida de coerci\u00f3n y la declaratoria de caso complejo fue solicitada ante el Juzgado de Atenci\u00f3n Permanente de San Pedro de Macor\u00eds, que ya fij\u00f3 la vista de la audiencia para el 12 de enero. La Fiscal\u00eda de San Pedro de Macor\u00eds solicit\u00f3 prisi\u00f3n preventiva en contra\u2026","rel":"","context":"En \u00abJUSTICIA\u00bb","block_context":{"text":"JUSTICIA","link":"https:\/\/lasprimeras.com.do\/index.php\/category\/justicia\/"},"img":{"alt_text":"Palacio de Justicia de San Pedro de Macor\u00eds.","src":"https:\/\/i0.wp.com\/lasprimeras.com.do\/wp-content\/uploads\/2024\/01\/Palacio-de-Justicia-de-San-Pedro-de-Macoris.jpeg?resize=350%2C200&ssl=1","width":350,"height":200,"srcset":"https:\/\/i0.wp.com\/lasprimeras.com.do\/wp-content\/uploads\/2024\/01\/Palacio-de-Justicia-de-San-Pedro-de-Macoris.jpeg?resize=350%2C200&ssl=1 1x, https:\/\/i0.wp.com\/lasprimeras.com.do\/wp-content\/uploads\/2024\/01\/Palacio-de-Justicia-de-San-Pedro-de-Macoris.jpeg?resize=525%2C300&ssl=1 1.5x, https:\/\/i0.wp.com\/lasprimeras.com.do\/wp-content\/uploads\/2024\/01\/Palacio-de-Justicia-de-San-Pedro-de-Macoris.jpeg?resize=700%2C400&ssl=1 2x"},"classes":[]},{"id":98683,"url":"https:\/\/lasprimeras.com.do\/index.php\/2025\/05\/11\/envian-a-prision-hombre-acusado-de-usar-nino-para-distribuir-drogas-en-santiago\/","url_meta":{"origin":62194,"position":2},"title":"Env\u00edan a prisi\u00f3n hombre acusado de usar ni\u00f1o para distribuir drogas en Santiago","author":"Nelson Feliz","date":"11 de mayo de 2025","format":false,"excerpt":"El caso sali\u00f3 a la luz cuando al menor le fue ocupada una porci\u00f3n de marihuana en una escuela de La Yag\u00fcita de Pastor. La Oficina Judicial de Servicios de Atenci\u00f3n Permanente de Santiago impuso tres meses de prisi\u00f3n preventiva, como medida de coerci\u00f3n, a un hombre acusado de utilizar\u2026","rel":"","context":"En \u00abJUSTICIA\u00bb","block_context":{"text":"JUSTICIA","link":"https:\/\/lasprimeras.com.do\/index.php\/category\/justicia\/"},"img":{"alt_text":"","src":"https:\/\/i0.wp.com\/lasprimeras.com.do\/wp-content\/uploads\/2025\/05\/PRESO.jpg?resize=350%2C200&ssl=1","width":350,"height":200,"srcset":"https:\/\/i0.wp.com\/lasprimeras.com.do\/wp-content\/uploads\/2025\/05\/PRESO.jpg?resize=350%2C200&ssl=1 1x, https:\/\/i0.wp.com\/lasprimeras.com.do\/wp-content\/uploads\/2025\/05\/PRESO.jpg?resize=525%2C300&ssl=1 1.5x, https:\/\/i0.wp.com\/lasprimeras.com.do\/wp-content\/uploads\/2025\/05\/PRESO.jpg?resize=700%2C400&ssl=1 2x"},"classes":[]},{"id":84767,"url":"https:\/\/lasprimeras.com.do\/index.php\/2024\/06\/15\/dncd-y-mp-capturan-condenado-a-20-anos-por-narcotrafico-que-se-encontraba-profugo\/","url_meta":{"origin":62194,"position":3},"title":"DNCD y MP capturan condenado a 20 a\u00f1os por narcotr\u00e1fico que se encontraba pr\u00f3fugo","author":"Nelson Feliz","date":"15 de junio de 2024","format":false,"excerpt":"Al ex teniente de la Polic\u00eda Nacional se le ocuparon m\u00e1s de 41,000 d\u00f3lares al momento de su arresto. Por Martin Restituyo La Direcci\u00f3n Nacional de Control de Drogas (DNCD) y el Ministerio P\u00fablico (MP), arrestaron al condenado Wiltor Antonio Toribio, contra quien se dict\u00f3 una condena de 20 a\u00f1os\u2026","rel":"","context":"En \u00abMILITARES\u00bb","block_context":{"text":"MILITARES","link":"https:\/\/lasprimeras.com.do\/index.php\/category\/militares\/"},"img":{"alt_text":"DNCD","src":"https:\/\/i0.wp.com\/lasprimeras.com.do\/wp-content\/uploads\/2024\/06\/DNCD-4.jpg?resize=350%2C200&ssl=1","width":350,"height":200,"srcset":"https:\/\/i0.wp.com\/lasprimeras.com.do\/wp-content\/uploads\/2024\/06\/DNCD-4.jpg?resize=350%2C200&ssl=1 1x, https:\/\/i0.wp.com\/lasprimeras.com.do\/wp-content\/uploads\/2024\/06\/DNCD-4.jpg?resize=525%2C300&ssl=1 1.5x, https:\/\/i0.wp.com\/lasprimeras.com.do\/wp-content\/uploads\/2024\/06\/DNCD-4.jpg?resize=700%2C400&ssl=1 2x"},"classes":[]},{"id":69152,"url":"https:\/\/lasprimeras.com.do\/index.php\/2023\/11\/30\/imponen-prision-preventiva-contra-un-hombre-y-dos-mujeres-explotaba-sexualmente-extranjeras-en-santiago\/","url_meta":{"origin":62194,"position":4},"title":"Imponen prisi\u00f3n preventiva contra un hombre y dos mujeres explotaba sexualmente extranjeras en Santiago","author":"Nelson Feliz","date":"30 de noviembre de 2023","format":false,"excerpt":"Por Roberto P\u00e9rez La Primera Sala de la C\u00e1mara Penal de la Corte de Apelaci\u00f3n de este distrito judicial, acogiendo la solitud del Ministerio P\u00fablico, revoc\u00f3 la decisi\u00f3n del Tribunal de Atenci\u00f3n Permanente y estableci\u00f3 la prisi\u00f3n preventiva, como medida de coerci\u00f3n, en contra de un hombre y dos mujeres\u2026","rel":"","context":"En \u00abJUSTICIA\u00bb","block_context":{"text":"JUSTICIA","link":"https:\/\/lasprimeras.com.do\/index.php\/category\/justicia\/"},"img":{"alt_text":"","src":"https:\/\/i0.wp.com\/lasprimeras.com.do\/wp-content\/uploads\/2023\/11\/tribunal.png?resize=350%2C200&ssl=1","width":350,"height":200},"classes":[]},{"id":93633,"url":"https:\/\/lasprimeras.com.do\/index.php\/2025\/02\/15\/dncd-apresan-979-personas-y-ocupan-157-000-gramos-de-narcoticos\/","url_meta":{"origin":62194,"position":5},"title":"DNCD apresan 979 personas y ocupan 157 000 gramos de narc\u00f3ticos","author":"Nelson Feliz","date":"15 de febrero de 2025","format":false,"excerpt":"Agentes de la Direcci\u00f3n Nacional de Control de Drogas (DNCD) y miembros del Ministerio P\u00fablico, ocuparon durante la \u00faltima semana m\u00e1s de 157, 000 gramos de distintos narc\u00f3ticos, en operativos y allanamientos realizados a nivel nacional. Durante unos 95 allanamientos y m\u00e1s de tres mil operativos, los equipos operativos de\u2026","rel":"","context":"En \u00abMILITARES\u00bb","block_context":{"text":"MILITARES","link":"https:\/\/lasprimeras.com.do\/index.php\/category\/militares\/"},"img":{"alt_text":"","src":"https:\/\/i0.wp.com\/lasprimeras.com.do\/wp-content\/uploads\/2025\/02\/dncd.jpg?resize=350%2C200&ssl=1","width":350,"height":200,"srcset":"https:\/\/i0.wp.com\/lasprimeras.com.do\/wp-content\/uploads\/2025\/02\/dncd.jpg?resize=350%2C200&ssl=1 1x, https:\/\/i0.wp.com\/lasprimeras.com.do\/wp-content\/uploads\/2025\/02\/dncd.jpg?resize=525%2C300&ssl=1 1.5x, https:\/\/i0.wp.com\/lasprimeras.com.do\/wp-content\/uploads\/2025\/02\/dncd.jpg?resize=700%2C400&ssl=1 2x"},"classes":[]}],"jetpack_sharing_enabled":true,"_links":{"self":[{"href":"https:\/\/lasprimeras.com.do\/index.php\/wp-json\/wp\/v2\/posts\/62194","targetHints":{"allow":["GET"]}}],"collection":[{"href":"https:\/\/lasprimeras.com.do\/index.php\/wp-json\/wp\/v2\/posts"}],"about":[{"href":"https:\/\/lasprimeras.com.do\/index.php\/wp-json\/wp\/v2\/types\/post"}],"author":[{"embeddable":true,"href":"https:\/\/lasprimeras.com.do\/index.php\/wp-json\/wp\/v2\/users\/3"}],"replies":[{"embeddable":true,"href":"https:\/\/lasprimeras.com.do\/index.php\/wp-json\/wp\/v2\/comments?post=62194"}],"version-history":[{"count":1,"href":"https:\/\/lasprimeras.com.do\/index.php\/wp-json\/wp\/v2\/posts\/62194\/revisions"}],"predecessor-version":[{"id":62196,"href":"https:\/\/lasprimeras.com.do\/index.php\/wp-json\/wp\/v2\/posts\/62194\/revisions\/62196"}],"wp:featuredmedia":[{"embeddable":true,"href":"https:\/\/lasprimeras.com.do\/index.php\/wp-json\/wp\/v2\/media\/62195"}],"wp:attachment":[{"href":"https:\/\/lasprimeras.com.do\/index.php\/wp-json\/wp\/v2\/media?parent=62194"}],"wp:term":[{"taxonomy":"category","embeddable":true,"href":"https:\/\/lasprimeras.com.do\/index.php\/wp-json\/wp\/v2\/categories?post=62194"},{"taxonomy":"post_tag","embeddable":true,"href":"https:\/\/lasprimeras.com.do\/index.php\/wp-json\/wp\/v2\/tags?post=62194"}],"curies":[{"name":"wp","href":"https:\/\/api.w.org\/{rel}","templated":true}]}}