{"id":62197,"date":"2023-10-03T14:19:09","date_gmt":"2023-10-03T18:19:09","guid":{"rendered":"https:\/\/lasprimeras.com.do\/?p=62197"},"modified":"2023-10-03T14:19:10","modified_gmt":"2023-10-03T18:19:10","slug":"el-gobierno-destinara-2000-millones-de-pesos-para-el-plan-de-seguridad-ciudadana","status":"publish","type":"post","link":"https:\/\/lasprimeras.com.do\/index.php\/2023\/10\/03\/el-gobierno-destinara-2000-millones-de-pesos-para-el-plan-de-seguridad-ciudadana\/","title":{"rendered":"El Gobierno destinar\u00e1 2,000 millones de pesos para el Plan de Seguridad Ciudadana"},"content":{"rendered":"\n<p>Santo Domingo.-El Gobierno asignar\u00e1 2,000 millones de pesos para continuar con el Plan de Seguridad Ciudadana, seg\u00fan la partida contemplada en el proyecto de presupuesto general de 2024 depositado ante el Congreso Nacional, ascendente a RD$1,371,000,000,000<\/p>\n\n\n\n<p>En esta parte contempla continuar con el proyecto de construcci\u00f3n de la verja perimetral inteligente en la zona fronteriza, lo cual supone un proyecto de alta priorizaci\u00f3n, dadas las condiciones sociopol\u00edticas imperantes en la vecina naci\u00f3n de la Rep\u00fablica de Hait\u00ed.<\/p>\n\n\n\n<p>El proyecto indica que con un monto asignado de RD$2,000 millones, que busca continuar la Reforma Policial, complementando los alcances del a\u00f1o en curso con el fortalecimiento de las capacidades t\u00e9cnicas y el mejoramiento de la formaci\u00f3n de los cuerpos de seguridad nacional.<\/p>\n\n\n\n<p>\u201cEn este sentido, se destaca el proyecto de modernizaci\u00f3n del modelo educativo del Instituto Policial de Educaci\u00f3n Superior (IPES) mediante una inversi\u00f3n significativa destinada a mejorar las herramientas e instalaciones disponibles para este prop\u00f3sito. En consonancia, se continuar\u00e1 la construcci\u00f3n y reconstrucci\u00f3n de destacamentos policiales en m\u00faltiples provincias del pa\u00eds. En adici\u00f3n, se considera la continuaci\u00f3n del proyecto de construcci\u00f3n de una verja perimetral inteligente en la zona fronteriza, lo cual supone un proyecto de alta priorizaci\u00f3n, dadas las condiciones sociopol\u00edticas imperantes en la vecina naci\u00f3n de la Rep\u00fablica de Hait\u00ed\u201d<\/p>\n\n\n\n<p>En el proyecto de 422 p\u00e1ginas detalla los ingresos y gastos que tendr\u00e1 el Gobierno para el pr\u00f3ximo a\u00f1o, incluidas las partitas presupuestarias para las distintas dependencias.<\/p>\n","protected":false},"excerpt":{"rendered":"<p>Santo Domingo.-El Gobierno asignar\u00e1 2,000 millones de pesos para continuar con el Plan de Seguridad Ciudadana, seg\u00fan la partida contemplada en el proyecto de presupuesto general de 2024 depositado ante&hellip;<\/p>\n","protected":false},"author":3,"featured_media":62198,"comment_status":"open","ping_status":"open","sticky":false,"template":"","format":"standard","meta":{"content-type":"","jetpack_post_was_ever_published":false,"_jetpack_newsletter_access":"","_jetpack_dont_email_post_to_subs":false,"_jetpack_newsletter_tier_id":0,"_jetpack_memberships_contains_paywalled_content":false,"_jetpack_memberships_contains_paid_content":false,"footnotes":""},"categories":[25],"tags":[],"class_list":["post-62197","post","type-post","status-publish","format-standard","has-post-thumbnail","hentry","category-portada"],"jetpack_featured_media_url":"https:\/\/lasprimeras.com.do\/wp-content\/uploads\/2023\/10\/WhatsApp-Image-2023-10-03-at-11.38.01-AM-5.jpeg","jetpack-related-posts":[{"id":54216,"url":"https:\/\/lasprimeras.com.do\/index.php\/2023\/07\/08\/gobierno-entrega-120-viviendas-de-bajo-costo-en-san-cristobal-y-bani\/","url_meta":{"origin":62197,"position":0},"title":"Gobierno entrega 120 viviendas de bajo costo en San Crist\u00f3bal y Ban\u00ed","author":"Nelson Feliz","date":"8 de julio de 2023","format":false,"excerpt":"Dando continuidad al amplio programa de inauguraciones del Gobierno la vicepresidenta Raquel Pe\u00f1a entreg\u00f3 este s\u00e1bado 120 apartamentos de bajo costo, 31 de los cuales pertenecen al Plan Nacional de Viviendas Familia F\u00e9liz, del Ministerio de la Presidencia, siendo \u00e9sta la novena entrega de proyectos. Pe\u00f1a tambi\u00e9n, inaugur\u00f3 cuatro proyectos\u2026","rel":"","context":"En \u00abECONOM\u00cdA\u00bb","block_context":{"text":"ECONOM\u00cdA","link":"https:\/\/lasprimeras.com.do\/index.php\/category\/economia\/"},"img":{"alt_text":"Raquel Pe\u00f1a","src":"https:\/\/i0.wp.com\/lasprimeras.com.do\/wp-content\/uploads\/2023\/07\/Raquel-Pena-3.jpg?resize=350%2C200&ssl=1","width":350,"height":200,"srcset":"https:\/\/i0.wp.com\/lasprimeras.com.do\/wp-content\/uploads\/2023\/07\/Raquel-Pena-3.jpg?resize=350%2C200&ssl=1 1x, https:\/\/i0.wp.com\/lasprimeras.com.do\/wp-content\/uploads\/2023\/07\/Raquel-Pena-3.jpg?resize=525%2C300&ssl=1 1.5x, https:\/\/i0.wp.com\/lasprimeras.com.do\/wp-content\/uploads\/2023\/07\/Raquel-Pena-3.jpg?resize=700%2C400&ssl=1 2x"},"classes":[]},{"id":71270,"url":"https:\/\/lasprimeras.com.do\/index.php\/2023\/12\/18\/senado-aprueba-presupuesto-general-del-estado-para-el-2024\/","url_meta":{"origin":62197,"position":1},"title":"Senado aprueba Presupuesto General del Estado para el 2024","author":"Nelson Feliz","date":"18 de diciembre de 2023","format":false,"excerpt":"Por Martin Restituyo El Senado de la Rep\u00fablica aprob\u00f3 en primera lectura el proyecto de Presupuesto General del Estado para el a\u00f1o 2024 con sus adendas, por un monto de (RD$1,619,679,766,693). La iniciativa recibi\u00f3 17 votos a favor de los senadores del Partido Revolucionario Moderno y sus aliados, Partido Reformista\u2026","rel":"","context":"En \u00abECONOM\u00cdA\u00bb","block_context":{"text":"ECONOM\u00cdA","link":"https:\/\/lasprimeras.com.do\/index.php\/category\/economia\/"},"img":{"alt_text":"senado","src":"https:\/\/i0.wp.com\/lasprimeras.com.do\/wp-content\/uploads\/2023\/12\/senado-3.jpg?resize=350%2C200&ssl=1","width":350,"height":200,"srcset":"https:\/\/i0.wp.com\/lasprimeras.com.do\/wp-content\/uploads\/2023\/12\/senado-3.jpg?resize=350%2C200&ssl=1 1x, https:\/\/i0.wp.com\/lasprimeras.com.do\/wp-content\/uploads\/2023\/12\/senado-3.jpg?resize=525%2C300&ssl=1 1.5x"},"classes":[]},{"id":105876,"url":"https:\/\/lasprimeras.com.do\/index.php\/2025\/08\/07\/gobierno-asigna-4000-millones-de-pesos-a-los-municipios-para-construccion-de-aceras-y-contenes\/","url_meta":{"origin":62197,"position":2},"title":"Gobierno asigna 4,000 millones de pesos a los municipios para construcci\u00f3n de aceras y contenes","author":"Nelson Feliz","date":"7 de agosto de 2025","format":false,"excerpt":"El Gobierno Central anunci\u00f3 este jueves la asignaci\u00f3n de un presupuesto de 4,000 millones de pesos para ejecutar un Plan Nacional de Mejoramiento de Infraestructura Peatonal, orientado a la construcci\u00f3n de aceras y contenes en los diferentes municipios del pa\u00eds. La decisi\u00f3n fue dada a conocer por el presidente de\u2026","rel":"","context":"En \u00abECONOM\u00cdA\u00bb","block_context":{"text":"ECONOM\u00cdA","link":"https:\/\/lasprimeras.com.do\/index.php\/category\/economia\/"},"img":{"alt_text":"","src":"https:\/\/i0.wp.com\/lasprimeras.com.do\/wp-content\/uploads\/2025\/08\/LMD.jpg?resize=350%2C200&ssl=1","width":350,"height":200,"srcset":"https:\/\/i0.wp.com\/lasprimeras.com.do\/wp-content\/uploads\/2025\/08\/LMD.jpg?resize=350%2C200&ssl=1 1x, https:\/\/i0.wp.com\/lasprimeras.com.do\/wp-content\/uploads\/2025\/08\/LMD.jpg?resize=525%2C300&ssl=1 1.5x, https:\/\/i0.wp.com\/lasprimeras.com.do\/wp-content\/uploads\/2025\/08\/LMD.jpg?resize=700%2C400&ssl=1 2x"},"classes":[]},{"id":70623,"url":"https:\/\/lasprimeras.com.do\/index.php\/2023\/12\/12\/diputados-aprueban-de-urgencia-presupuesto-billonario-del-2024-e-incluyen-dinero-de-aerodom\/","url_meta":{"origin":62197,"position":3},"title":"Diputados aprueban de urgencia presupuesto billonario del 2024 e incluyen dinero de Aerodom","author":"Nelson Feliz","date":"12 de diciembre de 2023","format":false,"excerpt":"La C\u00e1mara de Diputados aprob\u00f3 este martes de urgencia y en dos lecturas consecutivas el proyecto de Ley de Presupuesto General del Estado para el a\u00f1o 2024 que asciende al bill\u00f3n de pesos y que incluye una adenda para proyectar los ingresos que dejar\u00e1 la renegociaci\u00f3n del contrato con Aerodom\u2026","rel":"","context":"En \u00abECONOM\u00cdA\u00bb","block_context":{"text":"ECONOM\u00cdA","link":"https:\/\/lasprimeras.com.do\/index.php\/category\/economia\/"},"img":{"alt_text":"PE agreg\u00f3 adenda de Aerodom a Presupuesto 2024 sin contrato aprobado","src":"https:\/\/i0.wp.com\/lasprimeras.com.do\/wp-content\/uploads\/2023\/12\/diputados.jpg?resize=350%2C200&ssl=1","width":350,"height":200,"srcset":"https:\/\/i0.wp.com\/lasprimeras.com.do\/wp-content\/uploads\/2023\/12\/diputados.jpg?resize=350%2C200&ssl=1 1x, https:\/\/i0.wp.com\/lasprimeras.com.do\/wp-content\/uploads\/2023\/12\/diputados.jpg?resize=525%2C300&ssl=1 1.5x, https:\/\/i0.wp.com\/lasprimeras.com.do\/wp-content\/uploads\/2023\/12\/diputados.jpg?resize=700%2C400&ssl=1 2x"},"classes":[]},{"id":69926,"url":"https:\/\/lasprimeras.com.do\/index.php\/2023\/12\/06\/luis-henriquez-abinader-pone-fin-a-su-discurso-de-transparencia-con-el-contrato-de-aerodom\/","url_meta":{"origin":62197,"position":4},"title":"Luis Henr\u00edquez: \u00abAbinader pone fin a su discurso de transparencia con el contrato de AERODOM\u00bb","author":"Nelson Feliz","date":"6 de diciembre de 2023","format":false,"excerpt":"El vocero del bloque de Diputados del Partido de la Liberaci\u00f3n Dominicana (PLD), Luis Henr\u00edquez, afirm\u00f3 que la renegociaci\u00f3n del contrato de concesi\u00f3n entre el Estado dominicano y la empresa AERODOM, pone fin al discurso de transparencia del presidente Luis Abinader. Henr\u00edquez manifest\u00f3 que, por el bien del pa\u00eds y\u2026","rel":"","context":"En \u00abSin categor\u00eda\u00bb","block_context":{"text":"Sin categor\u00eda","link":"https:\/\/lasprimeras.com.do\/index.php\/category\/sin-categoria\/"},"img":{"alt_text":"Luis Henr\u00edquez","src":"https:\/\/i0.wp.com\/lasprimeras.com.do\/wp-content\/uploads\/2023\/12\/Luis-Henriquez.jpg?resize=350%2C200&ssl=1","width":350,"height":200,"srcset":"https:\/\/i0.wp.com\/lasprimeras.com.do\/wp-content\/uploads\/2023\/12\/Luis-Henriquez.jpg?resize=350%2C200&ssl=1 1x, https:\/\/i0.wp.com\/lasprimeras.com.do\/wp-content\/uploads\/2023\/12\/Luis-Henriquez.jpg?resize=525%2C300&ssl=1 1.5x"},"classes":[]},{"id":56624,"url":"https:\/\/lasprimeras.com.do\/index.php\/2023\/08\/03\/gobierno-contempla-aumento-de-2-8-del-pib-al-gasto-de-capital-para-dinamizar-la-economia\/","url_meta":{"origin":62197,"position":5},"title":"Gobierno contempla aumento de 2.8 % del PIB al gasto de capital para dinamizar la econom\u00eda","author":"Nelson Feliz","date":"3 de agosto de 2023","format":false,"excerpt":"La deuda p\u00fablica para proyectos de inversi\u00f3n asciende a RD$363,257.8 millones, monto que incluye RD$30,193.2 millones menos que el presupuesto original, lo que reduce el endeudamiento. El anteproyecto de ley presentado por ante la C\u00e1mara de Diputados, contempla inversiones en 8 proyectos, incluyendo obras complementarias de la presa de Monte\u2026","rel":"","context":"En \u00abECONOM\u00cdA\u00bb","block_context":{"text":"ECONOM\u00cdA","link":"https:\/\/lasprimeras.com.do\/index.php\/category\/economia\/"},"img":{"alt_text":"El aumento del gasto de capital, contemplado en el anteproyecto de ley presupuestaria para este a\u00f1o 2023, equivale a un aumento de un 2.8 % del producto interno bruto (PIB).","src":"https:\/\/i0.wp.com\/lasprimeras.com.do\/wp-content\/uploads\/2023\/08\/SENADO.jpeg?resize=350%2C200&ssl=1","width":350,"height":200,"srcset":"https:\/\/i0.wp.com\/lasprimeras.com.do\/wp-content\/uploads\/2023\/08\/SENADO.jpeg?resize=350%2C200&ssl=1 1x, https:\/\/i0.wp.com\/lasprimeras.com.do\/wp-content\/uploads\/2023\/08\/SENADO.jpeg?resize=525%2C300&ssl=1 1.5x, https:\/\/i0.wp.com\/lasprimeras.com.do\/wp-content\/uploads\/2023\/08\/SENADO.jpeg?resize=700%2C400&ssl=1 2x"},"classes":[]}],"jetpack_sharing_enabled":true,"_links":{"self":[{"href":"https:\/\/lasprimeras.com.do\/index.php\/wp-json\/wp\/v2\/posts\/62197","targetHints":{"allow":["GET"]}}],"collection":[{"href":"https:\/\/lasprimeras.com.do\/index.php\/wp-json\/wp\/v2\/posts"}],"about":[{"href":"https:\/\/lasprimeras.com.do\/index.php\/wp-json\/wp\/v2\/types\/post"}],"author":[{"embeddable":true,"href":"https:\/\/lasprimeras.com.do\/index.php\/wp-json\/wp\/v2\/users\/3"}],"replies":[{"embeddable":true,"href":"https:\/\/lasprimeras.com.do\/index.php\/wp-json\/wp\/v2\/comments?post=62197"}],"version-history":[{"count":1,"href":"https:\/\/lasprimeras.com.do\/index.php\/wp-json\/wp\/v2\/posts\/62197\/revisions"}],"predecessor-version":[{"id":62199,"href":"https:\/\/lasprimeras.com.do\/index.php\/wp-json\/wp\/v2\/posts\/62197\/revisions\/62199"}],"wp:featuredmedia":[{"embeddable":true,"href":"https:\/\/lasprimeras.com.do\/index.php\/wp-json\/wp\/v2\/media\/62198"}],"wp:attachment":[{"href":"https:\/\/lasprimeras.com.do\/index.php\/wp-json\/wp\/v2\/media?parent=62197"}],"wp:term":[{"taxonomy":"category","embeddable":true,"href":"https:\/\/lasprimeras.com.do\/index.php\/wp-json\/wp\/v2\/categories?post=62197"},{"taxonomy":"post_tag","embeddable":true,"href":"https:\/\/lasprimeras.com.do\/index.php\/wp-json\/wp\/v2\/tags?post=62197"}],"curies":[{"name":"wp","href":"https:\/\/api.w.org\/{rel}","templated":true}]}}