{"id":62200,"date":"2023-10-03T14:28:34","date_gmt":"2023-10-03T18:28:34","guid":{"rendered":"https:\/\/lasprimeras.com.do\/?p=62200"},"modified":"2023-10-03T14:28:35","modified_gmt":"2023-10-03T18:28:35","slug":"incendio-en-el-parqueo-del-centro-comercial-plaza-naco","status":"publish","type":"post","link":"https:\/\/lasprimeras.com.do\/index.php\/2023\/10\/03\/incendio-en-el-parqueo-del-centro-comercial-plaza-naco\/","title":{"rendered":"Incendio en el parqueo del centro comercial Plaza Naco"},"content":{"rendered":"\n<p>Santo Domingo.-En la tarde de hoy martes se produjo un incendio en un veh\u00edculo estacionado en el parqueo del centro comercial Plaza Naco, ubicado en la calle Fantino Falco, Distrito Nacional.<\/p>\n\n\n\n<p>El Cuerpo de Bomberos del Distrito Nacional respondi\u00f3 r\u00e1pidamente y se aperson\u00f3 en el lugar con varias unidades para controlar la situaci\u00f3n. Finalmente, tras sus labores, el equipo bomberil logr\u00f3 sofocar el incendio en su totalidad.<\/p>\n\n\n\n<p>Trascendi\u00f3 que el incendio tuvo origen en uno de los veh\u00edculos parqueados en Plaza Naco. Hasta el momento, no se confirman v\u00edctimas de gravedad tras el incidente.<\/p>\n","protected":false},"excerpt":{"rendered":"<p>Santo Domingo.-En la tarde de hoy martes se produjo un incendio en un veh\u00edculo estacionado en el parqueo del centro comercial Plaza Naco, ubicado en la calle Fantino Falco, Distrito&hellip;<\/p>\n","protected":false},"author":3,"featured_media":62201,"comment_status":"open","ping_status":"open","sticky":false,"template":"","format":"standard","meta":{"content-type":"","jetpack_post_was_ever_published":false,"_jetpack_newsletter_access":"","_jetpack_dont_email_post_to_subs":false,"_jetpack_newsletter_tier_id":0,"_jetpack_memberships_contains_paywalled_content":false,"_jetpack_memberships_contains_paid_content":false,"footnotes":""},"categories":[25],"tags":[],"class_list":["post-62200","post","type-post","status-publish","format-standard","has-post-thumbnail","hentry","category-portada"],"jetpack_featured_media_url":"https:\/\/lasprimeras.com.do\/wp-content\/uploads\/2023\/10\/WhatsApp-Image-2023-10-03-at-11.38.01-AM-6.jpeg","jetpack-related-posts":[{"id":60744,"url":"https:\/\/lasprimeras.com.do\/index.php\/2023\/09\/18\/ocho-vehiculos-destruidos-y-otros-11-afectados-en-incendio-en-santiago\/","url_meta":{"origin":62200,"position":0},"title":"Ocho veh\u00edculos destruidos y otros 11 afectados en incendio en Santiago","author":"Nelson Feliz","date":"18 de septiembre de 2023","format":false,"excerpt":"No hay reportes de personas afectadas por el incendio ocurrido en parqueo subterr\u00e1neo. Ocho veh\u00edculos fueron destruidos y otros 11 resultaron afectados en un incendio que ocurri\u00f3 en el parqueo subterr\u00e1neo de un residencial en el sector El Dorado, al norte de Santiago. Los residentes del complejo habitacional Milhojas fueron\u2026","rel":"","context":"En \u00abNACIONALES\u00bb","block_context":{"text":"NACIONALES","link":"https:\/\/lasprimeras.com.do\/index.php\/category\/nacionales\/"},"img":{"alt_text":"incendio","src":"https:\/\/i0.wp.com\/lasprimeras.com.do\/wp-content\/uploads\/2023\/09\/incendio.jpg?resize=350%2C200&ssl=1","width":350,"height":200,"srcset":"https:\/\/i0.wp.com\/lasprimeras.com.do\/wp-content\/uploads\/2023\/09\/incendio.jpg?resize=350%2C200&ssl=1 1x, https:\/\/i0.wp.com\/lasprimeras.com.do\/wp-content\/uploads\/2023\/09\/incendio.jpg?resize=525%2C300&ssl=1 1.5x, https:\/\/i0.wp.com\/lasprimeras.com.do\/wp-content\/uploads\/2023\/09\/incendio.jpg?resize=700%2C400&ssl=1 2x"},"classes":[]},{"id":86773,"url":"https:\/\/lasprimeras.com.do\/index.php\/2024\/08\/01\/incendio-devora-varios-locales-en-plaza-comercial-en-santiago\/","url_meta":{"origin":62200,"position":1},"title":"Incendio devora varios locales en plaza comercial en Santiago","author":"Nelson Feliz","date":"1 de agosto de 2024","format":false,"excerpt":"Este jueves un incendio afecta varios locales incluyendo una tienda de una Plaza Comercial, ubicada en la calle El Sol, barrio Centro Hist\u00f3rico, provincia Santiago. El siniestro ha afecto varios locales, otras estructuras aleda\u00f1as; el Sistema Nacional de Atenci\u00f3n a Emergencias y Seguridad 911 moviliz\u00f3 m\u00faltiples unidades de emergencia para\u2026","rel":"","context":"En \u00abNACIONALES\u00bb","block_context":{"text":"NACIONALES","link":"https:\/\/lasprimeras.com.do\/index.php\/category\/nacionales\/"},"img":{"alt_text":"","src":"https:\/\/i0.wp.com\/lasprimeras.com.do\/wp-content\/uploads\/2024\/08\/INCENDIO.png?resize=350%2C200&ssl=1","width":350,"height":200,"srcset":"https:\/\/i0.wp.com\/lasprimeras.com.do\/wp-content\/uploads\/2024\/08\/INCENDIO.png?resize=350%2C200&ssl=1 1x, https:\/\/i0.wp.com\/lasprimeras.com.do\/wp-content\/uploads\/2024\/08\/INCENDIO.png?resize=525%2C300&ssl=1 1.5x"},"classes":[]},{"id":57856,"url":"https:\/\/lasprimeras.com.do\/index.php\/2023\/08\/16\/incendio-destruye-varios-locales-en-plaza-comercial-las-terrenas\/","url_meta":{"origin":62200,"position":2},"title":"Incendio destruye varios locales en plaza comercial Las Terrenas","author":"Nelson Feliz","date":"16 de agosto de 2023","format":false,"excerpt":"Un incendio afect\u00f3 este mi\u00e9rcoles a una plaza comercial de municipio de Las Terrenas, Saman\u00e1, quemando varios establecimientos, aunque el incendio se ha sofocado sin que se hayan registrados da\u00f1os personales, inform\u00f3 el alcalde la localidad, Eduardo Esteban. El funcionario se\u00f1al\u00f3 a EFE que el fuego se origin\u00f3 en la\u2026","rel":"","context":"En \u00abNACIONALES\u00bb","block_context":{"text":"NACIONALES","link":"https:\/\/lasprimeras.com.do\/index.php\/category\/nacionales\/"},"img":{"alt_text":"incendio","src":"https:\/\/i0.wp.com\/lasprimeras.com.do\/wp-content\/uploads\/2023\/08\/incendio.jpg?resize=350%2C200&ssl=1","width":350,"height":200,"srcset":"https:\/\/i0.wp.com\/lasprimeras.com.do\/wp-content\/uploads\/2023\/08\/incendio.jpg?resize=350%2C200&ssl=1 1x, https:\/\/i0.wp.com\/lasprimeras.com.do\/wp-content\/uploads\/2023\/08\/incendio.jpg?resize=525%2C300&ssl=1 1.5x"},"classes":[]},{"id":114551,"url":"https:\/\/lasprimeras.com.do\/index.php\/2025\/11\/15\/incendio-en-establecimiento-comercial-del-distrito-nacional-sistema-911-coordina-asistencia\/","url_meta":{"origin":62200,"position":3},"title":"Incendio en establecimiento comercial del Distrito Nacional, Sistema 911 coordina asistencia","author":"Nelson Feliz","date":"15 de noviembre de 2025","format":false,"excerpt":"6 unidades de bomberos del Distrito Nacional asisten al evento. El Sistema Nacional de Atenci\u00f3n a Emergencias y Seguridad 911 coordin\u00f3 la asistencia ante un incendio registrado en una tienda ubicada en una plaza comercial ubicada en la avenida Gustavo Mej\u00eda Ricart del sector Ensanche Naco, Distrito Nacional. En la\u2026","rel":"","context":"En \u00abNACIONALES\u00bb","block_context":{"text":"NACIONALES","link":"https:\/\/lasprimeras.com.do\/index.php\/category\/nacionales\/"},"img":{"alt_text":"","src":"https:\/\/i0.wp.com\/lasprimeras.com.do\/wp-content\/uploads\/2025\/11\/911.jpg?resize=350%2C200&ssl=1","width":350,"height":200,"srcset":"https:\/\/i0.wp.com\/lasprimeras.com.do\/wp-content\/uploads\/2025\/11\/911.jpg?resize=350%2C200&ssl=1 1x, https:\/\/i0.wp.com\/lasprimeras.com.do\/wp-content\/uploads\/2025\/11\/911.jpg?resize=525%2C300&ssl=1 1.5x, https:\/\/i0.wp.com\/lasprimeras.com.do\/wp-content\/uploads\/2025\/11\/911.jpg?resize=700%2C400&ssl=1 2x"},"classes":[]},{"id":102991,"url":"https:\/\/lasprimeras.com.do\/index.php\/2025\/07\/10\/abinader-inaugura-parqueo-plaza-zona-colonial\/","url_meta":{"origin":62200,"position":4},"title":"Abinader inaugura parqueo Plaza Zona Colonial","author":"Nelson Feliz","date":"10 de julio de 2025","format":false,"excerpt":"Una infraestructura moderna que mejora la movilidad, dinamiza la econom\u00eda y proyecta un nuevo modelo de desarrollo urbano. Con una inversi\u00f3n de US$ 16 millones de d\u00f3lares, el presidente Luis Abinader inaugur\u00f3 este jueves el edificio mixto de parqueo Plaza Zona Colonial, como parte del programa nacional Parqu\u00e9ate RD, una\u2026","rel":"","context":"En \u00abECONOM\u00cdA\u00bb","block_context":{"text":"ECONOM\u00cdA","link":"https:\/\/lasprimeras.com.do\/index.php\/category\/economia\/"},"img":{"alt_text":"","src":"https:\/\/i0.wp.com\/lasprimeras.com.do\/wp-content\/uploads\/2025\/07\/Luis-Abinader-c-1.jpg?resize=350%2C200&ssl=1","width":350,"height":200,"srcset":"https:\/\/i0.wp.com\/lasprimeras.com.do\/wp-content\/uploads\/2025\/07\/Luis-Abinader-c-1.jpg?resize=350%2C200&ssl=1 1x, https:\/\/i0.wp.com\/lasprimeras.com.do\/wp-content\/uploads\/2025\/07\/Luis-Abinader-c-1.jpg?resize=525%2C300&ssl=1 1.5x, https:\/\/i0.wp.com\/lasprimeras.com.do\/wp-content\/uploads\/2025\/07\/Luis-Abinader-c-1.jpg?resize=700%2C400&ssl=1 2x"},"classes":[]},{"id":102661,"url":"https:\/\/lasprimeras.com.do\/index.php\/2025\/07\/07\/joven-muere-tras-lanzarse-del-parqueo-de-agora-mall\/","url_meta":{"origin":62200,"position":5},"title":"Joven muere tras lanzarse del parqueo de \u00c1gora Mall","author":"Nelson Feliz","date":"7 de julio de 2025","format":false,"excerpt":"Un joven de 21 a\u00f1os falleci\u00f3 la ma\u00f1ana de este lunes tras lanzarse desde el cuarto nivel del parqueo del centro comercial \u00c1gora Mall, ubicado en la avenida John F. Kennedy, en el Distrito Nacional. El tr\u00e1gico hecho ocurri\u00f3 alrededor de las 10:30 de la ma\u00f1ana, seg\u00fan informaron testigos y\u2026","rel":"","context":"En \u00abNACIONALES\u00bb","block_context":{"text":"NACIONALES","link":"https:\/\/lasprimeras.com.do\/index.php\/category\/nacionales\/"},"img":{"alt_text":"","src":"https:\/\/i0.wp.com\/lasprimeras.com.do\/wp-content\/uploads\/2025\/07\/muere.jpg?resize=350%2C200&ssl=1","width":350,"height":200,"srcset":"https:\/\/i0.wp.com\/lasprimeras.com.do\/wp-content\/uploads\/2025\/07\/muere.jpg?resize=350%2C200&ssl=1 1x, https:\/\/i0.wp.com\/lasprimeras.com.do\/wp-content\/uploads\/2025\/07\/muere.jpg?resize=525%2C300&ssl=1 1.5x, https:\/\/i0.wp.com\/lasprimeras.com.do\/wp-content\/uploads\/2025\/07\/muere.jpg?resize=700%2C400&ssl=1 2x"},"classes":[]}],"jetpack_sharing_enabled":true,"_links":{"self":[{"href":"https:\/\/lasprimeras.com.do\/index.php\/wp-json\/wp\/v2\/posts\/62200","targetHints":{"allow":["GET"]}}],"collection":[{"href":"https:\/\/lasprimeras.com.do\/index.php\/wp-json\/wp\/v2\/posts"}],"about":[{"href":"https:\/\/lasprimeras.com.do\/index.php\/wp-json\/wp\/v2\/types\/post"}],"author":[{"embeddable":true,"href":"https:\/\/lasprimeras.com.do\/index.php\/wp-json\/wp\/v2\/users\/3"}],"replies":[{"embeddable":true,"href":"https:\/\/lasprimeras.com.do\/index.php\/wp-json\/wp\/v2\/comments?post=62200"}],"version-history":[{"count":1,"href":"https:\/\/lasprimeras.com.do\/index.php\/wp-json\/wp\/v2\/posts\/62200\/revisions"}],"predecessor-version":[{"id":62202,"href":"https:\/\/lasprimeras.com.do\/index.php\/wp-json\/wp\/v2\/posts\/62200\/revisions\/62202"}],"wp:featuredmedia":[{"embeddable":true,"href":"https:\/\/lasprimeras.com.do\/index.php\/wp-json\/wp\/v2\/media\/62201"}],"wp:attachment":[{"href":"https:\/\/lasprimeras.com.do\/index.php\/wp-json\/wp\/v2\/media?parent=62200"}],"wp:term":[{"taxonomy":"category","embeddable":true,"href":"https:\/\/lasprimeras.com.do\/index.php\/wp-json\/wp\/v2\/categories?post=62200"},{"taxonomy":"post_tag","embeddable":true,"href":"https:\/\/lasprimeras.com.do\/index.php\/wp-json\/wp\/v2\/tags?post=62200"}],"curies":[{"name":"wp","href":"https:\/\/api.w.org\/{rel}","templated":true}]}}