{"id":62203,"date":"2023-10-03T20:48:56","date_gmt":"2023-10-04T00:48:56","guid":{"rendered":"https:\/\/lasprimeras.com.do\/?p=62203"},"modified":"2023-10-03T20:48:57","modified_gmt":"2023-10-04T00:48:57","slug":"phr-felicita-al-presidente-abinader-por-su-triunfo-en-las-primarias","status":"publish","type":"post","link":"https:\/\/lasprimeras.com.do\/index.php\/2023\/10\/03\/phr-felicita-al-presidente-abinader-por-su-triunfo-en-las-primarias\/","title":{"rendered":"PHR felicita al presidente Abinader por su triunfo en las primarias"},"content":{"rendered":"\n<p>El presidente del Partido Humanista Renovador \u2013PHR-, Antonio Mateo, envi\u00f3 un mensaje de felicitaci\u00f3n al presidente de la Rep\u00fablica, Luis Abinader, por su contundente triunfo en las elecciones primarias del Partido Revolucionario Moderno (PRM).<\/p>\n\n\n\n<p>\u201cFelicitamos al Presidente de la Rep\u00fablica y reelecto candidato del PRM, Luis Abinader, quien logr\u00f3 convertirse este domingo en el candidato oficial de esa organizaci\u00f3n pol\u00edtica, ganando las primarias del Partido Revolucionario Moderno con un margen incuestionable sobre sus contendores\u201d, expres\u00f3 Mateo.<\/p>\n\n\n\n<p>Agreg\u00f3 que con el montaje de los comicios internos, supervisados por la Junta Central Electoral, PRM acaba de dar una gran demostraci\u00f3n de democracia.<\/p>\n\n\n\n<p>El Presidente del Partido Humanista Renovador, indic\u00f3 que con la gran participaci\u00f3n de la militancia perremeista en las primarias del domingo, celebradas con padr\u00f3n cerrado, el PRM confirm\u00f3 que es la principal partido.<\/p>\n\n\n\n<p>Luis Abinader, quien este domingo gan\u00f3 por tercera ocasi\u00f3n consecutiva las elecciones primarias del PRM, obtuvo un 90.82% de los votos, superando a Guido G\u00f3mez Mazara, quien recibi\u00f3 el 5.55% de los sufragios; Ram\u00f3n Alburquerque ocup\u00f3 la tercera posici\u00f3n con un 2.20% y Delia Josefina Ortiz recibi\u00f3 el 1.43%. de los votos.<\/p>\n","protected":false},"excerpt":{"rendered":"<p>El presidente del Partido Humanista Renovador \u2013PHR-, Antonio Mateo, envi\u00f3 un mensaje de felicitaci\u00f3n al presidente de la Rep\u00fablica, Luis Abinader, por su contundente triunfo en las elecciones primarias del&hellip;<\/p>\n","protected":false},"author":2,"featured_media":62204,"comment_status":"open","ping_status":"open","sticky":false,"template":"","format":"standard","meta":{"content-type":"","jetpack_post_was_ever_published":false,"_jetpack_newsletter_access":"","_jetpack_dont_email_post_to_subs":false,"_jetpack_newsletter_tier_id":0,"_jetpack_memberships_contains_paywalled_content":false,"_jetpack_memberships_contains_paid_content":false,"footnotes":""},"categories":[1],"tags":[67,8161,2622,31,1413],"class_list":["post-62203","post","type-post","status-publish","format-standard","has-post-thumbnail","hentry","category-sin-categoria","tag-luis-abinader","tag-phr","tag-primarias","tag-prm","tag-triunfo"],"jetpack_featured_media_url":"https:\/\/lasprimeras.com.do\/wp-content\/uploads\/2023\/10\/Antonio-Mateo.jpg","jetpack-related-posts":[{"id":81772,"url":"https:\/\/lasprimeras.com.do\/index.php\/2024\/04\/24\/phr-aboga-por-una-real-autonomia-presupuestaria-para-los-ayuntamientos\/","url_meta":{"origin":62203,"position":0},"title":"PHR aboga por una real autonom\u00eda presupuestaria para los ayuntamientos","author":"Nelson Feliz","date":"24 de abril de 2024","format":false,"excerpt":"El presidente del Partido Humanista Renovador \u2013PHR-, Antonio Mateo, felicit\u00f3 a los alcaldes\u00a0 y directores de Juntas Municipales que este 24 de abril asumen sus funciones y abog\u00f3 por una real y efectiva autonom\u00eda presupuestaria para los ayuntamientos. El dirigente pol\u00edtico y ex regidor del Distrito Nacional consider\u00f3 como una\u2026","rel":"","context":"En \u00abECONOM\u00cdA\u00bb","block_context":{"text":"ECONOM\u00cdA","link":"https:\/\/lasprimeras.com.do\/index.php\/category\/economia\/"},"img":{"alt_text":"PHR","src":"https:\/\/i0.wp.com\/lasprimeras.com.do\/wp-content\/uploads\/2024\/04\/PHR.jpg?resize=350%2C200&ssl=1","width":350,"height":200,"srcset":"https:\/\/i0.wp.com\/lasprimeras.com.do\/wp-content\/uploads\/2024\/04\/PHR.jpg?resize=350%2C200&ssl=1 1x, https:\/\/i0.wp.com\/lasprimeras.com.do\/wp-content\/uploads\/2024\/04\/PHR.jpg?resize=525%2C300&ssl=1 1.5x"},"classes":[]},{"id":122234,"url":"https:\/\/lasprimeras.com.do\/index.php\/2026\/02\/15\/abinader-advirtio-a-quien-permita-o-participe-en-corrupcion-es-un-traidor-a-principios-del-prm\/","url_meta":{"origin":62203,"position":1},"title":"Abinader advirti\u00f3 a quien permita o participe en corrupci\u00f3n es un traidor a principios del PRM","author":"Nelson Feliz","date":"15 de febrero de 2026","format":false,"excerpt":"Luis Abinader","rel":"","context":"En \u00abPOLITICA\u00bb","block_context":{"text":"POLITICA","link":"https:\/\/lasprimeras.com.do\/index.php\/category\/politica\/"},"img":{"alt_text":"Luis Abinader","src":"https:\/\/i0.wp.com\/lasprimeras.com.do\/wp-content\/uploads\/2026\/02\/Luis-Abinader.jpeg?resize=350%2C200&ssl=1","width":350,"height":200,"srcset":"https:\/\/i0.wp.com\/lasprimeras.com.do\/wp-content\/uploads\/2026\/02\/Luis-Abinader.jpeg?resize=350%2C200&ssl=1 1x, https:\/\/i0.wp.com\/lasprimeras.com.do\/wp-content\/uploads\/2026\/02\/Luis-Abinader.jpeg?resize=525%2C300&ssl=1 1.5x, https:\/\/i0.wp.com\/lasprimeras.com.do\/wp-content\/uploads\/2026\/02\/Luis-Abinader.jpeg?resize=700%2C400&ssl=1 2x"},"classes":[]},{"id":86335,"url":"https:\/\/lasprimeras.com.do\/index.php\/2024\/07\/22\/phr-culmina-primer-pleno-nacional-de-dirigentes\/","url_meta":{"origin":62203,"position":2},"title":"PHR culmina primer Pleno Nacional de Dirigentes","author":"Nelson Feliz","date":"22 de julio de 2024","format":false,"excerpt":"El Partido Humanista Renovador \u2013PHR- cerr\u00f3 con \u00e9xito su Primer Pleno Nacional de Dirigentes, en el marco de las actividades conmemorativas del primer aniversario de su fundaci\u00f3n, que se extendieron durante una semana. El pleno fue encabezado por el presidente del PHR, Antonio Mateo, quien afirm\u00f3 que la meta de\u2026","rel":"","context":"En \u00abSin categor\u00eda\u00bb","block_context":{"text":"Sin categor\u00eda","link":"https:\/\/lasprimeras.com.do\/index.php\/category\/sin-categoria\/"},"img":{"alt_text":"","src":"https:\/\/i0.wp.com\/lasprimeras.com.do\/wp-content\/uploads\/2024\/07\/PHR.jpg?resize=350%2C200&ssl=1","width":350,"height":200,"srcset":"https:\/\/i0.wp.com\/lasprimeras.com.do\/wp-content\/uploads\/2024\/07\/PHR.jpg?resize=350%2C200&ssl=1 1x, https:\/\/i0.wp.com\/lasprimeras.com.do\/wp-content\/uploads\/2024\/07\/PHR.jpg?resize=525%2C300&ssl=1 1.5x, https:\/\/i0.wp.com\/lasprimeras.com.do\/wp-content\/uploads\/2024\/07\/PHR.jpg?resize=700%2C400&ssl=1 2x"},"classes":[]},{"id":120228,"url":"https:\/\/lasprimeras.com.do\/index.php\/2026\/01\/21\/candidatos-plancha-unitaria-de-la-seccional-del-prm-en-la-florida-central-reafirman-apoyo-al-gobierno-de-abinader\/","url_meta":{"origin":62203,"position":3},"title":"Candidatos plancha &#8220;Unitaria de la seccional del PRM&#8221; en la Florida Central reafirman apoyo al gobierno de Abinader","author":"Nelson Feliz","date":"21 de enero de 2026","format":false,"excerpt":"Por Jos\u00e9 Beato Florida Central, Estados Unidos- Los aspirantes a dirigir la seccional del Partido Revolucionario Moderno (PRM), agrupados en la Plancha Unitaria Jos\u00e9 Francisco Pe\u00f1a G\u00f3mez, anunciaron su respaldo total a la gesti\u00f3n de gobierno del presidente Luis Abinader. El Dr. Luis Arzeno, candidato a la presidencia, Leonardo Erickson,\u2026","rel":"","context":"En \u00abPOLITICA\u00bb","block_context":{"text":"POLITICA","link":"https:\/\/lasprimeras.com.do\/index.php\/category\/politica\/"},"img":{"alt_text":"Unitaria de la seccional del PRM","src":"https:\/\/i0.wp.com\/lasprimeras.com.do\/wp-content\/uploads\/2026\/01\/PRM.jpg?resize=350%2C200&ssl=1","width":350,"height":200,"srcset":"https:\/\/i0.wp.com\/lasprimeras.com.do\/wp-content\/uploads\/2026\/01\/PRM.jpg?resize=350%2C200&ssl=1 1x, https:\/\/i0.wp.com\/lasprimeras.com.do\/wp-content\/uploads\/2026\/01\/PRM.jpg?resize=525%2C300&ssl=1 1.5x, https:\/\/i0.wp.com\/lasprimeras.com.do\/wp-content\/uploads\/2026\/01\/PRM.jpg?resize=700%2C400&ssl=1 2x"},"classes":[]},{"id":104750,"url":"https:\/\/lasprimeras.com.do\/index.php\/2025\/07\/27\/garcia-fermin-resalta-logros-de-abinader-y-aboga-por-unidad-en-el-prm\/","url_meta":{"origin":62203,"position":4},"title":"Garc\u00eda Ferm\u00edn resalta logros de Abinader y aboga por unidad en el PRM","author":"Nelson Feliz","date":"27 de julio de 2025","format":false,"excerpt":"El ministro de Educaci\u00f3n Superior, Ciencia y Tecnolog\u00eda, Franklin Garc\u00eda Ferm\u00edn, encabez\u00f3 la puesta en circulaci\u00f3n del op\u00fasculo \u201cEl Camino para Profundizar el Cambio y Mantenernos en el Poder\", en San Juan de la Maguana, donde destac\u00f3 los principales logros del presidente Luis Abinader y exhort\u00f3 a consolidar el proceso\u2026","rel":"","context":"En \u00abPOLITICA\u00bb","block_context":{"text":"POLITICA","link":"https:\/\/lasprimeras.com.do\/index.php\/category\/politica\/"},"img":{"alt_text":"","src":"https:\/\/i0.wp.com\/lasprimeras.com.do\/wp-content\/uploads\/2025\/07\/fermin.jpg?resize=350%2C200&ssl=1","width":350,"height":200,"srcset":"https:\/\/i0.wp.com\/lasprimeras.com.do\/wp-content\/uploads\/2025\/07\/fermin.jpg?resize=350%2C200&ssl=1 1x, https:\/\/i0.wp.com\/lasprimeras.com.do\/wp-content\/uploads\/2025\/07\/fermin.jpg?resize=525%2C300&ssl=1 1.5x, https:\/\/i0.wp.com\/lasprimeras.com.do\/wp-content\/uploads\/2025\/07\/fermin.jpg?resize=700%2C400&ssl=1 2x"},"classes":[]},{"id":62037,"url":"https:\/\/lasprimeras.com.do\/index.php\/2023\/10\/02\/de-alburquerque-a-luis-abinader-felicitaciones-senor-presidente-marcharemos-junto-a-usted\/","url_meta":{"origin":62203,"position":5},"title":"De Alburquerque a Luis Abinader: &#8220;Felicitaciones se\u00f1or presidente, marcharemos junto a usted&#8221;","author":"BIMARY DE JES\u00daS Matos","date":"2 de octubre de 2023","format":false,"excerpt":"Santo Domingo.-Pese a las irregularidades que denunci\u00f3 en las primarias del Partido Revolucionario Moderno (PRM), el ex precandidato presidencial Ram\u00f3n Alburquerque felicit\u00f3 a Luis Abinader a quien expres\u00f3 se le unir\u00e1 a la campa\u00f1a para que gane la reelecci\u00f3n en las elecciones del 2024. \"Felicitaciones se\u00f1or presidente, marcharemos junto a\u2026","rel":"","context":"En \u00abPORTADA\u00bb","block_context":{"text":"PORTADA","link":"https:\/\/lasprimeras.com.do\/index.php\/category\/portada\/"},"img":{"alt_text":"","src":"https:\/\/i0.wp.com\/lasprimeras.com.do\/wp-content\/uploads\/2023\/10\/WhatsApp-Image-2023-09-28-at-11.50.30-PM-1-1-1.jpeg?resize=350%2C200&ssl=1","width":350,"height":200,"srcset":"https:\/\/i0.wp.com\/lasprimeras.com.do\/wp-content\/uploads\/2023\/10\/WhatsApp-Image-2023-09-28-at-11.50.30-PM-1-1-1.jpeg?resize=350%2C200&ssl=1 1x, https:\/\/i0.wp.com\/lasprimeras.com.do\/wp-content\/uploads\/2023\/10\/WhatsApp-Image-2023-09-28-at-11.50.30-PM-1-1-1.jpeg?resize=525%2C300&ssl=1 1.5x, https:\/\/i0.wp.com\/lasprimeras.com.do\/wp-content\/uploads\/2023\/10\/WhatsApp-Image-2023-09-28-at-11.50.30-PM-1-1-1.jpeg?resize=700%2C400&ssl=1 2x, https:\/\/i0.wp.com\/lasprimeras.com.do\/wp-content\/uploads\/2023\/10\/WhatsApp-Image-2023-09-28-at-11.50.30-PM-1-1-1.jpeg?resize=1050%2C600&ssl=1 3x"},"classes":[]}],"jetpack_sharing_enabled":true,"_links":{"self":[{"href":"https:\/\/lasprimeras.com.do\/index.php\/wp-json\/wp\/v2\/posts\/62203","targetHints":{"allow":["GET"]}}],"collection":[{"href":"https:\/\/lasprimeras.com.do\/index.php\/wp-json\/wp\/v2\/posts"}],"about":[{"href":"https:\/\/lasprimeras.com.do\/index.php\/wp-json\/wp\/v2\/types\/post"}],"author":[{"embeddable":true,"href":"https:\/\/lasprimeras.com.do\/index.php\/wp-json\/wp\/v2\/users\/2"}],"replies":[{"embeddable":true,"href":"https:\/\/lasprimeras.com.do\/index.php\/wp-json\/wp\/v2\/comments?post=62203"}],"version-history":[{"count":1,"href":"https:\/\/lasprimeras.com.do\/index.php\/wp-json\/wp\/v2\/posts\/62203\/revisions"}],"predecessor-version":[{"id":62205,"href":"https:\/\/lasprimeras.com.do\/index.php\/wp-json\/wp\/v2\/posts\/62203\/revisions\/62205"}],"wp:featuredmedia":[{"embeddable":true,"href":"https:\/\/lasprimeras.com.do\/index.php\/wp-json\/wp\/v2\/media\/62204"}],"wp:attachment":[{"href":"https:\/\/lasprimeras.com.do\/index.php\/wp-json\/wp\/v2\/media?parent=62203"}],"wp:term":[{"taxonomy":"category","embeddable":true,"href":"https:\/\/lasprimeras.com.do\/index.php\/wp-json\/wp\/v2\/categories?post=62203"},{"taxonomy":"post_tag","embeddable":true,"href":"https:\/\/lasprimeras.com.do\/index.php\/wp-json\/wp\/v2\/tags?post=62203"}],"curies":[{"name":"wp","href":"https:\/\/api.w.org\/{rel}","templated":true}]}}