{"id":62221,"date":"2023-10-03T22:42:45","date_gmt":"2023-10-04T02:42:45","guid":{"rendered":"https:\/\/lasprimeras.com.do\/?p=62221"},"modified":"2023-10-03T22:42:47","modified_gmt":"2023-10-04T02:42:47","slug":"muere-el-luchador-antitrujillista-hector-eduardo-diaz-y-diaz","status":"publish","type":"post","link":"https:\/\/lasprimeras.com.do\/index.php\/2023\/10\/03\/muere-el-luchador-antitrujillista-hector-eduardo-diaz-y-diaz\/","title":{"rendered":"Muere el luchador antitrujillista H\u00e9ctor Eduardo D\u00edaz y D\u00edaz"},"content":{"rendered":"\n<p>Santo Domingo.- Falleci\u00f3 este pasado lunes H\u00e9ctor Eduardo D\u00edaz y D\u00edaz, uno de los miembros fundadores del Museo Memorial de la Resistencia Dominicana (MMRD). Hijo menor del luchador antitrujillista Juan Tom\u00e1s D\u00edez y hab\u00eda ocupado el cargo de presidente de la Fundaci\u00f3n H\u00e9roes del 30 de Mayo.<\/p>\n\n\n\n<p>Su partida deja un vac\u00edo en el MMRD, en su familia y en el c\u00edrculo de amigos que lo rodeaban, seg\u00fan expres\u00f3 De Pe\u00f1a D\u00edaz, directora del museo. Ella destac\u00f3 que Eduardo siempre estuvo comprometido con los mejores intereses de la naci\u00f3n. Adem\u00e1s, ser\u00e1 recordado como una persona solidaria y protectora, a pesar de ser el hijo m\u00e1s joven de su padre.<\/p>\n\n\n\n<p>Eduardo D\u00edaz y D\u00edaz, se destac\u00f3 como abogado litigante y desempe\u00f1\u00f3 un papel crucial en la b\u00fasqueda de justicia para su familia. Tambi\u00e9n, las v\u00edctimas de la dictadura de Rafael Le\u00f3nidas Trujillo y el gobierno de los 12 a\u00f1os de Joaqu\u00edn Balaguer.<\/p>\n\n\n\n<p>Es importante recordar que durante el ajusticiamiento de Trujillo en 1961, H\u00e9ctor Eduardo D\u00edaz y D\u00edaz fue uno de los ni\u00f1os que estuvo detenido, con tan solo nueve a\u00f1os, junto a su madre y uno de sus hermanos. Tr\u00e1gicamente, su padre, su abuelo y su hermano mayor, conocido como \u00abTomasito\u00bb, perdieron la vida durante la dictadura, al igual que varios de sus t\u00edos y primos, como record\u00f3 De Pe\u00f1a D\u00edaz.<\/p>\n","protected":false},"excerpt":{"rendered":"<p>Santo Domingo.- Falleci\u00f3 este pasado lunes H\u00e9ctor Eduardo D\u00edaz y D\u00edaz, uno de los miembros fundadores del Museo Memorial de la Resistencia Dominicana (MMRD). Hijo menor del luchador antitrujillista Juan&hellip;<\/p>\n","protected":false},"author":3,"featured_media":62219,"comment_status":"open","ping_status":"open","sticky":false,"template":"","format":"standard","meta":{"content-type":"","jetpack_post_was_ever_published":false,"_jetpack_newsletter_access":"","_jetpack_dont_email_post_to_subs":false,"_jetpack_newsletter_tier_id":0,"_jetpack_memberships_contains_paywalled_content":false,"_jetpack_memberships_contains_paid_content":false,"footnotes":""},"categories":[1],"tags":[],"class_list":["post-62221","post","type-post","status-publish","format-standard","has-post-thumbnail","hentry","category-sin-categoria"],"jetpack_featured_media_url":"https:\/\/lasprimeras.com.do\/wp-content\/uploads\/2023\/10\/WhatsApp-Image-2023-10-03-at-10.20.05-AM.webp","jetpack-related-posts":[{"id":128584,"url":"https:\/\/lasprimeras.com.do\/index.php\/2026\/04\/24\/presidente-abinader-otorga-nacionalidad-dominicana-arq-mexico-dominicano-eduardo-matos-moctezuma\/","url_meta":{"origin":62221,"position":0},"title":"Presidente Abinader otorga nacionalidad dominicana arq. M\u00e9xico-dominicano Eduardo Matos Moctezuma","author":"Nelson Feliz","date":"24 de abril de 2026","format":false,"excerpt":"El presidente de la Rep\u00fablica Dominicana, Luis Abinader otorg\u00f3 la nacionalidad dominicana, a t\u00edtulo de naturalizaci\u00f3n privilegiada, al destacado arque\u00f3logo m\u00e9xico-dominicano Eduardo Matos Moctezuma. El presidente de la Rep\u00fablica Dominicana, Luis Abinader, otorg\u00f3 mediante el decreto 723-25, del 31 de diciembre del 2025,la nacionalidad dominicana, a t\u00edtulo de naturalizaci\u00f3n privilegiada,\u2026","rel":"","context":"En \u00abNACIONALES\u00bb","block_context":{"text":"NACIONALES","link":"https:\/\/lasprimeras.com.do\/index.php\/category\/nacionales\/"},"img":{"alt_text":"Luis Abinader, otorga,nacionalidad dominicana, arque\u00f3logo, M\u00e9xico-dominicano, Eduardo Matos Moctezuma","src":"https:\/\/i0.wp.com\/lasprimeras.com.do\/wp-content\/uploads\/2026\/04\/Eduardo-Matos-Moctezuma.jpg?resize=350%2C200&ssl=1","width":350,"height":200,"srcset":"https:\/\/i0.wp.com\/lasprimeras.com.do\/wp-content\/uploads\/2026\/04\/Eduardo-Matos-Moctezuma.jpg?resize=350%2C200&ssl=1 1x, https:\/\/i0.wp.com\/lasprimeras.com.do\/wp-content\/uploads\/2026\/04\/Eduardo-Matos-Moctezuma.jpg?resize=525%2C300&ssl=1 1.5x"},"classes":[]},{"id":123806,"url":"https:\/\/lasprimeras.com.do\/index.php\/2026\/03\/05\/denuncian-intento-de-robo-de-mas-de-800-tareas-de-tierra-en-punta-cana\/","url_meta":{"origin":62221,"position":1},"title":"Denuncian intento de robo de m\u00e1s de 800 tareas de tierra en Punta Cana","author":"Nelson Feliz","date":"5 de marzo de 2026","format":false,"excerpt":"El due\u00f1o y representante legal de unas 37 familias de Cabo Enga\u00f1o, Punta Cana, Luis Homero D\u00edaz Vargas, qui\u00e9n adem\u00e1s es propietario, denunci\u00f3 hoy el intento de robo de m\u00e1s de 800 tareas de tierra de su propiedad. D\u00edaz Vargas, solicit\u00f3 a las autoridades competentes que intervengan para que nos\u2026","rel":"","context":"En \u00abNACIONALES\u00bb","block_context":{"text":"NACIONALES","link":"https:\/\/lasprimeras.com.do\/index.php\/category\/nacionales\/"},"img":{"alt_text":"","src":"https:\/\/i0.wp.com\/lasprimeras.com.do\/wp-content\/uploads\/2026\/03\/IMG-20260305-WA0426.jpg?resize=350%2C200&ssl=1","width":350,"height":200,"srcset":"https:\/\/i0.wp.com\/lasprimeras.com.do\/wp-content\/uploads\/2026\/03\/IMG-20260305-WA0426.jpg?resize=350%2C200&ssl=1 1x, https:\/\/i0.wp.com\/lasprimeras.com.do\/wp-content\/uploads\/2026\/03\/IMG-20260305-WA0426.jpg?resize=525%2C300&ssl=1 1.5x, https:\/\/i0.wp.com\/lasprimeras.com.do\/wp-content\/uploads\/2026\/03\/IMG-20260305-WA0426.jpg?resize=700%2C400&ssl=1 2x, https:\/\/i0.wp.com\/lasprimeras.com.do\/wp-content\/uploads\/2026\/03\/IMG-20260305-WA0426.jpg?resize=1050%2C600&ssl=1 3x, https:\/\/i0.wp.com\/lasprimeras.com.do\/wp-content\/uploads\/2026\/03\/IMG-20260305-WA0426.jpg?resize=1400%2C800&ssl=1 4x"},"classes":[]},{"id":123651,"url":"https:\/\/lasprimeras.com.do\/index.php\/2026\/03\/03\/magin-diaz-destaca-el-firme-compromiso-del-gobierno-para-potenciar-el-crecimiento-economico\/","url_meta":{"origin":62221,"position":2},"title":"Mag\u00edn D\u00edaz destaca el firme compromiso del Gobierno para potenciar el crecimiento economico","author":"Nelson Feliz","date":"3 de marzo de 2026","format":false,"excerpt":"El ministro de Hacienda y Econom\u00eda fue orador invitado en el almuerzo, donde cit\u00f3 medidas que facilitar\u00e1n la inversi\u00f3n privada. El ministro de Hacienda y Econom\u00eda, Mag\u00edn D\u00edaz, destac\u00f3 que la Rep\u00fablica Dominicana tiene la oportunidad de sostener su potencial crecimiento econ\u00f3mico mediante el aumento de la inversi\u00f3n p\u00fablica y\u2026","rel":"","context":"En \u00abECONOM\u00cdA\u00bb","block_context":{"text":"ECONOM\u00cdA","link":"https:\/\/lasprimeras.com.do\/index.php\/category\/economia\/"},"img":{"alt_text":"Mag\u00edn D\u00edaz","src":"https:\/\/i0.wp.com\/lasprimeras.com.do\/wp-content\/uploads\/2026\/03\/Magin-Diaz-2.jpg?resize=350%2C200&ssl=1","width":350,"height":200,"srcset":"https:\/\/i0.wp.com\/lasprimeras.com.do\/wp-content\/uploads\/2026\/03\/Magin-Diaz-2.jpg?resize=350%2C200&ssl=1 1x, https:\/\/i0.wp.com\/lasprimeras.com.do\/wp-content\/uploads\/2026\/03\/Magin-Diaz-2.jpg?resize=525%2C300&ssl=1 1.5x, https:\/\/i0.wp.com\/lasprimeras.com.do\/wp-content\/uploads\/2026\/03\/Magin-Diaz-2.jpg?resize=700%2C400&ssl=1 2x"},"classes":[]},{"id":107842,"url":"https:\/\/lasprimeras.com.do\/index.php\/2025\/08\/31\/fallece-periodista-deportivo-hansel-omar-diaz-mattews\/","url_meta":{"origin":62221,"position":3},"title":"Fallece periodista deportivo Hansel Omar D\u00edaz Mattews","author":"Nelson Feliz","date":"31 de agosto de 2025","format":false,"excerpt":"El periodista deportivo Hansel Omar D\u00edaz Mattews, quien labor\u00f3 durante a\u00f1os en el peri\u00f3dico HOY y produjo su propio programa de radio, falleci\u00f3 la noche de este s\u00e1bado 30 de agosto tras padecer de serios quebrantos de salud. D\u00edaz Mattews, era hijo del tambi\u00e9n periodista Juan Bautista D\u00edaz Cuevas y\u2026","rel":"","context":"En \u00abNACIONALES\u00bb","block_context":{"text":"NACIONALES","link":"https:\/\/lasprimeras.com.do\/index.php\/category\/nacionales\/"},"img":{"alt_text":"","src":"https:\/\/i0.wp.com\/lasprimeras.com.do\/wp-content\/uploads\/2025\/08\/Hansel-Omar-Diaz-Mattews.jpg?resize=350%2C200&ssl=1","width":350,"height":200},"classes":[]},{"id":111919,"url":"https:\/\/lasprimeras.com.do\/index.php\/2025\/10\/15\/ministro-magin-diaz-desarrolla-amplia-agenda-de-trabajo-en-las-reuniones-anuales-del-banco-mundial-y-el-fmi\/","url_meta":{"origin":62221,"position":4},"title":"Ministro Mag\u00edn D\u00edaz desarrolla amplia agenda de trabajo en las Reuniones Anuales del Banco Mundial y el FMI","author":"Nelson Feliz","date":"15 de octubre de 2025","format":false,"excerpt":"El encuentro macroecon\u00f3mico se celebra desde el 13 de octubre con la participaci\u00f3n de autoridades monetarias y financieras El ministro de Hacienda y Econom\u00eda, Mag\u00edn D\u00edaz, desarrolla esta semana una amplia agenda de trabajo en las Reuniones Anuales 2025 del Grupo Banco Mundial y el Fondo Monetario Internacional (FMI), que\u2026","rel":"","context":"En \u00abECONOM\u00cdA\u00bb","block_context":{"text":"ECONOM\u00cdA","link":"https:\/\/lasprimeras.com.do\/index.php\/category\/economia\/"},"img":{"alt_text":"","src":"https:\/\/i0.wp.com\/lasprimeras.com.do\/wp-content\/uploads\/2025\/10\/Anabel-Gonzalez-vicepresidenta-de-Paises-del-BID-y-Magin-Diaz-ministro-de-Hacienda-y-Economia.jpg?resize=350%2C200&ssl=1","width":350,"height":200,"srcset":"https:\/\/i0.wp.com\/lasprimeras.com.do\/wp-content\/uploads\/2025\/10\/Anabel-Gonzalez-vicepresidenta-de-Paises-del-BID-y-Magin-Diaz-ministro-de-Hacienda-y-Economia.jpg?resize=350%2C200&ssl=1 1x, https:\/\/i0.wp.com\/lasprimeras.com.do\/wp-content\/uploads\/2025\/10\/Anabel-Gonzalez-vicepresidenta-de-Paises-del-BID-y-Magin-Diaz-ministro-de-Hacienda-y-Economia.jpg?resize=525%2C300&ssl=1 1.5x, https:\/\/i0.wp.com\/lasprimeras.com.do\/wp-content\/uploads\/2025\/10\/Anabel-Gonzalez-vicepresidenta-de-Paises-del-BID-y-Magin-Diaz-ministro-de-Hacienda-y-Economia.jpg?resize=700%2C400&ssl=1 2x"},"classes":[]},{"id":103925,"url":"https:\/\/lasprimeras.com.do\/index.php\/2025\/07\/20\/danilo-medina-sobre-magin-diaz-ha-estado-en-los-cuatro-gobiernos-desde-el-2000-a-la-fecha\/","url_meta":{"origin":62221,"position":5},"title":"Danilo Medina sobre Mag\u00edn D\u00edaz: &#8220;Ha estado en los cuatro gobiernos desde el 2000 a la fecha&#8221;","author":"Nelson Feliz","date":"20 de julio de 2025","format":false,"excerpt":"Danilo Medina destaca trayectoria de Mag\u00edn D\u00edaz tras su designaci\u00f3n como ministro de Hacienda. El expresidente de la Rep\u00fablica, Danilo Medina, valor\u00f3 la designaci\u00f3n de Mag\u00edn J. D\u00edaz como nuevo ministro de Hacienda, y resalt\u00f3 su trayectoria como tecn\u00f3crata al servicio de distintos gobiernos dominicanos durante las \u00faltimas dos d\u00e9cadas.\u2026","rel":"","context":"En \u00abPOLITICA\u00bb","block_context":{"text":"POLITICA","link":"https:\/\/lasprimeras.com.do\/index.php\/category\/politica\/"},"img":{"alt_text":"Danilo Medina","src":"https:\/\/i0.wp.com\/lasprimeras.com.do\/wp-content\/uploads\/2025\/03\/Danilo_Medina-removebg-preview.png?resize=350%2C200&ssl=1","width":350,"height":200,"srcset":"https:\/\/i0.wp.com\/lasprimeras.com.do\/wp-content\/uploads\/2025\/03\/Danilo_Medina-removebg-preview.png?resize=350%2C200&ssl=1 1x, https:\/\/i0.wp.com\/lasprimeras.com.do\/wp-content\/uploads\/2025\/03\/Danilo_Medina-removebg-preview.png?resize=525%2C300&ssl=1 1.5x"},"classes":[]}],"jetpack_sharing_enabled":true,"_links":{"self":[{"href":"https:\/\/lasprimeras.com.do\/index.php\/wp-json\/wp\/v2\/posts\/62221","targetHints":{"allow":["GET"]}}],"collection":[{"href":"https:\/\/lasprimeras.com.do\/index.php\/wp-json\/wp\/v2\/posts"}],"about":[{"href":"https:\/\/lasprimeras.com.do\/index.php\/wp-json\/wp\/v2\/types\/post"}],"author":[{"embeddable":true,"href":"https:\/\/lasprimeras.com.do\/index.php\/wp-json\/wp\/v2\/users\/3"}],"replies":[{"embeddable":true,"href":"https:\/\/lasprimeras.com.do\/index.php\/wp-json\/wp\/v2\/comments?post=62221"}],"version-history":[{"count":1,"href":"https:\/\/lasprimeras.com.do\/index.php\/wp-json\/wp\/v2\/posts\/62221\/revisions"}],"predecessor-version":[{"id":62222,"href":"https:\/\/lasprimeras.com.do\/index.php\/wp-json\/wp\/v2\/posts\/62221\/revisions\/62222"}],"wp:featuredmedia":[{"embeddable":true,"href":"https:\/\/lasprimeras.com.do\/index.php\/wp-json\/wp\/v2\/media\/62219"}],"wp:attachment":[{"href":"https:\/\/lasprimeras.com.do\/index.php\/wp-json\/wp\/v2\/media?parent=62221"}],"wp:term":[{"taxonomy":"category","embeddable":true,"href":"https:\/\/lasprimeras.com.do\/index.php\/wp-json\/wp\/v2\/categories?post=62221"},{"taxonomy":"post_tag","embeddable":true,"href":"https:\/\/lasprimeras.com.do\/index.php\/wp-json\/wp\/v2\/tags?post=62221"}],"curies":[{"name":"wp","href":"https:\/\/api.w.org\/{rel}","templated":true}]}}