{"id":62247,"date":"2023-10-04T07:18:11","date_gmt":"2023-10-04T11:18:11","guid":{"rendered":"https:\/\/lasprimeras.com.do\/?p=62247"},"modified":"2023-10-04T07:18:13","modified_gmt":"2023-10-04T11:18:13","slug":"donald-guerrero-reclama-entrega-informe-pesquisa","status":"publish","type":"post","link":"https:\/\/lasprimeras.com.do\/index.php\/2023\/10\/04\/donald-guerrero-reclama-entrega-informe-pesquisa\/","title":{"rendered":"Donald Guerrero reclama entrega informe pesquisa"},"content":{"rendered":"\n<p>SANTO DOMINGO.-El imputado en el entramado de corrupci\u00f3n del caso Calamar, Donald Guerrero, solicit\u00f3 a la jueza del Segundo Juzgado de la Instrucci\u00f3n del Distrito Nacional, Patricia Padilla, ordene al Ministerio P\u00fablico entregar los informes de la investigaci\u00f3n realizada en su contra.<\/p>\n\n\n\n<p>Tambi\u00e9n solicit\u00f3 a la jueza ordenar a la C\u00e1mara de Cuentas entregar el informe de la auditoria que realiz\u00f3 de la gesti\u00f3n de su representado como ministro de Hacienda, que reh\u00fasa darla alegando que a\u00fan no est\u00e1 terminada.<\/p>\n\n\n\n<p>Los juristas Laura Rodr\u00edguez, Eduardo N\u00fa\u00f1ez, y Mario Aguilera, abogados del imputado del caso Calamar, hicieron el pedimento a la jueza con el objetivo de preparar sus alegatos de defensa con relaci\u00f3n a la acusaci\u00f3n de acto de corrupci\u00f3n y otros delitos presentada por el Ministerio P\u00fablico.<\/p>\n\n\n\n<p>En tanto, la magistrada Patricia Padilla, se reserv\u00f3 el fallo para el pr\u00f3ximo 19, a fin de ponderar las peticiones que realiz\u00f3 el imputado Donald Guerrero.<\/p>\n\n\n\n<p>Donald Guerrero, exministro de Hacienda, y Jos\u00e9 Ram\u00f3n Peralta, exadministrativo de la Presidencia, se hallan en prisi\u00f3n tras ser acusados de integrar el entramado de corrupci\u00f3n caso Calamar para sustraer recursos del Estado .<\/p>\n","protected":false},"excerpt":{"rendered":"<p>SANTO DOMINGO.-El imputado en el entramado de corrupci\u00f3n del caso Calamar, Donald Guerrero, solicit\u00f3 a la jueza del Segundo Juzgado de la Instrucci\u00f3n del Distrito Nacional, Patricia Padilla, ordene al&hellip;<\/p>\n","protected":false},"author":3,"featured_media":62248,"comment_status":"open","ping_status":"open","sticky":false,"template":"","format":"standard","meta":{"content-type":"","jetpack_post_was_ever_published":false,"_jetpack_newsletter_access":"","_jetpack_dont_email_post_to_subs":false,"_jetpack_newsletter_tier_id":0,"_jetpack_memberships_contains_paywalled_content":false,"_jetpack_memberships_contains_paid_content":false,"footnotes":""},"categories":[25],"tags":[],"class_list":["post-62247","post","type-post","status-publish","format-standard","has-post-thumbnail","hentry","category-portada"],"jetpack_featured_media_url":"https:\/\/lasprimeras.com.do\/wp-content\/uploads\/2023\/10\/WhatsApp-Image-2023-10-03-at-10.20.05-AM-1.webp","jetpack-related-posts":[{"id":62329,"url":"https:\/\/lasprimeras.com.do\/index.php\/2023\/10\/04\/camara-de-cuentas-no-ha-concluido-auditorias-a-la-gestion-de-donald-guerrero\/","url_meta":{"origin":62247,"position":0},"title":"C\u00e1mara de Cuentas no ha concluido auditor\u00edas a la gesti\u00f3n de Donald Guerrero","author":"Nelson Feliz","date":"4 de octubre de 2023","format":false,"excerpt":"El informe final de las auditor\u00edas es una pieza clave en la investigaci\u00f3n que realiza el Ministerio P\u00fablico. La C\u00e1mara de Cuentas a\u00fan no concluye las auditor\u00edas a la gesti\u00f3n de Donald Guerrero en el Ministerio de Hacienda (2016-2020), se\u00f1alado como uno de los principales imputados en el caso de\u2026","rel":"","context":"En \u00abJUSTICIA\u00bb","block_context":{"text":"JUSTICIA","link":"https:\/\/lasprimeras.com.do\/index.php\/category\/justicia\/"},"img":{"alt_text":"Donal Guerrero","src":"https:\/\/i0.wp.com\/lasprimeras.com.do\/wp-content\/uploads\/2023\/10\/Donal-Guerrero.jpg?resize=350%2C200&ssl=1","width":350,"height":200,"srcset":"https:\/\/i0.wp.com\/lasprimeras.com.do\/wp-content\/uploads\/2023\/10\/Donal-Guerrero.jpg?resize=350%2C200&ssl=1 1x, https:\/\/i0.wp.com\/lasprimeras.com.do\/wp-content\/uploads\/2023\/10\/Donal-Guerrero.jpg?resize=525%2C300&ssl=1 1.5x, https:\/\/i0.wp.com\/lasprimeras.com.do\/wp-content\/uploads\/2023\/10\/Donal-Guerrero.jpg?resize=700%2C400&ssl=1 2x"},"classes":[]},{"id":69907,"url":"https:\/\/lasprimeras.com.do\/index.php\/2023\/12\/06\/jueza-ordena-al-mp-entregar-a-gonzalo-castillo-pruebas-que-dice-tener-en-su-contra-por-caso-calamar\/","url_meta":{"origin":62247,"position":1},"title":"Jueza ordena al MP entregar a Gonzalo Castillo pruebas que dice tener en su contra por caso Calamar","author":"BIMARY DE JES\u00daS Matos","date":"6 de diciembre de 2023","format":false,"excerpt":"Santo Domingo.-La jueza del Segundo Juzgado de la Instrucci\u00f3n del Distrito Nacional orden\u00f3 al Ministerio P\u00fablico entregar a la defensa del exministro de Obras P\u00fablicas, Gonzalo Castillo, implicado en el caso Calamar, todas las actuaciones, evidencias y pruebas reunidas que dice tener en su contra para fundamentar su acusaci\u00f3n. La\u2026","rel":"","context":"En \u00abNACIONALES\u00bb","block_context":{"text":"NACIONALES","link":"https:\/\/lasprimeras.com.do\/index.php\/category\/nacionales\/"},"img":{"alt_text":"","src":"https:\/\/i0.wp.com\/lasprimeras.com.do\/wp-content\/uploads\/2023\/12\/Diseno-sin-titulo-1.png?resize=350%2C200&ssl=1","width":350,"height":200,"srcset":"https:\/\/i0.wp.com\/lasprimeras.com.do\/wp-content\/uploads\/2023\/12\/Diseno-sin-titulo-1.png?resize=350%2C200&ssl=1 1x, https:\/\/i0.wp.com\/lasprimeras.com.do\/wp-content\/uploads\/2023\/12\/Diseno-sin-titulo-1.png?resize=525%2C300&ssl=1 1.5x"},"classes":[]},{"id":115243,"url":"https:\/\/lasprimeras.com.do\/index.php\/2025\/11\/20\/ministerio-publico-aboga-por-que-continue-avanzando-la-audiencia-del-caso-calamar\/","url_meta":{"origin":62247,"position":2},"title":"Ministerio P\u00fablico aboga por que contin\u00fae avanzando la audiencia del Caso Calamar","author":"Nelson Feliz","date":"20 de noviembre de 2025","format":false,"excerpt":"El Ministerio P\u00fablico se mostr\u00f3 confiado este jueves de que contin\u00fae avanzando la audiencia preliminar en el proceso por corrupci\u00f3n administrativa contra los ex ministros Donald Guerrero Ortiz, Jos\u00e9 Ram\u00f3n Peralta, Gonzalo Castillo y compartes, imputados de defraudar al Estado dominicano con m\u00e1s de RD$19 mil millones de pesos de\u2026","rel":"","context":"En \u00abJUSTICIA\u00bb","block_context":{"text":"JUSTICIA","link":"https:\/\/lasprimeras.com.do\/index.php\/category\/justicia\/"},"img":{"alt_text":"","src":"https:\/\/i0.wp.com\/lasprimeras.com.do\/wp-content\/uploads\/2025\/11\/Donald_Guerrero_Ortiz-CALAMAR.png?resize=350%2C200&ssl=1","width":350,"height":200,"srcset":"https:\/\/i0.wp.com\/lasprimeras.com.do\/wp-content\/uploads\/2025\/11\/Donald_Guerrero_Ortiz-CALAMAR.png?resize=350%2C200&ssl=1 1x, https:\/\/i0.wp.com\/lasprimeras.com.do\/wp-content\/uploads\/2025\/11\/Donald_Guerrero_Ortiz-CALAMAR.png?resize=525%2C300&ssl=1 1.5x"},"classes":[]},{"id":78591,"url":"https:\/\/lasprimeras.com.do\/index.php\/2024\/03\/18\/defensa-alega-vence-plazo-caso-calamar\/","url_meta":{"origin":62247,"position":3},"title":"Defensa alega vence plazo caso Calamar","author":"BIMARY DE JES\u00daS Matos","date":"18 de marzo de 2024","format":false,"excerpt":"Santo Domingo.-Los abogados de tres imputados en expediente de corrupci\u00f3n del caso Calamar aseguran que hoy vence el plazo para presentar acusaci\u00f3n contra el grupo implicado en el proceso, tras la investigaci\u00f3n que realiza el Ministerio P\u00fablico, como se indica en el C\u00f3digo Procesal Penal. Hoy se cumple un a\u00f1o\u2026","rel":"","context":"En \u00abNACIONALES\u00bb","block_context":{"text":"NACIONALES","link":"https:\/\/lasprimeras.com.do\/index.php\/category\/nacionales\/"},"img":{"alt_text":"","src":"","width":0,"height":0},"classes":[]},{"id":73814,"url":"https:\/\/lasprimeras.com.do\/index.php\/2024\/01\/16\/jueza-emitira-fallo-en-febrero-sobre-solicitud-de-prorroga-del-mp-en-caso-calamar\/","url_meta":{"origin":62247,"position":4},"title":"Jueza emitir\u00e1 fallo en febrero sobre solicitud de pr\u00f3rroga del MP en caso Calamar","author":"Nelson Feliz","date":"16 de enero de 2024","format":false,"excerpt":"La jueza del Segundo Juzgado de Instrucci\u00f3n del Distrito Nacional Ana Lee Florim\u00f3n fij\u00f3 para el d\u00eda 9 de febrero, a las 9:00 de la ma\u00f1ana, la emisi\u00f3n del fallo a la solicitud de pr\u00f3rroga del Ministerio P\u00fablico para depositar el expediente acusatorio contra los imputados en la Operaci\u00f3n Calamar.\u2026","rel":"","context":"En \u00abJUSTICIA\u00bb","block_context":{"text":"JUSTICIA","link":"https:\/\/lasprimeras.com.do\/index.php\/category\/justicia\/"},"img":{"alt_text":"La procuradora fiscal Rosa Alba Garc\u00eda declar\u00f3 a los medios de comunicaci\u00f3n que ha solicitado la extensi\u00f3n del plazo debido a la complejidad del caso Calamar.","src":"https:\/\/i0.wp.com\/lasprimeras.com.do\/wp-content\/uploads\/2024\/01\/La-procuradora-fiscal-Rosa-Alba-Garcia.jpg?resize=350%2C200&ssl=1","width":350,"height":200,"srcset":"https:\/\/i0.wp.com\/lasprimeras.com.do\/wp-content\/uploads\/2024\/01\/La-procuradora-fiscal-Rosa-Alba-Garcia.jpg?resize=350%2C200&ssl=1 1x, https:\/\/i0.wp.com\/lasprimeras.com.do\/wp-content\/uploads\/2024\/01\/La-procuradora-fiscal-Rosa-Alba-Garcia.jpg?resize=525%2C300&ssl=1 1.5x, https:\/\/i0.wp.com\/lasprimeras.com.do\/wp-content\/uploads\/2024\/01\/La-procuradora-fiscal-Rosa-Alba-Garcia.jpg?resize=700%2C400&ssl=1 2x"},"classes":[]},{"id":64387,"url":"https:\/\/lasprimeras.com.do\/index.php\/2023\/10\/19\/corte-de-apelacion-varia-medida-de-coercion-a-donald-guerrero\/","url_meta":{"origin":62247,"position":5},"title":"Corte de Apelaci\u00f3n var\u00eda medida de coerci\u00f3n a Donald Guerrero","author":"Nelson Feliz","date":"19 de octubre de 2023","format":false,"excerpt":"La Primera Sala de la C\u00e1mara Penal de la Corte de Apelaci\u00f3n del Distrito Nacional vari\u00f3 de prisi\u00f3n preventiva a presentaci\u00f3n peri\u00f3dica, la medida de coerci\u00f3n contra el ex ministro Donald Guerrero, recluido en el Centro de Correcci\u00f3n y Rehabilitaci\u00f3n (CCR) Najayo Hombres por su presunta implicaci\u00f3n en el caso\u2026","rel":"","context":"En \u00abJUSTICIA\u00bb","block_context":{"text":"JUSTICIA","link":"https:\/\/lasprimeras.com.do\/index.php\/category\/justicia\/"},"img":{"alt_text":"","src":"https:\/\/i0.wp.com\/lasprimeras.com.do\/wp-content\/uploads\/2023\/10\/foto-Donald-Guerrero-2.jpg?resize=350%2C200&ssl=1","width":350,"height":200},"classes":[]}],"jetpack_sharing_enabled":true,"_links":{"self":[{"href":"https:\/\/lasprimeras.com.do\/index.php\/wp-json\/wp\/v2\/posts\/62247","targetHints":{"allow":["GET"]}}],"collection":[{"href":"https:\/\/lasprimeras.com.do\/index.php\/wp-json\/wp\/v2\/posts"}],"about":[{"href":"https:\/\/lasprimeras.com.do\/index.php\/wp-json\/wp\/v2\/types\/post"}],"author":[{"embeddable":true,"href":"https:\/\/lasprimeras.com.do\/index.php\/wp-json\/wp\/v2\/users\/3"}],"replies":[{"embeddable":true,"href":"https:\/\/lasprimeras.com.do\/index.php\/wp-json\/wp\/v2\/comments?post=62247"}],"version-history":[{"count":1,"href":"https:\/\/lasprimeras.com.do\/index.php\/wp-json\/wp\/v2\/posts\/62247\/revisions"}],"predecessor-version":[{"id":62249,"href":"https:\/\/lasprimeras.com.do\/index.php\/wp-json\/wp\/v2\/posts\/62247\/revisions\/62249"}],"wp:featuredmedia":[{"embeddable":true,"href":"https:\/\/lasprimeras.com.do\/index.php\/wp-json\/wp\/v2\/media\/62248"}],"wp:attachment":[{"href":"https:\/\/lasprimeras.com.do\/index.php\/wp-json\/wp\/v2\/media?parent=62247"}],"wp:term":[{"taxonomy":"category","embeddable":true,"href":"https:\/\/lasprimeras.com.do\/index.php\/wp-json\/wp\/v2\/categories?post=62247"},{"taxonomy":"post_tag","embeddable":true,"href":"https:\/\/lasprimeras.com.do\/index.php\/wp-json\/wp\/v2\/tags?post=62247"}],"curies":[{"name":"wp","href":"https:\/\/api.w.org\/{rel}","templated":true}]}}