{"id":62250,"date":"2023-10-04T07:19:13","date_gmt":"2023-10-04T11:19:13","guid":{"rendered":"https:\/\/lasprimeras.com.do\/?p=62250"},"modified":"2023-10-04T07:19:14","modified_gmt":"2023-10-04T11:19:14","slug":"entrada-y-salida-de-pacientes-con-dengue-es-persistente","status":"publish","type":"post","link":"https:\/\/lasprimeras.com.do\/index.php\/2023\/10\/04\/entrada-y-salida-de-pacientes-con-dengue-es-persistente\/","title":{"rendered":"Entrada y salida de pacientes con dengue es persistente"},"content":{"rendered":"\n<p>Santo Domingo .-Los pacientes afectados por el virus del dengue mantienen una constante en la entrada y salida de los centros hospitalarios, ya que a medida que se les da el alta m\u00e9dica a algunos, en igual o mayor proporci\u00f3n, son los que pasan a salas de internamientos.<\/p>\n\n\n\n<p>La situaci\u00f3n se puede observar en el reporte del Servicio Nacional de Salud (SNS), donde las hospitalizaciones fluct\u00faan entre 287 el domingo, 208 el lunes y 227 ayer.<\/p>\n\n\n\n<p>En el caso del Hospital Pedi\u00e1trico Hugo Mendoza, hab\u00eda 76 ni\u00f1os ingresados, mientras que el Infantil Robert Reid Cabral ten\u00eda 56 pacientes internos, seguido del Materno Infantil San Lorenzo de Los Mina, con 20.<br>En los centros pedi\u00e1tricos es recurrente la llegada de padres con infantes que tienen sintomatolog\u00eda del dengue como fiebre alta, dolor abdominal, n\u00e1useas y otras.<\/p>\n\n\n\n<p>Traves\u00eda<br>Masiel Santana sali\u00f3 de Azua a las 4:00 de la ma\u00f1ana para poder estar a las 6:00 en el Robert Reid, donde atender\u00edan a su hija de cuatro a\u00f1os.<\/p>\n\n\n\n<p>Santana trajo a su peque\u00f1a por tener un proceso gripal con tos y secreci\u00f3n nasal, adem\u00e1s de darle seguimiento a otra afecci\u00f3n de salud.<\/p>\n\n\n\n<p>De igual forma, Rosa Jim\u00e9nez se traslad\u00f3 desde San Juan con su hija de seis a\u00f1os, quien desde el lunes en horas de la madrugada ha presentado fiebre, siendo la \u00fanica de la familia que ha tenido este cuadro febril.<br>As\u00ed como ellas, otros padres abarrotaban los pasillos del \u00e1rea de consulta para atender las diferentes afecciones de salud de sus v\u00e1stagos.<\/p>\n\n\n\n<p>Contraste<br>Mientras las autoridades insisten en que la situaci\u00f3n del dengue est\u00e1 en fase de meseta, es decir, que la curva de casos empieza a descender, el panorama en los hospitales es diferente.<\/p>\n\n\n\n<p>En el caso de las muertes por la enfermedad, el ministro de Salud, Daniel Rivera, destac\u00f3 que aunque la gente pueda pensar que hay m\u00e1s decesos por el dengue, no es as\u00ed, ya que algunos pacientes fallecen por otras patolog\u00edas de base.<\/p>\n\n\n\n<p>Respecto a esto, el presidente del Colegio M\u00e9dico Dominicano (CMD), Sen\u00e9n Caba, dijo que duda de de la certeza de las cifras del \u00f3rgano rector de la salud, que ha confirmado un total de nueve muertes por la afeccion.<\/p>\n\n\n\n<p>Sen\u00e9n Caba critic\u00f3 que no hubo promoci\u00f3n y prevenci\u00f3n para la disminuci\u00f3n de la proliferaci\u00f3n de mosquitos antes de que ocurriera esta epidemia, al tiempo que advirti\u00f3 que esto continuar\u00e1 por las altas temperaturas y lluvias.<\/p>\n","protected":false},"excerpt":{"rendered":"<p>Santo Domingo .-Los pacientes afectados por el virus del dengue mantienen una constante en la entrada y salida de los centros hospitalarios, ya que a medida que se les da&hellip;<\/p>\n","protected":false},"author":3,"featured_media":62252,"comment_status":"open","ping_status":"open","sticky":false,"template":"","format":"standard","meta":{"content-type":"","jetpack_post_was_ever_published":false,"_jetpack_newsletter_access":"","_jetpack_dont_email_post_to_subs":false,"_jetpack_newsletter_tier_id":0,"_jetpack_memberships_contains_paywalled_content":false,"_jetpack_memberships_contains_paid_content":false,"footnotes":""},"categories":[25],"tags":[],"class_list":["post-62250","post","type-post","status-publish","format-standard","has-post-thumbnail","hentry","category-portada"],"jetpack_featured_media_url":"https:\/\/lasprimeras.com.do\/wp-content\/uploads\/2023\/10\/WhatsApp-Image-2023-10-03-at-10.20.05-AM-2.webp","jetpack-related-posts":[{"id":65705,"url":"https:\/\/lasprimeras.com.do\/index.php\/2023\/10\/31\/pacientes-con-sospecha-de-dengue-siguen-saturando-centros-de-salud\/","url_meta":{"origin":62250,"position":0},"title":"Pacientes con sospecha de dengue siguen saturando centros de salud","author":"BIMARY DE JES\u00daS Matos","date":"31 de octubre de 2023","format":false,"excerpt":"Santo Domingo.-La capacidad de respuesta de los centros asistenciales y del personal de salud contin\u00fao ayer presionada por la alta demanda de atenci\u00f3n de pacientes febriles con sospecha de dengue que siguen llegando a sus \u00e1reas de emergencias en busca de atenci\u00f3n m\u00e9dica, muchos de los cuales requieren ser ingresados.\u2026","rel":"","context":"En \u00abPORTADA\u00bb","block_context":{"text":"PORTADA","link":"https:\/\/lasprimeras.com.do\/index.php\/category\/portada\/"},"img":{"alt_text":"","src":"https:\/\/i0.wp.com\/lasprimeras.com.do\/wp-content\/uploads\/2023\/10\/WhatsApp-Image-2023-10-30-at-2.14.30-PM-1.jpeg?resize=350%2C200&ssl=1","width":350,"height":200,"srcset":"https:\/\/i0.wp.com\/lasprimeras.com.do\/wp-content\/uploads\/2023\/10\/WhatsApp-Image-2023-10-30-at-2.14.30-PM-1.jpeg?resize=350%2C200&ssl=1 1x, https:\/\/i0.wp.com\/lasprimeras.com.do\/wp-content\/uploads\/2023\/10\/WhatsApp-Image-2023-10-30-at-2.14.30-PM-1.jpeg?resize=525%2C300&ssl=1 1.5x, https:\/\/i0.wp.com\/lasprimeras.com.do\/wp-content\/uploads\/2023\/10\/WhatsApp-Image-2023-10-30-at-2.14.30-PM-1.jpeg?resize=700%2C400&ssl=1 2x"},"classes":[]},{"id":65333,"url":"https:\/\/lasprimeras.com.do\/index.php\/2023\/10\/27\/hospital-infantil-hugo-mendoza-el-centro-esta-a-su-maxima-capacidad-por-casos-de-dengue\/","url_meta":{"origin":62250,"position":1},"title":"Hospital Infantil Hugo Mendoza: \u201cEl centro est\u00e1 a su m\u00e1xima capacidad\u201d por casos de dengue","author":"Nelson Feliz","date":"27 de octubre de 2023","format":false,"excerpt":"Algunos padres abandonaban el hospital Hugo Mendoza con una sonrisa en el rostro, agradecidos por la atenci\u00f3n recibida y por ver a sus hijos recuperarse satisfactoriamente. El Hospital Pedi\u00e1trico Doctor Hugo Mendoza amaneci\u00f3 a su m\u00e1xima capacidad. Ya lleva dos meses as\u00ed a causa de la gran cantidad de ni\u00f1os,\u2026","rel":"","context":"En \u00abSin categor\u00eda\u00bb","block_context":{"text":"Sin categor\u00eda","link":"https:\/\/lasprimeras.com.do\/index.php\/category\/sin-categoria\/"},"img":{"alt_text":"El Hospital Pedi\u00e1trico Hugo Mendoza, en Santo Domingo Norte, ten\u00eda su \u00e1rea de emergencia a toda capacidad por los pacientes con dengue.","src":"https:\/\/i0.wp.com\/lasprimeras.com.do\/wp-content\/uploads\/2023\/10\/El-Hospital-Pediatrico-Hugo-Mendoza-en-Santo-Domingo-Norte.jpeg?resize=350%2C200&ssl=1","width":350,"height":200,"srcset":"https:\/\/i0.wp.com\/lasprimeras.com.do\/wp-content\/uploads\/2023\/10\/El-Hospital-Pediatrico-Hugo-Mendoza-en-Santo-Domingo-Norte.jpeg?resize=350%2C200&ssl=1 1x, https:\/\/i0.wp.com\/lasprimeras.com.do\/wp-content\/uploads\/2023\/10\/El-Hospital-Pediatrico-Hugo-Mendoza-en-Santo-Domingo-Norte.jpeg?resize=525%2C300&ssl=1 1.5x, https:\/\/i0.wp.com\/lasprimeras.com.do\/wp-content\/uploads\/2023\/10\/El-Hospital-Pediatrico-Hugo-Mendoza-en-Santo-Domingo-Norte.jpeg?resize=700%2C400&ssl=1 2x"},"classes":[]},{"id":61692,"url":"https:\/\/lasprimeras.com.do\/index.php\/2023\/09\/29\/el-dengue-genera-alta-ocupacion-de-camas-en-hospitales\/","url_meta":{"origin":62250,"position":2},"title":"El dengue genera alta ocupaci\u00f3n de camas en hospitales","author":"Nelson Feliz","date":"29 de septiembre de 2023","format":false,"excerpt":"Ayer los pedi\u00e1tricos Hugo Mendoza y Robert Reid Cabral, ten\u00edan ingresados 94 y 86 pacientes, respectivamente. Una alta ocupaci\u00f3n de camas de pacientes con s\u00edntomas de dengue siguen manteniendo los principales hospitales de la capital y provincias del pa\u00eds. Ayer los pedi\u00e1tricos Hugo Mendoza y Robert Reid Cabral, ten\u00edan ingresados\u2026","rel":"","context":"En \u00abSin categor\u00eda\u00bb","block_context":{"text":"Sin categor\u00eda","link":"https:\/\/lasprimeras.com.do\/index.php\/category\/sin-categoria\/"},"img":{"alt_text":"Madres con sus hijos en brazos siguen copando las \u00e1reas de emergencias.JORGE MART\u00cdNEZ\/LD","src":"https:\/\/i0.wp.com\/lasprimeras.com.do\/wp-content\/uploads\/2023\/09\/Madres-con-sus-hijos-en-brazos-siguen-copando-las-areas-de-emergencias.jpeg?resize=350%2C200&ssl=1","width":350,"height":200,"srcset":"https:\/\/i0.wp.com\/lasprimeras.com.do\/wp-content\/uploads\/2023\/09\/Madres-con-sus-hijos-en-brazos-siguen-copando-las-areas-de-emergencias.jpeg?resize=350%2C200&ssl=1 1x, https:\/\/i0.wp.com\/lasprimeras.com.do\/wp-content\/uploads\/2023\/09\/Madres-con-sus-hijos-en-brazos-siguen-copando-las-areas-de-emergencias.jpeg?resize=525%2C300&ssl=1 1.5x, https:\/\/i0.wp.com\/lasprimeras.com.do\/wp-content\/uploads\/2023\/09\/Madres-con-sus-hijos-en-brazos-siguen-copando-las-areas-de-emergencias.jpeg?resize=700%2C400&ssl=1 2x"},"classes":[]},{"id":61929,"url":"https:\/\/lasprimeras.com.do\/index.php\/2023\/10\/02\/pacientes-febriles-continua-abarrotando-hospitales\/","url_meta":{"origin":62250,"position":3},"title":"Pacientes febriles contin\u00faa abarrotando hospitales","author":"BIMARY DE JES\u00daS Matos","date":"2 de octubre de 2023","format":false,"excerpt":"Santo Domingo.-En los \u00faltimos meses los hospitales y cl\u00ednicas del pa\u00eds se han visto abarrotados de pacientes en emergencias y ocupando las salas de internamiento, por presentar s\u00edntomas febriles probable dengue afectando, sobre todo, a la poblaci\u00f3n infantil. Ayer en toda la red hospitalaria que maneja el Servicio Nacional de\u2026","rel":"","context":"En \u00abPORTADA\u00bb","block_context":{"text":"PORTADA","link":"https:\/\/lasprimeras.com.do\/index.php\/category\/portada\/"},"img":{"alt_text":"","src":"https:\/\/i0.wp.com\/lasprimeras.com.do\/wp-content\/uploads\/2023\/10\/WhatsApp-Image-2023-09-28-at-11.50.30-PM-1-1.webp?resize=350%2C200&ssl=1","width":350,"height":200,"srcset":"https:\/\/i0.wp.com\/lasprimeras.com.do\/wp-content\/uploads\/2023\/10\/WhatsApp-Image-2023-09-28-at-11.50.30-PM-1-1.webp?resize=350%2C200&ssl=1 1x, https:\/\/i0.wp.com\/lasprimeras.com.do\/wp-content\/uploads\/2023\/10\/WhatsApp-Image-2023-09-28-at-11.50.30-PM-1-1.webp?resize=525%2C300&ssl=1 1.5x, https:\/\/i0.wp.com\/lasprimeras.com.do\/wp-content\/uploads\/2023\/10\/WhatsApp-Image-2023-09-28-at-11.50.30-PM-1-1.webp?resize=700%2C400&ssl=1 2x, https:\/\/i0.wp.com\/lasprimeras.com.do\/wp-content\/uploads\/2023\/10\/WhatsApp-Image-2023-09-28-at-11.50.30-PM-1-1.webp?resize=1050%2C600&ssl=1 3x"},"classes":[]},{"id":65433,"url":"https:\/\/lasprimeras.com.do\/index.php\/2023\/10\/28\/el-dengue-esta-acabando-no-esta-disminuyendo-nada-grita-abuela-en-el-hospital-hugo-mendoza\/","url_meta":{"origin":62250,"position":4},"title":"&#8220;El dengue est\u00e1 acabando, no est\u00e1 disminuyendo nada&#8221;, grita abuela en el hospital Hugo Mendoza","author":"BIMARY DE JES\u00daS Matos","date":"28 de octubre de 2023","format":false,"excerpt":"Santo Domingo.-La preocupaci\u00f3n y la desconfianza causadas por las cifras de pacientes por dengue, contin\u00faa vigente entre los padres que asisten a los hospitales de Santo Domingo, donde los ni\u00f1os con s\u00edntomas y sospechas de la enfermedad transmitida por el mosquito Aedes aegypti siguen llenando las salas de emergencias. Los\u2026","rel":"","context":"En \u00abNACIONALES\u00bb","block_context":{"text":"NACIONALES","link":"https:\/\/lasprimeras.com.do\/index.php\/category\/nacionales\/"},"img":{"alt_text":"","src":"https:\/\/i0.wp.com\/lasprimeras.com.do\/wp-content\/uploads\/2023\/10\/8_Nacionales_15_1p01-2.jpg?resize=350%2C200&ssl=1","width":350,"height":200,"srcset":"https:\/\/i0.wp.com\/lasprimeras.com.do\/wp-content\/uploads\/2023\/10\/8_Nacionales_15_1p01-2.jpg?resize=350%2C200&ssl=1 1x, https:\/\/i0.wp.com\/lasprimeras.com.do\/wp-content\/uploads\/2023\/10\/8_Nacionales_15_1p01-2.jpg?resize=525%2C300&ssl=1 1.5x, https:\/\/i0.wp.com\/lasprimeras.com.do\/wp-content\/uploads\/2023\/10\/8_Nacionales_15_1p01-2.jpg?resize=700%2C400&ssl=1 2x, https:\/\/i0.wp.com\/lasprimeras.com.do\/wp-content\/uploads\/2023\/10\/8_Nacionales_15_1p01-2.jpg?resize=1050%2C600&ssl=1 3x"},"classes":[]},{"id":65350,"url":"https:\/\/lasprimeras.com.do\/index.php\/2023\/10\/27\/pediatras-estan-agotados-ante-la-alta-demanda-por-casos-de-dengue\/","url_meta":{"origin":62250,"position":5},"title":"Pediatras est\u00e1n agotados ante la alta demanda por casos de dengue","author":"Nelson Feliz","date":"27 de octubre de 2023","format":false,"excerpt":"El personal m\u00e9dico est\u00e1 agotado debido a la gran cantidad de pacientes que est\u00e1n asistiendo afectados de dengue y otras condiciones respiratorias que mantienen saturadas las emergencias y los consultorios de los centros hospitalarios p\u00fablicos y privados. La doctora Griselys Alc\u00e1ntara se\u00f1al\u00f3 que los pacientes infectados por el virus transmitido\u2026","rel":"","context":"En \u00abSin categor\u00eda\u00bb","block_context":{"text":"Sin categor\u00eda","link":"https:\/\/lasprimeras.com.do\/index.php\/category\/sin-categoria\/"},"img":{"alt_text":"Pacientes este jueves en la emergencia del Hugo Mendoza","src":"https:\/\/i0.wp.com\/lasprimeras.com.do\/wp-content\/uploads\/2023\/10\/Pacientes-este-jueves-en-la-emergencia-del-Hugo-Mendoza.jpg?resize=350%2C200&ssl=1","width":350,"height":200,"srcset":"https:\/\/i0.wp.com\/lasprimeras.com.do\/wp-content\/uploads\/2023\/10\/Pacientes-este-jueves-en-la-emergencia-del-Hugo-Mendoza.jpg?resize=350%2C200&ssl=1 1x, https:\/\/i0.wp.com\/lasprimeras.com.do\/wp-content\/uploads\/2023\/10\/Pacientes-este-jueves-en-la-emergencia-del-Hugo-Mendoza.jpg?resize=525%2C300&ssl=1 1.5x, https:\/\/i0.wp.com\/lasprimeras.com.do\/wp-content\/uploads\/2023\/10\/Pacientes-este-jueves-en-la-emergencia-del-Hugo-Mendoza.jpg?resize=700%2C400&ssl=1 2x"},"classes":[]}],"jetpack_sharing_enabled":true,"_links":{"self":[{"href":"https:\/\/lasprimeras.com.do\/index.php\/wp-json\/wp\/v2\/posts\/62250","targetHints":{"allow":["GET"]}}],"collection":[{"href":"https:\/\/lasprimeras.com.do\/index.php\/wp-json\/wp\/v2\/posts"}],"about":[{"href":"https:\/\/lasprimeras.com.do\/index.php\/wp-json\/wp\/v2\/types\/post"}],"author":[{"embeddable":true,"href":"https:\/\/lasprimeras.com.do\/index.php\/wp-json\/wp\/v2\/users\/3"}],"replies":[{"embeddable":true,"href":"https:\/\/lasprimeras.com.do\/index.php\/wp-json\/wp\/v2\/comments?post=62250"}],"version-history":[{"count":1,"href":"https:\/\/lasprimeras.com.do\/index.php\/wp-json\/wp\/v2\/posts\/62250\/revisions"}],"predecessor-version":[{"id":62253,"href":"https:\/\/lasprimeras.com.do\/index.php\/wp-json\/wp\/v2\/posts\/62250\/revisions\/62253"}],"wp:featuredmedia":[{"embeddable":true,"href":"https:\/\/lasprimeras.com.do\/index.php\/wp-json\/wp\/v2\/media\/62252"}],"wp:attachment":[{"href":"https:\/\/lasprimeras.com.do\/index.php\/wp-json\/wp\/v2\/media?parent=62250"}],"wp:term":[{"taxonomy":"category","embeddable":true,"href":"https:\/\/lasprimeras.com.do\/index.php\/wp-json\/wp\/v2\/categories?post=62250"},{"taxonomy":"post_tag","embeddable":true,"href":"https:\/\/lasprimeras.com.do\/index.php\/wp-json\/wp\/v2\/tags?post=62250"}],"curies":[{"name":"wp","href":"https:\/\/api.w.org\/{rel}","templated":true}]}}