{"id":62255,"date":"2023-10-04T07:21:20","date_gmt":"2023-10-04T11:21:20","guid":{"rendered":"https:\/\/lasprimeras.com.do\/?p=62255"},"modified":"2023-10-04T07:21:22","modified_gmt":"2023-10-04T11:21:22","slug":"gobierno-busca-mejorar-sector-electrico-en-2024-con-inversiones-hasta-us570-millones","status":"publish","type":"post","link":"https:\/\/lasprimeras.com.do\/index.php\/2023\/10\/04\/gobierno-busca-mejorar-sector-electrico-en-2024-con-inversiones-hasta-us570-millones\/","title":{"rendered":"Gobierno busca mejorar sector el\u00e9ctrico en 2024 con inversiones hasta US$570 millones"},"content":{"rendered":"\n<p>Santo Domingo.-El gobierno planific\u00f3 ampliar la inversi\u00f3n en el sector el\u00e9ctrico en el Proyecto de Ley de Presupuesto General del Estado 2024, con el objetivo de ejecutar cuatro programas para mejorar las redes y el sistema de distribuci\u00f3n.<\/p>\n\n\n\n<p>Los proyectos est\u00e1n contemplados para ser financiados por organismos internacionales por un total de 570 millones de d\u00f3lares. Adem\u00e1s, se autoriza una l\u00ednea de cr\u00e9dito con la banca para las Empresas Distribuidoras de Electricidad (EDE) por 30,000 millones de pesos.<\/p>\n\n\n\n<p>Seg\u00fan el art\u00edculo 70 del documento legislativo, de 49 proyectos de inversi\u00f3n p\u00fablica, cuatro corresponden al sector el\u00e9ctrico para ser desarrollados por el Ministerio de Energ\u00eda y Minas (MEM) o por las EDE.<\/p>\n\n\n\n<p>La serie de propuestas a ejecutar a partir del 2024 surge en un contexto de deterioro de las l\u00edneas de distribuci\u00f3n el\u00e9ctrica que seg\u00fan, el presidente Luis Abinader, requieren una inversi\u00f3n de aproximadamente 2,000 millones de d\u00f3lares.<\/p>\n\n\n\n<p>El administrador de la empresa estatal Edesur Dominicana, Milton Morrison, hab\u00eda destacado a Diario Libre que las EDE estaban trabajando con pocos recursos, enfrentando una serie de desaf\u00edos que se profundizaron en estos \u00faltimos a\u00f1os por el aumento de la demanda el\u00e9ctrica.<\/p>\n\n\n\n<p>En el proyecto de ley para el 2024 se autoriza al Poder Ejecutivo, a trav\u00e9s del Ministerio de Hacienda, a contratar las siguientes operaciones de cr\u00e9dito p\u00fablico para proyectos de inversi\u00f3n espec\u00edficos a un plazo m\u00ednimo de siete a\u00f1os cada uno.<\/p>\n\n\n\n<p>El primero de los programas es el de Apoyo a la Mejora de las Redes de Distribuci\u00f3n El\u00e9ctrica, con un monto m\u00e1ximo de contrataci\u00f3n de 75 millones de d\u00f3lares, a ser concertados con la Corporaci\u00f3n Andina de Fomento (CAE), a una tasa de inter\u00e9s y comisiones compatibles con las vigentes en el mercado para la Rep\u00fablica Dominicana.<br>Se establece la estrategia de Mejoramiento del Sistema de Distribuci\u00f3n a Nivel Nacional por un monto tope de 120 millones de d\u00f3lares, a ser concertados con el Fondo OPEP para el Desarrollo Internacional (OFID).<br>A la lista se incluye el Programa de Mejoramiento de Redes Media y Baja Tensi\u00f3n y Normalizaci\u00f3n de Clientes de las Empresas Distribuidoras de electricidad a Nivel Nacional, con un valor m\u00e1ximo para financiamiento de 225 millones de d\u00f3lares a ser canalizados con el Banco Internacional de Reconstrucci\u00f3n y Fomento (BIRF).<br>El \u00faltimo de los programas focalizados en el sector el\u00e9ctrico es el de Eficiencia Energ\u00e9tica y Techos Solares a desarrollar con un valor de 150 millones de d\u00f3lares a ser solicitados al BIRF.<\/p>\n","protected":false},"excerpt":{"rendered":"<p>Santo Domingo.-El gobierno planific\u00f3 ampliar la inversi\u00f3n en el sector el\u00e9ctrico en el Proyecto de Ley de Presupuesto General del Estado 2024, con el objetivo de ejecutar cuatro programas para&hellip;<\/p>\n","protected":false},"author":3,"featured_media":62256,"comment_status":"open","ping_status":"open","sticky":false,"template":"","format":"standard","meta":{"content-type":"","jetpack_post_was_ever_published":false,"_jetpack_newsletter_access":"","_jetpack_dont_email_post_to_subs":false,"_jetpack_newsletter_tier_id":0,"_jetpack_memberships_contains_paywalled_content":false,"_jetpack_memberships_contains_paid_content":false,"footnotes":""},"categories":[35],"tags":[],"class_list":["post-62255","post","type-post","status-publish","format-standard","has-post-thumbnail","hentry","category-nacionales"],"jetpack_featured_media_url":"https:\/\/lasprimeras.com.do\/wp-content\/uploads\/2023\/10\/WhatsApp-Image-2023-10-03-at-10.20.05-AM.jpeg","jetpack-related-posts":[{"id":123076,"url":"https:\/\/lasprimeras.com.do\/index.php\/2026\/02\/25\/cued-destaca-que-las-ede-invierten-rd1488-millones-en-mejoria-y-estabilidad-del-servicio-de-electricidad\/","url_meta":{"origin":62255,"position":0},"title":"CUED destaca que las EDE invierten RD$1,488 millones en mejor\u00eda y estabilidad del servicio de electricidad","author":"Nelson Feliz","date":"25 de febrero de 2026","format":false,"excerpt":"Las distribuidoras Edesur, \u00a0Edenorte y Edeeste lograron la cifra r\u00e9cord en cobro de RD$126,574 millones y contrataron 357,888 nuevos clientes. El Consejo Unificado de las Empresas Distribuidoras de Electricidad (CUED) destac\u00f3 que han sido intervenidas 67 subestaciones el\u00e9ctricas de Edesur, Edenorte y Edeeste, con una inversi\u00f3n de RD$1,488 millones, lo\u2026","rel":"","context":"En \u00abSin categor\u00eda\u00bb","block_context":{"text":"Sin categor\u00eda","link":"https:\/\/lasprimeras.com.do\/index.php\/category\/sin-categoria\/"},"img":{"alt_text":"","src":"https:\/\/i0.wp.com\/lasprimeras.com.do\/wp-content\/uploads\/2026\/02\/WhatsApp-Image-2026-02-23-at-6.09.03-PM.jpeg?resize=350%2C200&ssl=1","width":350,"height":200,"srcset":"https:\/\/i0.wp.com\/lasprimeras.com.do\/wp-content\/uploads\/2026\/02\/WhatsApp-Image-2026-02-23-at-6.09.03-PM.jpeg?resize=350%2C200&ssl=1 1x, https:\/\/i0.wp.com\/lasprimeras.com.do\/wp-content\/uploads\/2026\/02\/WhatsApp-Image-2026-02-23-at-6.09.03-PM.jpeg?resize=525%2C300&ssl=1 1.5x, https:\/\/i0.wp.com\/lasprimeras.com.do\/wp-content\/uploads\/2026\/02\/WhatsApp-Image-2026-02-23-at-6.09.03-PM.jpeg?resize=700%2C400&ssl=1 2x, https:\/\/i0.wp.com\/lasprimeras.com.do\/wp-content\/uploads\/2026\/02\/WhatsApp-Image-2026-02-23-at-6.09.03-PM.jpeg?resize=1050%2C600&ssl=1 3x, https:\/\/i0.wp.com\/lasprimeras.com.do\/wp-content\/uploads\/2026\/02\/WhatsApp-Image-2026-02-23-at-6.09.03-PM.jpeg?resize=1400%2C800&ssl=1 4x"},"classes":[]},{"id":88226,"url":"https:\/\/lasprimeras.com.do\/index.php\/2024\/08\/24\/marranzini-presenta-plan-para-recuperar-el-sistema-de-distribucion-electrica-de-rd\/","url_meta":{"origin":62255,"position":1},"title":"Marranzini presenta plan para recuperar el sistema de distribuci\u00f3n el\u00e9ctrica de RD","author":"Nelson Feliz","date":"24 de agosto de 2024","format":false,"excerpt":"La estrategia prev\u00e9 una inversi\u00f3n sustancial, con m\u00e1s de 650 millones de d\u00f3lares asegurados en financiamiento por parte de organismos multilaterales, destinados a la modernizaci\u00f3n de las redes y la expansi\u00f3n de la infraestructura de telemedici\u00f3n, as\u00ed como una licitaci\u00f3n para la operaci\u00f3n y mantenimiento de estas empresas por parte\u2026","rel":"","context":"En \u00abECONOM\u00cdA\u00bb","block_context":{"text":"ECONOM\u00cdA","link":"https:\/\/lasprimeras.com.do\/index.php\/category\/economia\/"},"img":{"alt_text":"Celso Marranzini","src":"https:\/\/i0.wp.com\/lasprimeras.com.do\/wp-content\/uploads\/2024\/08\/Celso-Marranzini.jpg?resize=350%2C200&ssl=1","width":350,"height":200,"srcset":"https:\/\/i0.wp.com\/lasprimeras.com.do\/wp-content\/uploads\/2024\/08\/Celso-Marranzini.jpg?resize=350%2C200&ssl=1 1x, https:\/\/i0.wp.com\/lasprimeras.com.do\/wp-content\/uploads\/2024\/08\/Celso-Marranzini.jpg?resize=525%2C300&ssl=1 1.5x, https:\/\/i0.wp.com\/lasprimeras.com.do\/wp-content\/uploads\/2024\/08\/Celso-Marranzini.jpg?resize=700%2C400&ssl=1 2x"},"classes":[]},{"id":103365,"url":"https:\/\/lasprimeras.com.do\/index.php\/2025\/07\/15\/consejo-unificado-reconoce-el-problema-de-las-perdidas-en-las-ede-pero-dice-hay-avances\/","url_meta":{"origin":62255,"position":2},"title":"Consejo Unificado reconoce el problema de las p\u00e9rdidas en las EDE, pero dice hay avances","author":"Nelson Feliz","date":"15 de julio de 2025","format":false,"excerpt":"Marranzini afirma crecimiento de las p\u00e9rdidas es actualmente el m\u00e1s bajo en cinco a\u00f1os. El Consejo Unificado de las Empresas Distribuidoras de Electricidad (CUED) reconoci\u00f3 este lunes el problema que representan las p\u00e9rdidas en las tres compa\u00f1\u00edas p\u00fablicas, pero asegur\u00f3 que existen avances medibles y verificables en la mejora de\u2026","rel":"","context":"En \u00abECONOM\u00cdA\u00bb","block_context":{"text":"ECONOM\u00cdA","link":"https:\/\/lasprimeras.com.do\/index.php\/category\/economia\/"},"img":{"alt_text":"celso-marranzini","src":"https:\/\/i0.wp.com\/lasprimeras.com.do\/wp-content\/uploads\/2024\/07\/celso-marranzini.jpg?resize=350%2C200&ssl=1","width":350,"height":200,"srcset":"https:\/\/i0.wp.com\/lasprimeras.com.do\/wp-content\/uploads\/2024\/07\/celso-marranzini.jpg?resize=350%2C200&ssl=1 1x, https:\/\/i0.wp.com\/lasprimeras.com.do\/wp-content\/uploads\/2024\/07\/celso-marranzini.jpg?resize=525%2C300&ssl=1 1.5x"},"classes":[]},{"id":72877,"url":"https:\/\/lasprimeras.com.do\/index.php\/2024\/01\/03\/abinader-designa-a-celso-marranzini-perez-presidente-del-consejo-unificado-de-las-ede\/","url_meta":{"origin":62255,"position":3},"title":"Abinader designa a Celso Marranzini P\u00e9rez presidente del Consejo Unificado de las EDE","author":"BIMARY DE JES\u00daS Matos","date":"3 de enero de 2024","format":false,"excerpt":"Santo Domingo.-El presidente Luis Abinader nombr\u00f3 a Celso Jos\u00e9 Marranzini P\u00e9rez como el nuevo presidente del Consejo Unificado de las Empresas Distribuidoras de Electricidad (EDE), en reemplazo de Manuel Emilio Bonilla Dominici, quien present\u00f3 su renuncia al cargo. Marranzini P\u00e9rez asumir\u00e1 el cargo de presidente del Consejo Unificado de las\u2026","rel":"","context":"En \u00abPORTADA\u00bb","block_context":{"text":"PORTADA","link":"https:\/\/lasprimeras.com.do\/index.php\/category\/portada\/"},"img":{"alt_text":"","src":"https:\/\/i0.wp.com\/lasprimeras.com.do\/wp-content\/uploads\/2024\/01\/Video-Hombre-ataca-a-jueza-que-dictaba-su-sentencia-en-Las-Vegas-2.png?resize=350%2C200&ssl=1","width":350,"height":200,"srcset":"https:\/\/i0.wp.com\/lasprimeras.com.do\/wp-content\/uploads\/2024\/01\/Video-Hombre-ataca-a-jueza-que-dictaba-su-sentencia-en-Las-Vegas-2.png?resize=350%2C200&ssl=1 1x, https:\/\/i0.wp.com\/lasprimeras.com.do\/wp-content\/uploads\/2024\/01\/Video-Hombre-ataca-a-jueza-que-dictaba-su-sentencia-en-Las-Vegas-2.png?resize=525%2C300&ssl=1 1.5x"},"classes":[]},{"id":93044,"url":"https:\/\/lasprimeras.com.do\/index.php\/2025\/01\/21\/ruben-bichara-atribuye-apagones-a-falta-de-gestion-y-planificacion\/","url_meta":{"origin":62255,"position":4},"title":"Rub\u00e9n Bichara atribuye apagones a falta de gesti\u00f3n y planificaci\u00f3n","author":"Nelson Feliz","date":"21 de enero de 2025","format":false,"excerpt":"El exdirector de la CDEEE dijo que las distribuidoras registraron p\u00e9rdidas de un 27 %, en el 2020 y que ahora ascienden a un 45 % El exvicepresidente de la Corporaci\u00f3n Dominicana de Empresas El\u00e9ctricas Estatales (CDEEE), Rub\u00e9n Bichara sostuv\u00f3 que el aumento de las p\u00e9rdidas en el sector el\u00e9ctrico,\u2026","rel":"","context":"En \u00abECONOM\u00cdA\u00bb","block_context":{"text":"ECONOM\u00cdA","link":"https:\/\/lasprimeras.com.do\/index.php\/category\/economia\/"},"img":{"alt_text":"Rub\u00e9n Bichara","src":"https:\/\/i0.wp.com\/lasprimeras.com.do\/wp-content\/uploads\/2023\/06\/ruben-bichara-estamos-compitiendo-para-ganar-en-las-proximas-elecciones.jpg?resize=350%2C200&ssl=1","width":350,"height":200,"srcset":"https:\/\/i0.wp.com\/lasprimeras.com.do\/wp-content\/uploads\/2023\/06\/ruben-bichara-estamos-compitiendo-para-ganar-en-las-proximas-elecciones.jpg?resize=350%2C200&ssl=1 1x, https:\/\/i0.wp.com\/lasprimeras.com.do\/wp-content\/uploads\/2023\/06\/ruben-bichara-estamos-compitiendo-para-ganar-en-las-proximas-elecciones.jpg?resize=525%2C300&ssl=1 1.5x, https:\/\/i0.wp.com\/lasprimeras.com.do\/wp-content\/uploads\/2023\/06\/ruben-bichara-estamos-compitiendo-para-ganar-en-las-proximas-elecciones.jpg?resize=700%2C400&ssl=1 2x"},"classes":[]},{"id":84897,"url":"https:\/\/lasprimeras.com.do\/index.php\/2024\/06\/17\/escuder-dice-reforma-fiscal-debe-ser-equitativa-enfrentar-la-evasion-y-el-deficit-en-el-sector-electrico\/","url_meta":{"origin":62255,"position":5},"title":"Escuder dice reforma fiscal debe ser equitativa, enfrentar la evasi\u00f3n y el d\u00e9ficit en el sector el\u00e9ctrico","author":"Nelson Feliz","date":"17 de junio de 2024","format":false,"excerpt":"El economista Jaime Aristy Escuder entiende que la reforma fiscal que necesita el pa\u00eds no debe ser distorsionante de los temas de ahorro, inversi\u00f3n, innovaci\u00f3n, trabajo y producci\u00f3n. Escuder asegur\u00f3 que la misma debe ser equitativa, capaz de recaudar lo que se requiere y facilitar la administraci\u00f3n para que se\u2026","rel":"","context":"En \u00abECONOM\u00cdA\u00bb","block_context":{"text":"ECONOM\u00cdA","link":"https:\/\/lasprimeras.com.do\/index.php\/category\/economia\/"},"img":{"alt_text":"Jaime Aristy Escuder","src":"https:\/\/i0.wp.com\/lasprimeras.com.do\/wp-content\/uploads\/2024\/06\/Jaime-Aristy-Escuder.jpg?resize=350%2C200&ssl=1","width":350,"height":200},"classes":[]}],"jetpack_sharing_enabled":true,"_links":{"self":[{"href":"https:\/\/lasprimeras.com.do\/index.php\/wp-json\/wp\/v2\/posts\/62255","targetHints":{"allow":["GET"]}}],"collection":[{"href":"https:\/\/lasprimeras.com.do\/index.php\/wp-json\/wp\/v2\/posts"}],"about":[{"href":"https:\/\/lasprimeras.com.do\/index.php\/wp-json\/wp\/v2\/types\/post"}],"author":[{"embeddable":true,"href":"https:\/\/lasprimeras.com.do\/index.php\/wp-json\/wp\/v2\/users\/3"}],"replies":[{"embeddable":true,"href":"https:\/\/lasprimeras.com.do\/index.php\/wp-json\/wp\/v2\/comments?post=62255"}],"version-history":[{"count":1,"href":"https:\/\/lasprimeras.com.do\/index.php\/wp-json\/wp\/v2\/posts\/62255\/revisions"}],"predecessor-version":[{"id":62257,"href":"https:\/\/lasprimeras.com.do\/index.php\/wp-json\/wp\/v2\/posts\/62255\/revisions\/62257"}],"wp:featuredmedia":[{"embeddable":true,"href":"https:\/\/lasprimeras.com.do\/index.php\/wp-json\/wp\/v2\/media\/62256"}],"wp:attachment":[{"href":"https:\/\/lasprimeras.com.do\/index.php\/wp-json\/wp\/v2\/media?parent=62255"}],"wp:term":[{"taxonomy":"category","embeddable":true,"href":"https:\/\/lasprimeras.com.do\/index.php\/wp-json\/wp\/v2\/categories?post=62255"},{"taxonomy":"post_tag","embeddable":true,"href":"https:\/\/lasprimeras.com.do\/index.php\/wp-json\/wp\/v2\/tags?post=62255"}],"curies":[{"name":"wp","href":"https:\/\/api.w.org\/{rel}","templated":true}]}}