{"id":62258,"date":"2023-10-04T07:22:21","date_gmt":"2023-10-04T11:22:21","guid":{"rendered":"https:\/\/lasprimeras.com.do\/?p=62258"},"modified":"2023-10-04T07:22:22","modified_gmt":"2023-10-04T11:22:22","slug":"rd-y-la-india-buscan-ampliar-relaciones","status":"publish","type":"post","link":"https:\/\/lasprimeras.com.do\/index.php\/2023\/10\/04\/rd-y-la-india-buscan-ampliar-relaciones\/","title":{"rendered":"RD y la India buscan ampliar relaciones"},"content":{"rendered":"\n<p>Nueva Delhi, india.-La vicepresidente Raquel Pe\u00f1a arrib\u00f3 ayer a la India, donde fue recibida por la presidente de ese pa\u00eds, Droupadi Murmu.<\/p>\n\n\n\n<p>La mandataria de la India recibi\u00f3 a la vicepresidente dominicana en su residencia de Nueva Delhi.<br>En la audiencia intercambiaron impresiones sobre las relaciones bilaterales y los pasos concretos que se han venido dando para el fortalecimiento de la cooperaci\u00f3n en materia de educaci\u00f3n, tecnolog\u00eda, ciberseguridad, defensa y la ampliaci\u00f3n del intercambio comercial.<\/p>\n\n\n\n<p>Al dar la bienvenida a la vicepresidente, en su primera visita a la India, la presidente anfitriona expres\u00f3 que el momento de esta visita es muy apropiado, ya que la India y la Rep\u00fablica Dominicana se aproximan a la celebraci\u00f3n del 25\u00ba aniversario de sus relaciones diplom\u00e1ticas.<\/p>\n\n\n\n<p>Se\u00f1al\u00f3 que las relaciones bilaterales entre los dos pa\u00edses son c\u00e1lidas y amistosas, ancladas en la base s\u00f3lida de los valores compartidos de la democracia y una amplia convergencia de puntos de vista sobre cuestiones globales.<\/p>\n\n\n\n<p>La presidente Murmu se\u00f1al\u00f3 que la Rep\u00fablica Dominicana es el octavo socio comercial de la India en Am\u00e9rica Latina y el Caribe.<\/p>\n\n\n\n<p>Confi\u00f3 en que existe potencial para diversificar a\u00fan m\u00e1s la canasta comercial y precis\u00f3 que hay margen para trabajar juntos e intercambiar experiencias y conocimientos en \u00e1reas como productos farmac\u00e9uticos, ciencias marinas, meteorolog\u00eda, infraestructura resistente a desastres y tecnolog\u00edas de pagos digitales.<\/p>\n\n\n\n<p>La vicepresidente se reuni\u00f3 con el ministro de Relaciones Exteriores, Subrahmanyam Jaishankar, quien recientemente estuvo en la Rep\u00fablica Dominicana para dejar inaugurada la Embajada de India en Santo Domingo.<\/p>\n","protected":false},"excerpt":{"rendered":"<p>Nueva Delhi, india.-La vicepresidente Raquel Pe\u00f1a arrib\u00f3 ayer a la India, donde fue recibida por la presidente de ese pa\u00eds, Droupadi Murmu. La mandataria de la India recibi\u00f3 a la&hellip;<\/p>\n","protected":false},"author":3,"featured_media":62259,"comment_status":"open","ping_status":"open","sticky":false,"template":"","format":"standard","meta":{"content-type":"","jetpack_post_was_ever_published":false,"_jetpack_newsletter_access":"","_jetpack_dont_email_post_to_subs":false,"_jetpack_newsletter_tier_id":0,"_jetpack_memberships_contains_paywalled_content":false,"_jetpack_memberships_contains_paid_content":false,"footnotes":""},"categories":[35],"tags":[],"class_list":["post-62258","post","type-post","status-publish","format-standard","has-post-thumbnail","hentry","category-nacionales"],"jetpack_featured_media_url":"https:\/\/lasprimeras.com.do\/wp-content\/uploads\/2023\/10\/WhatsApp-Image-2023-10-03-at-10.20.05-AM-3.webp","jetpack-related-posts":[{"id":62226,"url":"https:\/\/lasprimeras.com.do\/index.php\/2023\/10\/03\/vicepresidenta-llega-a-la-india-e-inicia-de-inmediato-su-agenda\/","url_meta":{"origin":62258,"position":0},"title":"Vicepresidenta llega a la India e inicia de inmediato su agenda","author":"Nelson Feliz","date":"3 de octubre de 2023","format":false,"excerpt":"La vicepresidenta Raquel Pe\u00f1a se reuni\u00f3 este martes con la presidenta de la India, Droupadi Murmu, con el presidente de la C\u00e1mara Baja, Om Birla, y con el ministro de relaciones exteriores, Subrahmanyam Jaishankar. Nueva Delhi.- La vicepresidenta de la Rep\u00fablica arrib\u00f3 a Nueva Delhi la ma\u00f1ana de este martes\u2026","rel":"","context":"En \u00abSin categor\u00eda\u00bb","block_context":{"text":"Sin categor\u00eda","link":"https:\/\/lasprimeras.com.do\/index.php\/category\/sin-categoria\/"},"img":{"alt_text":"Raquel Pe\u00f1a","src":"https:\/\/i0.wp.com\/lasprimeras.com.do\/wp-content\/uploads\/2023\/10\/Raquel-Pena-1.jpg?resize=350%2C200&ssl=1","width":350,"height":200,"srcset":"https:\/\/i0.wp.com\/lasprimeras.com.do\/wp-content\/uploads\/2023\/10\/Raquel-Pena-1.jpg?resize=350%2C200&ssl=1 1x, https:\/\/i0.wp.com\/lasprimeras.com.do\/wp-content\/uploads\/2023\/10\/Raquel-Pena-1.jpg?resize=525%2C300&ssl=1 1.5x, https:\/\/i0.wp.com\/lasprimeras.com.do\/wp-content\/uploads\/2023\/10\/Raquel-Pena-1.jpg?resize=700%2C400&ssl=1 2x"},"classes":[]},{"id":62053,"url":"https:\/\/lasprimeras.com.do\/index.php\/2023\/10\/02\/la-vicepresidenta-dominicana-hara-una-visita-oficial-a-la-india\/","url_meta":{"origin":62258,"position":1},"title":"La vicepresidenta dominicana har\u00e1 una visita oficial a la India","author":"BIMARY DE JES\u00daS Matos","date":"2 de octubre de 2023","format":false,"excerpt":"Santo Domingo.- La vicepresidenta dominicana, Raquel Pe\u00f1a, realizar\u00e1 una visita oficial a la India desde este martes hasta el jueves para reunirse, entre otros, con la presidenta de ese pa\u00eds, Droupadi Murmu, y con empresarios, inform\u00f3 este lunes la Presidencia Nacional. La visita de Pe\u00f1a \u00abresponde a la invitaci\u00f3n realizada\u2026","rel":"","context":"En \u00abSin categor\u00eda\u00bb","block_context":{"text":"Sin categor\u00eda","link":"https:\/\/lasprimeras.com.do\/index.php\/category\/sin-categoria\/"},"img":{"alt_text":"","src":"https:\/\/i0.wp.com\/lasprimeras.com.do\/wp-content\/uploads\/2023\/10\/WhatsApp-Image-2023-09-28-at-11.50.30-PM-1-1-6.jpeg?resize=350%2C200&ssl=1","width":350,"height":200,"srcset":"https:\/\/i0.wp.com\/lasprimeras.com.do\/wp-content\/uploads\/2023\/10\/WhatsApp-Image-2023-09-28-at-11.50.30-PM-1-1-6.jpeg?resize=350%2C200&ssl=1 1x, https:\/\/i0.wp.com\/lasprimeras.com.do\/wp-content\/uploads\/2023\/10\/WhatsApp-Image-2023-09-28-at-11.50.30-PM-1-1-6.jpeg?resize=525%2C300&ssl=1 1.5x, https:\/\/i0.wp.com\/lasprimeras.com.do\/wp-content\/uploads\/2023\/10\/WhatsApp-Image-2023-09-28-at-11.50.30-PM-1-1-6.jpeg?resize=700%2C400&ssl=1 2x"},"classes":[]},{"id":125243,"url":"https:\/\/lasprimeras.com.do\/index.php\/2026\/03\/20\/leonardo-aguilera-realiza-visita-al-state-bank-of-india-en-ny-para-fortalecer-relaciones-internacionales\/","url_meta":{"origin":62258,"position":2},"title":"Leonardo Aguilera realiza visita al State Bank of India en NY para fortalecer relaciones internacionales","author":"Nelson Feliz","date":"20 de marzo de 2026","format":false,"excerpt":"Nueva York.\u2013 El presidente ejecutivo del Banco de Reservas de la Rep\u00fablica Dominicana, doctor Leonardo Aguilera, realiz\u00f3 una visita de cortes\u00eda a las oficinas del State Bank of India en la ciudad de Nueva York, como parte de su agenda en el marco de la Tercera Feria Inmobiliaria dirigida a\u2026","rel":"","context":"En \u00abECONOM\u00cdA\u00bb","block_context":{"text":"ECONOM\u00cdA","link":"https:\/\/lasprimeras.com.do\/index.php\/category\/economia\/"},"img":{"alt_text":"Leonardo Aguilera","src":"https:\/\/i0.wp.com\/lasprimeras.com.do\/wp-content\/uploads\/2026\/03\/Leonardo-Aguilera-1.jpg?resize=350%2C200&ssl=1","width":350,"height":200,"srcset":"https:\/\/i0.wp.com\/lasprimeras.com.do\/wp-content\/uploads\/2026\/03\/Leonardo-Aguilera-1.jpg?resize=350%2C200&ssl=1 1x, https:\/\/i0.wp.com\/lasprimeras.com.do\/wp-content\/uploads\/2026\/03\/Leonardo-Aguilera-1.jpg?resize=525%2C300&ssl=1 1.5x, https:\/\/i0.wp.com\/lasprimeras.com.do\/wp-content\/uploads\/2026\/03\/Leonardo-Aguilera-1.jpg?resize=700%2C400&ssl=1 2x"},"classes":[]},{"id":88063,"url":"https:\/\/lasprimeras.com.do\/index.php\/2024\/08\/21\/el-vicecanciller-de-la-india-visita-panama-para-potenciar-acuerdos-economicos-y-tecnologicos\/","url_meta":{"origin":62258,"position":3},"title":"El vicecanciller de la India visita Panam\u00e1 para potenciar acuerdos econ\u00f3micos y tecnol\u00f3gicos","author":"Nelson Feliz","date":"21 de agosto de 2024","format":false,"excerpt":"Ciudad de Panam\u00e1, (EFE).- El viceministro de Asuntos Exteriores de la India Pabitra Margherita, de visita oficial en Panam\u00e1, se reuni\u00f3 este mi\u00e9rcoles con autoridades paname\u00f1as para fortalecer las relaciones bilaterales en \u00e1reas como ciencia, tecnolog\u00eda, salud y econom\u00eda. El vicecanciller indio estar\u00e1 en Panam\u00e1 hasta el jueves, seg\u00fan confirmaron\u2026","rel":"","context":"En \u00abSin categor\u00eda\u00bb","block_context":{"text":"Sin categor\u00eda","link":"https:\/\/lasprimeras.com.do\/index.php\/category\/sin-categoria\/"},"img":{"alt_text":"Pabitra Margherita","src":"https:\/\/i0.wp.com\/lasprimeras.com.do\/wp-content\/uploads\/2024\/08\/Pabitra-Margherita.jpg?resize=350%2C200&ssl=1","width":350,"height":200,"srcset":"https:\/\/i0.wp.com\/lasprimeras.com.do\/wp-content\/uploads\/2024\/08\/Pabitra-Margherita.jpg?resize=350%2C200&ssl=1 1x, https:\/\/i0.wp.com\/lasprimeras.com.do\/wp-content\/uploads\/2024\/08\/Pabitra-Margherita.jpg?resize=525%2C300&ssl=1 1.5x, https:\/\/i0.wp.com\/lasprimeras.com.do\/wp-content\/uploads\/2024\/08\/Pabitra-Margherita.jpg?resize=700%2C400&ssl=1 2x"},"classes":[]},{"id":64390,"url":"https:\/\/lasprimeras.com.do\/index.php\/2023\/10\/19\/embajador-de-la-india-y-director-de-tnr-exploran-oportunidades-de-cooperacion-en-tecnologia\/","url_meta":{"origin":62258,"position":4},"title":"Embajador de la India y director de TNR exploran oportunidades de cooperaci\u00f3n en tecnolog\u00eda","author":"Nelson Feliz","date":"19 de octubre de 2023","format":false,"excerpt":"El director ejecutivo de Tecnificaci\u00f3n Nacional de Riego (TNR), Claudio Caama\u00f1o V\u00e9lez, recibi\u00f3 la visita de cortes\u00eda del primer embajador permanente de la India en Rep\u00fablica Dominicana, Ramu Abbagani, con la finalidad de fortalecer los lazos de amistad entre ambos pa\u00edses y explorar oportunidades de colaboraci\u00f3n en el contexto de\u2026","rel":"","context":"En \u00abSin categor\u00eda\u00bb","block_context":{"text":"Sin categor\u00eda","link":"https:\/\/lasprimeras.com.do\/index.php\/category\/sin-categoria\/"},"img":{"alt_text":"Claudio Caama\u00f1o V\u00e9lez","src":"https:\/\/i0.wp.com\/lasprimeras.com.do\/wp-content\/uploads\/2023\/10\/Claudio-Caamano-Velez.jpg?resize=350%2C200&ssl=1","width":350,"height":200,"srcset":"https:\/\/i0.wp.com\/lasprimeras.com.do\/wp-content\/uploads\/2023\/10\/Claudio-Caamano-Velez.jpg?resize=350%2C200&ssl=1 1x, https:\/\/i0.wp.com\/lasprimeras.com.do\/wp-content\/uploads\/2023\/10\/Claudio-Caamano-Velez.jpg?resize=525%2C300&ssl=1 1.5x, https:\/\/i0.wp.com\/lasprimeras.com.do\/wp-content\/uploads\/2023\/10\/Claudio-Caamano-Velez.jpg?resize=700%2C400&ssl=1 2x"},"classes":[]},{"id":98575,"url":"https:\/\/lasprimeras.com.do\/index.php\/2025\/05\/09\/tropas-de-india-y-pakistan-intercambian-intenso-fuego-de-artilleria\/","url_meta":{"origin":62258,"position":5},"title":"Tropas de India y Pakist\u00e1n intercambian intenso fuego de artiller\u00eda","author":"Nelson Feliz","date":"9 de mayo de 2025","format":false,"excerpt":"POR AIJAZ HUSSAIN, MUNIR AHMED, SHEIKH SAALIQ and RAJESH ROY SRINAGAR, India (AP) \u2014 Soldados indios y paquistan\u00edes intercambiaron intensos disparos y fuego de artiller\u00eda a lo largo de su frontera en Cachemira durante la noche, que mataron al menos a cinco civiles en medio de un creciente enfrentamiento militar\u2026","rel":"","context":"En \u00abINTERNACIONALES\u00bb","block_context":{"text":"INTERNACIONALES","link":"https:\/\/lasprimeras.com.do\/index.php\/category\/sin-categoria\/internacionales\/"},"img":{"alt_text":"","src":"https:\/\/i0.wp.com\/lasprimeras.com.do\/wp-content\/uploads\/2025\/05\/disparos-y-fuego-de-artilleria.jpg?resize=350%2C200&ssl=1","width":350,"height":200,"srcset":"https:\/\/i0.wp.com\/lasprimeras.com.do\/wp-content\/uploads\/2025\/05\/disparos-y-fuego-de-artilleria.jpg?resize=350%2C200&ssl=1 1x, https:\/\/i0.wp.com\/lasprimeras.com.do\/wp-content\/uploads\/2025\/05\/disparos-y-fuego-de-artilleria.jpg?resize=525%2C300&ssl=1 1.5x, https:\/\/i0.wp.com\/lasprimeras.com.do\/wp-content\/uploads\/2025\/05\/disparos-y-fuego-de-artilleria.jpg?resize=700%2C400&ssl=1 2x"},"classes":[]}],"jetpack_sharing_enabled":true,"_links":{"self":[{"href":"https:\/\/lasprimeras.com.do\/index.php\/wp-json\/wp\/v2\/posts\/62258","targetHints":{"allow":["GET"]}}],"collection":[{"href":"https:\/\/lasprimeras.com.do\/index.php\/wp-json\/wp\/v2\/posts"}],"about":[{"href":"https:\/\/lasprimeras.com.do\/index.php\/wp-json\/wp\/v2\/types\/post"}],"author":[{"embeddable":true,"href":"https:\/\/lasprimeras.com.do\/index.php\/wp-json\/wp\/v2\/users\/3"}],"replies":[{"embeddable":true,"href":"https:\/\/lasprimeras.com.do\/index.php\/wp-json\/wp\/v2\/comments?post=62258"}],"version-history":[{"count":1,"href":"https:\/\/lasprimeras.com.do\/index.php\/wp-json\/wp\/v2\/posts\/62258\/revisions"}],"predecessor-version":[{"id":62260,"href":"https:\/\/lasprimeras.com.do\/index.php\/wp-json\/wp\/v2\/posts\/62258\/revisions\/62260"}],"wp:featuredmedia":[{"embeddable":true,"href":"https:\/\/lasprimeras.com.do\/index.php\/wp-json\/wp\/v2\/media\/62259"}],"wp:attachment":[{"href":"https:\/\/lasprimeras.com.do\/index.php\/wp-json\/wp\/v2\/media?parent=62258"}],"wp:term":[{"taxonomy":"category","embeddable":true,"href":"https:\/\/lasprimeras.com.do\/index.php\/wp-json\/wp\/v2\/categories?post=62258"},{"taxonomy":"post_tag","embeddable":true,"href":"https:\/\/lasprimeras.com.do\/index.php\/wp-json\/wp\/v2\/tags?post=62258"}],"curies":[{"name":"wp","href":"https:\/\/api.w.org\/{rel}","templated":true}]}}