{"id":62279,"date":"2023-10-04T07:34:12","date_gmt":"2023-10-04T11:34:12","guid":{"rendered":"https:\/\/lasprimeras.com.do\/?p=62279"},"modified":"2023-10-04T07:34:13","modified_gmt":"2023-10-04T11:34:13","slug":"karen-yapoort-logra-primer-lugar-de-audiencia-con-su-programa-casados-en-caos","status":"publish","type":"post","link":"https:\/\/lasprimeras.com.do\/index.php\/2023\/10\/04\/karen-yapoort-logra-primer-lugar-de-audiencia-con-su-programa-casados-en-caos\/","title":{"rendered":"Karen Yapoort logra primer lugar de audiencia con su programa &#8220;Casados en caos&#8221;"},"content":{"rendered":"\n<p>Santo Domingo.-La comunicadora Karen Yapoort agradeci\u00f3 al p\u00fablico por posicionarla en el primer lugar de audiencia con el estreno de su programa &#8220;Casados en caos&#8221; tras seis a\u00f1os fuera de la pantalla chica.<\/p>\n\n\n\n<p>El domingo, Yapoort inici\u00f3 junto a Daniel Sarcos el talk show en el que los participantes invitados exponen sus casos ante los presentadores y especialistas de distintas \u00e1reas buscando ayuda profesional.<\/p>\n\n\n\n<p>En una publicaci\u00f3n en su Instagram, donde mostr\u00f3 gr\u00e1ficos que evidencian que Color Visi\u00f3n logr\u00f3 marcar mayor porcentaje que los dem\u00e1s canales dominicanos durante su horario, la tambi\u00e9n actriz y exreina de belleza expres\u00f3: &#8220;Yapoort, pero arriesgada en hacer televisi\u00f3n. \u00a1Can! Rompimos #1 en total de audiencia. Estoy agradecida de la gente que se sent\u00f3 a ver TV en familia este domingo para ver el primer cap\u00edtulo de @casadosencaos&#8221;.<\/p>\n\n\n\n<p>&#8220;En tiempos donde no se consume TV como antes versus otras plataformas, lograr estos ratings es una bendici\u00f3n&#8221;, agreg\u00f3.<\/p>\n\n\n\n<p>En ese sentido, Yapoort revel\u00f3 que en su canal de YouTube con el mismo contenido tuvo el privilegio de convertirse en tendencia y superar las 100 mil reproducciones, por lo que valor\u00f3 el trabajo de su equipo de producci\u00f3n y de su compa\u00f1ero.<\/p>\n\n\n\n<p>&#8220;No tan solo fuimos #1 en Color Visi\u00f3n, sino que fuimos tendencia en YouTube con m\u00e1s 100 mil visualizaciones en menos de 24 horas. Gracias a las marcas aliadas por confiar en este proyecto, gracias a @dsarcos y mi equipo de producci\u00f3n que es el final @albertozayas @zumayacordero @analopezabreu @caribbeanmediaworld. Digan algo que toy mala. La Gloria es de Dios&#8221;, finaliz\u00f3.<\/p>\n","protected":false},"excerpt":{"rendered":"<p>Santo Domingo.-La comunicadora Karen Yapoort agradeci\u00f3 al p\u00fablico por posicionarla en el primer lugar de audiencia con el estreno de su programa &#8220;Casados en caos&#8221; tras seis a\u00f1os fuera de&hellip;<\/p>\n","protected":false},"author":3,"featured_media":62280,"comment_status":"open","ping_status":"open","sticky":false,"template":"","format":"standard","meta":{"content-type":"","jetpack_post_was_ever_published":false,"_jetpack_newsletter_access":"","_jetpack_dont_email_post_to_subs":false,"_jetpack_newsletter_tier_id":0,"_jetpack_memberships_contains_paywalled_content":false,"_jetpack_memberships_contains_paid_content":false,"footnotes":""},"categories":[84],"tags":[],"class_list":["post-62279","post","type-post","status-publish","format-standard","has-post-thumbnail","hentry","category-entretenimiento"],"jetpack_featured_media_url":"https:\/\/lasprimeras.com.do\/wp-content\/uploads\/2023\/10\/WhatsApp-Image-2023-09-21-at-3.33.06-PM-2.jpeg","jetpack-related-posts":[{"id":64918,"url":"https:\/\/lasprimeras.com.do\/index.php\/2023\/10\/24\/colao-2-llega-a-los-cines-con-nuevos-personajes\/","url_meta":{"origin":62279,"position":0},"title":"\u201cColao 2\u201d llega a los cines con nuevos personajes","author":"BIMARY DE JES\u00daS Matos","date":"24 de octubre de 2023","format":false,"excerpt":"Santo Domingo.-La comedia \u201cColao 2\u201d, est\u00e1 lista para su estreno en las salas de cine este 30 de noviembre, nuevamente bajo la direcci\u00f3n del cineasta Frank Perozo, protagonizada por los reyes del humor, Raymond Pozo y Miguel C\u00e9spedes, Nashla Bogaert y Manny P\u00e9rez, junto a los antagonistas de esta nueva\u2026","rel":"","context":"En \u00abENTRETENIMIENTO\u00bb","block_context":{"text":"ENTRETENIMIENTO","link":"https:\/\/lasprimeras.com.do\/index.php\/category\/entretenimiento\/"},"img":{"alt_text":"","src":"https:\/\/i0.wp.com\/lasprimeras.com.do\/wp-content\/uploads\/2023\/10\/WhatsApp-Image-2023-10-24-at-1.10.11-PM-2.jpeg?resize=350%2C200&ssl=1","width":350,"height":200,"srcset":"https:\/\/i0.wp.com\/lasprimeras.com.do\/wp-content\/uploads\/2023\/10\/WhatsApp-Image-2023-10-24-at-1.10.11-PM-2.jpeg?resize=350%2C200&ssl=1 1x, https:\/\/i0.wp.com\/lasprimeras.com.do\/wp-content\/uploads\/2023\/10\/WhatsApp-Image-2023-10-24-at-1.10.11-PM-2.jpeg?resize=525%2C300&ssl=1 1.5x"},"classes":[]},{"id":89448,"url":"https:\/\/lasprimeras.com.do\/index.php\/2024\/09\/25\/edwin-encarnacion-la-mayoria-de-muchachos-no-llegan-por-falta-de-disciplina\/","url_meta":{"origin":62279,"position":1},"title":"Edwin Encarnaci\u00f3n: \u201cLa mayor\u00eda de muchachos no llegan por falta de disciplina\u201d","author":"Paola Castillo","date":"25 de septiembre de 2024","format":false,"excerpt":"\u200bSanto Domingo.- El expelotero de Grandes Ligas y empresario Edwin Encarnaci\u00f3n revel\u00f3 que el trabajo fue la clave para lograr el \u00e9xito del que disfruta actualmente. Al ser entrevistado por Juan Carlos Guilbe para el programa \u201cFinanzas con humor\u201d, el Al Bat, Edwin Encarnaci\u00f3n, revel\u00f3 que forj\u00f3 una fortuna de\u2026","rel":"","context":"En \u00abNACIONALES\u00bb","block_context":{"text":"NACIONALES","link":"https:\/\/lasprimeras.com.do\/index.php\/category\/nacionales\/"},"img":{"alt_text":"","src":"https:\/\/i0.wp.com\/lasprimeras.com.do\/wp-content\/uploads\/2024\/09\/WhatsApp-Image-2024-09-25-at-11.42.35-AM.jpeg?resize=350%2C200&ssl=1","width":350,"height":200,"srcset":"https:\/\/i0.wp.com\/lasprimeras.com.do\/wp-content\/uploads\/2024\/09\/WhatsApp-Image-2024-09-25-at-11.42.35-AM.jpeg?resize=350%2C200&ssl=1 1x, https:\/\/i0.wp.com\/lasprimeras.com.do\/wp-content\/uploads\/2024\/09\/WhatsApp-Image-2024-09-25-at-11.42.35-AM.jpeg?resize=525%2C300&ssl=1 1.5x, https:\/\/i0.wp.com\/lasprimeras.com.do\/wp-content\/uploads\/2024\/09\/WhatsApp-Image-2024-09-25-at-11.42.35-AM.jpeg?resize=700%2C400&ssl=1 2x"},"classes":[]},{"id":72231,"url":"https:\/\/lasprimeras.com.do\/index.php\/2023\/12\/28\/colao-2-se-mantiene-en-las-salas-de-cine-por-cuarta-semana-consecutiva\/","url_meta":{"origin":62279,"position":2},"title":"&#8220;Colao 2&#8221; se mantiene en las salas de cine por cuarta semana consecutiva","author":"BIMARY DE JES\u00daS Matos","date":"28 de diciembre de 2023","format":false,"excerpt":"Santo Domingo.-\u00abColao 2\u00bb se mantiene en el gusto del p\u00fablico desde su estreno el pasado 30 de noviembre, siendo la pel\u00edcula de factura local con mayor asistencia post pandemia. La cinta dirigida por el cineasta Frank Perozo, protagonizada por los reyes del humor, Raymond Pozo y Miguel C\u00e9spedes, Nashla Bogaert\u2026","rel":"","context":"En \u00abENTRETENIMIENTO\u00bb","block_context":{"text":"ENTRETENIMIENTO","link":"https:\/\/lasprimeras.com.do\/index.php\/category\/entretenimiento\/"},"img":{"alt_text":"","src":"https:\/\/i0.wp.com\/lasprimeras.com.do\/wp-content\/uploads\/2023\/12\/El-texto-del-parrafo-2.jpg?resize=350%2C200&ssl=1","width":350,"height":200,"srcset":"https:\/\/i0.wp.com\/lasprimeras.com.do\/wp-content\/uploads\/2023\/12\/El-texto-del-parrafo-2.jpg?resize=350%2C200&ssl=1 1x, https:\/\/i0.wp.com\/lasprimeras.com.do\/wp-content\/uploads\/2023\/12\/El-texto-del-parrafo-2.jpg?resize=525%2C300&ssl=1 1.5x"},"classes":[]},{"id":68944,"url":"https:\/\/lasprimeras.com.do\/index.php\/2023\/11\/29\/colao-2-las-segundas-partes-no-siempre-son-malas-2\/","url_meta":{"origin":62279,"position":3},"title":"\u201cColao 2\u201d, las segundas partes no siempre son malas","author":"BIMARY DE JES\u00daS Matos","date":"29 de noviembre de 2023","format":false,"excerpt":"Santo Domingo.-Dice el dicho que \u201clas segundas partes nunca son buenas\u201d pero eso no aplica a \u201cColao 2\u201d, la cinta que contin\u00faa la historia seis a\u00f1os despu\u00e9s con personajes m\u00e1s maduro y una producci\u00f3n que eleva el sentimiento de la dominicanidad. La pel\u00edcula que sigue la historia de amor de\u2026","rel":"","context":"En \u00abENTRETENIMIENTO\u00bb","block_context":{"text":"ENTRETENIMIENTO","link":"https:\/\/lasprimeras.com.do\/index.php\/category\/entretenimiento\/"},"img":{"alt_text":"","src":"https:\/\/i0.wp.com\/lasprimeras.com.do\/wp-content\/uploads\/2023\/11\/PhotoFrame-3-4.jpg?resize=350%2C200&ssl=1","width":350,"height":200,"srcset":"https:\/\/i0.wp.com\/lasprimeras.com.do\/wp-content\/uploads\/2023\/11\/PhotoFrame-3-4.jpg?resize=350%2C200&ssl=1 1x, https:\/\/i0.wp.com\/lasprimeras.com.do\/wp-content\/uploads\/2023\/11\/PhotoFrame-3-4.jpg?resize=525%2C300&ssl=1 1.5x"},"classes":[]},{"id":68892,"url":"https:\/\/lasprimeras.com.do\/index.php\/2023\/11\/28\/colao-2-las-segundas-partes-no-siempre-son-malas\/","url_meta":{"origin":62279,"position":4},"title":"\u201cColao 2\u201d, las segundas partes no siempre son malas","author":"BIMARY DE JES\u00daS Matos","date":"28 de noviembre de 2023","format":false,"excerpt":"RD.-Dice el dicho que \u201clas segundas partes nunca son buenas\u201d pero eso no aplica a \u201cColao 2\u201d, la cinta que contin\u00faa la historia seis a\u00f1os despu\u00e9s con personajes m\u00e1s maduro y una producci\u00f3n que eleva el sentimiento de la dominicanidad. La pel\u00edcula que sigue la historia de amor de Antonio,\u2026","rel":"","context":"En \u00abENTRETENIMIENTO\u00bb","block_context":{"text":"ENTRETENIMIENTO","link":"https:\/\/lasprimeras.com.do\/index.php\/category\/entretenimiento\/"},"img":{"alt_text":"","src":"https:\/\/i0.wp.com\/lasprimeras.com.do\/wp-content\/uploads\/2023\/11\/WhatsApp-Image-2023-11-28-at-2.37.56-PM-3.jpeg?resize=350%2C200&ssl=1","width":350,"height":200,"srcset":"https:\/\/i0.wp.com\/lasprimeras.com.do\/wp-content\/uploads\/2023\/11\/WhatsApp-Image-2023-11-28-at-2.37.56-PM-3.jpeg?resize=350%2C200&ssl=1 1x, https:\/\/i0.wp.com\/lasprimeras.com.do\/wp-content\/uploads\/2023\/11\/WhatsApp-Image-2023-11-28-at-2.37.56-PM-3.jpeg?resize=525%2C300&ssl=1 1.5x"},"classes":[]},{"id":65589,"url":"https:\/\/lasprimeras.com.do\/index.php\/2023\/10\/30\/colao-2-lista-estreno-en-cines-de-rd-pr-eeuu-y-centroamerica\/","url_meta":{"origin":62279,"position":5},"title":"\u00abColao 2\u00bb lista estreno en cines de RD, PR, EEUU y Centroam\u00e9rica","author":"BIMARY DE JES\u00daS Matos","date":"30 de octubre de 2023","format":false,"excerpt":"SANTO DOMINGO, Rep\u00fablica Dominicana.- Una de las comedias m\u00e1s ic\u00f3nicas del cine dominicano, Colao 2, ser\u00e1 estrenada el 30 de noviembre en las salas de cine del pa\u00eds. La direcci\u00f3n es cargo del cineasta Frank Perozo, protagonizada por los reyes del humor, Raymond Pozo y Miguel C\u00e9spedes, Nashla Bogaert y\u2026","rel":"","context":"En \u00abENTRETENIMIENTO\u00bb","block_context":{"text":"ENTRETENIMIENTO","link":"https:\/\/lasprimeras.com.do\/index.php\/category\/entretenimiento\/"},"img":{"alt_text":"","src":"https:\/\/i0.wp.com\/lasprimeras.com.do\/wp-content\/uploads\/2023\/10\/WhatsApp-Image-2023-10-29-at-4.17.21-PM-1-2.webp?resize=350%2C200&ssl=1","width":350,"height":200,"srcset":"https:\/\/i0.wp.com\/lasprimeras.com.do\/wp-content\/uploads\/2023\/10\/WhatsApp-Image-2023-10-29-at-4.17.21-PM-1-2.webp?resize=350%2C200&ssl=1 1x, https:\/\/i0.wp.com\/lasprimeras.com.do\/wp-content\/uploads\/2023\/10\/WhatsApp-Image-2023-10-29-at-4.17.21-PM-1-2.webp?resize=525%2C300&ssl=1 1.5x, https:\/\/i0.wp.com\/lasprimeras.com.do\/wp-content\/uploads\/2023\/10\/WhatsApp-Image-2023-10-29-at-4.17.21-PM-1-2.webp?resize=700%2C400&ssl=1 2x, https:\/\/i0.wp.com\/lasprimeras.com.do\/wp-content\/uploads\/2023\/10\/WhatsApp-Image-2023-10-29-at-4.17.21-PM-1-2.webp?resize=1050%2C600&ssl=1 3x, https:\/\/i0.wp.com\/lasprimeras.com.do\/wp-content\/uploads\/2023\/10\/WhatsApp-Image-2023-10-29-at-4.17.21-PM-1-2.webp?resize=1400%2C800&ssl=1 4x"},"classes":[]}],"jetpack_sharing_enabled":true,"_links":{"self":[{"href":"https:\/\/lasprimeras.com.do\/index.php\/wp-json\/wp\/v2\/posts\/62279","targetHints":{"allow":["GET"]}}],"collection":[{"href":"https:\/\/lasprimeras.com.do\/index.php\/wp-json\/wp\/v2\/posts"}],"about":[{"href":"https:\/\/lasprimeras.com.do\/index.php\/wp-json\/wp\/v2\/types\/post"}],"author":[{"embeddable":true,"href":"https:\/\/lasprimeras.com.do\/index.php\/wp-json\/wp\/v2\/users\/3"}],"replies":[{"embeddable":true,"href":"https:\/\/lasprimeras.com.do\/index.php\/wp-json\/wp\/v2\/comments?post=62279"}],"version-history":[{"count":1,"href":"https:\/\/lasprimeras.com.do\/index.php\/wp-json\/wp\/v2\/posts\/62279\/revisions"}],"predecessor-version":[{"id":62281,"href":"https:\/\/lasprimeras.com.do\/index.php\/wp-json\/wp\/v2\/posts\/62279\/revisions\/62281"}],"wp:featuredmedia":[{"embeddable":true,"href":"https:\/\/lasprimeras.com.do\/index.php\/wp-json\/wp\/v2\/media\/62280"}],"wp:attachment":[{"href":"https:\/\/lasprimeras.com.do\/index.php\/wp-json\/wp\/v2\/media?parent=62279"}],"wp:term":[{"taxonomy":"category","embeddable":true,"href":"https:\/\/lasprimeras.com.do\/index.php\/wp-json\/wp\/v2\/categories?post=62279"},{"taxonomy":"post_tag","embeddable":true,"href":"https:\/\/lasprimeras.com.do\/index.php\/wp-json\/wp\/v2\/tags?post=62279"}],"curies":[{"name":"wp","href":"https:\/\/api.w.org\/{rel}","templated":true}]}}