{"id":62282,"date":"2023-10-04T07:37:43","date_gmt":"2023-10-04T11:37:43","guid":{"rendered":"https:\/\/lasprimeras.com.do\/?p=62282"},"modified":"2023-10-04T07:37:44","modified_gmt":"2023-10-04T11:37:44","slug":"karol-g-ya-tiene-fecha-en-rd-se-presentara-en-el-estadio-olimpico-el-15-de-marzo-de-2024","status":"publish","type":"post","link":"https:\/\/lasprimeras.com.do\/index.php\/2023\/10\/04\/karol-g-ya-tiene-fecha-en-rd-se-presentara-en-el-estadio-olimpico-el-15-de-marzo-de-2024\/","title":{"rendered":"Karol G ya tiene fecha en RD: Se presentar\u00e1 en el Estadio Ol\u00edmpico el 15 de marzo de 2024"},"content":{"rendered":"\n<p>Santo Domingo.-Karol G ha anunciado su gira por Latinoam\u00e9rica y Rep\u00fablica Dominicana ya tiene fecha: 15 de marzo de 2024.<\/p>\n\n\n\n<p>&#8216;La Bichota&#8217; comparti\u00f3 la lista de los primeros pa\u00edses que visitar\u00e1 con su &#8220;Ma\u00f1ana Ser\u00e1 Bonito Latam Tour&#8221;, que llegar\u00e1 al Estadio Ol\u00edmpico F\u00e9lix S\u00e1nchez, en Santo Domingo, bajo la producci\u00f3n del empresario Gamal Hach\u00e9, quien confirm\u00f3 la noticia en sus redes sociales.<\/p>\n\n\n\n<p>\u201cSe ha optado por el imponente Estadio Ol\u00edmpico para ser el anfitri\u00f3n de esta cita musical, ofreciendo un espacio que no solo albergar\u00e1 un show monumental, sino tambi\u00e9n permitir\u00e1 que una multitud de fan\u00e1ticos se sumerja en esta noche hist\u00f3rica\u201d, resalt\u00f3 Gamal.<\/p>\n\n\n\n<p>\u00c9xitos como \u201cTusa\u201d, \u201cS91\u201d, \u201cProvenza\u201d y \u201cTQG\u201d resonar\u00e1n con fuerza durante el evento, permitiendo que los dominicanos se reconecten con la energ\u00eda y pasi\u00f3n caracter\u00edstica de Karol G en un contexto en vivo y directo, resalt\u00f3 el empresario art\u00edstico.<\/p>\n\n\n\n<p>Colombia tambi\u00e9n est\u00e1 incluido en el recorrido, con un festival en el Estadio Atanasio Girardot, en su ciudad natal Medell\u00edn, el pr\u00f3ximo 1 de diciembre para dar inicio al &#8220;MSB Latam&#8221;. Tambi\u00e9n se presentar\u00e1 en Bogot\u00e1, capital colombiana, el d\u00eda 5 de abril de 2024.<\/p>\n\n\n\n<p>Karol pretende continuar por M\u00e9xico, Guatemala, El Salvador, Costa Rica, Venezuela, Per\u00fa, Argentina, Paraguay y Brasil.<\/p>\n\n\n\n<p>El periplo de la cantante colombiana por Latinoam\u00e9rica llegar\u00e1 luego de terminar el que realiz\u00f3 por Estados Unidos.<\/p>\n\n\n\n<p>La int\u00e9rprete de &#8220;Mi ex ten\u00eda raz\u00f3n&#8221; estuvo en 15 estadios de Estados Unidos, siendo la \u00fanica artista latina en realizar un tour de tal magnitud.<\/p>\n","protected":false},"excerpt":{"rendered":"<p>Santo Domingo.-Karol G ha anunciado su gira por Latinoam\u00e9rica y Rep\u00fablica Dominicana ya tiene fecha: 15 de marzo de 2024. &#8216;La Bichota&#8217; comparti\u00f3 la lista de los primeros pa\u00edses que&hellip;<\/p>\n","protected":false},"author":3,"featured_media":62284,"comment_status":"open","ping_status":"open","sticky":false,"template":"","format":"standard","meta":{"content-type":"","jetpack_post_was_ever_published":false,"_jetpack_newsletter_access":"","_jetpack_dont_email_post_to_subs":false,"_jetpack_newsletter_tier_id":0,"_jetpack_memberships_contains_paywalled_content":false,"_jetpack_memberships_contains_paid_content":false,"footnotes":""},"categories":[84],"tags":[],"class_list":["post-62282","post","type-post","status-publish","format-standard","has-post-thumbnail","hentry","category-entretenimiento"],"jetpack_featured_media_url":"https:\/\/lasprimeras.com.do\/wp-content\/uploads\/2023\/10\/WhatsApp-Image-2023-10-03-at-10.20.05-AM-5.jpeg","jetpack-related-posts":[{"id":65662,"url":"https:\/\/lasprimeras.com.do\/index.php\/2023\/10\/30\/ventas-de-boletas-para-el-concierto-de-karol-g-inician-este-1-de-noviembre\/","url_meta":{"origin":62282,"position":0},"title":"Ventas de boletas para el concierto de Karol G inician este 1 de noviembre","author":"BIMARY DE JES\u00daS Matos","date":"30 de octubre de 2023","format":false,"excerpt":"Santo Domingo.-La venta de las boletas para el concierto de Karol G en el Estadio Ol\u00edmpico F\u00e9lix S\u00e1nchez, iniciar\u00e1n en preventa de manera exclusiva para tarjetahabientes Mastercard Banreservas a partir del 1 de noviembre a las 10:00 a. m. hasta agotar existencia en l\u00ednea y en puntos f\u00edsicos de UepaTickets,\u2026","rel":"","context":"En \u00abENTRETENIMIENTO\u00bb","block_context":{"text":"ENTRETENIMIENTO","link":"https:\/\/lasprimeras.com.do\/index.php\/category\/entretenimiento\/"},"img":{"alt_text":"","src":"https:\/\/i0.wp.com\/lasprimeras.com.do\/wp-content\/uploads\/2023\/10\/WhatsApp-Image-2023-10-30-at-12.45.33-PM.jpeg?resize=350%2C200&ssl=1","width":350,"height":200,"srcset":"https:\/\/i0.wp.com\/lasprimeras.com.do\/wp-content\/uploads\/2023\/10\/WhatsApp-Image-2023-10-30-at-12.45.33-PM.jpeg?resize=350%2C200&ssl=1 1x, https:\/\/i0.wp.com\/lasprimeras.com.do\/wp-content\/uploads\/2023\/10\/WhatsApp-Image-2023-10-30-at-12.45.33-PM.jpeg?resize=525%2C300&ssl=1 1.5x, https:\/\/i0.wp.com\/lasprimeras.com.do\/wp-content\/uploads\/2023\/10\/WhatsApp-Image-2023-10-30-at-12.45.33-PM.jpeg?resize=700%2C400&ssl=1 2x"},"classes":[]},{"id":65997,"url":"https:\/\/lasprimeras.com.do\/index.php\/2023\/11\/02\/marzo-16-sera-bonito-para-dominicanos-abren-segunda-funcion-de-karol-g\/","url_meta":{"origin":62282,"position":1},"title":"Marzo 16 &#8220;ser\u00e1 bonito\u201d para dominicanos: Abren segunda funci\u00f3n de Karol G","author":"BIMARY DE JES\u00daS Matos","date":"2 de noviembre de 2023","format":false,"excerpt":"Santo Domingo.-La cantante Karol G tendr\u00e1 un segundo encuentro con los dominicanos en escenario el 16 de marzo de 2024, tras la venta en un d\u00eda de su primera presentaci\u00f3n el 15 de marzo. \u201cMarzo 16 ser\u00e1 bonito\u201d indica la publicaci\u00f3n realizada a trav\u00e9s de la cuenta de Instagram de\u2026","rel":"","context":"En \u00abENTRETENIMIENTO\u00bb","block_context":{"text":"ENTRETENIMIENTO","link":"https:\/\/lasprimeras.com.do\/index.php\/category\/entretenimiento\/"},"img":{"alt_text":"","src":"https:\/\/i0.wp.com\/lasprimeras.com.do\/wp-content\/uploads\/2023\/11\/WhatsApp-Image-2023-10-31-at-11.41.17-AM-9.jpeg?resize=350%2C200&ssl=1","width":350,"height":200,"srcset":"https:\/\/i0.wp.com\/lasprimeras.com.do\/wp-content\/uploads\/2023\/11\/WhatsApp-Image-2023-10-31-at-11.41.17-AM-9.jpeg?resize=350%2C200&ssl=1 1x, https:\/\/i0.wp.com\/lasprimeras.com.do\/wp-content\/uploads\/2023\/11\/WhatsApp-Image-2023-10-31-at-11.41.17-AM-9.jpeg?resize=525%2C300&ssl=1 1.5x"},"classes":[]},{"id":65895,"url":"https:\/\/lasprimeras.com.do\/index.php\/2023\/11\/01\/se-revelan-los-precios-de-las-boletas-del-concierto-de-karol-g-en-republica-dominicana\/","url_meta":{"origin":62282,"position":2},"title":"Se revelan los precios de las boletas del concierto de Karol G en Rep\u00fablica Dominicana","author":"Nelson Feliz","date":"1 de noviembre de 2023","format":false,"excerpt":"Boletas disponibles para el concierto de La Bichota en el estadio Quisqueya. La cantante Karol G se presentar\u00e1 en Rep\u00fablica Dominicana el pr\u00f3ximo 15 de marzo de 2024, como parte de su gira \"Ma\u00f1ana Ser\u00e1 Bonito\", que comenzar\u00e1 el 1 de diciembre con un concierto en el estadio Atanasio Girardot,\u2026","rel":"","context":"En \u00abENTRETENIMIENTO\u00bb","block_context":{"text":"ENTRETENIMIENTO","link":"https:\/\/lasprimeras.com.do\/index.php\/category\/entretenimiento\/"},"img":{"alt_text":"Karol G","src":"https:\/\/i0.wp.com\/lasprimeras.com.do\/wp-content\/uploads\/2023\/11\/Karol-G.jpg?resize=350%2C200&ssl=1","width":350,"height":200,"srcset":"https:\/\/i0.wp.com\/lasprimeras.com.do\/wp-content\/uploads\/2023\/11\/Karol-G.jpg?resize=350%2C200&ssl=1 1x, https:\/\/i0.wp.com\/lasprimeras.com.do\/wp-content\/uploads\/2023\/11\/Karol-G.jpg?resize=525%2C300&ssl=1 1.5x, https:\/\/i0.wp.com\/lasprimeras.com.do\/wp-content\/uploads\/2023\/11\/Karol-G.jpg?resize=700%2C400&ssl=1 2x"},"classes":[]},{"id":64862,"url":"https:\/\/lasprimeras.com.do\/index.php\/2023\/10\/24\/karol-g-vende-un-estadio-completo-en-mexico-y-sus-fans-quieren-que-abran-mas-fechas\/","url_meta":{"origin":62282,"position":3},"title":"Karol G vende un estadio completo en M\u00e9xico y sus fans quieren que abran m\u00e1s fechas","author":"BIMARY DE JES\u00daS Matos","date":"24 de octubre de 2023","format":false,"excerpt":"EFE.-En la tarde del lunes, en punto de las 14:00 horas la espera de los fans de Karol G lleg\u00f3 a su fin, pues inici\u00f3 la preventa para el concierto que la llamada \u00abBichota\u00bb ofrecer\u00e1 el pr\u00f3ximo 8 de febrero. Desde los primeros segundos en los que se habilit\u00f3 la\u2026","rel":"","context":"En \u00abENTRETENIMIENTO\u00bb","block_context":{"text":"ENTRETENIMIENTO","link":"https:\/\/lasprimeras.com.do\/index.php\/category\/entretenimiento\/"},"img":{"alt_text":"","src":"https:\/\/i0.wp.com\/lasprimeras.com.do\/wp-content\/uploads\/2023\/10\/WhatsApp-Image-2023-10-23-at-11.47.46-AM-14.jpeg?resize=350%2C200&ssl=1","width":350,"height":200,"srcset":"https:\/\/i0.wp.com\/lasprimeras.com.do\/wp-content\/uploads\/2023\/10\/WhatsApp-Image-2023-10-23-at-11.47.46-AM-14.jpeg?resize=350%2C200&ssl=1 1x, https:\/\/i0.wp.com\/lasprimeras.com.do\/wp-content\/uploads\/2023\/10\/WhatsApp-Image-2023-10-23-at-11.47.46-AM-14.jpeg?resize=525%2C300&ssl=1 1.5x"},"classes":[]},{"id":76876,"url":"https:\/\/lasprimeras.com.do\/index.php\/2024\/02\/15\/karol-g-estrena-contigo-con-romantico-video-junto-a-young-miko\/","url_meta":{"origin":62282,"position":4},"title":"Karol G estrena \u201cContigo\u201d con rom\u00e1ntico video junto a Young Miko","author":"BIMARY DE JES\u00daS Matos","date":"15 de febrero de 2024","format":false,"excerpt":"Santo Domingo.-La cantante colombiana Karol G celebr\u00f3 este mi\u00e9rcoles su 33 cumplea\u00f1os lanzando su nueva canci\u00f3n 'Contigo', una colaboraci\u00f3n con el DJ Tiesto en la que le canta al amor coincidiendo tambi\u00e9n con la celebraci\u00f3n del d\u00eda de San Valent\u00edn. 'Contigo' es la primera canci\u00f3n de la colombiana que ve\u2026","rel":"","context":"En \u00abENTRETENIMIENTO\u00bb","block_context":{"text":"ENTRETENIMIENTO","link":"https:\/\/lasprimeras.com.do\/index.php\/category\/entretenimiento\/"},"img":{"alt_text":"","src":"https:\/\/i0.wp.com\/lasprimeras.com.do\/wp-content\/uploads\/2024\/02\/65cd9757d329e.jpeg?resize=350%2C200&ssl=1","width":350,"height":200,"srcset":"https:\/\/i0.wp.com\/lasprimeras.com.do\/wp-content\/uploads\/2024\/02\/65cd9757d329e.jpeg?resize=350%2C200&ssl=1 1x, https:\/\/i0.wp.com\/lasprimeras.com.do\/wp-content\/uploads\/2024\/02\/65cd9757d329e.jpeg?resize=525%2C300&ssl=1 1.5x, https:\/\/i0.wp.com\/lasprimeras.com.do\/wp-content\/uploads\/2024\/02\/65cd9757d329e.jpeg?resize=700%2C400&ssl=1 2x"},"classes":[]},{"id":63592,"url":"https:\/\/lasprimeras.com.do\/index.php\/2023\/10\/13\/karol-g-agota-entradas-para-el-concierto-en-su-natal-medellin\/","url_meta":{"origin":62282,"position":5},"title":"Karol G agota entradas para el concierto en su natal Medell\u00edn","author":"BIMARY DE JES\u00daS Matos","date":"13 de octubre de 2023","format":false,"excerpt":"Bogot\u00e1.- La cantante colombiana Karol G agot\u00f3 las entradas para la primera fecha del \u00abMa\u00f1ana ser\u00e1 bonito Fest\u00bb que celebrar\u00e1 en su natal Medell\u00edn el 1 de diciembre en poco m\u00e1s de una hora y media este viernes, a la espera de que se confirme si tendr\u00e1 m\u00e1s conciertos en\u2026","rel":"","context":"En \u00abENTRETENIMIENTO\u00bb","block_context":{"text":"ENTRETENIMIENTO","link":"https:\/\/lasprimeras.com.do\/index.php\/category\/entretenimiento\/"},"img":{"alt_text":"","src":"https:\/\/i0.wp.com\/lasprimeras.com.do\/wp-content\/uploads\/2023\/10\/WhatsApp-Image-2023-10-13-at-11.03.05-AM.webp?resize=350%2C200&ssl=1","width":350,"height":200,"srcset":"https:\/\/i0.wp.com\/lasprimeras.com.do\/wp-content\/uploads\/2023\/10\/WhatsApp-Image-2023-10-13-at-11.03.05-AM.webp?resize=350%2C200&ssl=1 1x, https:\/\/i0.wp.com\/lasprimeras.com.do\/wp-content\/uploads\/2023\/10\/WhatsApp-Image-2023-10-13-at-11.03.05-AM.webp?resize=525%2C300&ssl=1 1.5x, https:\/\/i0.wp.com\/lasprimeras.com.do\/wp-content\/uploads\/2023\/10\/WhatsApp-Image-2023-10-13-at-11.03.05-AM.webp?resize=700%2C400&ssl=1 2x, https:\/\/i0.wp.com\/lasprimeras.com.do\/wp-content\/uploads\/2023\/10\/WhatsApp-Image-2023-10-13-at-11.03.05-AM.webp?resize=1050%2C600&ssl=1 3x"},"classes":[]}],"jetpack_sharing_enabled":true,"_links":{"self":[{"href":"https:\/\/lasprimeras.com.do\/index.php\/wp-json\/wp\/v2\/posts\/62282","targetHints":{"allow":["GET"]}}],"collection":[{"href":"https:\/\/lasprimeras.com.do\/index.php\/wp-json\/wp\/v2\/posts"}],"about":[{"href":"https:\/\/lasprimeras.com.do\/index.php\/wp-json\/wp\/v2\/types\/post"}],"author":[{"embeddable":true,"href":"https:\/\/lasprimeras.com.do\/index.php\/wp-json\/wp\/v2\/users\/3"}],"replies":[{"embeddable":true,"href":"https:\/\/lasprimeras.com.do\/index.php\/wp-json\/wp\/v2\/comments?post=62282"}],"version-history":[{"count":1,"href":"https:\/\/lasprimeras.com.do\/index.php\/wp-json\/wp\/v2\/posts\/62282\/revisions"}],"predecessor-version":[{"id":62285,"href":"https:\/\/lasprimeras.com.do\/index.php\/wp-json\/wp\/v2\/posts\/62282\/revisions\/62285"}],"wp:featuredmedia":[{"embeddable":true,"href":"https:\/\/lasprimeras.com.do\/index.php\/wp-json\/wp\/v2\/media\/62284"}],"wp:attachment":[{"href":"https:\/\/lasprimeras.com.do\/index.php\/wp-json\/wp\/v2\/media?parent=62282"}],"wp:term":[{"taxonomy":"category","embeddable":true,"href":"https:\/\/lasprimeras.com.do\/index.php\/wp-json\/wp\/v2\/categories?post=62282"},{"taxonomy":"post_tag","embeddable":true,"href":"https:\/\/lasprimeras.com.do\/index.php\/wp-json\/wp\/v2\/tags?post=62282"}],"curies":[{"name":"wp","href":"https:\/\/api.w.org\/{rel}","templated":true}]}}