{"id":62316,"date":"2023-10-04T11:18:04","date_gmt":"2023-10-04T15:18:04","guid":{"rendered":"https:\/\/lasprimeras.com.do\/?p=62316"},"modified":"2023-10-04T11:18:05","modified_gmt":"2023-10-04T15:18:05","slug":"republica-dominicana-y-arabia-saudita-sellan-relaciones-aerocomerciales","status":"publish","type":"post","link":"https:\/\/lasprimeras.com.do\/index.php\/2023\/10\/04\/republica-dominicana-y-arabia-saudita-sellan-relaciones-aerocomerciales\/","title":{"rendered":"Rep\u00fablica Dominicana y Arabia Saudita sellan relaciones aerocomerciales"},"content":{"rendered":"\n<ul class=\"wp-block-list\">\n<li>Las autoridades de aviaci\u00f3n civil de ambos gobiernos firmaron un Acuerdo para permitir los vuelos directos o con escala entre ambas naciones y m\u00e1s all\u00e1.<\/li>\n<\/ul>\n\n\n\n<p>El presidente de la Junta de Aviaci\u00f3n Civil (JAC) de la Rep\u00fablica Dominicana, doctor Jos\u00e9 Ernesto Marte Piantini, junto con el presidente de la Autoridad General de Aviaci\u00f3n Civil (GACA) del Reino de Arabia Saudita, Abdulaziz bin Abdullah Al-Duailej, en representaci\u00f3n de sus respectivos gobiernos, firmaron un Acuerdo de Servicios A\u00e9reos, que facilitar\u00e1 el flujo de vuelos de carga y pasajeros entre ambas naciones.<\/p>\n\n\n\n<p>En t\u00e9rminos de relaciones aerocomerciales con el Reino de Arabia Saudita, el acuerdo, firmado en Brasil, en el marco de la Conferencia Internacional de Aviaci\u00f3n Brasil \u2013 Arabia Saudita, establece el marco legal que rige el transporte a\u00e9reo entre los dos territorios.<\/p>\n\n\n\n<p>En ese sentido, Marte Piantini, se\u00f1al\u00f3 que este convenio reafirma la importancia de continuar estrechando lazos con otras naciones por medio de la pol\u00edtica de transporte, impulsada a trav\u00e9s de la Junta de Aviaci\u00f3n Civil.<\/p>\n\n\n\n<p>Resalt\u00f3, que el documento firmado por las autoridades de ambos pa\u00edses, recoge las cl\u00e1usulas bilaterales sobre servicios de transporte a\u00e9reo, recomendados por la Organizaci\u00f3n de Aviaci\u00f3n Civil Internacional (OACI), e incluye los aspectos para facilitar la relaci\u00f3n aerocomercial entre las dos naciones como: la liberalizaci\u00f3n en la designaci\u00f3n de aerol\u00edneas; la libertad para la determinaci\u00f3n de tarifas y la posibilidad de establecer acuerdos de cooperaci\u00f3n comercial entre l\u00edneas a\u00e9reas.<\/p>\n\n\n\n<p>\u201cEste acuerdo contempla las disposiciones legales, regulatorias y comerciales, permiti\u00e9ndoles a los operadores a\u00e9reos de ambos pa\u00edses vuelos directos o con escala sin l\u00edmite de rutas y frecuencias\u201d, dijo el funcionario dominicano.<\/p>\n\n\n\n<p>Reiter\u00f3, que el Acuerdo, que establece las normas para las operaciones entre Rep\u00fablica Dominicana y Arabia Saudita, contempla tambi\u00e9n disposiciones sobre operaciones de Vuelos No Regulares o Ch\u00e1rter, entre otros aspectos.<\/p>\n\n\n\n<p>Agreg\u00f3 que, dentro de las principales disposiciones, el Acuerdo dominico-saud\u00ed, establece la concesi\u00f3n de derechos de tr\u00e1fico de 3\u00aa, 4\u00aa y 5\u00aa libertad para servicios de transporte a\u00e9reo de pasajeros y carga.<\/p>\n\n\n\n<p>El funcionario, explic\u00f3 que, con la firma de este acuerdo, el gobierno, ratifica el compromiso de continuar impulsado la pol\u00edtica de Cielos Abiertos, pol\u00edtica que ha permitido que el pa\u00eds, suscriba a trav\u00e9s de la JAC acuerdos con m\u00e1s de 70 naciones, \u201cla pol\u00edtica de Cielos Abiertos ha permitido que Rep\u00fablica Dominicana, mantenga una conectividad a\u00e9rea estable, beneficiando los pasajeros que arriban por los diferentes aeropuertos\u201d.<\/p>\n\n\n\n<p>Puntualiz\u00f3, que la nueva negociaci\u00f3n iniciada a trav\u00e9s de la Junta de Aviaci\u00f3n Civil, con la econom\u00eda m\u00e1s grande de los Estados \u00e1rabes busca expandir el sector nacional hacia nuevos mercados.<\/p>\n\n\n\n<p>Destac\u00f3, que el inter\u00e9s de la actual gesti\u00f3n en la b\u00fasqueda permanente de nuevos aliados estrat\u00e9gicos para promover y fomentar el transporte de carga y pasajeros, \u201chemos logrado firmar acuerdos en el \u00e1mbito del transporte aerocomercial con cuatro de las cinco econom\u00edas m\u00e1s importantes de Medio Oriente, entre los que se encuentra: Emiratos \u00c1rabes Unidos, Kuwait, el Estado de Catar y ahora el Reino de Arabia Saudita\u201d, concluy\u00f3.<\/p>\n\n\n\n<p>Adem\u00e1s, del Dr. Jos\u00e9 Ernesto Marte Piantini, presidente de la Junta de Aviaci\u00f3n Civil, durante la firma estuvo presente la Dra. Paola Pl\u00e1 Puello, secretaria del pleno de la JAC.<\/p>\n","protected":false},"excerpt":{"rendered":"<p>El presidente de la Junta de Aviaci\u00f3n Civil (JAC) de la Rep\u00fablica Dominicana, doctor Jos\u00e9 Ernesto Marte Piantini, junto con el presidente de la Autoridad General de Aviaci\u00f3n Civil (GACA)&hellip;<\/p>\n","protected":false},"author":2,"featured_media":62317,"comment_status":"open","ping_status":"open","sticky":false,"template":"","format":"standard","meta":{"content-type":"","jetpack_post_was_ever_published":false,"_jetpack_newsletter_access":"","_jetpack_dont_email_post_to_subs":false,"_jetpack_newsletter_tier_id":0,"_jetpack_memberships_contains_paywalled_content":false,"_jetpack_memberships_contains_paid_content":false,"footnotes":""},"categories":[35,25],"tags":[8189,3335,1303,1226,4690],"class_list":["post-62316","post","type-post","status-publish","format-standard","has-post-thumbnail","hentry","category-nacionales","category-portada","tag-aerocomerciales","tag-arabia-saudita","tag-relaciones","tag-republica-dominicana","tag-sellan"],"jetpack_featured_media_url":"https:\/\/lasprimeras.com.do\/wp-content\/uploads\/2023\/10\/Republica-Dominicana-y-Arabia-Saudita.jpg","jetpack-related-posts":[{"id":70026,"url":"https:\/\/lasprimeras.com.do\/index.php\/2023\/12\/07\/jac-republica-dominicana-rumbo-a-la-conectividad-aerea-con-el-mundo\/","url_meta":{"origin":62316,"position":0},"title":"JAC: Rep\u00fablica Dominicana rumbo a la conectividad a\u00e9rea con el mundo","author":"Nelson Feliz","date":"7 de diciembre de 2023","format":false,"excerpt":"El pa\u00eds avanz\u00f3 negociaciones con m\u00e1s de 10 pa\u00edses entre los que se encuentran: Arabia Saudita, Suiza, Islandia, Seychelles, Jordania, Reino Unido, Polonia, Kenia, Surinam, Malasia y Qatar en el evento de negociaci\u00f3n de aviaci\u00f3n civil m\u00e1s grande del mundo. Arabia Saudita.-. La participaci\u00f3n de Rep\u00fablica Dominicana en el Decimoquinto\u2026","rel":"","context":"En \u00abPORTADA\u00bb","block_context":{"text":"PORTADA","link":"https:\/\/lasprimeras.com.do\/index.php\/category\/portada\/"},"img":{"alt_text":"","src":"https:\/\/i0.wp.com\/lasprimeras.com.do\/wp-content\/uploads\/2023\/12\/jac-republica-dominicana-rumbo-a-la-conectividad-aerea-con-el-mundo.jpg?resize=350%2C200&ssl=1","width":350,"height":200,"srcset":"https:\/\/i0.wp.com\/lasprimeras.com.do\/wp-content\/uploads\/2023\/12\/jac-republica-dominicana-rumbo-a-la-conectividad-aerea-con-el-mundo.jpg?resize=350%2C200&ssl=1 1x, https:\/\/i0.wp.com\/lasprimeras.com.do\/wp-content\/uploads\/2023\/12\/jac-republica-dominicana-rumbo-a-la-conectividad-aerea-con-el-mundo.jpg?resize=525%2C300&ssl=1 1.5x, https:\/\/i0.wp.com\/lasprimeras.com.do\/wp-content\/uploads\/2023\/12\/jac-republica-dominicana-rumbo-a-la-conectividad-aerea-con-el-mundo.jpg?resize=700%2C400&ssl=1 2x"},"classes":[]},{"id":52843,"url":"https:\/\/lasprimeras.com.do\/index.php\/2023\/06\/21\/republica-dominicana-y-republica-checa-modernizan-acuerdo-de-transporte-aereo\/","url_meta":{"origin":62316,"position":1},"title":"Rep\u00fablica Dominicana y Rep\u00fablica Checa modernizan acuerdo de transporte a\u00e9reo","author":"Nelson Feliz","date":"21 de junio de 2023","format":false,"excerpt":"El nuevo documento permite optimizar operaciones y servicios de Transporte A\u00e9reo en beneficio de los usuarios y las l\u00edneas a\u00e9reas de las dos naciones. Por Martin Restituyo El presidente de la Junta de Aviaci\u00f3n Civil (JAC), Jos\u00e9 Marte Piantini y el embajador Extraordinario y Plenipotenciario de la Rep\u00fablica Checa ante\u2026","rel":"","context":"En \u00abTURISMO\u00bb","block_context":{"text":"TURISMO","link":"https:\/\/lasprimeras.com.do\/index.php\/category\/turismo\/"},"img":{"alt_text":"Jos\u00e9 Ernesto Marte Piantini y S.E. Petr Kav\u00e1n","src":"https:\/\/i0.wp.com\/lasprimeras.com.do\/wp-content\/uploads\/2023\/06\/JAC.jpg?resize=350%2C200&ssl=1","width":350,"height":200,"srcset":"https:\/\/i0.wp.com\/lasprimeras.com.do\/wp-content\/uploads\/2023\/06\/JAC.jpg?resize=350%2C200&ssl=1 1x, https:\/\/i0.wp.com\/lasprimeras.com.do\/wp-content\/uploads\/2023\/06\/JAC.jpg?resize=525%2C300&ssl=1 1.5x, https:\/\/i0.wp.com\/lasprimeras.com.do\/wp-content\/uploads\/2023\/06\/JAC.jpg?resize=700%2C400&ssl=1 2x"},"classes":[]},{"id":63089,"url":"https:\/\/lasprimeras.com.do\/index.php\/2023\/10\/10\/joe-biden-se-maravilla-de-una-paz-historica-entre-israel-y-arabia-saudita\/","url_meta":{"origin":62316,"position":2},"title":"Joe Biden se maravilla de una \u201cpaz hist\u00f3rica entre Israel y Arabia Saudita\u201d","author":"Nelson Feliz","date":"10 de octubre de 2023","format":false,"excerpt":"Las esperanzas de Biden de establecer relaciones entre Israel y Arabia Saudita podr\u00edan convertirse en una v\u00edctima de la nueva guerra en Medio Oriente. POR AAMER MADHANI Y ELLEN KNICKMEYER WASHINGTON (AP) \u2014 Hace menos de tres semanas, el primer ministro israel\u00ed, Benjamin Netanyahu, se sent\u00f3 junto al presidente Joe\u2026","rel":"","context":"En \u00abSin categor\u00eda\u00bb","block_context":{"text":"Sin categor\u00eda","link":"https:\/\/lasprimeras.com.do\/index.php\/category\/sin-categoria\/"},"img":{"alt_text":"El primer ministro israel\u00ed, Benjamin Netanyahu, se sent\u00f3 junto al presidente Joe Biden","src":"https:\/\/i0.wp.com\/lasprimeras.com.do\/wp-content\/uploads\/2023\/10\/El-primer-ministro-israeli-Benjamin-Netanyahu-se-sento-junto-al-presidente-Joe-Biden.jpg?resize=350%2C200&ssl=1","width":350,"height":200,"srcset":"https:\/\/i0.wp.com\/lasprimeras.com.do\/wp-content\/uploads\/2023\/10\/El-primer-ministro-israeli-Benjamin-Netanyahu-se-sento-junto-al-presidente-Joe-Biden.jpg?resize=350%2C200&ssl=1 1x, https:\/\/i0.wp.com\/lasprimeras.com.do\/wp-content\/uploads\/2023\/10\/El-primer-ministro-israeli-Benjamin-Netanyahu-se-sento-junto-al-presidente-Joe-Biden.jpg?resize=525%2C300&ssl=1 1.5x, https:\/\/i0.wp.com\/lasprimeras.com.do\/wp-content\/uploads\/2023\/10\/El-primer-ministro-israeli-Benjamin-Netanyahu-se-sento-junto-al-presidente-Joe-Biden.jpg?resize=700%2C400&ssl=1 2x"},"classes":[]},{"id":52357,"url":"https:\/\/lasprimeras.com.do\/index.php\/2023\/06\/09\/arabia-saudita-amenaza-a-ee-uu-con-represalias-economicas\/","url_meta":{"origin":62316,"position":3},"title":"Arabia Saudita amenaza a EE.UU. con represalias econ\u00f3micas","author":"prenxa100","date":"9 de junio de 2023","format":false,"excerpt":"ARABIA SAUDITA.- El pr\u00edncipe heredero de Arabia Saudita, Mohamed bin Salm\u00e1n, habr\u00eda amenazado con alterar las relaciones con EE.UU. e imponer costos econ\u00f3micos significativos al pa\u00eds norteamericano si Washington tomaba represalias contra los recortes de petr\u00f3leo, informa The Washington Post citando un documento clasificado. En octubre del a\u00f1o pasado, el\u2026","rel":"","context":"En \u00abSin categor\u00eda\u00bb","block_context":{"text":"Sin categor\u00eda","link":"https:\/\/lasprimeras.com.do\/index.php\/category\/sin-categoria\/"},"img":{"alt_text":"","src":"","width":0,"height":0},"classes":[]},{"id":95250,"url":"https:\/\/lasprimeras.com.do\/index.php\/2025\/03\/11\/biviana-riveiro-presenta-avances-en-inversion-extranjera-directa-en-la-28va-cumbre-mundial-de-waipa\/","url_meta":{"origin":62316,"position":4},"title":"Biviana Riveiro presenta avances en Inversi\u00f3n Extranjera Directa en la 28va Cumbre Mundial de WAIPA","author":"Nelson Feliz","date":"11 de marzo de 2025","format":false,"excerpt":"Arabia Saudita. Una delegaci\u00f3n del Centro de Exportaci\u00f3n e Inversi\u00f3n de la Rep\u00fablica Dominicana (ProDominicana), encabezada por su directora ejecutiva Biviana Riveiro Disla, particip\u00f3 en la 28va Conferencia Mundial de Inversiones de la Asociaci\u00f3n Mundial de Agencias de Promoci\u00f3n de Inversiones (WAIPA), celebrada del 25 al 27 de noviembre en\u2026","rel":"","context":"En \u00abECONOM\u00cdA\u00bb","block_context":{"text":"ECONOM\u00cdA","link":"https:\/\/lasprimeras.com.do\/index.php\/category\/economia\/"},"img":{"alt_text":"","src":"https:\/\/i0.wp.com\/lasprimeras.com.do\/wp-content\/uploads\/2025\/03\/Biviana-Riveiro-Disla-Directora-Ejecutiva-de-ProDominicana.jpg?resize=350%2C200&ssl=1","width":350,"height":200,"srcset":"https:\/\/i0.wp.com\/lasprimeras.com.do\/wp-content\/uploads\/2025\/03\/Biviana-Riveiro-Disla-Directora-Ejecutiva-de-ProDominicana.jpg?resize=350%2C200&ssl=1 1x, https:\/\/i0.wp.com\/lasprimeras.com.do\/wp-content\/uploads\/2025\/03\/Biviana-Riveiro-Disla-Directora-Ejecutiva-de-ProDominicana.jpg?resize=525%2C300&ssl=1 1.5x, https:\/\/i0.wp.com\/lasprimeras.com.do\/wp-content\/uploads\/2025\/03\/Biviana-Riveiro-Disla-Directora-Ejecutiva-de-ProDominicana.jpg?resize=700%2C400&ssl=1 2x"},"classes":[]},{"id":86732,"url":"https:\/\/lasprimeras.com.do\/index.php\/2024\/07\/31\/ciudadanos-arriban-a-rd-desde-venezuela-en-el-ultimo-vuelo-aerocomercial\/","url_meta":{"origin":62316,"position":5},"title":"Ciudadanos arriban a RD desde Venezuela en el \u00faltimo vuelo aerocomercial","author":"Nelson Feliz","date":"31 de julio de 2024","format":false,"excerpt":"Ciudadanos procedente desde Venezuela arriban a la Rep\u00fablica Dominicana, luego de queen vigencia este mi\u00e9rcoles a las 8 de la noche la suspensi\u00f3n temporal de los vuelos comerciales desde y hacia Venezuela. Con un retraso de unos 30 minutos, lleg\u00f3 este mi\u00e9rcoles al Aeropuerto Internacional de las Am\u00e9ricas el vuelo\u2026","rel":"","context":"En \u00abNACIONALES\u00bb","block_context":{"text":"NACIONALES","link":"https:\/\/lasprimeras.com.do\/index.php\/category\/nacionales\/"},"img":{"alt_text":"","src":"https:\/\/i0.wp.com\/lasprimeras.com.do\/wp-content\/uploads\/2024\/07\/Llegan.jpg?resize=350%2C200&ssl=1","width":350,"height":200,"srcset":"https:\/\/i0.wp.com\/lasprimeras.com.do\/wp-content\/uploads\/2024\/07\/Llegan.jpg?resize=350%2C200&ssl=1 1x, https:\/\/i0.wp.com\/lasprimeras.com.do\/wp-content\/uploads\/2024\/07\/Llegan.jpg?resize=525%2C300&ssl=1 1.5x, https:\/\/i0.wp.com\/lasprimeras.com.do\/wp-content\/uploads\/2024\/07\/Llegan.jpg?resize=700%2C400&ssl=1 2x"},"classes":[]}],"jetpack_sharing_enabled":true,"_links":{"self":[{"href":"https:\/\/lasprimeras.com.do\/index.php\/wp-json\/wp\/v2\/posts\/62316","targetHints":{"allow":["GET"]}}],"collection":[{"href":"https:\/\/lasprimeras.com.do\/index.php\/wp-json\/wp\/v2\/posts"}],"about":[{"href":"https:\/\/lasprimeras.com.do\/index.php\/wp-json\/wp\/v2\/types\/post"}],"author":[{"embeddable":true,"href":"https:\/\/lasprimeras.com.do\/index.php\/wp-json\/wp\/v2\/users\/2"}],"replies":[{"embeddable":true,"href":"https:\/\/lasprimeras.com.do\/index.php\/wp-json\/wp\/v2\/comments?post=62316"}],"version-history":[{"count":1,"href":"https:\/\/lasprimeras.com.do\/index.php\/wp-json\/wp\/v2\/posts\/62316\/revisions"}],"predecessor-version":[{"id":62318,"href":"https:\/\/lasprimeras.com.do\/index.php\/wp-json\/wp\/v2\/posts\/62316\/revisions\/62318"}],"wp:featuredmedia":[{"embeddable":true,"href":"https:\/\/lasprimeras.com.do\/index.php\/wp-json\/wp\/v2\/media\/62317"}],"wp:attachment":[{"href":"https:\/\/lasprimeras.com.do\/index.php\/wp-json\/wp\/v2\/media?parent=62316"}],"wp:term":[{"taxonomy":"category","embeddable":true,"href":"https:\/\/lasprimeras.com.do\/index.php\/wp-json\/wp\/v2\/categories?post=62316"},{"taxonomy":"post_tag","embeddable":true,"href":"https:\/\/lasprimeras.com.do\/index.php\/wp-json\/wp\/v2\/tags?post=62316"}],"curies":[{"name":"wp","href":"https:\/\/api.w.org\/{rel}","templated":true}]}}