{"id":62341,"date":"2023-10-04T14:32:10","date_gmt":"2023-10-04T18:32:10","guid":{"rendered":"https:\/\/lasprimeras.com.do\/?p=62341"},"modified":"2023-10-04T14:32:11","modified_gmt":"2023-10-04T18:32:11","slug":"familia-montaner-anuncia-la-integracion-de-ivan-ruiz-a-la-junta-directiva-de-su-fundacion","status":"publish","type":"post","link":"https:\/\/lasprimeras.com.do\/index.php\/2023\/10\/04\/familia-montaner-anuncia-la-integracion-de-ivan-ruiz-a-la-junta-directiva-de-su-fundacion\/","title":{"rendered":"Familia Montaner anuncia la integraci\u00f3n de Iv\u00e1n Ruiz a la junta directiva de su fundaci\u00f3n"},"content":{"rendered":"\n<p>Santo Domingo.-La Familia Montaner anunci\u00f3 el nombramiento del productor de televisi\u00f3n Iv\u00e1n Ru\u00edz en la junta directiva de la Fundaci\u00f3n The House Project, que este 5 de octubre celebra el D\u00eda de los Docentes, reafirmando su compromiso con la educaci\u00f3n en Saman\u00e1 y otras comunidades a trav\u00e9s del modelo educativo conocido como &#8220;Bayac\u00fa&#8221;.<\/p>\n\n\n\n<p>Iv\u00e1n Ruiz, actual director de Radio Televisi\u00f3n Dominicana y productor de los programas televisivos &#8220;El Show del Mediod\u00eda&#8221; y &#8220;\u00c9nfasis&#8221; (Color Visi\u00f3n), se une con el prop\u00f3sito de continuar expandiendo el alcance de la fundaci\u00f3n y su misi\u00f3n, junto a otros distinguidos miembros de dicha junta: Martha Rodr\u00edguez Miranda, Gabriel Roitman y Ed Beccle.<\/p>\n\n\n\n<p>\u201cHoy ofrezco mis manos y mi coraz\u00f3n para ayudar a impulsar la noble misi\u00f3n de esta fundaci\u00f3n, transformada en techo de los vulnerables de mi amado Saman\u00e1, que con tanto amor abraza la familia Montaner&#8221;, expres\u00f3 Ruiz.<\/p>\n\n\n\n<p>Luego agreg\u00f3 que &#8220;este es uno de los proyectos m\u00e1s hermosos de los que he sido parte porque la educaci\u00f3n es el componente que cambia la vida humana y son los ni\u00f1os los portadores de ese cambio\u201d.<\/p>\n\n\n\n<p>Evaluna Montaner, presidenta de la fundaci\u00f3n, manifest\u00f3 que \u201cel compromiso al servicio de las comunidades m\u00e1s vulnerables, unido a la amplia experiencia profesional y al inigualable carisma de Iv\u00e1n lo convertir\u00e1n en un miembro muy valioso para The House Project. Estamos felices y muy agradecidos con su participaci\u00f3n en nuestra junta directiva\u201d.<\/p>\n\n\n\n<p>The House Project es una fundaci\u00f3n que va donde est\u00e1 la necesidad y que cree que cada coraz\u00f3n puede ser un hogar, se indic\u00f3 en un documento.<\/p>\n\n\n\n<p>Actualmente tiene proyectos de apoyo a comunidades en India, Jordania, Venezuela, Colombia y Rep\u00fablica Dominicana.<\/p>\n\n\n\n<p>The House Project subray\u00f3 que este 5 de octubre es el D\u00eda de los Docentes, &#8220;una fecha dedicada a honrar a aquellos que dedican sus vidas a la educaci\u00f3n, es vital subrayar que la educaci\u00f3n de calidad, integral e inclusiva, resulta fundamental en el desarrollo de un pa\u00eds&#8221;.<\/p>\n\n\n\n<p>La Fundaci\u00f3n The House Project, de la Familia Montaner, quiere dar a conocer el modelo educativo Bayac\u00fa, una propuesta educativa que se erige como respuesta a los desaf\u00edos globales y nacionales en educaci\u00f3n.<\/p>\n\n\n\n<p>\u201cEn Bayac\u00fa, creemos que la educaci\u00f3n es un proceso transformador, una fuerza que puede cambiar vidas y comunidades enteras. Nuestro objetivo es implementar y desarrollar este modelo educativo experiencial y positivo inicialmente en Saman\u00e1, con la aspiraci\u00f3n de llegue a todo el pa\u00eds\u201d, manifest\u00f3 Marlene Rodr\u00edguez Montaner, fundadora de The House Project.<\/p>\n\n\n\n<p>Es por eso que, en colaboraci\u00f3n con el Show del Mediod\u00eda y su director, Ivan Ruiz, -nuevo miembro de la junta directiva de la fundaci\u00f3n- se busca la uni\u00f3n de aliados, comenzando por el Ministerio de Educaci\u00f3n (MINERD).<\/p>\n\n\n\n<p>\u201cBayac\u00fa es el resultado de a\u00f1os de investigaci\u00f3n y es la evoluci\u00f3n en la educaci\u00f3n integral de los ni\u00f1os, y con el apoyo de todos, podemos lograr un cambio significativo en el panorama educativo de la Rep\u00fablica Dominicana\u201d, afirm\u00f3 Iv\u00e1n Ruiz.<\/p>\n","protected":false},"excerpt":{"rendered":"<p>Santo Domingo.-La Familia Montaner anunci\u00f3 el nombramiento del productor de televisi\u00f3n Iv\u00e1n Ru\u00edz en la junta directiva de la Fundaci\u00f3n The House Project, que este 5 de octubre celebra el&hellip;<\/p>\n","protected":false},"author":3,"featured_media":62342,"comment_status":"open","ping_status":"open","sticky":false,"template":"","format":"standard","meta":{"content-type":"","jetpack_post_was_ever_published":false,"_jetpack_newsletter_access":"","_jetpack_dont_email_post_to_subs":false,"_jetpack_newsletter_tier_id":0,"_jetpack_memberships_contains_paywalled_content":false,"_jetpack_memberships_contains_paid_content":false,"footnotes":""},"categories":[84],"tags":[],"class_list":["post-62341","post","type-post","status-publish","format-standard","has-post-thumbnail","hentry","category-entretenimiento"],"jetpack_featured_media_url":"https:\/\/lasprimeras.com.do\/wp-content\/uploads\/2023\/10\/WhatsApp-Image-2023-10-04-at-7.55.08-AM.jpeg","jetpack-related-posts":[{"id":86982,"url":"https:\/\/lasprimeras.com.do\/index.php\/2024\/08\/04\/rtvd-en-72-aniversario-re-evoluciona-tv-con-tres-hitos-historicos-dos-series-y-su-instituto-docente\/","url_meta":{"origin":62341,"position":0},"title":"RTVD en 72 aniversario re-evoluciona TV con tres hitos hist\u00f3ricos: \u00a0dos series y su Instituto docente","author":"Nelson Feliz","date":"4 de agosto de 2024","format":false,"excerpt":"Con motivo de su 72 aniversario, anuncia estreno de las series Los Trinitarios y La Familia Espejo y anuncia el Instituto RTVD Radio Televisi\u00f3n Dominicana (RTVD, con motivo de su 72\u00ba aniversario, anunci\u00f3 el estreno el primero de agosto, de las series televisivas \"Los Trinitarios\" y \"La Familia Espejo\u201d, y\u2026","rel":"","context":"En \u00abENTRETENIMIENTO\u00bb","block_context":{"text":"ENTRETENIMIENTO","link":"https:\/\/lasprimeras.com.do\/index.php\/category\/entretenimiento\/"},"img":{"alt_text":"","src":"https:\/\/i0.wp.com\/lasprimeras.com.do\/wp-content\/uploads\/2024\/08\/Captura.png?resize=350%2C200&ssl=1","width":350,"height":200,"srcset":"https:\/\/i0.wp.com\/lasprimeras.com.do\/wp-content\/uploads\/2024\/08\/Captura.png?resize=350%2C200&ssl=1 1x, https:\/\/i0.wp.com\/lasprimeras.com.do\/wp-content\/uploads\/2024\/08\/Captura.png?resize=525%2C300&ssl=1 1.5x, https:\/\/i0.wp.com\/lasprimeras.com.do\/wp-content\/uploads\/2024\/08\/Captura.png?resize=700%2C400&ssl=1 2x"},"classes":[]},{"id":74562,"url":"https:\/\/lasprimeras.com.do\/index.php\/2024\/01\/24\/rtvd-transmitira-debates-electorales-junto-a-el-nuevo-diario-y-rcc-media\/","url_meta":{"origin":62341,"position":1},"title":"RTVD transmitir\u00e1 debates electorales junto a El Nuevo Diario y RCC Media","author":"Nelson Feliz","date":"24 de enero de 2024","format":false,"excerpt":"Radio Televisi\u00f3n Dominicana (RTVD) anunci\u00f3 su integraci\u00f3n para la transmisi\u00f3n de los debates electorales con miras a las elecciones municipales de febrero pr\u00f3ximo que junto a la plataforma de El Nuevo Diario y de RCC Media con una iniciativa del Consejo de Desarrollo Econ\u00f3mico y Social de Santo Domingo (Codessd).\u2026","rel":"","context":"En \u00abNACIONALES\u00bb","block_context":{"text":"NACIONALES","link":"https:\/\/lasprimeras.com.do\/index.php\/category\/nacionales\/"},"img":{"alt_text":"CODESSD Y RTVD","src":"https:\/\/i0.wp.com\/lasprimeras.com.do\/wp-content\/uploads\/2024\/01\/CODESSD-Y-RTVD.jpg?resize=350%2C200&ssl=1","width":350,"height":200,"srcset":"https:\/\/i0.wp.com\/lasprimeras.com.do\/wp-content\/uploads\/2024\/01\/CODESSD-Y-RTVD.jpg?resize=350%2C200&ssl=1 1x, https:\/\/i0.wp.com\/lasprimeras.com.do\/wp-content\/uploads\/2024\/01\/CODESSD-Y-RTVD.jpg?resize=525%2C300&ssl=1 1.5x, https:\/\/i0.wp.com\/lasprimeras.com.do\/wp-content\/uploads\/2024\/01\/CODESSD-Y-RTVD.jpg?resize=700%2C400&ssl=1 2x"},"classes":[]},{"id":58038,"url":"https:\/\/lasprimeras.com.do\/index.php\/2023\/08\/18\/telemaraton-solidario-para-ayudar-a-las-familias-afectadas-por-la-explosion-en-san-cristobal\/","url_meta":{"origin":62341,"position":2},"title":"Telemarat\u00f3n solidario para ayudar a las familias afectadas por la explosi\u00f3n en San Crist\u00f3bal","author":"Nelson Feliz","date":"18 de agosto de 2023","format":false,"excerpt":"La televisi\u00f3n nacional muestra su solidaridad este domingo a partir del mediod\u00eda La Fundaci\u00f3n Sur Futuro, en colaboraci\u00f3n con Color Visi\u00f3n, llevar\u00e1 a cabo un telemarat\u00f3n el domingo 20 de agosto para ayudar a las familias afectadas por la explosi\u00f3n ocurrida el viernes pasado en San Crist\u00f3bal, que ha cobrado\u2026","rel":"","context":"En \u00abNACIONALES\u00bb","block_context":{"text":"NACIONALES","link":"https:\/\/lasprimeras.com.do\/index.php\/category\/nacionales\/"},"img":{"alt_text":"Melba Segura","src":"https:\/\/i0.wp.com\/lasprimeras.com.do\/wp-content\/uploads\/2023\/08\/Melba-Segura.jpg?resize=350%2C200&ssl=1","width":350,"height":200,"srcset":"https:\/\/i0.wp.com\/lasprimeras.com.do\/wp-content\/uploads\/2023\/08\/Melba-Segura.jpg?resize=350%2C200&ssl=1 1x, https:\/\/i0.wp.com\/lasprimeras.com.do\/wp-content\/uploads\/2023\/08\/Melba-Segura.jpg?resize=525%2C300&ssl=1 1.5x"},"classes":[]},{"id":110839,"url":"https:\/\/lasprimeras.com.do\/index.php\/2025\/10\/01\/rtvd-lamenta-muerte-de-la-primerisima-actriz-josefina-gallart\/","url_meta":{"origin":62341,"position":3},"title":"RTVD lamenta muerte de la primer\u00edsima actriz Josefina Gallart","author":"Nelson Feliz","date":"1 de octubre de 2025","format":false,"excerpt":"Radio Televisi\u00f3n Dominicana (RTVD) lament\u00f3 la muerte de la primer\u00edsima actriz dominicana Josefina Gallart, quien forj\u00f3 una trayectoria impecable en el arte, interpretando de manera magistral tanto obras de drama como de comedia. \u201cNos unimos al dolor de la familia de Josefina Gallart, un orgullo dominicano del arte, especialmente un\u2026","rel":"","context":"En \u00abENTRETENIMIENTO\u00bb","block_context":{"text":"ENTRETENIMIENTO","link":"https:\/\/lasprimeras.com.do\/index.php\/category\/entretenimiento\/"},"img":{"alt_text":"","src":"https:\/\/i0.wp.com\/lasprimeras.com.do\/wp-content\/uploads\/2025\/10\/JOSEFINA-GALLART-Y-LUIS-JOSE-GERMAN.jpg?resize=350%2C200&ssl=1","width":350,"height":200,"srcset":"https:\/\/i0.wp.com\/lasprimeras.com.do\/wp-content\/uploads\/2025\/10\/JOSEFINA-GALLART-Y-LUIS-JOSE-GERMAN.jpg?resize=350%2C200&ssl=1 1x, https:\/\/i0.wp.com\/lasprimeras.com.do\/wp-content\/uploads\/2025\/10\/JOSEFINA-GALLART-Y-LUIS-JOSE-GERMAN.jpg?resize=525%2C300&ssl=1 1.5x, https:\/\/i0.wp.com\/lasprimeras.com.do\/wp-content\/uploads\/2025\/10\/JOSEFINA-GALLART-Y-LUIS-JOSE-GERMAN.jpg?resize=700%2C400&ssl=1 2x, https:\/\/i0.wp.com\/lasprimeras.com.do\/wp-content\/uploads\/2025\/10\/JOSEFINA-GALLART-Y-LUIS-JOSE-GERMAN.jpg?resize=1050%2C600&ssl=1 3x"},"classes":[]},{"id":100763,"url":"https:\/\/lasprimeras.com.do\/index.php\/2025\/06\/11\/cabrerense-en-ny-valoran-reconocimientos-a-cruz-eduardo-y-a-gaton\/","url_meta":{"origin":62341,"position":4},"title":"Cabrerense en NY valoran reconocimientos a Cruz Eduardo y a Gat\u00f3n","author":"Nelson Feliz","date":"11 de junio de 2025","format":false,"excerpt":"Por Ram\u00f3n Mercedes NUEVA YORK.- Dominicanos residentes en esta ciudad, procedente del municipio de Cabrera, provincia Mar\u00eda Trinidad S\u00e1nchez, manifestaron valorar los reconocimientos por parte del Distrito Educativo 14-02 a dos grandes figuras cuyos trabajos ha impactado profundamente en el pueblo. El DE 14-02 es un espacio para la recopilaci\u00f3n\u2026","rel":"","context":"En \u00abINTERNACIONALES\u00bb","block_context":{"text":"INTERNACIONALES","link":"https:\/\/lasprimeras.com.do\/index.php\/category\/sin-categoria\/internacionales\/"},"img":{"alt_text":"","src":"https:\/\/i0.wp.com\/lasprimeras.com.do\/wp-content\/uploads\/2025\/06\/WhatsApp-Image-2025-06-11-at-6.12.00-AM.jpeg?resize=350%2C200&ssl=1","width":350,"height":200,"srcset":"https:\/\/i0.wp.com\/lasprimeras.com.do\/wp-content\/uploads\/2025\/06\/WhatsApp-Image-2025-06-11-at-6.12.00-AM.jpeg?resize=350%2C200&ssl=1 1x, https:\/\/i0.wp.com\/lasprimeras.com.do\/wp-content\/uploads\/2025\/06\/WhatsApp-Image-2025-06-11-at-6.12.00-AM.jpeg?resize=525%2C300&ssl=1 1.5x, https:\/\/i0.wp.com\/lasprimeras.com.do\/wp-content\/uploads\/2025\/06\/WhatsApp-Image-2025-06-11-at-6.12.00-AM.jpeg?resize=700%2C400&ssl=1 2x"},"classes":[]},{"id":61503,"url":"https:\/\/lasprimeras.com.do\/index.php\/2023\/09\/27\/rtvd-sera-canal-oficial-en-rd-de-los-juegos-panamericanos-2023\/","url_meta":{"origin":62341,"position":5},"title":"RTVD ser\u00e1 canal oficial en RD de los Juegos Panamericanos 2023","author":"Nelson Feliz","date":"27 de septiembre de 2023","format":false,"excerpt":"Radio Televisi\u00f3n Dominicana (RTVD) ser\u00e1 el canal oficial para Rep\u00fablica Dominicana de la transmisi\u00f3n completa y en tiempo real de los Juegos Panamericanos Santiago 2023, que se desarrollar\u00e1n en Chile del 20 de octubre al 5 de noviembre. Durante un encuentro de prensa, el director general de RTVD, Iv\u00e1n Ruiz,\u2026","rel":"","context":"En \u00abSin categor\u00eda\u00bb","block_context":{"text":"Sin categor\u00eda","link":"https:\/\/lasprimeras.com.do\/index.php\/category\/sin-categoria\/"},"img":{"alt_text":"RTVD","src":"https:\/\/i0.wp.com\/lasprimeras.com.do\/wp-content\/uploads\/2023\/09\/Elenco.jpg?resize=350%2C200&ssl=1","width":350,"height":200,"srcset":"https:\/\/i0.wp.com\/lasprimeras.com.do\/wp-content\/uploads\/2023\/09\/Elenco.jpg?resize=350%2C200&ssl=1 1x, https:\/\/i0.wp.com\/lasprimeras.com.do\/wp-content\/uploads\/2023\/09\/Elenco.jpg?resize=525%2C300&ssl=1 1.5x, https:\/\/i0.wp.com\/lasprimeras.com.do\/wp-content\/uploads\/2023\/09\/Elenco.jpg?resize=700%2C400&ssl=1 2x"},"classes":[]}],"jetpack_sharing_enabled":true,"_links":{"self":[{"href":"https:\/\/lasprimeras.com.do\/index.php\/wp-json\/wp\/v2\/posts\/62341","targetHints":{"allow":["GET"]}}],"collection":[{"href":"https:\/\/lasprimeras.com.do\/index.php\/wp-json\/wp\/v2\/posts"}],"about":[{"href":"https:\/\/lasprimeras.com.do\/index.php\/wp-json\/wp\/v2\/types\/post"}],"author":[{"embeddable":true,"href":"https:\/\/lasprimeras.com.do\/index.php\/wp-json\/wp\/v2\/users\/3"}],"replies":[{"embeddable":true,"href":"https:\/\/lasprimeras.com.do\/index.php\/wp-json\/wp\/v2\/comments?post=62341"}],"version-history":[{"count":1,"href":"https:\/\/lasprimeras.com.do\/index.php\/wp-json\/wp\/v2\/posts\/62341\/revisions"}],"predecessor-version":[{"id":62343,"href":"https:\/\/lasprimeras.com.do\/index.php\/wp-json\/wp\/v2\/posts\/62341\/revisions\/62343"}],"wp:featuredmedia":[{"embeddable":true,"href":"https:\/\/lasprimeras.com.do\/index.php\/wp-json\/wp\/v2\/media\/62342"}],"wp:attachment":[{"href":"https:\/\/lasprimeras.com.do\/index.php\/wp-json\/wp\/v2\/media?parent=62341"}],"wp:term":[{"taxonomy":"category","embeddable":true,"href":"https:\/\/lasprimeras.com.do\/index.php\/wp-json\/wp\/v2\/categories?post=62341"},{"taxonomy":"post_tag","embeddable":true,"href":"https:\/\/lasprimeras.com.do\/index.php\/wp-json\/wp\/v2\/tags?post=62341"}],"curies":[{"name":"wp","href":"https:\/\/api.w.org\/{rel}","templated":true}]}}