{"id":62344,"date":"2023-10-04T14:33:38","date_gmt":"2023-10-04T18:33:38","guid":{"rendered":"https:\/\/lasprimeras.com.do\/?p=62344"},"modified":"2023-10-04T14:33:39","modified_gmt":"2023-10-04T18:33:39","slug":"roberto-angel-salcedo-y-miembros-de-adopae-tratan-sobre-temas-culturales","status":"publish","type":"post","link":"https:\/\/lasprimeras.com.do\/index.php\/2023\/10\/04\/roberto-angel-salcedo-y-miembros-de-adopae-tratan-sobre-temas-culturales\/","title":{"rendered":"Roberto \u00c1ngel Salcedo y miembros de Adopae tratan sobre temas culturales"},"content":{"rendered":"\n<p>Santo Domingo.-Representantes de la Academia Dominicana de Arte y Espect\u00e1culos (ADOPAE) se reunieron con el director de la Direcci\u00f3n General de Proyectos Estrat\u00e9gicos y Especiales de la Presidencia de la Rep\u00fablica, Roberto \u00c1ngel Salcedo.<\/p>\n\n\n\n<p>El objetivo principal del encuentro fue conocer en detalle el programa cultural que est\u00e1 desarrollando esta entidad estatal, se indic\u00f3 en un comunicado.<\/p>\n\n\n\n<p>Durante la reuni\u00f3n, que se prolong\u00f3 por aproximadamente dos horas, Salcedo comparti\u00f3 informaci\u00f3n sobre los diversos proyectos que se est\u00e1n llevando a cabo desde el PROPEEP, tanto en el \u00e1mbito cultural como en el social.<\/p>\n\n\n\n<p>La comisi\u00f3n de ADOPAE encabezada por su presidente, Severo Rivera, aprovech\u00f3 la oportunidad para entablar un intercambio de ideas con Salcedo, lo que allan\u00f3 el camino para futuras colaboraciones entre ambas instituciones. El enfoque principal de esta colaboraci\u00f3n ser\u00e1 promover la formaci\u00f3n de los miembros de la entidad y el talento creativo en beneficio de la cultura dominicana.<\/p>\n\n\n\n<p>Los directivos de ADOPAE felicitaron al director del PROPEEP por los proyectos que tiene en agenda, los cuales se consideran altamente beneficiosos para transformar las condiciones de vida de miles de j\u00f3venes en los barrios y pueblos, con la cultura como una prioridad destacada.<\/p>\n\n\n\n<p>Durante la reuni\u00f3n, Salcedo destac\u00f3 la agenda cultural que se est\u00e1 implementando en diversas comunidades, poniendo un fuerte \u00e9nfasis en el arte p\u00fablico y otras actividades creativas.<\/p>\n\n\n\n<p>Roberto \u00c1ngel Salcedo, director de PROPEEP, expres\u00f3 su profundo inter\u00e9s en conocer y apoyar los proyectos educativos que ADOPAE lleva a cabo para la formaci\u00f3n de sus miembros, as\u00ed como cualquier otra iniciativa que promueva las artes y la industria cultural dominicana.<\/p>\n\n\n\n<p>El presidente de ADOPAE estuvo acompa\u00f1ado de Yenny Polanco Lovera, Sarah Hern\u00e1ndez, Alfonso Qui\u00f1ones, Jorge Ramos, Fausto Polanco y Carmen Luz Beato, miembros de la entidad.<\/p>\n\n\n\n<p>Ambas partes, durante la reuni\u00f3n, coincidieron en la importancia de apoyar las escuelas de arte en todo el pa\u00eds, promover espacios culturales y desarrollar proyectos que generen oportunidades y transformen la vida de los residentes en las comunidades donde se lleven a cabo dichas iniciativas.<\/p>\n\n\n\n<p>En este contexto, la colaboraci\u00f3n entre ambas entidades se vislumbra como una oportunidad para enriquecer el conocimiento y la perspectiva de los periodistas especializados en arte y espect\u00e1culos, al mismo tiempo que se apoyan las iniciativas del PROPEEP relacionadas con estas \u00e1reas.<\/p>\n\n\n\n<p>Salcedo mostr\u00f3 su disposici\u00f3n a respaldar el programa de capacitaci\u00f3n de ADOPAE mediante la firma de un convenio de colaboraci\u00f3n, el cual se materializar\u00e1 en los pr\u00f3ximos d\u00edas, cuando se celebre una nueva reuni\u00f3n.<\/p>\n\n\n\n<p>Ambas partes coincidieron en la importancia de mantener a los profesionales de la prensa especializada informados sobre los proyectos desarrollados por la Direcci\u00f3n General de Proyectos Estrat\u00e9gicos y Especiales de la Presidencia de la Rep\u00fablica, especialmente aquellos vinculados a sus \u00e1reas de inter\u00e9s.<\/p>\n","protected":false},"excerpt":{"rendered":"<p>Santo Domingo.-Representantes de la Academia Dominicana de Arte y Espect\u00e1culos (ADOPAE) se reunieron con el director de la Direcci\u00f3n General de Proyectos Estrat\u00e9gicos y Especiales de la Presidencia de la&hellip;<\/p>\n","protected":false},"author":3,"featured_media":62345,"comment_status":"open","ping_status":"open","sticky":false,"template":"","format":"standard","meta":{"content-type":"","jetpack_post_was_ever_published":false,"_jetpack_newsletter_access":"","_jetpack_dont_email_post_to_subs":false,"_jetpack_newsletter_tier_id":0,"_jetpack_memberships_contains_paywalled_content":false,"_jetpack_memberships_contains_paid_content":false,"footnotes":""},"categories":[84],"tags":[],"class_list":["post-62344","post","type-post","status-publish","format-standard","has-post-thumbnail","hentry","category-entretenimiento"],"jetpack_featured_media_url":"https:\/\/lasprimeras.com.do\/wp-content\/uploads\/2023\/10\/WhatsApp-Image-2023-10-04-at-7.55.08-AM-1.jpeg","jetpack-related-posts":[{"id":62494,"url":"https:\/\/lasprimeras.com.do\/index.php\/2023\/10\/05\/roberto-angel-salcedo-se-reune-con-representantes-de-adopae\/","url_meta":{"origin":62344,"position":0},"title":"Roberto \u00c1ngel Salcedo se re\u00fane con representantes de ADOPAE","author":"Nelson Feliz","date":"5 de octubre de 2023","format":false,"excerpt":"En una muestra de colaboraci\u00f3n y apoyo mutuo, representantes de la Academia Dominicana de Arte y Espect\u00e1culos (ADOPAE) se reunieron con el director de la Direcci\u00f3n General de Proyectos Estrat\u00e9gicos y Especiales de la Presidencia de la Rep\u00fablica, Roberto \u00c1ngel Salcedo. El objetivo principal del encuentro fue conocer en detalle\u2026","rel":"","context":"En \u00abENTRETENIMIENTO\u00bb","block_context":{"text":"ENTRETENIMIENTO","link":"https:\/\/lasprimeras.com.do\/index.php\/category\/entretenimiento\/"},"img":{"alt_text":"De izquierda a derecha,Alfonso Quin\u00f1ones, Sarah Herna\u00ecndez, Severo Rivera, Roberto A\u00ecngel Salcedo, Fausto Polanco, Carmen Luz Beato Jorge Ramos y Yenny Polanco Lovera","src":"https:\/\/i0.wp.com\/lasprimeras.com.do\/wp-content\/uploads\/2023\/10\/De-izquierda-a-derechaAlfonso-Quinnones-Sarah-Hernaindez-Severo-Rivera-Roberto-Aingel-Salcedo-Fausto-Polanco-Carmen-Luz-Beato-Jorge-Ramos-y-Yenny-Polanco-Lovera-copia.jpg?resize=350%2C200&ssl=1","width":350,"height":200,"srcset":"https:\/\/i0.wp.com\/lasprimeras.com.do\/wp-content\/uploads\/2023\/10\/De-izquierda-a-derechaAlfonso-Quinnones-Sarah-Hernaindez-Severo-Rivera-Roberto-Aingel-Salcedo-Fausto-Polanco-Carmen-Luz-Beato-Jorge-Ramos-y-Yenny-Polanco-Lovera-copia.jpg?resize=350%2C200&ssl=1 1x, https:\/\/i0.wp.com\/lasprimeras.com.do\/wp-content\/uploads\/2023\/10\/De-izquierda-a-derechaAlfonso-Quinnones-Sarah-Hernaindez-Severo-Rivera-Roberto-Aingel-Salcedo-Fausto-Polanco-Carmen-Luz-Beato-Jorge-Ramos-y-Yenny-Polanco-Lovera-copia.jpg?resize=525%2C300&ssl=1 1.5x, https:\/\/i0.wp.com\/lasprimeras.com.do\/wp-content\/uploads\/2023\/10\/De-izquierda-a-derechaAlfonso-Quinnones-Sarah-Hernaindez-Severo-Rivera-Roberto-Aingel-Salcedo-Fausto-Polanco-Carmen-Luz-Beato-Jorge-Ramos-y-Yenny-Polanco-Lovera-copia.jpg?resize=700%2C400&ssl=1 2x"},"classes":[]},{"id":117563,"url":"https:\/\/lasprimeras.com.do\/index.php\/2025\/12\/11\/roberto-angel-asume-la-presidencia-pro-tempore-de-la-cecc-sica\/","url_meta":{"origin":62344,"position":1},"title":"Roberto \u00c1ngel asume la presidencia \u2018pro tempore\u2019 de la CECC-SICA","author":"Nelson Feliz","date":"11 de diciembre de 2025","format":false,"excerpt":"Salcedo expone prioridades culturales del pa\u00eds en reuni\u00f3n regional de dicho organismo Ciudad de Panam\u00e1.- El ministro de Cultura, Roberto \u00c1ngel Salcedo, destac\u00f3 en Panam\u00e1 los principales compromisos y prioridades del pa\u00eds en materia cultural durante la Quincuag\u00e9sima Reuni\u00f3n Ordinaria del Consejo de Ministras y Ministros de Educaci\u00f3n y de\u2026","rel":"","context":"En \u00abENTRETENIMIENTO\u00bb","block_context":{"text":"ENTRETENIMIENTO","link":"https:\/\/lasprimeras.com.do\/index.php\/category\/entretenimiento\/"},"img":{"alt_text":"","src":"https:\/\/i0.wp.com\/lasprimeras.com.do\/wp-content\/uploads\/2025\/12\/Roberto-Angel.jpg?resize=350%2C200&ssl=1","width":350,"height":200,"srcset":"https:\/\/i0.wp.com\/lasprimeras.com.do\/wp-content\/uploads\/2025\/12\/Roberto-Angel.jpg?resize=350%2C200&ssl=1 1x, https:\/\/i0.wp.com\/lasprimeras.com.do\/wp-content\/uploads\/2025\/12\/Roberto-Angel.jpg?resize=525%2C300&ssl=1 1.5x, https:\/\/i0.wp.com\/lasprimeras.com.do\/wp-content\/uploads\/2025\/12\/Roberto-Angel.jpg?resize=700%2C400&ssl=1 2x"},"classes":[]},{"id":88201,"url":"https:\/\/lasprimeras.com.do\/index.php\/2024\/08\/23\/roberto-angel-hoy-sumamos-47898-m2-de-arte-publico-entregado-en-todo-el-territorio-nacional\/","url_meta":{"origin":62344,"position":2},"title":"Roberto \u00c1ngel: \u201cHoy sumamos 47,898 M2 de arte p\u00fablico entregado en todo el territorio nacional\u201d","author":"Nelson Feliz","date":"23 de agosto de 2024","format":false,"excerpt":"Con la entrega del Paseo de los Colores n\u00famero 105 de este a\u00f1o, la direcci\u00f3n de Proyectos Estrat\u00e9gicos y Especiales de la Presidencia (Propeep), suman 47,898 metros cuadrado de arte p\u00fablico urbano en todo el territorio nacional. Al encabezar la Ruta de Arte P\u00fablico Urbano, este viernes, en esta provincia,\u2026","rel":"","context":"En \u00abNACIONALES\u00bb","block_context":{"text":"NACIONALES","link":"https:\/\/lasprimeras.com.do\/index.php\/category\/nacionales\/"},"img":{"alt_text":"Roberto \u00c1ngel Salcedo","src":"https:\/\/i0.wp.com\/lasprimeras.com.do\/wp-content\/uploads\/2024\/08\/Roberto-Angel-Salcedo.jpg?resize=350%2C200&ssl=1","width":350,"height":200,"srcset":"https:\/\/i0.wp.com\/lasprimeras.com.do\/wp-content\/uploads\/2024\/08\/Roberto-Angel-Salcedo.jpg?resize=350%2C200&ssl=1 1x, https:\/\/i0.wp.com\/lasprimeras.com.do\/wp-content\/uploads\/2024\/08\/Roberto-Angel-Salcedo.jpg?resize=525%2C300&ssl=1 1.5x, https:\/\/i0.wp.com\/lasprimeras.com.do\/wp-content\/uploads\/2024\/08\/Roberto-Angel-Salcedo.jpg?resize=700%2C400&ssl=1 2x"},"classes":[]},{"id":62739,"url":"https:\/\/lasprimeras.com.do\/index.php\/2023\/10\/06\/roberto-angel-y-kelvin-cruz-dejan-iniciados-mas-de-2-kms-de-arte-publico-en-la-vega\/","url_meta":{"origin":62344,"position":3},"title":"Roberto \u00c1ngel y Kelvin Cruz dejan iniciados m\u00e1s de 2 kms de arte p\u00fablico en La Vega","author":"Nelson Feliz","date":"6 de octubre de 2023","format":false,"excerpt":"El director de Proyectos Estrat\u00e9gicos y Especiales de la Presidencia, Roberto \u00c1ngel Salcedo, y el alcalde de La Vega, Kelvin Cruz, dejaron iniciados la creaci\u00f3n de m\u00e1s dos kil\u00f3metros lineales de arte p\u00fablico, en el Parque Lineal el Riito, de ese municipio, a fin de resaltar figuras prominentes de la\u2026","rel":"","context":"En \u00abENTRETENIMIENTO\u00bb","block_context":{"text":"ENTRETENIMIENTO","link":"https:\/\/lasprimeras.com.do\/index.php\/category\/entretenimiento\/"},"img":{"alt_text":"Roberto Angel Salcedo","src":"https:\/\/i0.wp.com\/lasprimeras.com.do\/wp-content\/uploads\/2023\/10\/Roberto-Angel-Salcedo.jpg?resize=350%2C200&ssl=1","width":350,"height":200,"srcset":"https:\/\/i0.wp.com\/lasprimeras.com.do\/wp-content\/uploads\/2023\/10\/Roberto-Angel-Salcedo.jpg?resize=350%2C200&ssl=1 1x, https:\/\/i0.wp.com\/lasprimeras.com.do\/wp-content\/uploads\/2023\/10\/Roberto-Angel-Salcedo.jpg?resize=525%2C300&ssl=1 1.5x, https:\/\/i0.wp.com\/lasprimeras.com.do\/wp-content\/uploads\/2023\/10\/Roberto-Angel-Salcedo.jpg?resize=700%2C400&ssl=1 2x"},"classes":[]},{"id":99912,"url":"https:\/\/lasprimeras.com.do\/index.php\/2025\/05\/28\/roberto-angel-organiza-estructura-de-las-icc-como-motivo-y-estimulacion-de-la-industria\/","url_meta":{"origin":62344,"position":4},"title":"Roberto \u00c1ngel organiza estructura de las \u201cICC\u201d como motivo y estimulaci\u00f3n de la industria","author":"Nelson Feliz","date":"28 de mayo de 2025","format":false,"excerpt":"El ministro de Cultura, Roberto \u00c1ngel Salcedo (Robertico), anunci\u00f3 este mi\u00e9rcoles que organiza la estructura de las Industrias Cultural y Creativa (ICC) para estimular y oriental el sector. \u201cNosotros estamos trabajando para organizar la estructura cultural en la Rep\u00fablica Dominicana\u201d, inform\u00f3 el ministro. \u201cSe trata de preservar el patrimonio material\u2026","rel":"","context":"En \u00abENTRETENIMIENTO\u00bb","block_context":{"text":"ENTRETENIMIENTO","link":"https:\/\/lasprimeras.com.do\/index.php\/category\/entretenimiento\/"},"img":{"alt_text":"Roberto \u00c1ngel Salcedo","src":"https:\/\/i0.wp.com\/lasprimeras.com.do\/wp-content\/uploads\/2025\/05\/Roberto-Angel-Salcedo.jpg?resize=350%2C200&ssl=1","width":350,"height":200,"srcset":"https:\/\/i0.wp.com\/lasprimeras.com.do\/wp-content\/uploads\/2025\/05\/Roberto-Angel-Salcedo.jpg?resize=350%2C200&ssl=1 1x, https:\/\/i0.wp.com\/lasprimeras.com.do\/wp-content\/uploads\/2025\/05\/Roberto-Angel-Salcedo.jpg?resize=525%2C300&ssl=1 1.5x, https:\/\/i0.wp.com\/lasprimeras.com.do\/wp-content\/uploads\/2025\/05\/Roberto-Angel-Salcedo.jpg?resize=700%2C400&ssl=1 2x"},"classes":[]},{"id":84761,"url":"https:\/\/lasprimeras.com.do\/index.php\/2024\/06\/15\/roberto-angel-destaca-gobierno-mejora-bienestar-de-las-familias-mas-vulnerables\/","url_meta":{"origin":62344,"position":5},"title":"Roberto \u00c1ngel destaca Gobierno mejora bienestar de las familias m\u00e1s vulnerables","author":"Nelson Feliz","date":"15 de junio de 2024","format":false,"excerpt":"Encabeza jornadas de inclusi\u00f3n social en municipios San Francisco de Macor\u00eds, Pimentel, Salcedo y Villa Tapia\u00a0 y visita local donde funcionar\u00e1 el primer Centro de Innovaci\u00f3n Cultural en Salcedo y explic\u00f3 c\u00f3mo funcionar\u00e1. El director general de Proyectos Estrat\u00e9gicos y Especiales de la Presidencia (Propeep), Roberto \u00c1ngel Salcedo, destac\u00f3 los\u2026","rel":"","context":"En \u00abNACIONALES\u00bb","block_context":{"text":"NACIONALES","link":"https:\/\/lasprimeras.com.do\/index.php\/category\/nacionales\/"},"img":{"alt_text":"Roberto \u00c1ngel Salcedo","src":"https:\/\/i0.wp.com\/lasprimeras.com.do\/wp-content\/uploads\/2024\/06\/Roberto-Angel-Salcedo.jpg?resize=350%2C200&ssl=1","width":350,"height":200,"srcset":"https:\/\/i0.wp.com\/lasprimeras.com.do\/wp-content\/uploads\/2024\/06\/Roberto-Angel-Salcedo.jpg?resize=350%2C200&ssl=1 1x, https:\/\/i0.wp.com\/lasprimeras.com.do\/wp-content\/uploads\/2024\/06\/Roberto-Angel-Salcedo.jpg?resize=525%2C300&ssl=1 1.5x"},"classes":[]}],"jetpack_sharing_enabled":true,"_links":{"self":[{"href":"https:\/\/lasprimeras.com.do\/index.php\/wp-json\/wp\/v2\/posts\/62344","targetHints":{"allow":["GET"]}}],"collection":[{"href":"https:\/\/lasprimeras.com.do\/index.php\/wp-json\/wp\/v2\/posts"}],"about":[{"href":"https:\/\/lasprimeras.com.do\/index.php\/wp-json\/wp\/v2\/types\/post"}],"author":[{"embeddable":true,"href":"https:\/\/lasprimeras.com.do\/index.php\/wp-json\/wp\/v2\/users\/3"}],"replies":[{"embeddable":true,"href":"https:\/\/lasprimeras.com.do\/index.php\/wp-json\/wp\/v2\/comments?post=62344"}],"version-history":[{"count":1,"href":"https:\/\/lasprimeras.com.do\/index.php\/wp-json\/wp\/v2\/posts\/62344\/revisions"}],"predecessor-version":[{"id":62346,"href":"https:\/\/lasprimeras.com.do\/index.php\/wp-json\/wp\/v2\/posts\/62344\/revisions\/62346"}],"wp:featuredmedia":[{"embeddable":true,"href":"https:\/\/lasprimeras.com.do\/index.php\/wp-json\/wp\/v2\/media\/62345"}],"wp:attachment":[{"href":"https:\/\/lasprimeras.com.do\/index.php\/wp-json\/wp\/v2\/media?parent=62344"}],"wp:term":[{"taxonomy":"category","embeddable":true,"href":"https:\/\/lasprimeras.com.do\/index.php\/wp-json\/wp\/v2\/categories?post=62344"},{"taxonomy":"post_tag","embeddable":true,"href":"https:\/\/lasprimeras.com.do\/index.php\/wp-json\/wp\/v2\/tags?post=62344"}],"curies":[{"name":"wp","href":"https:\/\/api.w.org\/{rel}","templated":true}]}}