{"id":62350,"date":"2023-10-04T14:37:16","date_gmt":"2023-10-04T18:37:16","guid":{"rendered":"https:\/\/lasprimeras.com.do\/?p=62350"},"modified":"2023-10-04T14:37:18","modified_gmt":"2023-10-04T18:37:18","slug":"machado-espera-estar-listo-para-inicio-de-proxima-temporada-de-grandes-ligas","status":"publish","type":"post","link":"https:\/\/lasprimeras.com.do\/index.php\/2023\/10\/04\/machado-espera-estar-listo-para-inicio-de-proxima-temporada-de-grandes-ligas\/","title":{"rendered":"Machado espera estar listo para inicio de pr\u00f3xima temporada de Grandes Ligas"},"content":{"rendered":"\n<p>SAN DIEGO \u2014 El antesalista estrella de los Padres, Manny Machado, se someti\u00f3 a una cirug\u00eda de codo el martes y el equipo tiene la esperanza de que pueda regresar al inicio de la temporada 2024.<\/p>\n\n\n\n<p>La operaci\u00f3n, una reparaci\u00f3n del tend\u00f3n extensor del codo derecho, hab\u00eda sido planificada durante semanas . Machado ha jugado con un codo de tenista en su brazo derecho durante partes de las \u00faltimas dos temporadas, pero esa lesi\u00f3n empeor\u00f3 en la recta final de 2023 y lo oblig\u00f3 a desempe\u00f1ar un papel de bateador designado, mientras que se perdi\u00f3 tiempo en m\u00faltiples ocasiones.<\/p>\n\n\n\n<p>\u00abEst\u00e1bamos tratando de evitarlo tanto como pudimos\u00bb, dijo Machado sobre la cirug\u00eda a mediados de septiembre. \u00abPero desafortunadamente [la lesi\u00f3n] nos ha puesto en esa situaci\u00f3n. \u00bfY sabes qu\u00e9? Probablemente me har\u00e1 mejor, nos har\u00e1 a todos mejores. Simplemente hazlo, prep\u00e1rate para el pr\u00f3ximo a\u00f1o, regresa y s\u00e9 feliz\u00bb. saludable.\u00bb<\/p>\n\n\n\n<p>El equipo ofreci\u00f3 un cronograma de recuperaci\u00f3n de 4 a 6 meses, lo que sit\u00faa el regreso de Machado en alg\u00fan momento alrededor de los entrenamientos primaverales o el inicio de la temporada 2024. Los Padres abren su campa\u00f1a 2024 con dos juegos contra los Dodgers en Se\u00fal, Corea del Sur, el 20 y 21 de marzo.<\/p>\n\n\n\n<p>Los directivos del equipo han notado que la recuperaci\u00f3n de la cirug\u00eda lleva m\u00e1s tiempo en el lado de los lanzamientos que en el de los golpes. Entonces, es posible que Machado comience el 2024 en el mismo rol de bateador designado en el que termin\u00f3 la temporada 2023 mientras contin\u00faa fortaleciendo su brazo de lanzar.<\/p>\n\n\n\n<p>Mientras luchaba contra la lesi\u00f3n, Machado registr\u00f3 una l\u00ednea de .258\/.319\/.462 con 30 jonrones. Su OPS de .781 fue el m\u00e1s bajo en sus cinco temporadas con los Padres, quienes se quedaron fuera de los playoffs luego de terminar la temporada 82-80.<\/p>\n\n\n\n<p>Machado podr\u00eda haber optado por la cirug\u00eda al final de la temporada, pero insisti\u00f3 en jugar a pesar de la lesi\u00f3n mientras los Padres estaban matem\u00e1ticamente vivos en la carrera por los playoffs. Es posible que la demora le cueste tiempo a Machado a principios de 2024. Pero tom\u00f3 la decisi\u00f3n de seguir jugando y, como result\u00f3, los Padres llevaron sus escasas esperanzas de playoffs hasta el \u00faltimo fin de semana, perdiendo por dos. juegos.<\/p>\n","protected":false},"excerpt":{"rendered":"<p>SAN DIEGO \u2014 El antesalista estrella de los Padres, Manny Machado, se someti\u00f3 a una cirug\u00eda de codo el martes y el equipo tiene la esperanza de que pueda regresar&hellip;<\/p>\n","protected":false},"author":3,"featured_media":62351,"comment_status":"open","ping_status":"open","sticky":false,"template":"","format":"standard","meta":{"content-type":"","jetpack_post_was_ever_published":false,"_jetpack_newsletter_access":"","_jetpack_dont_email_post_to_subs":false,"_jetpack_newsletter_tier_id":0,"_jetpack_memberships_contains_paywalled_content":false,"_jetpack_memberships_contains_paid_content":false,"footnotes":""},"categories":[1],"tags":[],"class_list":["post-62350","post","type-post","status-publish","format-standard","has-post-thumbnail","hentry","category-sin-categoria"],"jetpack_featured_media_url":"https:\/\/lasprimeras.com.do\/wp-content\/uploads\/2023\/10\/WhatsApp-Image-2023-10-04-at-7.55.08-AM-3.jpeg","jetpack-related-posts":[{"id":76908,"url":"https:\/\/lasprimeras.com.do\/index.php\/2024\/02\/15\/machado-aumenta-intensidad-en-su-brazo-tras-cirugia\/","url_meta":{"origin":62350,"position":0},"title":"Machado aumenta intensidad en su brazo tras cirug\u00eda","author":"BIMARY DE JES\u00daS Matos","date":"15 de febrero de 2024","format":false,"excerpt":"PEORIA, Arizona .-Avance. La estrella de los San Diego Padres, Manny Machado, quien se someti\u00f3 a una cirug\u00eda fuera de temporada para aliviar el codo de tenista en su brazo derecho, ha estado lanzando durante aproximadamente seis semanas y ha pasado la \u00faltima semana aumentando la intensidad en el campo.\u2026","rel":"","context":"En \u00abSin categor\u00eda\u00bb","block_context":{"text":"Sin categor\u00eda","link":"https:\/\/lasprimeras.com.do\/index.php\/category\/sin-categoria\/"},"img":{"alt_text":"","src":"https:\/\/i0.wp.com\/lasprimeras.com.do\/wp-content\/uploads\/2024\/02\/i.jpeg?resize=350%2C200&ssl=1","width":350,"height":200,"srcset":"https:\/\/i0.wp.com\/lasprimeras.com.do\/wp-content\/uploads\/2024\/02\/i.jpeg?resize=350%2C200&ssl=1 1x, https:\/\/i0.wp.com\/lasprimeras.com.do\/wp-content\/uploads\/2024\/02\/i.jpeg?resize=525%2C300&ssl=1 1.5x, https:\/\/i0.wp.com\/lasprimeras.com.do\/wp-content\/uploads\/2024\/02\/i.jpeg?resize=700%2C400&ssl=1 2x, https:\/\/i0.wp.com\/lasprimeras.com.do\/wp-content\/uploads\/2024\/02\/i.jpeg?resize=1050%2C600&ssl=1 3x"},"classes":[]},{"id":52118,"url":"https:\/\/lasprimeras.com.do\/index.php\/2023\/06\/07\/jacob-degrom-se-sometera-a-una-cirugia-tommy-john-que-terminara-la-temporada\/","url_meta":{"origin":62350,"position":1},"title":"Jacob deGrom se someter\u00e1 a una cirug\u00eda Tommy John que terminar\u00e1 la temporada","author":"prenxa100","date":"7 de junio de 2023","format":false,"excerpt":"AGENCIA EFE El gerente general Chris Young dijo el martes que la decisi\u00f3n sobre la cirug\u00eda se tom\u00f3 despu\u00e9s de una resonancia magn\u00e9tica en el codo derecho de deGrom. El as de Texas, Jacob deGrom, se someter\u00e1 a una cirug\u00eda Tommy John que terminar\u00e1 su temporada, lo que acortar\u00e1 su\u2026","rel":"","context":"En \u00abSin categor\u00eda\u00bb","block_context":{"text":"Sin categor\u00eda","link":"https:\/\/lasprimeras.com.do\/index.php\/category\/sin-categoria\/"},"img":{"alt_text":"","src":"","width":0,"height":0},"classes":[]},{"id":52121,"url":"https:\/\/lasprimeras.com.do\/index.php\/2023\/06\/07\/cirugia-tommy-john-termina-ano-de-jacob-degrom\/","url_meta":{"origin":62350,"position":2},"title":"Cirug\u00eda Tommy John termina a\u00f1o de Jacob deGrom","author":"prenxa100","date":"7 de junio de 2023","format":false,"excerpt":"El dos veces ganador del Cy Young de la Liga Nacional no hab\u00eda lanzado desde el 28 de abril. AGENCIA EFE El as de Texas Jacob deGrom se someter\u00e1 a una cirug\u00eda Tommy John que lo dejar\u00e1 fuera el resto de la temporada y con lo que lleg\u00f3 a su\u2026","rel":"","context":"En \u00abSin categor\u00eda\u00bb","block_context":{"text":"Sin categor\u00eda","link":"https:\/\/lasprimeras.com.do\/index.php\/category\/sin-categoria\/"},"img":{"alt_text":"","src":"","width":0,"height":0},"classes":[]},{"id":58480,"url":"https:\/\/lasprimeras.com.do\/index.php\/2023\/08\/24\/shohei-ohtani-sufre-lesion-en-el-codo-y-no-volvera-a-lanzar-esta-temporada\/","url_meta":{"origin":62350,"position":3},"title":"Shohei Ohtani sufre lesi\u00f3n en el codo y no volver\u00e1 a lanzar esta temporada","author":"Nelson Feliz","date":"24 de agosto de 2023","format":false,"excerpt":"El japon\u00e9s Shohei Ohtani, probablemente la estrella m\u00e1s relevante e importante de las Grandes Ligas en estos momentos, se lesion\u00f3 este mi\u00e9rcoles el codo derecho y no volver\u00e1 a lanzar esta temporada para los Angelinos de Los \u00c1ngeles. El estelar jugador de dos v\u00edas (se desempe\u00f1a como lanzador y como\u2026","rel":"","context":"En \u00abSin categor\u00eda\u00bb","block_context":{"text":"Sin categor\u00eda","link":"https:\/\/lasprimeras.com.do\/index.php\/category\/sin-categoria\/"},"img":{"alt_text":"Shohei Ohtani no volver\u00e1 a actuar como lanzador en esta temporada.","src":"https:\/\/i0.wp.com\/lasprimeras.com.do\/wp-content\/uploads\/2023\/08\/Shohei-Ohtani.jpeg?resize=350%2C200&ssl=1","width":350,"height":200,"srcset":"https:\/\/i0.wp.com\/lasprimeras.com.do\/wp-content\/uploads\/2023\/08\/Shohei-Ohtani.jpeg?resize=350%2C200&ssl=1 1x, https:\/\/i0.wp.com\/lasprimeras.com.do\/wp-content\/uploads\/2023\/08\/Shohei-Ohtani.jpeg?resize=525%2C300&ssl=1 1.5x, https:\/\/i0.wp.com\/lasprimeras.com.do\/wp-content\/uploads\/2023\/08\/Shohei-Ohtani.jpeg?resize=700%2C400&ssl=1 2x"},"classes":[]},{"id":94439,"url":"https:\/\/lasprimeras.com.do\/index.php\/2025\/02\/28\/shohei-ohtani-conecta-jonron-con-dodgers-en-su-1er-turno-de-pretemporada-tras-cirugia-de-hombro\/","url_meta":{"origin":62350,"position":4},"title":"Shohei Ohtani conecta jonr\u00f3n con Dodgers en su 1er turno de pretemporada tras cirug\u00eda de hombro","author":"Nelson Feliz","date":"28 de febrero de 2025","format":false,"excerpt":"POR DAVID BRANDT GLENDALE, Arizona, EE.UU. (AP) \u2014 Shohei Ohtani, el toletero de los Dodgers de Los \u00c1ngeles, conect\u00f3 un jonr\u00f3n solitario el viernes, en su primera aparici\u00f3n al bate en la pretemporada, tras someterse a una cirug\u00eda de hombro en el receso. Como primer bate, Ohtani lleg\u00f3 hasta la\u2026","rel":"","context":"En \u00abDEPORTES\u00bb","block_context":{"text":"DEPORTES","link":"https:\/\/lasprimeras.com.do\/index.php\/category\/deportes\/"},"img":{"alt_text":"","src":"https:\/\/i0.wp.com\/lasprimeras.com.do\/wp-content\/uploads\/2025\/02\/Shohei-Ohtani.jpg?resize=350%2C200&ssl=1","width":350,"height":200,"srcset":"https:\/\/i0.wp.com\/lasprimeras.com.do\/wp-content\/uploads\/2025\/02\/Shohei-Ohtani.jpg?resize=350%2C200&ssl=1 1x, https:\/\/i0.wp.com\/lasprimeras.com.do\/wp-content\/uploads\/2025\/02\/Shohei-Ohtani.jpg?resize=525%2C300&ssl=1 1.5x, https:\/\/i0.wp.com\/lasprimeras.com.do\/wp-content\/uploads\/2025\/02\/Shohei-Ohtani.jpg?resize=700%2C400&ssl=1 2x"},"classes":[]},{"id":102615,"url":"https:\/\/lasprimeras.com.do\/index.php\/2025\/07\/07\/derecho-de-padres-yu-darvish-debutara-esta-temporada-el-lunes-por-la-noche-ante-arizona\/","url_meta":{"origin":62350,"position":5},"title":"Derecho de Padres Yu Darvish debutar\u00e1 esta temporada el lunes por la noche ante Arizona","author":"Nelson Feliz","date":"7 de julio de 2025","format":false,"excerpt":"SAN DIEGO (AP) \u2014 El lanzador derecho de los Padres de San Diego, Yu Darvish, ser\u00e1 activado de la lista de lesionados y har\u00e1 su debut en la temporada el lunes por la noche en casa contra los Diamondbacks de Arizona. La estrella japonesa ha estado fuera del diamante desde\u2026","rel":"","context":"En \u00abDEPORTES\u00bb","block_context":{"text":"DEPORTES","link":"https:\/\/lasprimeras.com.do\/index.php\/category\/deportes\/"},"img":{"alt_text":"","src":"https:\/\/i0.wp.com\/lasprimeras.com.do\/wp-content\/uploads\/2025\/07\/Yu-Darvish.jpg?resize=350%2C200&ssl=1","width":350,"height":200,"srcset":"https:\/\/i0.wp.com\/lasprimeras.com.do\/wp-content\/uploads\/2025\/07\/Yu-Darvish.jpg?resize=350%2C200&ssl=1 1x, https:\/\/i0.wp.com\/lasprimeras.com.do\/wp-content\/uploads\/2025\/07\/Yu-Darvish.jpg?resize=525%2C300&ssl=1 1.5x, https:\/\/i0.wp.com\/lasprimeras.com.do\/wp-content\/uploads\/2025\/07\/Yu-Darvish.jpg?resize=700%2C400&ssl=1 2x"},"classes":[]}],"jetpack_sharing_enabled":true,"_links":{"self":[{"href":"https:\/\/lasprimeras.com.do\/index.php\/wp-json\/wp\/v2\/posts\/62350","targetHints":{"allow":["GET"]}}],"collection":[{"href":"https:\/\/lasprimeras.com.do\/index.php\/wp-json\/wp\/v2\/posts"}],"about":[{"href":"https:\/\/lasprimeras.com.do\/index.php\/wp-json\/wp\/v2\/types\/post"}],"author":[{"embeddable":true,"href":"https:\/\/lasprimeras.com.do\/index.php\/wp-json\/wp\/v2\/users\/3"}],"replies":[{"embeddable":true,"href":"https:\/\/lasprimeras.com.do\/index.php\/wp-json\/wp\/v2\/comments?post=62350"}],"version-history":[{"count":1,"href":"https:\/\/lasprimeras.com.do\/index.php\/wp-json\/wp\/v2\/posts\/62350\/revisions"}],"predecessor-version":[{"id":62352,"href":"https:\/\/lasprimeras.com.do\/index.php\/wp-json\/wp\/v2\/posts\/62350\/revisions\/62352"}],"wp:featuredmedia":[{"embeddable":true,"href":"https:\/\/lasprimeras.com.do\/index.php\/wp-json\/wp\/v2\/media\/62351"}],"wp:attachment":[{"href":"https:\/\/lasprimeras.com.do\/index.php\/wp-json\/wp\/v2\/media?parent=62350"}],"wp:term":[{"taxonomy":"category","embeddable":true,"href":"https:\/\/lasprimeras.com.do\/index.php\/wp-json\/wp\/v2\/categories?post=62350"},{"taxonomy":"post_tag","embeddable":true,"href":"https:\/\/lasprimeras.com.do\/index.php\/wp-json\/wp\/v2\/tags?post=62350"}],"curies":[{"name":"wp","href":"https:\/\/api.w.org\/{rel}","templated":true}]}}