{"id":62356,"date":"2023-10-04T14:42:26","date_gmt":"2023-10-04T18:42:26","guid":{"rendered":"https:\/\/lasprimeras.com.do\/?p=62356"},"modified":"2023-10-04T14:42:28","modified_gmt":"2023-10-04T18:42:28","slug":"destacan-importancia-mantener-flexibilidad-regulacion-monetaria","status":"publish","type":"post","link":"https:\/\/lasprimeras.com.do\/index.php\/2023\/10\/04\/destacan-importancia-mantener-flexibilidad-regulacion-monetaria\/","title":{"rendered":"Destacan importancia mantener flexibilidad regulaci\u00f3n monetaria"},"content":{"rendered":"\n<p>SANTO DOMINGO, Rep\u00fablica Dominicana.- El marco regulatorio monetario y financiero debe estar en un continuo proceso de evoluci\u00f3n que le permita adaptarse a las nuevas realidades que plantea el mercado con las nuevas tecnolog\u00edas, actores y formas de captar recursos.<\/p>\n\n\n\n<p>En ello coincidieron juristas y acad\u00e9micos locales e internacionales participantes en II Congreso Acad\u00e9mico Internacional sobre Derecho de la Regulaci\u00f3n Monetaria y Financiera celebrado en el auditorio de la Universidad Iberoamericana (Unibe) y organizado por la Superintendencia de Bancos (SB).<\/p>\n\n\n\n<p>En la actividad, se destac\u00f3 que el pa\u00eds avanza en la elaboraci\u00f3n de una propuesta de modificaci\u00f3n de la ley de protecci\u00f3n de datos, tomando como referencia el modelo espa\u00f1ol, y se trabaja en la revisi\u00f3n de instructivos que permitan la dinamizaci\u00f3n de la inclusi\u00f3n e innovaci\u00f3n financiera.<\/p>\n\n\n\n<p>Otro ejemplo de la adaptaci\u00f3n normativa frente a las circunstancias del mercado fue la emisi\u00f3n de circulares que permitieran dictar las reglas para la aplicaci\u00f3n de las pr\u00f3rrogas de pagos en el per\u00edodo de confinamiento por la pandemia de COVID-19.<\/p>\n\n\n\n<p>CAPACIDAD DE RESPUESTAS<\/p>\n\n\n\n<p>Para \u00c1lvaro Atencia, delegado para funciones jurisdiccionales de la Superintendencia Financiera de Colombia, las normativas de cada pa\u00eds deben ser concebidas para brindar la mayor variedad de respuestas a los diferentes desaf\u00edos que se presenten.<\/p>\n\n\n\n<p>\u201cEn el derecho financiero es importante conocer si es reactivo a los ciclos econ\u00f3micos que distintos pa\u00edses viven en su momento\u201d, dijo.<\/p>\n\n\n\n<p>El superintendente de Bancos, Alejandro Fern\u00e1ndez W, resalt\u00f3 la necesidad de analizar c\u00f3mo el sector financiero dominicano ha evolucionado y se ha adoptado las actuales pr\u00e1cticas y normativas.<\/p>\n\n\n\n<p>\u201cPara nosotros, este evento acoge un sentimiento muy especial, en tanto que se ha consolidado desde su primera edici\u00f3n, el a\u00f1o pasado, como un hito relevante en la promoci\u00f3n del conocimiento dentro de la comunidad jur\u00eddica, el sector financiero y la sociedad en general\u201d, dijo.<\/p>\n\n\n\n<p>El congreso participaci\u00f3n adem\u00e1s Omar E. Victoria, socio director de la firma OV; Magno Condori Mollehuara, intendente de Supervisi\u00f3n de Sistemas de Informaci\u00f3n y Tecnolog\u00eda en la Superintendencia de Banca, Seguros y AFP del Per\u00fa, entre otras.<\/p>\n","protected":false},"excerpt":{"rendered":"<p>SANTO DOMINGO, Rep\u00fablica Dominicana.- El marco regulatorio monetario y financiero debe estar en un continuo proceso de evoluci\u00f3n que le permita adaptarse a las nuevas realidades que plantea el mercado&hellip;<\/p>\n","protected":false},"author":3,"featured_media":62357,"comment_status":"open","ping_status":"open","sticky":false,"template":"","format":"standard","meta":{"content-type":"","jetpack_post_was_ever_published":false,"_jetpack_newsletter_access":"","_jetpack_dont_email_post_to_subs":false,"_jetpack_newsletter_tier_id":0,"_jetpack_memberships_contains_paywalled_content":false,"_jetpack_memberships_contains_paid_content":false,"footnotes":""},"categories":[39],"tags":[],"class_list":["post-62356","post","type-post","status-publish","format-standard","has-post-thumbnail","hentry","category-economia"],"jetpack_featured_media_url":"https:\/\/lasprimeras.com.do\/wp-content\/uploads\/2023\/10\/WhatsApp-Image-2023-10-04-at-7.55.08-AM-5.jpeg","jetpack-related-posts":[{"id":68824,"url":"https:\/\/lasprimeras.com.do\/index.php\/2023\/11\/28\/junta-monetaria-aprueba-facilidad-de-liquidez-rapida-por-rd25000-millones\/","url_meta":{"origin":62356,"position":0},"title":"Junta Monetaria aprueba facilidad de liquidez r\u00e1pida por RD$25,000 millones","author":"Nelson Feliz","date":"28 de noviembre de 2023","format":false,"excerpt":"El gobernador del Banco Central de la Rep\u00fablica Dominicana (BCRD), H\u00e9ctor Valdez Albizu, inform\u00f3 que la Junta Monetaria (JM) autoriz\u00f3 la implementaci\u00f3n de una nueva facilidad de liquidez r\u00e1pida por un monto de RD$25 mil millones, con el objetivo de propiciar condiciones financieras favorables para la recuperaci\u00f3n econ\u00f3mica y apoyar\u2026","rel":"","context":"En \u00abECONOM\u00cdA\u00bb","block_context":{"text":"ECONOM\u00cdA","link":"https:\/\/lasprimeras.com.do\/index.php\/category\/economia\/"},"img":{"alt_text":"Banco Central","src":"https:\/\/i0.wp.com\/lasprimeras.com.do\/wp-content\/uploads\/2023\/08\/Banco-Central.jpg?resize=350%2C200&ssl=1","width":350,"height":200,"srcset":"https:\/\/i0.wp.com\/lasprimeras.com.do\/wp-content\/uploads\/2023\/08\/Banco-Central.jpg?resize=350%2C200&ssl=1 1x, https:\/\/i0.wp.com\/lasprimeras.com.do\/wp-content\/uploads\/2023\/08\/Banco-Central.jpg?resize=525%2C300&ssl=1 1.5x"},"classes":[]},{"id":108559,"url":"https:\/\/lasprimeras.com.do\/index.php\/2025\/09\/08\/haivanjoe-ng-cortinas-gobierno-metio-al-pais-en-una-trampa-monetaria\/","url_meta":{"origin":62356,"position":1},"title":"Haivanjoe Ng Corti\u00f1as: \u201cGobierno meti\u00f3 al pa\u00eds en una trampa monetaria\u201d","author":"Nelson Feliz","date":"8 de septiembre de 2025","format":false,"excerpt":"El economista y exsuperintendente de Bancos, Haivanjoe Ng Corti\u00f1as, advirti\u00f3 este lunes que la Rep\u00fablica Dominicana atraviesa una \u201ctrampa monetaria\u201d, al se\u00f1alar que las medidas del Banco Central han perdido eficacia para impactar en la econom\u00eda real. \u201cEl Banco Central est\u00e1 atrapado en lo que la teor\u00eda econ\u00f3mica denomina una\u2026","rel":"","context":"En \u00abECONOM\u00cdA\u00bb","block_context":{"text":"ECONOM\u00cdA","link":"https:\/\/lasprimeras.com.do\/index.php\/category\/economia\/"},"img":{"alt_text":"","src":"https:\/\/i0.wp.com\/lasprimeras.com.do\/wp-content\/uploads\/2025\/09\/Haivanjoe-Ng-Cortinas.jpg?resize=350%2C200&ssl=1","width":350,"height":200,"srcset":"https:\/\/i0.wp.com\/lasprimeras.com.do\/wp-content\/uploads\/2025\/09\/Haivanjoe-Ng-Cortinas.jpg?resize=350%2C200&ssl=1 1x, https:\/\/i0.wp.com\/lasprimeras.com.do\/wp-content\/uploads\/2025\/09\/Haivanjoe-Ng-Cortinas.jpg?resize=525%2C300&ssl=1 1.5x, https:\/\/i0.wp.com\/lasprimeras.com.do\/wp-content\/uploads\/2025\/09\/Haivanjoe-Ng-Cortinas.jpg?resize=700%2C400&ssl=1 2x"},"classes":[]},{"id":84189,"url":"https:\/\/lasprimeras.com.do\/index.php\/2024\/06\/03\/banco-central-mantiene-su-tasa-de-politica-monetaria-en-7-00-anual\/","url_meta":{"origin":62356,"position":2},"title":"Banco Central mantiene su tasa de pol\u00edtica monetaria en 7.00 % anual","author":"Nelson Feliz","date":"3 de junio de 2024","format":false,"excerpt":"El Banco Central de la Rep\u00fablica Dominicana (BCRD), en su reuni\u00f3n de pol\u00edtica monetaria de mayo de 2024, decidi\u00f3 mantener su tasa de inter\u00e9s de pol\u00edtica monetaria (TPM) en 7.00 % anual. Asimismo, la tasa de la facilidad permanente de expansi\u00f3n de liquidez (Repos a 1 d\u00eda) permanece en 7.50\u2026","rel":"","context":"En \u00abECONOM\u00cdA\u00bb","block_context":{"text":"ECONOM\u00cdA","link":"https:\/\/lasprimeras.com.do\/index.php\/category\/economia\/"},"img":{"alt_text":"Banco Central","src":"https:\/\/i0.wp.com\/lasprimeras.com.do\/wp-content\/uploads\/2023\/08\/Banco-Central.jpg?resize=350%2C200&ssl=1","width":350,"height":200,"srcset":"https:\/\/i0.wp.com\/lasprimeras.com.do\/wp-content\/uploads\/2023\/08\/Banco-Central.jpg?resize=350%2C200&ssl=1 1x, https:\/\/i0.wp.com\/lasprimeras.com.do\/wp-content\/uploads\/2023\/08\/Banco-Central.jpg?resize=525%2C300&ssl=1 1.5x"},"classes":[]},{"id":108937,"url":"https:\/\/lasprimeras.com.do\/index.php\/2025\/09\/11\/junta-monetaria-aprueba-medidas-para-mayor-control-del-mercado-cambiario\/","url_meta":{"origin":62356,"position":3},"title":"Junta Monetaria aprueba medidas para mayor control del mercado cambiario","author":"Nelson Feliz","date":"11 de septiembre de 2025","format":false,"excerpt":"Dispone que todas las operaciones de compra y venta de divisas superiores a 10,000 d\u00f3lares o 10,000 euros se reporten a plataforma del Banco Central. La Junta Monetaria aprob\u00f3 este jueves modificaciones al Reglamento Cambiario, con el objetivo de fortalecer la supervisi\u00f3n, aumentar la transparencia y garantizar una mejor ejecuci\u00f3n\u2026","rel":"","context":"En \u00abECONOM\u00cdA\u00bb","block_context":{"text":"ECONOM\u00cdA","link":"https:\/\/lasprimeras.com.do\/index.php\/category\/economia\/"},"img":{"alt_text":"","src":"https:\/\/i0.wp.com\/lasprimeras.com.do\/wp-content\/uploads\/2025\/09\/CAMBIO.jpg?resize=350%2C200&ssl=1","width":350,"height":200,"srcset":"https:\/\/i0.wp.com\/lasprimeras.com.do\/wp-content\/uploads\/2025\/09\/CAMBIO.jpg?resize=350%2C200&ssl=1 1x, https:\/\/i0.wp.com\/lasprimeras.com.do\/wp-content\/uploads\/2025\/09\/CAMBIO.jpg?resize=525%2C300&ssl=1 1.5x, https:\/\/i0.wp.com\/lasprimeras.com.do\/wp-content\/uploads\/2025\/09\/CAMBIO.jpg?resize=700%2C400&ssl=1 2x"},"classes":[]},{"id":49196,"url":"https:\/\/lasprimeras.com.do\/index.php\/2023\/05\/09\/fmi-considera-que-la-economia-dominicana-fue-la-mas-dinamica-en-america-latina\/","url_meta":{"origin":62356,"position":4},"title":"FMI considera que la econom\u00eda dominicana fue la m\u00e1s din\u00e1mica en Am\u00e9rica Latina","author":"prenxa100","date":"9 de mayo de 2023","format":false,"excerpt":"Santo Domingo.-. Una misi\u00f3n del Fondo Monetario Internacional (FMI) consider\u00f3 que la econom\u00eda dominicana fue la m\u00e1s \u00abdin\u00e1mica\u00bb y \u00abresiliente\u00bb de las \u00faltimas dos d\u00e9cadas en Am\u00e9rica Latina, gracias a su buena implementaci\u00f3n de pol\u00edtica monetaria, un sistema financiero robusto y unos s\u00f3lidos fundamentos macroecon\u00f3micos. Seg\u00fan un comunicado emitido por\u2026","rel":"","context":"En \u00abECONOM\u00cdA\u00bb","block_context":{"text":"ECONOM\u00cdA","link":"https:\/\/lasprimeras.com.do\/index.php\/category\/economia\/"},"img":{"alt_text":"","src":"","width":0,"height":0},"classes":[]},{"id":101157,"url":"https:\/\/lasprimeras.com.do\/index.php\/2025\/06\/17\/junta-monetaria-autoriza-al-bc-liberar-rd81-mm-del-encaje-legal\/","url_meta":{"origin":62356,"position":5},"title":"Junta Monetaria autoriza al BC liberar RD$50 MM del encaje legal","author":"Nelson Feliz","date":"17 de junio de 2025","format":false,"excerpt":"Junta Monetaria autoriza un programa de provisi\u00f3n de liquidez de RD$81 MM para propiciar condiciones monetarias favorables y contribuir al dinamismo de la actividad econ\u00f3mica. En su sesi\u00f3n del 13 de junio de 2025, la Junta Monetaria (JM) autoriz\u00f3 al Banco Central de la Rep\u00fablica Dominicana (BCRD) a liberar recursos\u2026","rel":"","context":"En \u00abECONOM\u00cdA\u00bb","block_context":{"text":"ECONOM\u00cdA","link":"https:\/\/lasprimeras.com.do\/index.php\/category\/economia\/"},"img":{"alt_text":"Banco Central","src":"https:\/\/i0.wp.com\/lasprimeras.com.do\/wp-content\/uploads\/2025\/06\/Banco-Central.jpg?resize=350%2C200&ssl=1","width":350,"height":200,"srcset":"https:\/\/i0.wp.com\/lasprimeras.com.do\/wp-content\/uploads\/2025\/06\/Banco-Central.jpg?resize=350%2C200&ssl=1 1x, https:\/\/i0.wp.com\/lasprimeras.com.do\/wp-content\/uploads\/2025\/06\/Banco-Central.jpg?resize=525%2C300&ssl=1 1.5x, https:\/\/i0.wp.com\/lasprimeras.com.do\/wp-content\/uploads\/2025\/06\/Banco-Central.jpg?resize=700%2C400&ssl=1 2x"},"classes":[]}],"jetpack_sharing_enabled":true,"_links":{"self":[{"href":"https:\/\/lasprimeras.com.do\/index.php\/wp-json\/wp\/v2\/posts\/62356","targetHints":{"allow":["GET"]}}],"collection":[{"href":"https:\/\/lasprimeras.com.do\/index.php\/wp-json\/wp\/v2\/posts"}],"about":[{"href":"https:\/\/lasprimeras.com.do\/index.php\/wp-json\/wp\/v2\/types\/post"}],"author":[{"embeddable":true,"href":"https:\/\/lasprimeras.com.do\/index.php\/wp-json\/wp\/v2\/users\/3"}],"replies":[{"embeddable":true,"href":"https:\/\/lasprimeras.com.do\/index.php\/wp-json\/wp\/v2\/comments?post=62356"}],"version-history":[{"count":1,"href":"https:\/\/lasprimeras.com.do\/index.php\/wp-json\/wp\/v2\/posts\/62356\/revisions"}],"predecessor-version":[{"id":62358,"href":"https:\/\/lasprimeras.com.do\/index.php\/wp-json\/wp\/v2\/posts\/62356\/revisions\/62358"}],"wp:featuredmedia":[{"embeddable":true,"href":"https:\/\/lasprimeras.com.do\/index.php\/wp-json\/wp\/v2\/media\/62357"}],"wp:attachment":[{"href":"https:\/\/lasprimeras.com.do\/index.php\/wp-json\/wp\/v2\/media?parent=62356"}],"wp:term":[{"taxonomy":"category","embeddable":true,"href":"https:\/\/lasprimeras.com.do\/index.php\/wp-json\/wp\/v2\/categories?post=62356"},{"taxonomy":"post_tag","embeddable":true,"href":"https:\/\/lasprimeras.com.do\/index.php\/wp-json\/wp\/v2\/tags?post=62356"}],"curies":[{"name":"wp","href":"https:\/\/api.w.org\/{rel}","templated":true}]}}