{"id":62365,"date":"2023-10-04T14:49:00","date_gmt":"2023-10-04T18:49:00","guid":{"rendered":"https:\/\/lasprimeras.com.do\/?p=62365"},"modified":"2023-10-04T14:49:01","modified_gmt":"2023-10-04T18:49:01","slug":"presidente-de-jce-afirma-se-debe-impulsar-la-celebracion-de-debates-electorales","status":"publish","type":"post","link":"https:\/\/lasprimeras.com.do\/index.php\/2023\/10\/04\/presidente-de-jce-afirma-se-debe-impulsar-la-celebracion-de-debates-electorales\/","title":{"rendered":"Presidente de JCE afirma se debe impulsar la celebraci\u00f3n de debates electorales"},"content":{"rendered":"\n<p>Santo Domingo.-El presidente de la Junta Central Electoral (JCE), Rom\u00e1n Jaquez Liranzo, expuso este mi\u00e9rcoles la importancia de la celebraci\u00f3n de los debates electorales en la promoci\u00f3n de la transparencia de procesos y la difusi\u00f3n de informaci\u00f3n sobre las propuestas de candidatos.<\/p>\n\n\n\n<p>Explic\u00f3 que los debates ofrecen una plataforma p\u00fablica donde los candidatos tienen la oportunidad de presentar sus ideas y planes de acci\u00f3n lo que permite a los electores tener una mejor compresi\u00f3n sobre los aspirantes.<\/p>\n\n\n\n<p>&#8220;Los debates fomentan la transparencia al exponer a las candidaturas a un escrutinio p\u00fablico en tiempo real y donde estos deben responder preguntas dif\u00edciles y enfrentar cr\u00edticas lo que ayuda a los electores a evaluar su capacidad y su idoneidad para el cargo; la transparencia se logra al permitir que la ciudadan\u00eda vea como las candidaturas responden a desaf\u00edos y cuestionamientos lo que contribuye a una toma de decisiones m\u00e1s informadas&#8221;, expuso.<\/p>\n","protected":false},"excerpt":{"rendered":"<p>Santo Domingo.-El presidente de la Junta Central Electoral (JCE), Rom\u00e1n Jaquez Liranzo, expuso este mi\u00e9rcoles la importancia de la celebraci\u00f3n de los debates electorales en la promoci\u00f3n de la transparencia&hellip;<\/p>\n","protected":false},"author":3,"featured_media":62366,"comment_status":"open","ping_status":"open","sticky":false,"template":"","format":"standard","meta":{"content-type":"","jetpack_post_was_ever_published":false,"_jetpack_newsletter_access":"","_jetpack_dont_email_post_to_subs":false,"_jetpack_newsletter_tier_id":0,"_jetpack_memberships_contains_paywalled_content":false,"_jetpack_memberships_contains_paid_content":false,"footnotes":""},"categories":[1],"tags":[],"class_list":["post-62365","post","type-post","status-publish","format-standard","has-post-thumbnail","hentry","category-sin-categoria"],"jetpack_featured_media_url":"https:\/\/lasprimeras.com.do\/wp-content\/uploads\/2023\/10\/WhatsApp-Image-2023-10-04-at-7.55.08-AM-8.jpeg","jetpack-related-posts":[{"id":74047,"url":"https:\/\/lasprimeras.com.do\/index.php\/2024\/01\/18\/jce-respalda-preparativos-de-la-anje-para-debates-de-candidatos\/","url_meta":{"origin":62365,"position":0},"title":"JCE respalda preparativos de la ANJE para debates de candidatos","author":"BIMARY DE JES\u00daS Matos","date":"18 de enero de 2024","format":false,"excerpt":"SANTO DOMINGO. \u2013 La Asociaci\u00f3n Nacional de J\u00f3venes Empresarios (ANJE) recibi\u00f3 el respaldo de la Junta Central Electoral (JCE) durante una visita al presidente de esta instituci\u00f3n, en la cual se discuti\u00f3 la colaboraci\u00f3n para la realizaci\u00f3n de debates electorales de cara a los comicios de 2024. El presidente de\u2026","rel":"","context":"En \u00abSin categor\u00eda\u00bb","block_context":{"text":"Sin categor\u00eda","link":"https:\/\/lasprimeras.com.do\/index.php\/category\/sin-categoria\/"},"img":{"alt_text":"","src":"https:\/\/i0.wp.com\/lasprimeras.com.do\/wp-content\/uploads\/2024\/01\/Presidente-Abinader-entrega-3100-titulos-de-propiedad-a-residentes-del-Tamarindo-primero-2.jpg?resize=350%2C200&ssl=1","width":350,"height":200,"srcset":"https:\/\/i0.wp.com\/lasprimeras.com.do\/wp-content\/uploads\/2024\/01\/Presidente-Abinader-entrega-3100-titulos-de-propiedad-a-residentes-del-Tamarindo-primero-2.jpg?resize=350%2C200&ssl=1 1x, https:\/\/i0.wp.com\/lasprimeras.com.do\/wp-content\/uploads\/2024\/01\/Presidente-Abinader-entrega-3100-titulos-de-propiedad-a-residentes-del-Tamarindo-primero-2.jpg?resize=525%2C300&ssl=1 1.5x"},"classes":[]},{"id":74562,"url":"https:\/\/lasprimeras.com.do\/index.php\/2024\/01\/24\/rtvd-transmitira-debates-electorales-junto-a-el-nuevo-diario-y-rcc-media\/","url_meta":{"origin":62365,"position":1},"title":"RTVD transmitir\u00e1 debates electorales junto a El Nuevo Diario y RCC Media","author":"Nelson Feliz","date":"24 de enero de 2024","format":false,"excerpt":"Radio Televisi\u00f3n Dominicana (RTVD) anunci\u00f3 su integraci\u00f3n para la transmisi\u00f3n de los debates electorales con miras a las elecciones municipales de febrero pr\u00f3ximo que junto a la plataforma de El Nuevo Diario y de RCC Media con una iniciativa del Consejo de Desarrollo Econ\u00f3mico y Social de Santo Domingo (Codessd).\u2026","rel":"","context":"En \u00abNACIONALES\u00bb","block_context":{"text":"NACIONALES","link":"https:\/\/lasprimeras.com.do\/index.php\/category\/nacionales\/"},"img":{"alt_text":"CODESSD Y RTVD","src":"https:\/\/i0.wp.com\/lasprimeras.com.do\/wp-content\/uploads\/2024\/01\/CODESSD-Y-RTVD.jpg?resize=350%2C200&ssl=1","width":350,"height":200,"srcset":"https:\/\/i0.wp.com\/lasprimeras.com.do\/wp-content\/uploads\/2024\/01\/CODESSD-Y-RTVD.jpg?resize=350%2C200&ssl=1 1x, https:\/\/i0.wp.com\/lasprimeras.com.do\/wp-content\/uploads\/2024\/01\/CODESSD-Y-RTVD.jpg?resize=525%2C300&ssl=1 1.5x, https:\/\/i0.wp.com\/lasprimeras.com.do\/wp-content\/uploads\/2024\/01\/CODESSD-Y-RTVD.jpg?resize=700%2C400&ssl=1 2x"},"classes":[]},{"id":60904,"url":"https:\/\/lasprimeras.com.do\/index.php\/2023\/09\/19\/codessd-traza-ruta-de-los-debates-electorales-en-rd-con-partidos-politicos\/","url_meta":{"origin":62365,"position":2},"title":"CODESSD traza ruta de los debates electorales en RD con partidos pol\u00edticos","author":"Nelson Feliz","date":"19 de septiembre de 2023","format":false,"excerpt":"El Consejo de Desarrollo Econ\u00f3mico y Social de Santo Domingo (CODESSD) defini\u00f3 junto a uno de los principales especialistas en debate internacionales y a los principales partidos pol\u00edticos las acciones a corto plazo, as\u00ed como los beneficios de la institucionalizaci\u00f3n del debate en Rep\u00fablica Dominicana. Durante la celebraci\u00f3n del panel\u2026","rel":"","context":"En \u00abNACIONALES\u00bb","block_context":{"text":"NACIONALES","link":"https:\/\/lasprimeras.com.do\/index.php\/category\/nacionales\/"},"img":{"alt_text":"","src":"https:\/\/i0.wp.com\/lasprimeras.com.do\/wp-content\/uploads\/2023\/09\/Panelistas-y-moderador-.jpg?resize=350%2C200&ssl=1","width":350,"height":200,"srcset":"https:\/\/i0.wp.com\/lasprimeras.com.do\/wp-content\/uploads\/2023\/09\/Panelistas-y-moderador-.jpg?resize=350%2C200&ssl=1 1x, https:\/\/i0.wp.com\/lasprimeras.com.do\/wp-content\/uploads\/2023\/09\/Panelistas-y-moderador-.jpg?resize=525%2C300&ssl=1 1.5x, https:\/\/i0.wp.com\/lasprimeras.com.do\/wp-content\/uploads\/2023\/09\/Panelistas-y-moderador-.jpg?resize=700%2C400&ssl=1 2x"},"classes":[]},{"id":79014,"url":"https:\/\/lasprimeras.com.do\/index.php\/2024\/03\/22\/camara-de-comercio-la-vega-promueve-debate-electoral-con-candidatos-a-cargos-electivos\/","url_meta":{"origin":62365,"position":3},"title":"C\u00e1mara de Comercio La Vega promueve debate electoral con candidatos a cargos electivos","author":"BIMARY DE JES\u00daS Matos","date":"22 de marzo de 2024","format":false,"excerpt":"LA VEGA. La C\u00e1mara de Comercio y Producci\u00f3n de La Vega realizar\u00e1 La Vega Debate, un escenario para que los candidatos a diputados y senadores de la provincia, presenten y analicen sus propuestas, en una sana y constructiva discusi\u00f3n sobre los principales temas de inter\u00e9s y aspectos legislativos de la\u2026","rel":"","context":"En \u00abNACIONALES\u00bb","block_context":{"text":"NACIONALES","link":"https:\/\/lasprimeras.com.do\/index.php\/category\/nacionales\/"},"img":{"alt_text":"","src":"https:\/\/i0.wp.com\/lasprimeras.com.do\/wp-content\/uploads\/2024\/03\/Camara-de-Comercio-Debate.jpg?resize=350%2C200&ssl=1","width":350,"height":200,"srcset":"https:\/\/i0.wp.com\/lasprimeras.com.do\/wp-content\/uploads\/2024\/03\/Camara-de-Comercio-Debate.jpg?resize=350%2C200&ssl=1 1x, https:\/\/i0.wp.com\/lasprimeras.com.do\/wp-content\/uploads\/2024\/03\/Camara-de-Comercio-Debate.jpg?resize=525%2C300&ssl=1 1.5x, https:\/\/i0.wp.com\/lasprimeras.com.do\/wp-content\/uploads\/2024\/03\/Camara-de-Comercio-Debate.jpg?resize=700%2C400&ssl=1 2x, https:\/\/i0.wp.com\/lasprimeras.com.do\/wp-content\/uploads\/2024\/03\/Camara-de-Comercio-Debate.jpg?resize=1050%2C600&ssl=1 3x"},"classes":[]},{"id":123935,"url":"https:\/\/lasprimeras.com.do\/index.php\/2026\/03\/06\/jce-fija-reglas-para-reconocer-nuevos-partidos-politicos\/","url_meta":{"origin":62365,"position":4},"title":"JCE fija reglas para reconocer nuevos partidos pol\u00edticos","author":"Nelson Feliz","date":"6 de marzo de 2026","format":false,"excerpt":"El Pleno de la Junta Central Electoral (JCE) dict\u00f3 formalmente el Reglamento que establece el procedimiento para el reconocimiento de partidos, agrupaciones y movimientos pol\u00edticos, con el objetivo de dotar de mayor transparencia y rigor jur\u00eddico al proceso de formaci\u00f3n de nuevas entidades pol\u00edticas en la Rep\u00fablica Dominicana. Esta nueva\u2026","rel":"","context":"En \u00abNACIONALES\u00bb","block_context":{"text":"NACIONALES","link":"https:\/\/lasprimeras.com.do\/index.php\/category\/nacionales\/"},"img":{"alt_text":"","src":"https:\/\/i0.wp.com\/lasprimeras.com.do\/wp-content\/uploads\/2025\/10\/JCE-1.jpg?resize=350%2C200&ssl=1","width":350,"height":200,"srcset":"https:\/\/i0.wp.com\/lasprimeras.com.do\/wp-content\/uploads\/2025\/10\/JCE-1.jpg?resize=350%2C200&ssl=1 1x, https:\/\/i0.wp.com\/lasprimeras.com.do\/wp-content\/uploads\/2025\/10\/JCE-1.jpg?resize=525%2C300&ssl=1 1.5x, https:\/\/i0.wp.com\/lasprimeras.com.do\/wp-content\/uploads\/2025\/10\/JCE-1.jpg?resize=700%2C400&ssl=1 2x"},"classes":[]},{"id":78948,"url":"https:\/\/lasprimeras.com.do\/index.php\/2024\/03\/21\/debates-de-luis-y-leonel\/","url_meta":{"origin":62365,"position":5},"title":"Debates de Luis y Leonel","author":"Nelson Feliz","date":"21 de marzo de 2024","format":false,"excerpt":"Danilo Cruz Pichardodanilocruzpichardo@gmail.com La Asociaci\u00f3n Nacional de J\u00f3venes Empresarios (ANJE) tiene programado un debate presidencial para el 24 de abril, con miras al proceso nacional a celebrarse el 19 de mayo. En principio la invitaci\u00f3n al evento se les formul\u00f3 a Luis Abinader, Abel Mart\u00ednez, Leonel Fer\u00e1ndez y Miguel Vargas\u2026","rel":"","context":"En \u00abOPINI\u00d3N\u00bb","block_context":{"text":"OPINI\u00d3N","link":"https:\/\/lasprimeras.com.do\/index.php\/category\/opinion\/"},"img":{"alt_text":"Debates de Luis y Leonel","src":"https:\/\/i0.wp.com\/lasprimeras.com.do\/wp-content\/uploads\/2024\/03\/Debates-de-Luis-y-Leonel.jpg?resize=350%2C200&ssl=1","width":350,"height":200,"srcset":"https:\/\/i0.wp.com\/lasprimeras.com.do\/wp-content\/uploads\/2024\/03\/Debates-de-Luis-y-Leonel.jpg?resize=350%2C200&ssl=1 1x, https:\/\/i0.wp.com\/lasprimeras.com.do\/wp-content\/uploads\/2024\/03\/Debates-de-Luis-y-Leonel.jpg?resize=525%2C300&ssl=1 1.5x, https:\/\/i0.wp.com\/lasprimeras.com.do\/wp-content\/uploads\/2024\/03\/Debates-de-Luis-y-Leonel.jpg?resize=700%2C400&ssl=1 2x"},"classes":[]}],"jetpack_sharing_enabled":true,"_links":{"self":[{"href":"https:\/\/lasprimeras.com.do\/index.php\/wp-json\/wp\/v2\/posts\/62365","targetHints":{"allow":["GET"]}}],"collection":[{"href":"https:\/\/lasprimeras.com.do\/index.php\/wp-json\/wp\/v2\/posts"}],"about":[{"href":"https:\/\/lasprimeras.com.do\/index.php\/wp-json\/wp\/v2\/types\/post"}],"author":[{"embeddable":true,"href":"https:\/\/lasprimeras.com.do\/index.php\/wp-json\/wp\/v2\/users\/3"}],"replies":[{"embeddable":true,"href":"https:\/\/lasprimeras.com.do\/index.php\/wp-json\/wp\/v2\/comments?post=62365"}],"version-history":[{"count":1,"href":"https:\/\/lasprimeras.com.do\/index.php\/wp-json\/wp\/v2\/posts\/62365\/revisions"}],"predecessor-version":[{"id":62367,"href":"https:\/\/lasprimeras.com.do\/index.php\/wp-json\/wp\/v2\/posts\/62365\/revisions\/62367"}],"wp:featuredmedia":[{"embeddable":true,"href":"https:\/\/lasprimeras.com.do\/index.php\/wp-json\/wp\/v2\/media\/62366"}],"wp:attachment":[{"href":"https:\/\/lasprimeras.com.do\/index.php\/wp-json\/wp\/v2\/media?parent=62365"}],"wp:term":[{"taxonomy":"category","embeddable":true,"href":"https:\/\/lasprimeras.com.do\/index.php\/wp-json\/wp\/v2\/categories?post=62365"},{"taxonomy":"post_tag","embeddable":true,"href":"https:\/\/lasprimeras.com.do\/index.php\/wp-json\/wp\/v2\/tags?post=62365"}],"curies":[{"name":"wp","href":"https:\/\/api.w.org\/{rel}","templated":true}]}}