{"id":62374,"date":"2023-10-04T15:01:31","date_gmt":"2023-10-04T19:01:31","guid":{"rendered":"https:\/\/lasprimeras.com.do\/?p=62374"},"modified":"2023-10-04T15:01:33","modified_gmt":"2023-10-04T19:01:33","slug":"alcalde-de-los-alcarrizos-se-va-del-prm-renuncio-porque-no-naci-para-lamberle-a-ningun-hombre","status":"publish","type":"post","link":"https:\/\/lasprimeras.com.do\/index.php\/2023\/10\/04\/alcalde-de-los-alcarrizos-se-va-del-prm-renuncio-porque-no-naci-para-lamberle-a-ningun-hombre\/","title":{"rendered":"Alcalde de Los Alcarrizos se va del PRM: &#8220;Renuncio porque no nac\u00ed para lamberle a ning\u00fan hombre&#8221;"},"content":{"rendered":"\n<p>Santo Domingo.-Cristian Encarnaci\u00f3n, alcalde de Los Alcarrizos, present\u00f3 este mi\u00e9rcoles su renuncia al Partido Revolucionario Moderno (PRM), alegando que esa organizaci\u00f3n &#8220;no ha valorado su trabajo, esfuerzo, lealtad, entrega y amor&#8221;.<\/p>\n\n\n\n<p>&#8220;En el d\u00eda de hoy con honor, con orgullo, con dignidad pongo en alto la memoria hist\u00f3rica de Jos\u00e9 Francisco Pe\u00f1a G\u00f3mez y renuncio, porque no nac\u00ed para soportar atropellos y maltratos. No nac\u00ed para ser lamb\u00f3n de ning\u00fan hombre en esta tierra&#8221;, vocifer\u00f3 en medio de aplausos.<\/p>\n\n\n\n<p>El edil indic\u00f3 que en los tres a\u00f1os de su gesti\u00f3n ha recibido &#8220;todo tipo de presi\u00f3n&#8221; para que no continuara con un contrato con una compa\u00f1\u00eda.<\/p>\n","protected":false},"excerpt":{"rendered":"<p>Santo Domingo.-Cristian Encarnaci\u00f3n, alcalde de Los Alcarrizos, present\u00f3 este mi\u00e9rcoles su renuncia al Partido Revolucionario Moderno (PRM), alegando que esa organizaci\u00f3n &#8220;no ha valorado su trabajo, esfuerzo, lealtad, entrega y&hellip;<\/p>\n","protected":false},"author":3,"featured_media":62375,"comment_status":"open","ping_status":"open","sticky":false,"template":"","format":"standard","meta":{"content-type":"","jetpack_post_was_ever_published":false,"_jetpack_newsletter_access":"","_jetpack_dont_email_post_to_subs":false,"_jetpack_newsletter_tier_id":0,"_jetpack_memberships_contains_paywalled_content":false,"_jetpack_memberships_contains_paid_content":false,"footnotes":""},"categories":[35],"tags":[],"class_list":["post-62374","post","type-post","status-publish","format-standard","has-post-thumbnail","hentry","category-nacionales"],"jetpack_featured_media_url":"https:\/\/lasprimeras.com.do\/wp-content\/uploads\/2023\/10\/WhatsApp-Image-2023-10-04-at-7.55.08-AM-11.jpeg","jetpack-related-posts":[{"id":125347,"url":"https:\/\/lasprimeras.com.do\/index.php\/2026\/03\/22\/carolina-reafirma-fortaleza-con-masivo-acto-de-apoyo-mientras-rinde-cuentas-como-secretaria-general\/","url_meta":{"origin":62374,"position":0},"title":"Carolina reafirma fortaleza con masivo acto de apoyo mientras rinde cuentas como secretaria general","author":"Nelson Feliz","date":"22 de marzo de 2026","format":false,"excerpt":"Carolina rindi\u00f3 cuentas de su gesti\u00f3n ante miles de dirigentes y militantes, destacando la importancia de la autocr\u00edtica, el trabajo territorial y la continuidad del cambio que inici\u00f3 PRM. La secretaria general del Partido Revolucionario Moderno (PRM), Carolina Mej\u00eda, encabez\u00f3 este domingo un multitudinario encuentro en el club Mauricio B\u00e1ez\u2026","rel":"","context":"En \u00abPOLITICA\u00bb","block_context":{"text":"POLITICA","link":"https:\/\/lasprimeras.com.do\/index.php\/category\/politica\/"},"img":{"alt_text":"","src":"https:\/\/i0.wp.com\/lasprimeras.com.do\/wp-content\/uploads\/2026\/03\/CAROLINA.jpg?resize=350%2C200&ssl=1","width":350,"height":200,"srcset":"https:\/\/i0.wp.com\/lasprimeras.com.do\/wp-content\/uploads\/2026\/03\/CAROLINA.jpg?resize=350%2C200&ssl=1 1x, https:\/\/i0.wp.com\/lasprimeras.com.do\/wp-content\/uploads\/2026\/03\/CAROLINA.jpg?resize=525%2C300&ssl=1 1.5x, https:\/\/i0.wp.com\/lasprimeras.com.do\/wp-content\/uploads\/2026\/03\/CAROLINA.jpg?resize=700%2C400&ssl=1 2x"},"classes":[]},{"id":107017,"url":"https:\/\/lasprimeras.com.do\/index.php\/2025\/08\/22\/renuncia-militante-del-prm-en-azua\/","url_meta":{"origin":62374,"position":1},"title":"Renuncia militante del PRM en Azua","author":"Nelson Feliz","date":"22 de agosto de 2025","format":false,"excerpt":"Renunci\u00f3 de manera irrevocable este mi\u00e9rcoles a su membres\u00eda del Partido Revolucionario Moderno (PRM) en esta provincia de Azua. El destacado dirigente barrial Leonor Concepci\u00f3n Soriano quien hab\u00eda participado de manera activa en la campa\u00f1a 2024 apoyando a repetir en esa posici\u00f3n a la actual diputada Brenda Ogando. De acuerdo\u2026","rel":"","context":"En \u00abPOLITICA\u00bb","block_context":{"text":"POLITICA","link":"https:\/\/lasprimeras.com.do\/index.php\/category\/politica\/"},"img":{"alt_text":"","src":"https:\/\/i0.wp.com\/lasprimeras.com.do\/wp-content\/uploads\/2025\/08\/536284612_30854326934213174_4406784513996462226_n.jpg?resize=350%2C200&ssl=1","width":350,"height":200},"classes":[]},{"id":69526,"url":"https:\/\/lasprimeras.com.do\/index.php\/2023\/12\/04\/karen-serrata-renuncia-del-prd\/","url_meta":{"origin":62374,"position":2},"title":"Karen Serrata renuncia del PRD","author":"Nelson Feliz","date":"4 de diciembre de 2023","format":false,"excerpt":"La dirigente pol\u00edtica era miembro de la comisi\u00f3n pol\u00edtica. La Vicepresidenta Nacional, Secretaria General de la Regi\u00f3n Metropolitana, miembro de la comisi\u00f3n pol\u00edtica y tambi\u00e9n precandidata a la alcald\u00eda de Los Alcarrizos, Karen Serrata, renunci\u00f3 a su militancia en el Partido Revolucionario Dominicano (PRD). La decisi\u00f3n de la dirigente pol\u00edtica\u2026","rel":"","context":"En \u00abSin categor\u00eda\u00bb","block_context":{"text":"Sin categor\u00eda","link":"https:\/\/lasprimeras.com.do\/index.php\/category\/sin-categoria\/"},"img":{"alt_text":"Karen Serrata","src":"https:\/\/i0.wp.com\/lasprimeras.com.do\/wp-content\/uploads\/2023\/12\/Karen-Serrata.jpg?resize=350%2C200&ssl=1","width":350,"height":200,"srcset":"https:\/\/i0.wp.com\/lasprimeras.com.do\/wp-content\/uploads\/2023\/12\/Karen-Serrata.jpg?resize=350%2C200&ssl=1 1x, https:\/\/i0.wp.com\/lasprimeras.com.do\/wp-content\/uploads\/2023\/12\/Karen-Serrata.jpg?resize=525%2C300&ssl=1 1.5x, https:\/\/i0.wp.com\/lasprimeras.com.do\/wp-content\/uploads\/2023\/12\/Karen-Serrata.jpg?resize=700%2C400&ssl=1 2x"},"classes":[]},{"id":88517,"url":"https:\/\/lasprimeras.com.do\/index.php\/2024\/08\/29\/renuncias-en-alcaldia-de-la-vega-dejan-atras-vocacion-de-servicio\/","url_meta":{"origin":62374,"position":3},"title":"Renuncias en alcald\u00eda de La Vega dejan atr\u00e1s vocaci\u00f3n de servicio","author":"Nelson Feliz","date":"29 de agosto de 2024","format":false,"excerpt":"Es una decepci\u00f3n y un mal ejemplo que el alcalde Kelvin Cruz renunciara a la alcald\u00eda de La Vega, afirma Bol\u00edvar Marte, presidente provincial del PLD. El presidente provincial del Partido de la Liberaci\u00f3n Dominicana en La Vega, Bol\u00edvar Marte, consider\u00f3 como una decepci\u00f3n para los veganos la renuncia del\u2026","rel":"","context":"En \u00abPORTADA\u00bb","block_context":{"text":"PORTADA","link":"https:\/\/lasprimeras.com.do\/index.php\/category\/portada\/"},"img":{"alt_text":"Bol\u00edvar Marte","src":"https:\/\/i0.wp.com\/lasprimeras.com.do\/wp-content\/uploads\/2024\/08\/Bolivar-Marte.jpg?resize=350%2C200&ssl=1","width":350,"height":200,"srcset":"https:\/\/i0.wp.com\/lasprimeras.com.do\/wp-content\/uploads\/2024\/08\/Bolivar-Marte.jpg?resize=350%2C200&ssl=1 1x, https:\/\/i0.wp.com\/lasprimeras.com.do\/wp-content\/uploads\/2024\/08\/Bolivar-Marte.jpg?resize=525%2C300&ssl=1 1.5x, https:\/\/i0.wp.com\/lasprimeras.com.do\/wp-content\/uploads\/2024\/08\/Bolivar-Marte.jpg?resize=700%2C400&ssl=1 2x"},"classes":[]},{"id":78322,"url":"https:\/\/lasprimeras.com.do\/index.php\/2024\/03\/14\/asistente-de-alcalde-manuel-jimenez-presenta-su-renuncia\/","url_meta":{"origin":62374,"position":4},"title":"Asistente de Alcalde Manuel Jim\u00e9nez presenta su renuncia","author":"Nelson Feliz","date":"14 de marzo de 2024","format":false,"excerpt":"Yancarlos Simanca asegura que lo hace para dar cumplimiento a la ley electoral y concentrarse en sus aspiraciones a Diputado. El dirigente perreme\u00edsta Yancarlos Simanca renunci\u00f3 a su cargo como asistente personal del alcalde Manuel Jim\u00e9nez y jefe de gabinete de la alcald\u00eda Santo Domingo Este y miembro del Comit\u00e9\u2026","rel":"","context":"En \u00abSin categor\u00eda\u00bb","block_context":{"text":"Sin categor\u00eda","link":"https:\/\/lasprimeras.com.do\/index.php\/category\/sin-categoria\/"},"img":{"alt_text":"Yancarlos Simanca","src":"https:\/\/i0.wp.com\/lasprimeras.com.do\/wp-content\/uploads\/2024\/03\/Yancarlos-Simanca.jpg?resize=350%2C200&ssl=1","width":350,"height":200},"classes":[]},{"id":70590,"url":"https:\/\/lasprimeras.com.do\/index.php\/2023\/12\/12\/vicealcaldesa-quita-sueno-renuncia-del-prm\/","url_meta":{"origin":62374,"position":5},"title":"Vicealcaldesa Quita Sue\u00f1o renuncia del PRM","author":"BIMARY DE JES\u00daS Matos","date":"12 de diciembre de 2023","format":false,"excerpt":"San Crist\u00f3bal. La actual vicealcaldesa del Ayuntamiento de Quita Sue\u00f1o, en Haina, Jarlina M\u00e9ndez Vargas, renunci\u00f3 del PRM y de inmediato pas\u00f3 a juramentarse en el Partido de la Liberaci\u00f3n Dominicana (PLD), junto a sus seguidores. M\u00e9ndez Vargas comunic\u00f3 que el PRM le ha fallado al pueblo, por lo que\u2026","rel":"","context":"En \u00abSin categor\u00eda\u00bb","block_context":{"text":"Sin categor\u00eda","link":"https:\/\/lasprimeras.com.do\/index.php\/category\/sin-categoria\/"},"img":{"alt_text":"","src":"https:\/\/i0.wp.com\/lasprimeras.com.do\/wp-content\/uploads\/2023\/12\/WhatsApp-Image-2023-12-12-at-10.09.55-AM.webp?resize=350%2C200&ssl=1","width":350,"height":200},"classes":[]}],"jetpack_sharing_enabled":true,"_links":{"self":[{"href":"https:\/\/lasprimeras.com.do\/index.php\/wp-json\/wp\/v2\/posts\/62374","targetHints":{"allow":["GET"]}}],"collection":[{"href":"https:\/\/lasprimeras.com.do\/index.php\/wp-json\/wp\/v2\/posts"}],"about":[{"href":"https:\/\/lasprimeras.com.do\/index.php\/wp-json\/wp\/v2\/types\/post"}],"author":[{"embeddable":true,"href":"https:\/\/lasprimeras.com.do\/index.php\/wp-json\/wp\/v2\/users\/3"}],"replies":[{"embeddable":true,"href":"https:\/\/lasprimeras.com.do\/index.php\/wp-json\/wp\/v2\/comments?post=62374"}],"version-history":[{"count":1,"href":"https:\/\/lasprimeras.com.do\/index.php\/wp-json\/wp\/v2\/posts\/62374\/revisions"}],"predecessor-version":[{"id":62376,"href":"https:\/\/lasprimeras.com.do\/index.php\/wp-json\/wp\/v2\/posts\/62374\/revisions\/62376"}],"wp:featuredmedia":[{"embeddable":true,"href":"https:\/\/lasprimeras.com.do\/index.php\/wp-json\/wp\/v2\/media\/62375"}],"wp:attachment":[{"href":"https:\/\/lasprimeras.com.do\/index.php\/wp-json\/wp\/v2\/media?parent=62374"}],"wp:term":[{"taxonomy":"category","embeddable":true,"href":"https:\/\/lasprimeras.com.do\/index.php\/wp-json\/wp\/v2\/categories?post=62374"},{"taxonomy":"post_tag","embeddable":true,"href":"https:\/\/lasprimeras.com.do\/index.php\/wp-json\/wp\/v2\/tags?post=62374"}],"curies":[{"name":"wp","href":"https:\/\/api.w.org\/{rel}","templated":true}]}}